{"id":32148,"date":"2026-09-04T17:12:10","date_gmt":"2026-09-04T20:12:10","guid":{"rendered":"https:\/\/www.inthemine.com.br\/site\/?p=32148"},"modified":"2026-09-04T17:12:10","modified_gmt":"2026-09-04T20:12:10","slug":"ibram-ve-avanco-na-aprovacao-no-senado-da-pl-2780-2024","status":"publish","type":"post","link":"https:\/\/www.inthemine.com.br\/site\/ibram-ve-avanco-na-aprovacao-no-senado-da-pl-2780-2024\/","title":{"rendered":"IBRAM V\u00ca AVAN\u00c7O NA APROVA\u00c7\u00c3O NO SENADO DA PL 2780\/2024"},"content":{"rendered":"<blockquote><p>&#8220;Senado aprova PL 2780\/2024 e Congresso estabelece um marco para sustentar as pol\u00edticas p\u00fablicas para minerais cr\u00edticos e estrat\u00e9gicos e cria mecanismos de apoio ao adensamento das cadeias produtivas minerais. Com a aprova\u00e7\u00e3o do projeto, o Brasil continua aberto ao investimento produtivo. A prioridade para o setor continuar\u00e1 sendo garantir a seguran\u00e7a jur\u00eddica e a previsibilidade, debate que continuar\u00e1 com o governo nas fases de regulamenta\u00e7\u00e3o e implementa\u00e7\u00e3o.<\/p>\n<p>A minera\u00e7\u00e3o, representada pelo Instituto Brasileiro de Minera\u00e7\u00e3o (IBRAM), avalia que a aprova\u00e7\u00e3o em definitivo pelo Congresso Nacional do projeto de lei (PL) 2780\/2024 representa um avan\u00e7o nas pol\u00edticas p\u00fablicas do setor e para o adensamento das cadeias industriais. O diretor-presidente do IBRAM, Pablo Ces\u00e1rio, considera que a aprova\u00e7\u00e3o no Senado Federal, nesta 4\u00aa feira (2\/9), sedimenta um sofisticado acordo pol\u00edtico entre governo, oposi\u00e7\u00e3o e setor produtivo, resultando no <strong>melhor consenso poss\u00edvel<\/strong>.<\/p>\n<p>Para Pablo Ces\u00e1rio \u201cao instituir a Pol\u00edtica Nacional de Minerais Cr\u00edticos e Estrat\u00e9gicos (PNMCE), o projeto oferece uma base positiva para financiamento, industrializa\u00e7\u00e3o, tecnologia e inser\u00e7\u00e3o internacional da ind\u00fastria da minera\u00e7\u00e3o brasileira\u201d.<\/p>\n<p>A mat\u00e9ria agora segue para san\u00e7\u00e3o presidencial e depois entra na fase de regulamenta\u00e7\u00e3o. O IBRAM pretende apresentar ao governo federal propostas para a regulamenta\u00e7\u00e3o dos dispositivos da nova pol\u00edtica p\u00fablica. A ind\u00fastria da minera\u00e7\u00e3o \u00e9 intensiva em pesquisa, tecnologia e investimento o que demanda longos prazos de matura\u00e7\u00e3o para seus projetos. A prioridade deve ser manter a seguran\u00e7a jur\u00eddica para empresas e investidores.<\/p>\n<p>As propostas a serem enviadas pelo \u00a0IBRAM ao governo sobre a regulamenta\u00e7\u00e3o da PNMCE possibilitar\u00e3o combinar uma pol\u00edtica de Estado com um <strong>ambiente regulat\u00f3rio est\u00e1vel<\/strong>, capaz de estimular investimentos, inova\u00e7\u00e3o, industrializa\u00e7\u00e3o e gera\u00e7\u00e3o de riqueza no pa\u00eds.<\/p>\n<p>Merece destaque tamb\u00e9m a aprova\u00e7\u00e3o de regras de rastreabilidade que efetivamente contribuir\u00e3o para uma minera\u00e7\u00e3o ainda mais sustent\u00e1vel e para combater il\u00edcitos no setor&#8221;<\/p>\n<p>&nbsp;<\/p><\/blockquote>\n","protected":false},"excerpt":{"rendered":"<p>Prioridade, segundo a entidade continuar\u00e1 sendo garantir a seguran\u00e7a jur\u00eddica e a previsibilidade, nas fases de regulamenta\u00e7\u00e3o e implementa\u00e7\u00e3o<\/p>\n","protected":false},"author":3,"featured_media":0,"comment_status":"open","ping_status":"open","sticky":false,"template":"","format":"standard","meta":{"footnotes":""},"categories":[1],"tags":[],"class_list":["post-32148","post","type-post","status-publish","format-standard","hentry","category-uncategorized"],"yoast_head":"<!-- This site is optimized with the Yoast SEO plugin v28.4 - https:\/\/yoast.com\/product\/yoast-seo-wordpress\/ -->\n<title>IBRAM V\u00ca AVAN\u00c7O NA APROVA\u00c7\u00c3O NO SENADO DA PL 2780\/2024 - Revista In The Mine<\/title>\n<meta name=\"description\" content=\"Prioridade, segundo a entidade continuar\u00e1 sendo garantir a seguran\u00e7a jur\u00eddica e a previsibilidade, nas fases de regulamenta\u00e7\u00e3o e implementa\u00e7\u00e3o\" \/>\n<meta name=\"robots\" content=\"index, follow, max-snippet:-1, max-image-preview:large, max-video-preview:-1\" \/>\n<link rel=\"canonical\" href=\"https:\/\/www.inthemine.com.br\/site\/ibram-ve-avanco-na-aprovacao-no-senado-da-pl-2780-2024\/\" \/>\n<meta property=\"og:locale\" content=\"pt_BR\" \/>\n<meta property=\"og:type\" content=\"article\" \/>\n<meta property=\"og:title\" content=\"IBRAM V\u00ca AVAN\u00c7O NA APROVA\u00c7\u00c3O NO SENADO DA PL 2780\/2024 - Revista In The Mine\" \/>\n<meta property=\"og:description\" content=\"Prioridade, segundo a entidade continuar\u00e1 sendo garantir a seguran\u00e7a jur\u00eddica e a previsibilidade, nas fases de regulamenta\u00e7\u00e3o e implementa\u00e7\u00e3o\" \/>\n<meta property=\"og:url\" content=\"https:\/\/www.inthemine.com.br\/site\/ibram-ve-avanco-na-aprovacao-no-senado-da-pl-2780-2024\/\" \/>\n<meta property=\"og:site_name\" content=\"Revista In The Mine\" \/>\n<meta property=\"article:publisher\" content=\"http:\/\/www.facebook.com\/inthemine\" \/>\n<meta property=\"article:published_time\" content=\"2026-09-04T20:12:10+00:00\" \/>\n<meta name=\"author\" content=\"Reda\u00e7\u00e3o ITM\" \/>\n<meta name=\"twitter:card\" content=\"summary_large_image\" \/>\n<meta name=\"twitter:creator\" content=\"@intheminet\" \/>\n<meta name=\"twitter:site\" content=\"@intheminet\" \/>\n<meta name=\"twitter:label1\" content=\"Escrito por\" \/>\n\t<meta name=\"twitter:data1\" content=\"Reda\u00e7\u00e3o ITM\" \/>\n<script type=\"application\/ld+json\" class=\"yoast-schema-graph\">{\"@context\":\"https:\\\/\\\/schema.org\",\"@graph\":[{\"@type\":\"Article\",\"@id\":\"https:\\\/\\\/www.inthemine.com.br\\\/site\\\/ibram-ve-avanco-na-aprovacao-no-senado-da-pl-2780-2024\\\/#article\",\"isPartOf\":{\"@id\":\"https:\\\/\\\/www.inthemine.com.br\\\/site\\\/ibram-ve-avanco-na-aprovacao-no-senado-da-pl-2780-2024\\\/\"},\"author\":{\"name\":\"Reda\u00e7\u00e3o ITM\",\"@id\":\"https:\\\/\\\/www.inthemine.com.br\\\/site\\\/#\\\/schema\\\/person\\\/9eb77cece2cea253bb36c4b68c6a324c\"},\"headline\":\"IBRAM V\u00ca AVAN\u00c7O NA APROVA\u00c7\u00c3O NO SENADO DA PL 2780\\\/2024\",\"datePublished\":\"2026-09-04T20:12:10+00:00\",\"mainEntityOfPage\":{\"@id\":\"https:\\\/\\\/www.inthemine.com.br\\\/site\\\/ibram-ve-avanco-na-aprovacao-no-senado-da-pl-2780-2024\\\/\"},\"wordCount\":358,\"commentCount\":0,\"publisher\":{\"@id\":\"https:\\\/\\\/www.inthemine.com.br\\\/site\\\/#organization\"},\"articleSection\":[\"Uncategorized\"],\"inLanguage\":\"pt-BR\",\"potentialAction\":[{\"@type\":\"CommentAction\",\"name\":\"Comment\",\"target\":[\"https:\\\/\\\/www.inthemine.com.br\\\/site\\\/ibram-ve-avanco-na-aprovacao-no-senado-da-pl-2780-2024\\\/#respond\"]}]},{\"@type\":\"WebPage\",\"@id\":\"https:\\\/\\\/www.inthemine.com.br\\\/site\\\/ibram-ve-avanco-na-aprovacao-no-senado-da-pl-2780-2024\\\/\",\"url\":\"https:\\\/\\\/www.inthemine.com.br\\\/site\\\/ibram-ve-avanco-na-aprovacao-no-senado-da-pl-2780-2024\\\/\",\"name\":\"IBRAM V\u00ca AVAN\u00c7O NA APROVA\u00c7\u00c3O NO SENADO DA PL 2780\\\/2024 - Revista In The Mine\",\"isPartOf\":{\"@id\":\"https:\\\/\\\/www.inthemine.com.br\\\/site\\\/#website\"},\"datePublished\":\"2026-09-04T20:12:10+00:00\",\"description\":\"Prioridade, segundo a entidade continuar\u00e1 sendo garantir a seguran\u00e7a jur\u00eddica e a previsibilidade, nas fases de regulamenta\u00e7\u00e3o e implementa\u00e7\u00e3o\",\"breadcrumb\":{\"@id\":\"https:\\\/\\\/www.inthemine.com.br\\\/site\\\/ibram-ve-avanco-na-aprovacao-no-senado-da-pl-2780-2024\\\/#breadcrumb\"},\"inLanguage\":\"pt-BR\",\"potentialAction\":[{\"@type\":\"ReadAction\",\"target\":[\"https:\\\/\\\/www.inthemine.com.br\\\/site\\\/ibram-ve-avanco-na-aprovacao-no-senado-da-pl-2780-2024\\\/\"]}]},{\"@type\":\"BreadcrumbList\",\"@id\":\"https:\\\/\\\/www.inthemine.com.br\\\/site\\\/ibram-ve-avanco-na-aprovacao-no-senado-da-pl-2780-2024\\\/#breadcrumb\",\"itemListElement\":[{\"@type\":\"ListItem\",\"position\":1,\"name\":\"In\u00edcio\",\"item\":\"https:\\\/\\\/www.inthemine.com.br\\\/site\\\/\"},{\"@type\":\"ListItem\",\"position\":2,\"name\":\"IBRAM V\u00ca AVAN\u00c7O NA APROVA\u00c7\u00c3O NO SENADO DA PL 2780\\\/2024\"}]},{\"@type\":\"WebSite\",\"@id\":\"https:\\\/\\\/www.inthemine.com.br\\\/site\\\/#website\",\"url\":\"https:\\\/\\\/www.inthemine.com.br\\\/site\\\/\",\"name\":\"Revista In The Mine\",\"description\":\"Minera\u00e7\u00e3o brasileira\",\"publisher\":{\"@id\":\"https:\\\/\\\/www.inthemine.com.br\\\/site\\\/#organization\"},\"potentialAction\":[{\"@type\":\"SearchAction\",\"target\":{\"@type\":\"EntryPoint\",\"urlTemplate\":\"https:\\\/\\\/www.inthemine.com.br\\\/site\\\/?s={search_term_string}\"},\"query-input\":{\"@type\":\"PropertyValueSpecification\",\"valueRequired\":true,\"valueName\":\"search_term_string\"}}],\"inLanguage\":\"pt-BR\"},{\"@type\":\"Organization\",\"@id\":\"https:\\\/\\\/www.inthemine.com.br\\\/site\\\/#organization\",\"name\":\"In The Mine magazine\",\"url\":\"https:\\\/\\\/www.inthemine.com.br\\\/site\\\/\",\"logo\":{\"@type\":\"ImageObject\",\"inLanguage\":\"pt-BR\",\"@id\":\"https:\\\/\\\/www.inthemine.com.br\\\/site\\\/#\\\/schema\\\/logo\\\/image\\\/\",\"url\":\"https:\\\/\\\/www.inthemine.com.br\\\/site\\\/wp-content\\\/uploads\\\/2014\\\/08\\\/parceiro_theinmine.png\",\"contentUrl\":\"https:\\\/\\\/www.inthemine.com.br\\\/site\\\/wp-content\\\/uploads\\\/2014\\\/08\\\/parceiro_theinmine.png\",\"width\":170,\"height\":120,\"caption\":\"In The Mine magazine\"},\"image\":{\"@id\":\"https:\\\/\\\/www.inthemine.com.br\\\/site\\\/#\\\/schema\\\/logo\\\/image\\\/\"},\"sameAs\":[\"http:\\\/\\\/www.facebook.com\\\/inthemine\",\"https:\\\/\\\/x.com\\\/intheminet\",\"https:\\\/\\\/www.instagram.com\\\/minegaleria\",\"https:\\\/\\\/www.linkedin.com\\\/company\\\/in-the-mine?trk=biz-companies-cym\",\"https:\\\/\\\/www.youtube.com\\\/user\\\/revistainthemine\"]},{\"@type\":\"Person\",\"@id\":\"https:\\\/\\\/www.inthemine.com.br\\\/site\\\/#\\\/schema\\\/person\\\/9eb77cece2cea253bb36c4b68c6a324c\",\"name\":\"Reda\u00e7\u00e3o ITM\",\"image\":{\"@type\":\"ImageObject\",\"inLanguage\":\"pt-BR\",\"@id\":\"https:\\\/\\\/secure.gravatar.com\\\/avatar\\\/0f7f41419befdee0feca08f9ea1e434cac9c04e0b8d28ab40cffb82628fcfdf1?s=96&d=mm&r=g\",\"url\":\"https:\\\/\\\/secure.gravatar.com\\\/avatar\\\/0f7f41419befdee0feca08f9ea1e434cac9c04e0b8d28ab40cffb82628fcfdf1?s=96&d=mm&r=g\",\"contentUrl\":\"https:\\\/\\\/secure.gravatar.com\\\/avatar\\\/0f7f41419befdee0feca08f9ea1e434cac9c04e0b8d28ab40cffb82628fcfdf1?s=96&d=mm&r=g\",\"caption\":\"Reda\u00e7\u00e3o ITM\"},\"url\":\"https:\\\/\\\/www.inthemine.com.br\\\/site\\\/author\\\/admin-itm\\\/\"}]}<\/script>\n<!-- \/ Yoast SEO plugin. -->","yoast_head_json":{"title":"IBRAM V\u00ca AVAN\u00c7O NA APROVA\u00c7\u00c3O NO SENADO DA PL 2780\/2024 - Revista In The Mine","description":"Prioridade, segundo a entidade continuar\u00e1 sendo garantir a seguran\u00e7a jur\u00eddica e a previsibilidade, nas fases de regulamenta\u00e7\u00e3o e implementa\u00e7\u00e3o","robots":{"index":"index","follow":"follow","max-snippet":"max-snippet:-1","max-image-preview":"max-image-preview:large","max-video-preview":"max-video-preview:-1"},"canonical":"https:\/\/www.inthemine.com.br\/site\/ibram-ve-avanco-na-aprovacao-no-senado-da-pl-2780-2024\/","og_locale":"pt_BR","og_type":"article","og_title":"IBRAM V\u00ca AVAN\u00c7O NA APROVA\u00c7\u00c3O NO SENADO DA PL 2780\/2024 - Revista In The Mine","og_description":"Prioridade, segundo a entidade continuar\u00e1 sendo garantir a seguran\u00e7a jur\u00eddica e a previsibilidade, nas fases de regulamenta\u00e7\u00e3o e implementa\u00e7\u00e3o","og_url":"https:\/\/www.inthemine.com.br\/site\/ibram-ve-avanco-na-aprovacao-no-senado-da-pl-2780-2024\/","og_site_name":"Revista In The Mine","article_publisher":"http:\/\/www.facebook.com\/inthemine","article_published_time":"2026-09-04T20:12:10+00:00","author":"Reda\u00e7\u00e3o ITM","twitter_card":"summary_large_image","twitter_creator":"@intheminet","twitter_site":"@intheminet","twitter_misc":{"Escrito por":"Reda\u00e7\u00e3o ITM"},"schema":{"@context":"https:\/\/schema.org","@graph":[{"@type":"Article","@id":"https:\/\/www.inthemine.com.br\/site\/ibram-ve-avanco-na-aprovacao-no-senado-da-pl-2780-2024\/#article","isPartOf":{"@id":"https:\/\/www.inthemine.com.br\/site\/ibram-ve-avanco-na-aprovacao-no-senado-da-pl-2780-2024\/"},"author":{"name":"Reda\u00e7\u00e3o ITM","@id":"https:\/\/www.inthemine.com.br\/site\/#\/schema\/person\/9eb77cece2cea253bb36c4b68c6a324c"},"headline":"IBRAM V\u00ca AVAN\u00c7O NA APROVA\u00c7\u00c3O NO SENADO DA PL 2780\/2024","datePublished":"2026-09-04T20:12:10+00:00","mainEntityOfPage":{"@id":"https:\/\/www.inthemine.com.br\/site\/ibram-ve-avanco-na-aprovacao-no-senado-da-pl-2780-2024\/"},"wordCount":358,"commentCount":0,"publisher":{"@id":"https:\/\/www.inthemine.com.br\/site\/#organization"},"articleSection":["Uncategorized"],"inLanguage":"pt-BR","potentialAction":[{"@type":"CommentAction","name":"Comment","target":["https:\/\/www.inthemine.com.br\/site\/ibram-ve-avanco-na-aprovacao-no-senado-da-pl-2780-2024\/#respond"]}]},{"@type":"WebPage","@id":"https:\/\/www.inthemine.com.br\/site\/ibram-ve-avanco-na-aprovacao-no-senado-da-pl-2780-2024\/","url":"https:\/\/www.inthemine.com.br\/site\/ibram-ve-avanco-na-aprovacao-no-senado-da-pl-2780-2024\/","name":"IBRAM V\u00ca AVAN\u00c7O NA APROVA\u00c7\u00c3O NO SENADO DA PL 2780\/2024 - Revista In The Mine","isPartOf":{"@id":"https:\/\/www.inthemine.com.br\/site\/#website"},"datePublished":"2026-09-04T20:12:10+00:00","description":"Prioridade, segundo a entidade continuar\u00e1 sendo garantir a seguran\u00e7a jur\u00eddica e a previsibilidade, nas fases de regulamenta\u00e7\u00e3o e implementa\u00e7\u00e3o","breadcrumb":{"@id":"https:\/\/www.inthemine.com.br\/site\/ibram-ve-avanco-na-aprovacao-no-senado-da-pl-2780-2024\/#breadcrumb"},"inLanguage":"pt-BR","potentialAction":[{"@type":"ReadAction","target":["https:\/\/www.inthemine.com.br\/site\/ibram-ve-avanco-na-aprovacao-no-senado-da-pl-2780-2024\/"]}]},{"@type":"BreadcrumbList","@id":"https:\/\/www.inthemine.com.br\/site\/ibram-ve-avanco-na-aprovacao-no-senado-da-pl-2780-2024\/#breadcrumb","itemListElement":[{"@type":"ListItem","position":1,"name":"In\u00edcio","item":"https:\/\/www.inthemine.com.br\/site\/"},{"@type":"ListItem","position":2,"name":"IBRAM V\u00ca AVAN\u00c7O NA APROVA\u00c7\u00c3O NO SENADO DA PL 2780\/2024"}]},{"@type":"WebSite","@id":"https:\/\/www.inthemine.com.br\/site\/#website","url":"https:\/\/www.inthemine.com.br\/site\/","name":"Revista In The Mine","description":"Minera\u00e7\u00e3o brasileira","publisher":{"@id":"https:\/\/www.inthemine.com.br\/site\/#organization"},"potentialAction":[{"@type":"SearchAction","target":{"@type":"EntryPoint","urlTemplate":"https:\/\/www.inthemine.com.br\/site\/?s={search_term_string}"},"query-input":{"@type":"PropertyValueSpecification","valueRequired":true,"valueName":"search_term_string"}}],"inLanguage":"pt-BR"},{"@type":"Organization","@id":"https:\/\/www.inthemine.com.br\/site\/#organization","name":"In The Mine magazine","url":"https:\/\/www.inthemine.com.br\/site\/","logo":{"@type":"ImageObject","inLanguage":"pt-BR","@id":"https:\/\/www.inthemine.com.br\/site\/#\/schema\/logo\/image\/","url":"https:\/\/www.inthemine.com.br\/site\/wp-content\/uploads\/2014\/08\/parceiro_theinmine.png","contentUrl":"https:\/\/www.inthemine.com.br\/site\/wp-content\/uploads\/2014\/08\/parceiro_theinmine.png","width":170,"height":120,"caption":"In The Mine magazine"},"image":{"@id":"https:\/\/www.inthemine.com.br\/site\/#\/schema\/logo\/image\/"},"sameAs":["http:\/\/www.facebook.com\/inthemine","https:\/\/x.com\/intheminet","https:\/\/www.instagram.com\/minegaleria","https:\/\/www.linkedin.com\/company\/in-the-mine?trk=biz-companies-cym","https:\/\/www.youtube.com\/user\/revistainthemine"]},{"@type":"Person","@id":"https:\/\/www.inthemine.com.br\/site\/#\/schema\/person\/9eb77cece2cea253bb36c4b68c6a324c","name":"Reda\u00e7\u00e3o ITM","image":{"@type":"ImageObject","inLanguage":"pt-BR","@id":"https:\/\/secure.gravatar.com\/avatar\/0f7f41419befdee0feca08f9ea1e434cac9c04e0b8d28ab40cffb82628fcfdf1?s=96&d=mm&r=g","url":"https:\/\/secure.gravatar.com\/avatar\/0f7f41419befdee0feca08f9ea1e434cac9c04e0b8d28ab40cffb82628fcfdf1?s=96&d=mm&r=g","contentUrl":"https:\/\/secure.gravatar.com\/avatar\/0f7f41419befdee0feca08f9ea1e434cac9c04e0b8d28ab40cffb82628fcfdf1?s=96&d=mm&r=g","caption":"Reda\u00e7\u00e3o ITM"},"url":"https:\/\/www.inthemine.com.br\/site\/author\/admin-itm\/"}]}},"_links":{"self":[{"href":"https:\/\/www.inthemine.com.br\/site\/wp-json\/wp\/v2\/posts\/32148","targetHints":{"allow":["GET"]}}],"collection":[{"href":"https:\/\/www.inthemine.com.br\/site\/wp-json\/wp\/v2\/posts"}],"about":[{"href":"https:\/\/www.inthemine.com.br\/site\/wp-json\/wp\/v2\/types\/post"}],"author":[{"embeddable":true,"href":"https:\/\/www.inthemine.com.br\/site\/wp-json\/wp\/v2\/users\/3"}],"replies":[{"embeddable":true,"href":"https:\/\/www.inthemine.com.br\/site\/wp-json\/wp\/v2\/comments?post=32148"}],"version-history":[{"count":1,"href":"https:\/\/www.inthemine.com.br\/site\/wp-json\/wp\/v2\/posts\/32148\/revisions"}],"predecessor-version":[{"id":32149,"href":"https:\/\/www.inthemine.com.br\/site\/wp-json\/wp\/v2\/posts\/32148\/revisions\/32149"}],"wp:attachment":[{"href":"https:\/\/www.inthemine.com.br\/site\/wp-json\/wp\/v2\/media?parent=32148"}],"wp:term":[{"taxonomy":"category","embeddable":true,"href":"https:\/\/www.inthemine.com.br\/site\/wp-json\/wp\/v2\/categories?post=32148"},{"taxonomy":"post_tag","embeddable":true,"href":"https:\/\/www.inthemine.com.br\/site\/wp-json\/wp\/v2\/tags?post=32148"}],"curies":[{"name":"wp","href":"https:\/\/api.w.org\/{rel}","templated":true}]}}