{"id":32146,"date":"2026-09-04T17:05:47","date_gmt":"2026-09-04T20:05:47","guid":{"rendered":"https:\/\/www.inthemine.com.br\/site\/?p=32146"},"modified":"2026-09-04T17:05:47","modified_gmt":"2026-09-04T20:05:47","slug":"fabio-schvartsman-e-o-novo-presidente-executivo-da-csn","status":"publish","type":"post","link":"https:\/\/www.inthemine.com.br\/site\/fabio-schvartsman-e-o-novo-presidente-executivo-da-csn\/","title":{"rendered":"FABIO SCHVARTSMAN \u00c9 O NOVO PRESIDENTE EXECUTIVO DA CSN"},"content":{"rendered":"<p>A Companhia Sider\u00fargica Nacional (CSN) &#8212; maior ind\u00fastria de siderurgia da Am\u00e9rica Latina, com atua\u00e7\u00e3o tamb\u00e9m nos setores de minera\u00e7\u00e3o, cimento, log\u00edstica e energia &#8212; escolheu o executivo Fabio Schvartsman para assumir a presid\u00eancia executiva da Companhia. Benjamin Steinbruch passar\u00e1 a exercer a presid\u00eancia do Conselho de Administra\u00e7\u00e3o, posi\u00e7\u00e3o a partir da qual continuar\u00e1 contribuindo decisivamente para a defini\u00e7\u00e3o das prioridades estrat\u00e9gicas e para a constru\u00e7\u00e3o do futuro do Grupo CSN.<\/p>\n<p>A transi\u00e7\u00e3o fortalece a governan\u00e7a da Companhia e combina duas lideran\u00e7as de reconhecida experi\u00eancia empresarial. Schvartsman ficar\u00e1 respons\u00e1vel pela gest\u00e3o executiva, pela excel\u00eancia operacional e pela execu\u00e7\u00e3o da estrat\u00e9gia, enquanto Steinbruch concentrar\u00e1 sua atua\u00e7\u00e3o na vis\u00e3o de longo prazo, no direcionamento dos grandes investimentos e no acompanhamento das principais oportunidades de gera\u00e7\u00e3o de valor.<\/p>\n<p>\u201c\u00c9 uma honra assumir a presid\u00eancia executiva de uma companhia t\u00e3o importante para o desenvolvimento do Brasil. A CSN re\u00fane ativos de alta qualidade, pessoas extremamente competentes e uma plataforma integrada com enorme potencial\u201d, afirma Fabio Schvartsman. \u201cMeu desafio ser\u00e1 dar continuidade ao legado constru\u00eddo pelo Benjamin ao longo dos \u00faltimos 24 anos. Felizmente, terei ele e toda a equipe ao meu lado para elevar ainda mais a efici\u00eancia, fortalecer a disciplina na execu\u00e7\u00e3o e transformar as oportunidades do Grupo em valor sustent\u00e1vel para acionistas, empregados, clientes, parceiros e comunidades\u201d, conclui Schvartsman.<\/p>\n<p>Com uma trajet\u00f3ria de aproximadamente de cinco d\u00e9cadas em grandes empresas brasileiras, Schvartsman construiu uma carreira marcada por transforma\u00e7\u00e3o empresarial, planejamento estrat\u00e9gico, disciplina financeira, melhoria de desempenho e execu\u00e7\u00e3o de projetos de grande porte. Engenheiro de produ\u00e7\u00e3o formado pela Escola Polit\u00e9cnica da Universidade de S\u00e3o Paulo, com p\u00f3s-gradua\u00e7\u00e3o em Administra\u00e7\u00e3o de Empresas pela Funda\u00e7\u00e3o Getulio Vargas, ocupou posi\u00e7\u00f5es de lideran\u00e7a em companhias como Duratex, Grupo Ultra, Telemar Participa\u00e7\u00f5es, San Antonio Internacional, Klabin e Vale.<\/p>\n<p>\u201cFabio re\u00fane experi\u00eancia industrial, vis\u00e3o financeira, capacidade de execu\u00e7\u00e3o e profundo conhecimento das exig\u00eancias de uma companhia de capital aberto. Sua chegada representa um passo importante para o pr\u00f3ximo ciclo da CSN\u201d, afirma Benjamin Steinbruch. \u201cComo presidente do Conselho de Administra\u00e7\u00e3o, seguirei inteiramente comprometido com a Companhia, apoiando a gest\u00e3o e trabalhando na defini\u00e7\u00e3o da estrat\u00e9gia que dever\u00e1 orientar a perpetuidade do grupo\u201d, declara Steinbruch.<\/p>\n<p><strong>Uma trajet\u00f3ria de transforma\u00e7\u00e3o<\/strong><\/p>\n<p>A nova etapa d\u00e1 continuidade ao legado constru\u00eddo por Benjamin Steinbruch \u00e0 frente da CSN. Integrante do Conselho de Administra\u00e7\u00e3o desde 1993 e presidente executivo desde 2002, Steinbruch liderou uma profunda transforma\u00e7\u00e3o na Companhia, que deixou de ser essencialmente uma produtora de a\u00e7o para se tornar um dos mais relevantes grupos industriais integrados do Brasil.<\/p>\n<p>Sob sua lideran\u00e7a, a CSN fortaleceu sua atividade sider\u00fargica, expandiu sua presen\u00e7a na minera\u00e7\u00e3o, construiu uma plataforma log\u00edstica formada por ferrovias, portos e opera\u00e7\u00f5es rodovi\u00e1rias, ampliou sua atua\u00e7\u00e3o em energia e consolidou uma posi\u00e7\u00e3o de destaque no mercado de cimento. O resultado \u00e9 um portf\u00f3lio diversificado e verticalizado, presente em cadeias produtivas fundamentais para a infraestrutura e o desenvolvimento econ\u00f4mico.<\/p>\n<p>Steinbruch tamb\u00e9m conduziu a internacionaliza\u00e7\u00e3o do Grupo e patrocinou investimentos estruturantes com horizonte de longo prazo. Sua atua\u00e7\u00e3o foi determinante para preservar o esp\u00edrito empreendedor da CSN, ampliar sua escala e consolidar uma cultura orientada por efici\u00eancia, competitividade e capacidade de realizar projetos complexos.<\/p>\n<p>Na presid\u00eancia do Conselho, Steinbruch continuar\u00e1 acompanhando de perto a evolu\u00e7\u00e3o dos neg\u00f3cios, os grandes investimentos e as decis\u00f5es estrat\u00e9gicas da Companhia, contribuindo com sua experi\u00eancia, seu conhecimento dos ativos e sua vis\u00e3o sobre o desenvolvimento da ind\u00fastria brasileira.<\/p>\n<p><strong>Uma plataforma integrada preparada para o futuro<\/strong><\/p>\n<p>A CSN inicia esse novo ciclo apoiada em vantagens competitivas constru\u00eddas ao longo de d\u00e9cadas. A integra\u00e7\u00e3o entre siderurgia, minera\u00e7\u00e3o, cimento, log\u00edstica e energia permite capturar sinergias, elevar a efici\u00eancia operacional e atender setores essenciais da economia brasileira e internacional.<\/p>\n<p>A Companhia combina ativos estrat\u00e9gicos, escala industrial, capacidade de distribui\u00e7\u00e3o, presen\u00e7a internacional, marcas reconhecidas e um corpo t\u00e9cnico altamente qualificado. Essa base oferece condi\u00e7\u00f5es para avan\u00e7ar em produtividade, inova\u00e7\u00e3o, moderniza\u00e7\u00e3o industrial, disciplina financeira e sustentabilidade.<\/p>\n<p>A complementaridade entre a capacidade de execu\u00e7\u00e3o de Fabio Schvartsman e a vis\u00e3o estrat\u00e9gica de Benjamin Steinbruch abre uma nova etapa na hist\u00f3ria da CSN. Com estrutura fortalecida, ativos de alta qualidade e uma plataforma integrada singular, a Companhia est\u00e1 preparada para alcan\u00e7ar novos patamares de desempenho, competitividade e gera\u00e7\u00e3o sustent\u00e1vel de valor.<\/p>\n","protected":false},"excerpt":{"rendered":"<p>Benjamin Steinbruch passa a exercer a presid\u00eancia do Conselho, para a defini\u00e7\u00e3o das prioridades e constru\u00e7\u00e3o do futuro do Grupo <\/p>\n","protected":false},"author":3,"featured_media":0,"comment_status":"open","ping_status":"open","sticky":false,"template":"","format":"standard","meta":{"footnotes":""},"categories":[10],"tags":[],"class_list":["post-32146","post","type-post","status-publish","format-standard","hentry","category-mercado"],"yoast_head":"<!-- This site is optimized with the Yoast SEO plugin v28.4 - https:\/\/yoast.com\/product\/yoast-seo-wordpress\/ -->\n<title>FABIO SCHVARTSMAN \u00c9 O NOVO PRESIDENTE EXECUTIVO DA CSN - Revista In The Mine<\/title>\n<meta name=\"description\" content=\"Benjamin Steinbruch passa a exercer a presid\u00eancia do Conselho, para a defini\u00e7\u00e3o das prioridades e constru\u00e7\u00e3o do futuro do Grupo\" \/>\n<meta name=\"robots\" content=\"index, follow, max-snippet:-1, max-image-preview:large, max-video-preview:-1\" \/>\n<link rel=\"canonical\" href=\"https:\/\/www.inthemine.com.br\/site\/fabio-schvartsman-e-o-novo-presidente-executivo-da-csn\/\" \/>\n<meta property=\"og:locale\" content=\"pt_BR\" \/>\n<meta property=\"og:type\" content=\"article\" \/>\n<meta property=\"og:title\" content=\"FABIO SCHVARTSMAN \u00c9 O NOVO PRESIDENTE EXECUTIVO DA CSN - Revista In The Mine\" \/>\n<meta property=\"og:description\" content=\"Benjamin Steinbruch passa a exercer a presid\u00eancia do Conselho, para a defini\u00e7\u00e3o das prioridades e constru\u00e7\u00e3o do futuro do Grupo\" \/>\n<meta property=\"og:url\" content=\"https:\/\/www.inthemine.com.br\/site\/fabio-schvartsman-e-o-novo-presidente-executivo-da-csn\/\" \/>\n<meta property=\"og:site_name\" content=\"Revista In The Mine\" \/>\n<meta property=\"article:publisher\" content=\"http:\/\/www.facebook.com\/inthemine\" \/>\n<meta property=\"article:published_time\" content=\"2026-09-04T20:05:47+00:00\" \/>\n<meta name=\"author\" content=\"Reda\u00e7\u00e3o ITM\" \/>\n<meta name=\"twitter:card\" content=\"summary_large_image\" \/>\n<meta name=\"twitter:creator\" content=\"@intheminet\" \/>\n<meta name=\"twitter:site\" content=\"@intheminet\" \/>\n<meta name=\"twitter:label1\" content=\"Escrito por\" \/>\n\t<meta name=\"twitter:data1\" content=\"Reda\u00e7\u00e3o ITM\" \/>\n\t<meta name=\"twitter:label2\" content=\"Est. tempo de leitura\" \/>\n\t<meta name=\"twitter:data2\" content=\"4 minutos\" \/>\n<script type=\"application\/ld+json\" class=\"yoast-schema-graph\">{\"@context\":\"https:\\\/\\\/schema.org\",\"@graph\":[{\"@type\":\"Article\",\"@id\":\"https:\\\/\\\/www.inthemine.com.br\\\/site\\\/fabio-schvartsman-e-o-novo-presidente-executivo-da-csn\\\/#article\",\"isPartOf\":{\"@id\":\"https:\\\/\\\/www.inthemine.com.br\\\/site\\\/fabio-schvartsman-e-o-novo-presidente-executivo-da-csn\\\/\"},\"author\":{\"name\":\"Reda\u00e7\u00e3o ITM\",\"@id\":\"https:\\\/\\\/www.inthemine.com.br\\\/site\\\/#\\\/schema\\\/person\\\/9eb77cece2cea253bb36c4b68c6a324c\"},\"headline\":\"FABIO SCHVARTSMAN \u00c9 O NOVO PRESIDENTE EXECUTIVO DA CSN\",\"datePublished\":\"2026-09-04T20:05:47+00:00\",\"mainEntityOfPage\":{\"@id\":\"https:\\\/\\\/www.inthemine.com.br\\\/site\\\/fabio-schvartsman-e-o-novo-presidente-executivo-da-csn\\\/\"},\"wordCount\":804,\"commentCount\":0,\"publisher\":{\"@id\":\"https:\\\/\\\/www.inthemine.com.br\\\/site\\\/#organization\"},\"articleSection\":[\"MERCADO\"],\"inLanguage\":\"pt-BR\",\"potentialAction\":[{\"@type\":\"CommentAction\",\"name\":\"Comment\",\"target\":[\"https:\\\/\\\/www.inthemine.com.br\\\/site\\\/fabio-schvartsman-e-o-novo-presidente-executivo-da-csn\\\/#respond\"]}]},{\"@type\":\"WebPage\",\"@id\":\"https:\\\/\\\/www.inthemine.com.br\\\/site\\\/fabio-schvartsman-e-o-novo-presidente-executivo-da-csn\\\/\",\"url\":\"https:\\\/\\\/www.inthemine.com.br\\\/site\\\/fabio-schvartsman-e-o-novo-presidente-executivo-da-csn\\\/\",\"name\":\"FABIO SCHVARTSMAN \u00c9 O NOVO PRESIDENTE EXECUTIVO DA CSN - Revista In The Mine\",\"isPartOf\":{\"@id\":\"https:\\\/\\\/www.inthemine.com.br\\\/site\\\/#website\"},\"datePublished\":\"2026-09-04T20:05:47+00:00\",\"description\":\"Benjamin Steinbruch passa a exercer a presid\u00eancia do Conselho, para a defini\u00e7\u00e3o das prioridades e constru\u00e7\u00e3o do futuro do Grupo\",\"breadcrumb\":{\"@id\":\"https:\\\/\\\/www.inthemine.com.br\\\/site\\\/fabio-schvartsman-e-o-novo-presidente-executivo-da-csn\\\/#breadcrumb\"},\"inLanguage\":\"pt-BR\",\"potentialAction\":[{\"@type\":\"ReadAction\",\"target\":[\"https:\\\/\\\/www.inthemine.com.br\\\/site\\\/fabio-schvartsman-e-o-novo-presidente-executivo-da-csn\\\/\"]}]},{\"@type\":\"BreadcrumbList\",\"@id\":\"https:\\\/\\\/www.inthemine.com.br\\\/site\\\/fabio-schvartsman-e-o-novo-presidente-executivo-da-csn\\\/#breadcrumb\",\"itemListElement\":[{\"@type\":\"ListItem\",\"position\":1,\"name\":\"In\u00edcio\",\"item\":\"https:\\\/\\\/www.inthemine.com.br\\\/site\\\/\"},{\"@type\":\"ListItem\",\"position\":2,\"name\":\"FABIO SCHVARTSMAN \u00c9 O NOVO PRESIDENTE EXECUTIVO DA CSN\"}]},{\"@type\":\"WebSite\",\"@id\":\"https:\\\/\\\/www.inthemine.com.br\\\/site\\\/#website\",\"url\":\"https:\\\/\\\/www.inthemine.com.br\\\/site\\\/\",\"name\":\"Revista In The Mine\",\"description\":\"Minera\u00e7\u00e3o brasileira\",\"publisher\":{\"@id\":\"https:\\\/\\\/www.inthemine.com.br\\\/site\\\/#organization\"},\"potentialAction\":[{\"@type\":\"SearchAction\",\"target\":{\"@type\":\"EntryPoint\",\"urlTemplate\":\"https:\\\/\\\/www.inthemine.com.br\\\/site\\\/?s={search_term_string}\"},\"query-input\":{\"@type\":\"PropertyValueSpecification\",\"valueRequired\":true,\"valueName\":\"search_term_string\"}}],\"inLanguage\":\"pt-BR\"},{\"@type\":\"Organization\",\"@id\":\"https:\\\/\\\/www.inthemine.com.br\\\/site\\\/#organization\",\"name\":\"In The Mine magazine\",\"url\":\"https:\\\/\\\/www.inthemine.com.br\\\/site\\\/\",\"logo\":{\"@type\":\"ImageObject\",\"inLanguage\":\"pt-BR\",\"@id\":\"https:\\\/\\\/www.inthemine.com.br\\\/site\\\/#\\\/schema\\\/logo\\\/image\\\/\",\"url\":\"https:\\\/\\\/www.inthemine.com.br\\\/site\\\/wp-content\\\/uploads\\\/2014\\\/08\\\/parceiro_theinmine.png\",\"contentUrl\":\"https:\\\/\\\/www.inthemine.com.br\\\/site\\\/wp-content\\\/uploads\\\/2014\\\/08\\\/parceiro_theinmine.png\",\"width\":170,\"height\":120,\"caption\":\"In The Mine magazine\"},\"image\":{\"@id\":\"https:\\\/\\\/www.inthemine.com.br\\\/site\\\/#\\\/schema\\\/logo\\\/image\\\/\"},\"sameAs\":[\"http:\\\/\\\/www.facebook.com\\\/inthemine\",\"https:\\\/\\\/x.com\\\/intheminet\",\"https:\\\/\\\/www.instagram.com\\\/minegaleria\",\"https:\\\/\\\/www.linkedin.com\\\/company\\\/in-the-mine?trk=biz-companies-cym\",\"https:\\\/\\\/www.youtube.com\\\/user\\\/revistainthemine\"]},{\"@type\":\"Person\",\"@id\":\"https:\\\/\\\/www.inthemine.com.br\\\/site\\\/#\\\/schema\\\/person\\\/9eb77cece2cea253bb36c4b68c6a324c\",\"name\":\"Reda\u00e7\u00e3o ITM\",\"image\":{\"@type\":\"ImageObject\",\"inLanguage\":\"pt-BR\",\"@id\":\"https:\\\/\\\/secure.gravatar.com\\\/avatar\\\/0f7f41419befdee0feca08f9ea1e434cac9c04e0b8d28ab40cffb82628fcfdf1?s=96&d=mm&r=g\",\"url\":\"https:\\\/\\\/secure.gravatar.com\\\/avatar\\\/0f7f41419befdee0feca08f9ea1e434cac9c04e0b8d28ab40cffb82628fcfdf1?s=96&d=mm&r=g\",\"contentUrl\":\"https:\\\/\\\/secure.gravatar.com\\\/avatar\\\/0f7f41419befdee0feca08f9ea1e434cac9c04e0b8d28ab40cffb82628fcfdf1?s=96&d=mm&r=g\",\"caption\":\"Reda\u00e7\u00e3o ITM\"},\"url\":\"https:\\\/\\\/www.inthemine.com.br\\\/site\\\/author\\\/admin-itm\\\/\"}]}<\/script>\n<!-- \/ Yoast SEO plugin. -->","yoast_head_json":{"title":"FABIO SCHVARTSMAN \u00c9 O NOVO PRESIDENTE EXECUTIVO DA CSN - Revista In The Mine","description":"Benjamin Steinbruch passa a exercer a presid\u00eancia do Conselho, para a defini\u00e7\u00e3o das prioridades e constru\u00e7\u00e3o do futuro do Grupo","robots":{"index":"index","follow":"follow","max-snippet":"max-snippet:-1","max-image-preview":"max-image-preview:large","max-video-preview":"max-video-preview:-1"},"canonical":"https:\/\/www.inthemine.com.br\/site\/fabio-schvartsman-e-o-novo-presidente-executivo-da-csn\/","og_locale":"pt_BR","og_type":"article","og_title":"FABIO SCHVARTSMAN \u00c9 O NOVO PRESIDENTE EXECUTIVO DA CSN - Revista In The Mine","og_description":"Benjamin Steinbruch passa a exercer a presid\u00eancia do Conselho, para a defini\u00e7\u00e3o das prioridades e constru\u00e7\u00e3o do futuro do Grupo","og_url":"https:\/\/www.inthemine.com.br\/site\/fabio-schvartsman-e-o-novo-presidente-executivo-da-csn\/","og_site_name":"Revista In The Mine","article_publisher":"http:\/\/www.facebook.com\/inthemine","article_published_time":"2026-09-04T20:05:47+00:00","author":"Reda\u00e7\u00e3o ITM","twitter_card":"summary_large_image","twitter_creator":"@intheminet","twitter_site":"@intheminet","twitter_misc":{"Escrito por":"Reda\u00e7\u00e3o ITM","Est. tempo de leitura":"4 minutos"},"schema":{"@context":"https:\/\/schema.org","@graph":[{"@type":"Article","@id":"https:\/\/www.inthemine.com.br\/site\/fabio-schvartsman-e-o-novo-presidente-executivo-da-csn\/#article","isPartOf":{"@id":"https:\/\/www.inthemine.com.br\/site\/fabio-schvartsman-e-o-novo-presidente-executivo-da-csn\/"},"author":{"name":"Reda\u00e7\u00e3o ITM","@id":"https:\/\/www.inthemine.com.br\/site\/#\/schema\/person\/9eb77cece2cea253bb36c4b68c6a324c"},"headline":"FABIO SCHVARTSMAN \u00c9 O NOVO PRESIDENTE EXECUTIVO DA CSN","datePublished":"2026-09-04T20:05:47+00:00","mainEntityOfPage":{"@id":"https:\/\/www.inthemine.com.br\/site\/fabio-schvartsman-e-o-novo-presidente-executivo-da-csn\/"},"wordCount":804,"commentCount":0,"publisher":{"@id":"https:\/\/www.inthemine.com.br\/site\/#organization"},"articleSection":["MERCADO"],"inLanguage":"pt-BR","potentialAction":[{"@type":"CommentAction","name":"Comment","target":["https:\/\/www.inthemine.com.br\/site\/fabio-schvartsman-e-o-novo-presidente-executivo-da-csn\/#respond"]}]},{"@type":"WebPage","@id":"https:\/\/www.inthemine.com.br\/site\/fabio-schvartsman-e-o-novo-presidente-executivo-da-csn\/","url":"https:\/\/www.inthemine.com.br\/site\/fabio-schvartsman-e-o-novo-presidente-executivo-da-csn\/","name":"FABIO SCHVARTSMAN \u00c9 O NOVO PRESIDENTE EXECUTIVO DA CSN - Revista In The Mine","isPartOf":{"@id":"https:\/\/www.inthemine.com.br\/site\/#website"},"datePublished":"2026-09-04T20:05:47+00:00","description":"Benjamin Steinbruch passa a exercer a presid\u00eancia do Conselho, para a defini\u00e7\u00e3o das prioridades e constru\u00e7\u00e3o do futuro do Grupo","breadcrumb":{"@id":"https:\/\/www.inthemine.com.br\/site\/fabio-schvartsman-e-o-novo-presidente-executivo-da-csn\/#breadcrumb"},"inLanguage":"pt-BR","potentialAction":[{"@type":"ReadAction","target":["https:\/\/www.inthemine.com.br\/site\/fabio-schvartsman-e-o-novo-presidente-executivo-da-csn\/"]}]},{"@type":"BreadcrumbList","@id":"https:\/\/www.inthemine.com.br\/site\/fabio-schvartsman-e-o-novo-presidente-executivo-da-csn\/#breadcrumb","itemListElement":[{"@type":"ListItem","position":1,"name":"In\u00edcio","item":"https:\/\/www.inthemine.com.br\/site\/"},{"@type":"ListItem","position":2,"name":"FABIO SCHVARTSMAN \u00c9 O NOVO PRESIDENTE EXECUTIVO DA CSN"}]},{"@type":"WebSite","@id":"https:\/\/www.inthemine.com.br\/site\/#website","url":"https:\/\/www.inthemine.com.br\/site\/","name":"Revista In The Mine","description":"Minera\u00e7\u00e3o brasileira","publisher":{"@id":"https:\/\/www.inthemine.com.br\/site\/#organization"},"potentialAction":[{"@type":"SearchAction","target":{"@type":"EntryPoint","urlTemplate":"https:\/\/www.inthemine.com.br\/site\/?s={search_term_string}"},"query-input":{"@type":"PropertyValueSpecification","valueRequired":true,"valueName":"search_term_string"}}],"inLanguage":"pt-BR"},{"@type":"Organization","@id":"https:\/\/www.inthemine.com.br\/site\/#organization","name":"In The Mine magazine","url":"https:\/\/www.inthemine.com.br\/site\/","logo":{"@type":"ImageObject","inLanguage":"pt-BR","@id":"https:\/\/www.inthemine.com.br\/site\/#\/schema\/logo\/image\/","url":"https:\/\/www.inthemine.com.br\/site\/wp-content\/uploads\/2014\/08\/parceiro_theinmine.png","contentUrl":"https:\/\/www.inthemine.com.br\/site\/wp-content\/uploads\/2014\/08\/parceiro_theinmine.png","width":170,"height":120,"caption":"In The Mine magazine"},"image":{"@id":"https:\/\/www.inthemine.com.br\/site\/#\/schema\/logo\/image\/"},"sameAs":["http:\/\/www.facebook.com\/inthemine","https:\/\/x.com\/intheminet","https:\/\/www.instagram.com\/minegaleria","https:\/\/www.linkedin.com\/company\/in-the-mine?trk=biz-companies-cym","https:\/\/www.youtube.com\/user\/revistainthemine"]},{"@type":"Person","@id":"https:\/\/www.inthemine.com.br\/site\/#\/schema\/person\/9eb77cece2cea253bb36c4b68c6a324c","name":"Reda\u00e7\u00e3o ITM","image":{"@type":"ImageObject","inLanguage":"pt-BR","@id":"https:\/\/secure.gravatar.com\/avatar\/0f7f41419befdee0feca08f9ea1e434cac9c04e0b8d28ab40cffb82628fcfdf1?s=96&d=mm&r=g","url":"https:\/\/secure.gravatar.com\/avatar\/0f7f41419befdee0feca08f9ea1e434cac9c04e0b8d28ab40cffb82628fcfdf1?s=96&d=mm&r=g","contentUrl":"https:\/\/secure.gravatar.com\/avatar\/0f7f41419befdee0feca08f9ea1e434cac9c04e0b8d28ab40cffb82628fcfdf1?s=96&d=mm&r=g","caption":"Reda\u00e7\u00e3o ITM"},"url":"https:\/\/www.inthemine.com.br\/site\/author\/admin-itm\/"}]}},"_links":{"self":[{"href":"https:\/\/www.inthemine.com.br\/site\/wp-json\/wp\/v2\/posts\/32146","targetHints":{"allow":["GET"]}}],"collection":[{"href":"https:\/\/www.inthemine.com.br\/site\/wp-json\/wp\/v2\/posts"}],"about":[{"href":"https:\/\/www.inthemine.com.br\/site\/wp-json\/wp\/v2\/types\/post"}],"author":[{"embeddable":true,"href":"https:\/\/www.inthemine.com.br\/site\/wp-json\/wp\/v2\/users\/3"}],"replies":[{"embeddable":true,"href":"https:\/\/www.inthemine.com.br\/site\/wp-json\/wp\/v2\/comments?post=32146"}],"version-history":[{"count":1,"href":"https:\/\/www.inthemine.com.br\/site\/wp-json\/wp\/v2\/posts\/32146\/revisions"}],"predecessor-version":[{"id":32147,"href":"https:\/\/www.inthemine.com.br\/site\/wp-json\/wp\/v2\/posts\/32146\/revisions\/32147"}],"wp:attachment":[{"href":"https:\/\/www.inthemine.com.br\/site\/wp-json\/wp\/v2\/media?parent=32146"}],"wp:term":[{"taxonomy":"category","embeddable":true,"href":"https:\/\/www.inthemine.com.br\/site\/wp-json\/wp\/v2\/categories?post=32146"},{"taxonomy":"post_tag","embeddable":true,"href":"https:\/\/www.inthemine.com.br\/site\/wp-json\/wp\/v2\/tags?post=32146"}],"curies":[{"name":"wp","href":"https:\/\/api.w.org\/{rel}","templated":true}]}}