{"id":32142,"date":"2026-09-04T16:59:03","date_gmt":"2026-09-04T19:59:03","guid":{"rendered":"https:\/\/www.inthemine.com.br\/site\/?p=32142"},"modified":"2026-09-04T16:59:03","modified_gmt":"2026-09-04T19:59:03","slug":"amc-promovera-encontro-para-discussao-de-minerais-criticos","status":"publish","type":"post","link":"https:\/\/www.inthemine.com.br\/site\/amc-promovera-encontro-para-discussao-de-minerais-criticos\/","title":{"rendered":"AMC PROMOVER\u00c1 ENCONTRO PARA DISCUSS\u00c3O DE MINERAIS CR\u00cdTICOS"},"content":{"rendered":"<p>Promovido pela Associa\u00e7\u00e3o de Minerais Cr\u00edticos (AMC), encontro reunir\u00e1 C-levels e dirigentes do setor, Governo Federal, investidores, institui\u00e7\u00f5es financeiras, representantes diplom\u00e1ticos e autoridades internacionais para discutir industrializa\u00e7\u00e3o, investimentos e as novas fronteiras da coopera\u00e7\u00e3o internacional<\/p>\n<p>Em um momento de profunda reorganiza\u00e7\u00e3o das cadeias globais de suprimento e apenas duas semanas ap\u00f3s o Senado Federal aprovar a cria\u00e7\u00e3o da Pol\u00edtica Nacional de Minerais Cr\u00edticos e Estrat\u00e9gicos, S\u00e3o Paulo receber\u00e1, no dia 16 de setembro de 2026, um encontro de alto n\u00edvel dedicado a discutir qual posi\u00e7\u00e3o o Brasil pretende ocupar nessa nova economia mundial.<\/p>\n<p>Promovido pela Associa\u00e7\u00e3o de Minerais Cr\u00edticos (AMC), o \u201cMinerais Cr\u00edticos &#8211; Agenda 2030&#8243; reunir\u00e1, das 8h \u00e0s 18h, no Hotel Pullman S\u00e3o Paulo Vila Ol\u00edmpia, C-levels e dirigentes do setor de empresas do setor mineral e industrial, representantes do Governo Federal, institui\u00e7\u00f5es financeiras e de fomento, investidores, especialistas, diplomatas e autoridades internacionais.<\/p>\n<p>A dimens\u00e3o global estar\u00e1 entre os principais eixos do encontro. A programa\u00e7\u00e3o contar\u00e1 com representantes de diferentes pa\u00edses e institui\u00e7\u00f5es internacionais, para discutir como o avan\u00e7o dos minerais cr\u00edticos est\u00e1 redesenhando alian\u00e7as econ\u00f4micas, pol\u00edticas industriais e rela\u00e7\u00f5es comerciais em todo o mundo.<\/p>\n<p>O evento acontece em uma conjuntura especialmente relevante. Na quarta-feira, 2 de setembro, o Senado aprovou o PL 2.780\/2024, que institui a Pol\u00edtica Nacional de Minerais Cr\u00edticos e Estrat\u00e9gicos e cria o Conselho Nacional para Industrializa\u00e7\u00e3o de Minerais Cr\u00edticos e Estrat\u00e9gicos (CIMCE). A proposta foi aprovada sem altera\u00e7\u00f5es de m\u00e9rito em rela\u00e7\u00e3o ao texto da C\u00e2mara e segue para san\u00e7\u00e3o presidencial.<\/p>\n<p>Para a AMC, o avan\u00e7o legislativo inaugura uma nova etapa do debate: mais do que reconhecer a import\u00e2ncia estrat\u00e9gica desses recursos, o pa\u00eds passa a enfrentar o desafio de transformar a pol\u00edtica p\u00fablica em investimento, pesquisa mineral, capacidade industrial, desenvolvimento tecnol\u00f3gico e participa\u00e7\u00e3o efetiva nas cadeias globais de maior valor agregado.<\/p>\n<p>\u201cA aprova\u00e7\u00e3o da Pol\u00edtica Nacional de Minerais Cr\u00edticos e Estrat\u00e9gicos pelo Congresso Nacional torna essa discuss\u00e3o ainda mais urgente. O Brasil est\u00e1 diante de uma oportunidade que n\u00e3o se limita \u00e0 minera\u00e7\u00e3o. Estamos falando de pol\u00edtica industrial, tecnologia, transi\u00e7\u00e3o energ\u00e9tica, atra\u00e7\u00e3o de capital e posicionamento geopol\u00edtico. O Agenda 2030 foi estruturado justamente para colocar na mesma mesa quem participa dessas decis\u00f5es. Teremos C-levels e dirigentes do setor, representantes de alto n\u00edvel do Governo Federal, Ag\u00eancia Nacional de Minera\u00e7\u00e3o, Servi\u00e7o Geol\u00f3gico Brasileiro e institui\u00e7\u00f5es financeiras, especialistas e autoridades internacionais. A inten\u00e7\u00e3o da AMC \u00e9 criar um ambiente qualificado de di\u00e1logo entre o setor produtivo, o poder p\u00fablico e o mercado para discutir como transformar esse novo marco em uma agenda concreta de investimentos e desenvolvimento para o pa\u00eds\u201d, afirma Frederico Bedran, diretor executivo da Associa\u00e7\u00e3o de Minerais Cr\u00edticos.<\/p>\n<h3>Uma pol\u00edtica nacional em um mercado cada vez mais estrat\u00e9gico<\/h3>\n<p>A aprova\u00e7\u00e3o do PL ocorre em meio \u00e0 intensifica\u00e7\u00e3o da disputa internacional por minerais essenciais \u00e0 transi\u00e7\u00e3o energ\u00e9tica, \u00e0 digitaliza\u00e7\u00e3o e \u00e0s ind\u00fastrias de alta tecnologia. Terras raras, l\u00edtio, n\u00edquel, grafita, cobre, ni\u00f3bio e outros minerais passaram a ocupar posi\u00e7\u00e3o central nas estrat\u00e9gias industriais e de seguran\u00e7a econ\u00f4mica das principais pot\u00eancias.<\/p>\n<p>S\u00e3o mat\u00e9rias-primas presentes em cadeias t\u00e3o distintas quanto ve\u00edculos el\u00e9tricos, gera\u00e7\u00e3o de energia renov\u00e1vel, redes de transmiss\u00e3o, baterias, semicondutores, equipamentos eletr\u00f4nicos, infraestrutura digital, data centers, equipamentos m\u00e9dicos, ind\u00fastria aeroespacial e sistemas de defesa.<\/p>\n<p>Nesse ambiente, o acesso ao recurso mineral \u00e9 apenas uma parte da equa\u00e7\u00e3o. Pa\u00edses e blocos econ\u00f4micos t\u00eam direcionado pol\u00edticas p\u00fablicas e grandes volumes de capital para desenvolver tamb\u00e9m beneficiamento, separa\u00e7\u00e3o, refino, materiais avan\u00e7ados e manufatura, reduzindo vulnerabilidades e a depend\u00eancia de cadeias excessivamente concentradas geograficamente.<\/p>\n<p>\u00c9 justamente nesse ponto que o Brasil enfrenta uma escolha estrat\u00e9gica. Detentor de uma das geologias mais diversificadas do mundo e de ocorr\u00eancias relevantes de diversos minerais cr\u00edticos, o pa\u00eds busca criar condi\u00e7\u00f5es para deixar de participar dessas cadeias predominantemente como fornecedor de mat\u00e9ria-prima e ampliar sua presen\u00e7a nas etapas de maior intensidade tecnol\u00f3gica e agrega\u00e7\u00e3o de valor.<\/p>\n<p>O PL aprovado pelo Senado prev\u00ea instrumentos que podem mobilizar at\u00e9 R$ 7 bilh\u00f5es: R$ 2 bilh\u00f5es em aporte da Uni\u00e3o ao Fundo Garantidor da Atividade Mineral e R$ 5 bilh\u00f5es destinados ao beneficiamento e \u00e0 transforma\u00e7\u00e3o de minerais cr\u00edticos e estrat\u00e9gicos dentro do territ\u00f3rio nacional. O texto tamb\u00e9m amplia mecanismos de financiamento e inclui prospec\u00e7\u00e3o e pesquisa mineral entre os projetos eleg\u00edveis \u00e0 emiss\u00e3o de deb\u00eantures incentivadas.<\/p>\n<p>A nova pol\u00edtica estabelece ainda instrumentos relacionados \u00e0 inova\u00e7\u00e3o, pesquisa e desenvolvimento e \u00e0 cria\u00e7\u00e3o de um cadastro nacional de projetos, aproximando a agenda mineral das pol\u00edticas industrial, tecnol\u00f3gica e de financiamento do pa\u00eds.<\/p>\n<h3>Coopera\u00e7\u00e3o internacional entra no centro do debate<\/h3>\n<p>Um dos principais pain\u00e9is do Minerais Cr\u00edticos \u2013 Agenda 2030 ser\u00e1 dedicado \u00e0 geopol\u00edtica e \u00e0s novas fronteiras da coopera\u00e7\u00e3o internacional, reunindo representantes de diferentes governos, embaixadas e institui\u00e7\u00f5es internacionais.<\/p>\n<p>O objetivo ser\u00e1 discutir como o Brasil pode se posicionar diante da forma\u00e7\u00e3o de novas alian\u00e7as para minerais cr\u00edticos, da diversifica\u00e7\u00e3o das cadeias mundiais de fornecimento e da busca crescente por parceiros capazes de oferecer, al\u00e9m dos recursos minerais, estabilidade institucional, seguran\u00e7a de suprimento, energia competitiva e condi\u00e7\u00f5es para industrializa\u00e7\u00e3o.<\/p>\n<p>O debate passa por uma quest\u00e3o central: qual modelo de coopera\u00e7\u00e3o internacional interessa ao Brasil? Em vez de uma rela\u00e7\u00e3o baseada exclusivamente na exporta\u00e7\u00e3o de concentrados ou mat\u00e9rias-primas, ganha espa\u00e7o a discuss\u00e3o sobre parcerias que envolvam capital, desenvolvimento tecnol\u00f3gico, processamento local, pesquisa e desenvolvimento, forma\u00e7\u00e3o de m\u00e3o de obra e constru\u00e7\u00e3o de capacidade industrial no pa\u00eds.<\/p>\n<p>A presen\u00e7a de autoridades e institui\u00e7\u00f5es estrangeiras no evento permitir\u00e1 confrontar diferentes modelos internacionais e discutir como o Brasil pode estabelecer rela\u00e7\u00f5es de longo prazo com pa\u00edses consumidores e investidores sem perder de vista seus pr\u00f3prios objetivos de desenvolvimento econ\u00f4mico e tecnol\u00f3gico.<\/p>\n<h3>Capital estrangeiro, soberania e seguran\u00e7a jur\u00eddica<\/h3>\n<p>A discuss\u00e3o internacional ganha ainda maior relev\u00e2ncia diante de um dos dispositivos do PL 2.780\/2024 que dever\u00e1 despertar aten\u00e7\u00e3o direta de investidores, empresas e governos estrangeiros.<\/p>\n<p>O texto atribui ao futuro Conselho Nacional para Industrializa\u00e7\u00e3o de Minerais Cr\u00edticos e Estrat\u00e9gicos (CIMCE) a compet\u00eancia de homologar mudan\u00e7as de controle societ\u00e1rio, diretas ou indiretas, inclusive decorrentes de reorganiza\u00e7\u00f5es societ\u00e1rias, de empresas titulares de direitos miner\u00e1rios relativos a minerais cr\u00edticos e estrat\u00e9gicos. citeturn817764search30<\/p>\n<p>A medida coloca no centro da agenda brasileira um debate que j\u00e1 ocorre em algumas das principais economias produtoras e consumidoras de minerais cr\u00edticos: como conciliar a prote\u00e7\u00e3o de ativos considerados estrat\u00e9gicos com a necessidade de manter o pa\u00eds competitivo na atra\u00e7\u00e3o de capital internacional.<\/p>\n<p>A quest\u00e3o \u00e9 particularmente relevante para um setor marcado por projetos de longo prazo, elevados investimentos iniciais e participa\u00e7\u00e3o expressiva de capital estrangeiro. Fus\u00f5es e aquisi\u00e7\u00f5es, joint ventures, investimentos estrat\u00e9gicos, acordos de fornecimento e estruturas internacionais de financiamento est\u00e3o entre os mecanismos utilizados mundialmente para viabilizar novas minas e instala\u00e7\u00f5es de processamento.<\/p>\n<p>A regulamenta\u00e7\u00e3o desse novo ambiente poder\u00e1, portanto, produzir efeitos n\u00e3o apenas sobre a atividade mineral, mas sobre fluxos de investimento, estruturas societ\u00e1rias, rela\u00e7\u00f5es diplom\u00e1ticas e decis\u00f5es de grandes grupos internacionais interessados nos ativos brasileiros.<\/p>\n<p>No Agenda 2030, representantes do setor p\u00fablico, do mercado e da comunidade internacional discutir\u00e3o justamente onde deve estar esse ponto de equil\u00edbrio entre soberania, previsibilidade regulat\u00f3ria, seguran\u00e7a jur\u00eddica e abertura ao investimento estrangeiro.<\/p>\n<h3>Do potencial mineral \u00e0 lideran\u00e7a industrial<\/h3>\n<p>Outro eixo central do encontro ser\u00e1 a capacidade do Brasil de transformar sua vantagem geol\u00f3gica em lideran\u00e7a industrial.nA exist\u00eancia do min\u00e9rio no subsolo, isoladamente, n\u00e3o garante protagonismo econ\u00f4mico. A competi\u00e7\u00e3o internacional ocorre cada vez mais em torno do conhecimento necess\u00e1rio para separar, purificar, transformar e aplicar esses elementos em produtos de alta tecnologia.<\/p>\n<p>O desafio brasileiro passa, portanto, pela constru\u00e7\u00e3o dos elos de midstream e downstream, pela disponibilidade de capital de longo prazo, pela consolida\u00e7\u00e3o de rotas tecnol\u00f3gicas, pelo desenvolvimento de fornecedores nacionais e pela cria\u00e7\u00e3o de um ambiente regulat\u00f3rio capaz de dar previsibilidade a empreendimentos com horizonte de implanta\u00e7\u00e3o de v\u00e1rios anos.<\/p>\n<p>A programa\u00e7\u00e3o do encontro colocar\u00e1 em di\u00e1logo esses diferentes componentes. Financiamento e garantias para novos projetos, pol\u00edtica industrial, desenvolvimento tecnol\u00f3gico, sustentabilidade, descarboniza\u00e7\u00e3o, licenciamento, seguran\u00e7a jur\u00eddica, coopera\u00e7\u00e3o internacional e atra\u00e7\u00e3o de investimentos far\u00e3o parte das discuss\u00f5es ao longo do dia.<\/p>\n<p>Tamb\u00e9m estar\u00e1 em debate a possibilidade de o Brasil utilizar vantagens competitivas que v\u00e3o al\u00e9m de sua geologia, como sua matriz el\u00e9trica predominantemente renov\u00e1vel, experi\u00eancia mineral, estrutura industrial e capacidade cient\u00edfica, para desenvolver cadeias com menor intensidade de carbono.<\/p>\n<h3>Decis\u00f5es tomadas agora definir\u00e3o a posi\u00e7\u00e3o brasileira em 2030<\/h3>\n<p>O horizonte de 2030 escolhido pela AMC n\u00e3o \u00e9 apenas uma refer\u00eancia temporal. Ele reflete a velocidade com que as cadeias globais de minerais cr\u00edticos est\u00e3o sendo reorganizadas.<\/p>\n<p>Projetos minerais e industriais exigem anos entre pesquisa, licenciamento, financiamento, constru\u00e7\u00e3o e entrada em opera\u00e7\u00e3o. Dessa forma, investimentos e pol\u00edticas definidos nos pr\u00f3ximos anos ser\u00e3o determinantes para estabelecer qual participa\u00e7\u00e3o o Brasil ter\u00e1 nas cadeias mundiais ao fim da d\u00e9cada.<\/p>\n<p>\u201cExiste uma janela de oportunidade concreta, mas ela n\u00e3o ficar\u00e1 aberta indefinidamente. Outros pa\u00edses tamb\u00e9m est\u00e3o estruturando pol\u00edticas, fundos, incentivos e acordos internacionais para disputar investimentos e desenvolver suas pr\u00f3prias cadeias. O Brasil precisa decidir agora se quer ser apenas um grande detentor de recursos minerais ou um dos protagonistas industriais dessa nova economia. O prop\u00f3sito do Agenda 2030 \u00e9 contribuir para que essa decis\u00e3o seja constru\u00edda com di\u00e1logo, vis\u00e3o de longo prazo e participa\u00e7\u00e3o de quem efetivamente pode transformar essa agenda em projetos\u201d, afirma Bedran.<\/p>\n<p>Ao aproximar empresas, Governo Federal, investidores, bancos, diplomatas, especialistas e representantes internacionais, a AMC pretende transformar o evento em um espa\u00e7o de constru\u00e7\u00e3o de converg\u00eancias em torno de uma agenda que ultrapassa os limites tradicionais da minera\u00e7\u00e3o.<\/p>\n<p>A disponibilidade de minerais cr\u00edticos passou a interferir diretamente em temas como pol\u00edtica industrial, transi\u00e7\u00e3o energ\u00e9tica, inova\u00e7\u00e3o, com\u00e9rcio exterior, infraestrutura, defesa e rela\u00e7\u00f5es internacionais. Para a Associa\u00e7\u00e3o, compreender essa transversalidade ser\u00e1 fundamental para que o Brasil consiga converter sua riqueza mineral em desenvolvimento econ\u00f4mico, tecnologia e influ\u00eancia nas cadeias globais.<\/p>\n<h2>Sobre a AMC<\/h2>\n<p>A Associa\u00e7\u00e3o de Minerais Cr\u00edticos (AMC) re\u00fane empresas e projetos ligados ao desenvolvimento de minerais considerados estrat\u00e9gicos para a economia, a transi\u00e7\u00e3o energ\u00e9tica e as novas tecnologias. A entidade atua na articula\u00e7\u00e3o institucional do setor, na formula\u00e7\u00e3o de propostas de pol\u00edticas p\u00fablicas e na promo\u00e7\u00e3o do di\u00e1logo entre empresas, governo, institui\u00e7\u00f5es financeiras, academia e demais agentes envolvidos no desenvolvimento das cadeias de minerais cr\u00edticos no Brasil.<\/p>\n<p>A Associa\u00e7\u00e3o trabalha para contribuir para a constru\u00e7\u00e3o de um ambiente capaz de atrair investimentos respons\u00e1veis, ampliar a seguran\u00e7a jur\u00eddica, estimular inova\u00e7\u00e3o e desenvolvimento tecnol\u00f3gico e favorecer maior agrega\u00e7\u00e3o de valor aos recursos minerais brasileiros, fortalecendo a participa\u00e7\u00e3o do pa\u00eds nas novas cadeias industriais globais.<\/p>\n<p>&nbsp;<\/p>\n<p>SERVI\u00c7O<\/p>\n<ul>\n<li>Evento: Minerais Cr\u00edticos \u2013 Agenda 2030<\/li>\n<li>Data: 16 de setembro de 2026<\/li>\n<li>Hor\u00e1rio: 8h \u00e0s 18h<\/li>\n<li>Local: Hotel Pullman S\u00e3o Paulo Vila Ol\u00edmpia &#8211; Rua Olimp\u00edadas, 205, Vila Ol\u00edmpia \u2013 S\u00e3o Paulo (SP)<\/li>\n<li>Realiza\u00e7\u00e3o: Associa\u00e7\u00e3o de Minerais Cr\u00edticos (AMC)<\/li>\n<li>Informa\u00e7\u00f5es e inscri\u00e7\u00f5es: <a href=\"https:\/\/associacaodemineraiscriticos.com\">https:\/\/associacaodemineraiscriticos.com<\/a><\/li>\n<\/ul>\n<p>&nbsp;<\/p>\n","protected":false},"excerpt":{"rendered":"<p>Objetivo da Associa\u00e7\u00e3o de Minerais Cr\u00edticos, ap\u00f3s aprova\u00e7\u00e3o da pol\u00edtica nacional \u00e9 discutir esse novo mercado e o papel do Brasil<\/p>\n","protected":false},"author":3,"featured_media":32143,"comment_status":"open","ping_status":"open","sticky":false,"template":"","format":"standard","meta":{"footnotes":""},"categories":[10,9305],"tags":[],"class_list":["post-32142","post","type-post","status-publish","format-standard","has-post-thumbnail","hentry","category-mercado","category-minerais-criticos"],"yoast_head":"<!-- This site is optimized with the Yoast SEO plugin v28.4 - https:\/\/yoast.com\/product\/yoast-seo-wordpress\/ -->\n<title>AMC PROMOVER\u00c1 ENCONTRO PARA DISCUSS\u00c3O DE MINERAIS CR\u00cdTICOS - Revista In The Mine<\/title>\n<meta name=\"description\" content=\"Objetivo da Associa\u00e7\u00e3o de Minerais Cr\u00edticos, ap\u00f3s aprova\u00e7\u00e3o da pol\u00edtica nacional \u00e9 discutir esse novo mercado e o papel do Brasil\" \/>\n<meta name=\"robots\" content=\"index, follow, max-snippet:-1, max-image-preview:large, max-video-preview:-1\" \/>\n<link rel=\"canonical\" href=\"https:\/\/www.inthemine.com.br\/site\/amc-promovera-encontro-para-discussao-de-minerais-criticos\/\" \/>\n<meta property=\"og:locale\" content=\"pt_BR\" \/>\n<meta property=\"og:type\" content=\"article\" \/>\n<meta property=\"og:title\" content=\"AMC PROMOVER\u00c1 ENCONTRO PARA DISCUSS\u00c3O DE MINERAIS CR\u00cdTICOS - Revista In The Mine\" \/>\n<meta property=\"og:description\" content=\"Objetivo da Associa\u00e7\u00e3o de Minerais Cr\u00edticos, ap\u00f3s aprova\u00e7\u00e3o da pol\u00edtica nacional \u00e9 discutir esse novo mercado e o papel do Brasil\" \/>\n<meta property=\"og:url\" content=\"https:\/\/www.inthemine.com.br\/site\/amc-promovera-encontro-para-discussao-de-minerais-criticos\/\" \/>\n<meta property=\"og:site_name\" content=\"Revista In The Mine\" \/>\n<meta property=\"article:publisher\" content=\"http:\/\/www.facebook.com\/inthemine\" \/>\n<meta property=\"article:published_time\" content=\"2026-09-04T19:59:03+00:00\" \/>\n<meta property=\"og:image\" content=\"https:\/\/www.inthemine.com.br\/site\/wp-content\/uploads\/2026\/09\/ASSOCIACAO-DE-MINERAIS-CRITICOS-evento-e1788551921601.jpg\" \/>\n\t<meta property=\"og:image:width\" content=\"800\" \/>\n\t<meta property=\"og:image:height\" content=\"1083\" \/>\n\t<meta property=\"og:image:type\" content=\"image\/jpeg\" \/>\n<meta name=\"author\" content=\"Reda\u00e7\u00e3o ITM\" \/>\n<meta name=\"twitter:card\" content=\"summary_large_image\" \/>\n<meta name=\"twitter:creator\" content=\"@intheminet\" \/>\n<meta name=\"twitter:site\" content=\"@intheminet\" \/>\n<meta name=\"twitter:label1\" content=\"Escrito por\" \/>\n\t<meta name=\"twitter:data1\" content=\"Reda\u00e7\u00e3o ITM\" \/>\n\t<meta name=\"twitter:label2\" content=\"Est. tempo de leitura\" \/>\n\t<meta name=\"twitter:data2\" content=\"10 minutos\" \/>\n<script type=\"application\/ld+json\" class=\"yoast-schema-graph\">{\"@context\":\"https:\\\/\\\/schema.org\",\"@graph\":[{\"@type\":\"Article\",\"@id\":\"https:\\\/\\\/www.inthemine.com.br\\\/site\\\/amc-promovera-encontro-para-discussao-de-minerais-criticos\\\/#article\",\"isPartOf\":{\"@id\":\"https:\\\/\\\/www.inthemine.com.br\\\/site\\\/amc-promovera-encontro-para-discussao-de-minerais-criticos\\\/\"},\"author\":{\"name\":\"Reda\u00e7\u00e3o ITM\",\"@id\":\"https:\\\/\\\/www.inthemine.com.br\\\/site\\\/#\\\/schema\\\/person\\\/9eb77cece2cea253bb36c4b68c6a324c\"},\"headline\":\"AMC PROMOVER\u00c1 ENCONTRO PARA DISCUSS\u00c3O DE MINERAIS CR\u00cdTICOS\",\"datePublished\":\"2026-09-04T19:59:03+00:00\",\"mainEntityOfPage\":{\"@id\":\"https:\\\/\\\/www.inthemine.com.br\\\/site\\\/amc-promovera-encontro-para-discussao-de-minerais-criticos\\\/\"},\"wordCount\":2058,\"commentCount\":0,\"publisher\":{\"@id\":\"https:\\\/\\\/www.inthemine.com.br\\\/site\\\/#organization\"},\"image\":{\"@id\":\"https:\\\/\\\/www.inthemine.com.br\\\/site\\\/amc-promovera-encontro-para-discussao-de-minerais-criticos\\\/#primaryimage\"},\"thumbnailUrl\":\"https:\\\/\\\/www.inthemine.com.br\\\/site\\\/wp-content\\\/uploads\\\/2026\\\/09\\\/ASSOCIACAO-DE-MINERAIS-CRITICOS-evento-e1788551921601.jpg\",\"articleSection\":[\"MERCADO\",\"MINERAIS CR\u00cdTICOS-TERRAS RARAS\"],\"inLanguage\":\"pt-BR\",\"potentialAction\":[{\"@type\":\"CommentAction\",\"name\":\"Comment\",\"target\":[\"https:\\\/\\\/www.inthemine.com.br\\\/site\\\/amc-promovera-encontro-para-discussao-de-minerais-criticos\\\/#respond\"]}]},{\"@type\":\"WebPage\",\"@id\":\"https:\\\/\\\/www.inthemine.com.br\\\/site\\\/amc-promovera-encontro-para-discussao-de-minerais-criticos\\\/\",\"url\":\"https:\\\/\\\/www.inthemine.com.br\\\/site\\\/amc-promovera-encontro-para-discussao-de-minerais-criticos\\\/\",\"name\":\"AMC PROMOVER\u00c1 ENCONTRO PARA DISCUSS\u00c3O DE MINERAIS CR\u00cdTICOS - Revista In The Mine\",\"isPartOf\":{\"@id\":\"https:\\\/\\\/www.inthemine.com.br\\\/site\\\/#website\"},\"primaryImageOfPage\":{\"@id\":\"https:\\\/\\\/www.inthemine.com.br\\\/site\\\/amc-promovera-encontro-para-discussao-de-minerais-criticos\\\/#primaryimage\"},\"image\":{\"@id\":\"https:\\\/\\\/www.inthemine.com.br\\\/site\\\/amc-promovera-encontro-para-discussao-de-minerais-criticos\\\/#primaryimage\"},\"thumbnailUrl\":\"https:\\\/\\\/www.inthemine.com.br\\\/site\\\/wp-content\\\/uploads\\\/2026\\\/09\\\/ASSOCIACAO-DE-MINERAIS-CRITICOS-evento-e1788551921601.jpg\",\"datePublished\":\"2026-09-04T19:59:03+00:00\",\"description\":\"Objetivo da Associa\u00e7\u00e3o de Minerais Cr\u00edticos, ap\u00f3s aprova\u00e7\u00e3o da pol\u00edtica nacional \u00e9 discutir esse novo mercado e o papel do Brasil\",\"breadcrumb\":{\"@id\":\"https:\\\/\\\/www.inthemine.com.br\\\/site\\\/amc-promovera-encontro-para-discussao-de-minerais-criticos\\\/#breadcrumb\"},\"inLanguage\":\"pt-BR\",\"potentialAction\":[{\"@type\":\"ReadAction\",\"target\":[\"https:\\\/\\\/www.inthemine.com.br\\\/site\\\/amc-promovera-encontro-para-discussao-de-minerais-criticos\\\/\"]}]},{\"@type\":\"ImageObject\",\"inLanguage\":\"pt-BR\",\"@id\":\"https:\\\/\\\/www.inthemine.com.br\\\/site\\\/amc-promovera-encontro-para-discussao-de-minerais-criticos\\\/#primaryimage\",\"url\":\"https:\\\/\\\/www.inthemine.com.br\\\/site\\\/wp-content\\\/uploads\\\/2026\\\/09\\\/ASSOCIACAO-DE-MINERAIS-CRITICOS-evento-e1788551921601.jpg\",\"contentUrl\":\"https:\\\/\\\/www.inthemine.com.br\\\/site\\\/wp-content\\\/uploads\\\/2026\\\/09\\\/ASSOCIACAO-DE-MINERAIS-CRITICOS-evento-e1788551921601.jpg\",\"width\":800,\"height\":1083,\"caption\":\"ASSOCIACAO DE MINERAIS CRITICOS-evento\"},{\"@type\":\"BreadcrumbList\",\"@id\":\"https:\\\/\\\/www.inthemine.com.br\\\/site\\\/amc-promovera-encontro-para-discussao-de-minerais-criticos\\\/#breadcrumb\",\"itemListElement\":[{\"@type\":\"ListItem\",\"position\":1,\"name\":\"In\u00edcio\",\"item\":\"https:\\\/\\\/www.inthemine.com.br\\\/site\\\/\"},{\"@type\":\"ListItem\",\"position\":2,\"name\":\"AMC PROMOVER\u00c1 ENCONTRO PARA DISCUSS\u00c3O DE MINERAIS CR\u00cdTICOS\"}]},{\"@type\":\"WebSite\",\"@id\":\"https:\\\/\\\/www.inthemine.com.br\\\/site\\\/#website\",\"url\":\"https:\\\/\\\/www.inthemine.com.br\\\/site\\\/\",\"name\":\"Revista In The Mine\",\"description\":\"Minera\u00e7\u00e3o brasileira\",\"publisher\":{\"@id\":\"https:\\\/\\\/www.inthemine.com.br\\\/site\\\/#organization\"},\"potentialAction\":[{\"@type\":\"SearchAction\",\"target\":{\"@type\":\"EntryPoint\",\"urlTemplate\":\"https:\\\/\\\/www.inthemine.com.br\\\/site\\\/?s={search_term_string}\"},\"query-input\":{\"@type\":\"PropertyValueSpecification\",\"valueRequired\":true,\"valueName\":\"search_term_string\"}}],\"inLanguage\":\"pt-BR\"},{\"@type\":\"Organization\",\"@id\":\"https:\\\/\\\/www.inthemine.com.br\\\/site\\\/#organization\",\"name\":\"In The Mine magazine\",\"url\":\"https:\\\/\\\/www.inthemine.com.br\\\/site\\\/\",\"logo\":{\"@type\":\"ImageObject\",\"inLanguage\":\"pt-BR\",\"@id\":\"https:\\\/\\\/www.inthemine.com.br\\\/site\\\/#\\\/schema\\\/logo\\\/image\\\/\",\"url\":\"https:\\\/\\\/www.inthemine.com.br\\\/site\\\/wp-content\\\/uploads\\\/2014\\\/08\\\/parceiro_theinmine.png\",\"contentUrl\":\"https:\\\/\\\/www.inthemine.com.br\\\/site\\\/wp-content\\\/uploads\\\/2014\\\/08\\\/parceiro_theinmine.png\",\"width\":170,\"height\":120,\"caption\":\"In The Mine magazine\"},\"image\":{\"@id\":\"https:\\\/\\\/www.inthemine.com.br\\\/site\\\/#\\\/schema\\\/logo\\\/image\\\/\"},\"sameAs\":[\"http:\\\/\\\/www.facebook.com\\\/inthemine\",\"https:\\\/\\\/x.com\\\/intheminet\",\"https:\\\/\\\/www.instagram.com\\\/minegaleria\",\"https:\\\/\\\/www.linkedin.com\\\/company\\\/in-the-mine?trk=biz-companies-cym\",\"https:\\\/\\\/www.youtube.com\\\/user\\\/revistainthemine\"]},{\"@type\":\"Person\",\"@id\":\"https:\\\/\\\/www.inthemine.com.br\\\/site\\\/#\\\/schema\\\/person\\\/9eb77cece2cea253bb36c4b68c6a324c\",\"name\":\"Reda\u00e7\u00e3o ITM\",\"image\":{\"@type\":\"ImageObject\",\"inLanguage\":\"pt-BR\",\"@id\":\"https:\\\/\\\/secure.gravatar.com\\\/avatar\\\/0f7f41419befdee0feca08f9ea1e434cac9c04e0b8d28ab40cffb82628fcfdf1?s=96&d=mm&r=g\",\"url\":\"https:\\\/\\\/secure.gravatar.com\\\/avatar\\\/0f7f41419befdee0feca08f9ea1e434cac9c04e0b8d28ab40cffb82628fcfdf1?s=96&d=mm&r=g\",\"contentUrl\":\"https:\\\/\\\/secure.gravatar.com\\\/avatar\\\/0f7f41419befdee0feca08f9ea1e434cac9c04e0b8d28ab40cffb82628fcfdf1?s=96&d=mm&r=g\",\"caption\":\"Reda\u00e7\u00e3o ITM\"},\"url\":\"https:\\\/\\\/www.inthemine.com.br\\\/site\\\/author\\\/admin-itm\\\/\"}]}<\/script>\n<!-- \/ Yoast SEO plugin. -->","yoast_head_json":{"title":"AMC PROMOVER\u00c1 ENCONTRO PARA DISCUSS\u00c3O DE MINERAIS CR\u00cdTICOS - Revista In The Mine","description":"Objetivo da Associa\u00e7\u00e3o de Minerais Cr\u00edticos, ap\u00f3s aprova\u00e7\u00e3o da pol\u00edtica nacional \u00e9 discutir esse novo mercado e o papel do Brasil","robots":{"index":"index","follow":"follow","max-snippet":"max-snippet:-1","max-image-preview":"max-image-preview:large","max-video-preview":"max-video-preview:-1"},"canonical":"https:\/\/www.inthemine.com.br\/site\/amc-promovera-encontro-para-discussao-de-minerais-criticos\/","og_locale":"pt_BR","og_type":"article","og_title":"AMC PROMOVER\u00c1 ENCONTRO PARA DISCUSS\u00c3O DE MINERAIS CR\u00cdTICOS - Revista In The Mine","og_description":"Objetivo da Associa\u00e7\u00e3o de Minerais Cr\u00edticos, ap\u00f3s aprova\u00e7\u00e3o da pol\u00edtica nacional \u00e9 discutir esse novo mercado e o papel do Brasil","og_url":"https:\/\/www.inthemine.com.br\/site\/amc-promovera-encontro-para-discussao-de-minerais-criticos\/","og_site_name":"Revista In The Mine","article_publisher":"http:\/\/www.facebook.com\/inthemine","article_published_time":"2026-09-04T19:59:03+00:00","og_image":[{"width":800,"height":1083,"url":"https:\/\/www.inthemine.com.br\/site\/wp-content\/uploads\/2026\/09\/ASSOCIACAO-DE-MINERAIS-CRITICOS-evento-e1788551921601.jpg","type":"image\/jpeg"}],"author":"Reda\u00e7\u00e3o ITM","twitter_card":"summary_large_image","twitter_creator":"@intheminet","twitter_site":"@intheminet","twitter_misc":{"Escrito por":"Reda\u00e7\u00e3o ITM","Est. tempo de leitura":"10 minutos"},"schema":{"@context":"https:\/\/schema.org","@graph":[{"@type":"Article","@id":"https:\/\/www.inthemine.com.br\/site\/amc-promovera-encontro-para-discussao-de-minerais-criticos\/#article","isPartOf":{"@id":"https:\/\/www.inthemine.com.br\/site\/amc-promovera-encontro-para-discussao-de-minerais-criticos\/"},"author":{"name":"Reda\u00e7\u00e3o ITM","@id":"https:\/\/www.inthemine.com.br\/site\/#\/schema\/person\/9eb77cece2cea253bb36c4b68c6a324c"},"headline":"AMC PROMOVER\u00c1 ENCONTRO PARA DISCUSS\u00c3O DE MINERAIS CR\u00cdTICOS","datePublished":"2026-09-04T19:59:03+00:00","mainEntityOfPage":{"@id":"https:\/\/www.inthemine.com.br\/site\/amc-promovera-encontro-para-discussao-de-minerais-criticos\/"},"wordCount":2058,"commentCount":0,"publisher":{"@id":"https:\/\/www.inthemine.com.br\/site\/#organization"},"image":{"@id":"https:\/\/www.inthemine.com.br\/site\/amc-promovera-encontro-para-discussao-de-minerais-criticos\/#primaryimage"},"thumbnailUrl":"https:\/\/www.inthemine.com.br\/site\/wp-content\/uploads\/2026\/09\/ASSOCIACAO-DE-MINERAIS-CRITICOS-evento-e1788551921601.jpg","articleSection":["MERCADO","MINERAIS CR\u00cdTICOS-TERRAS RARAS"],"inLanguage":"pt-BR","potentialAction":[{"@type":"CommentAction","name":"Comment","target":["https:\/\/www.inthemine.com.br\/site\/amc-promovera-encontro-para-discussao-de-minerais-criticos\/#respond"]}]},{"@type":"WebPage","@id":"https:\/\/www.inthemine.com.br\/site\/amc-promovera-encontro-para-discussao-de-minerais-criticos\/","url":"https:\/\/www.inthemine.com.br\/site\/amc-promovera-encontro-para-discussao-de-minerais-criticos\/","name":"AMC PROMOVER\u00c1 ENCONTRO PARA DISCUSS\u00c3O DE MINERAIS CR\u00cdTICOS - Revista In The Mine","isPartOf":{"@id":"https:\/\/www.inthemine.com.br\/site\/#website"},"primaryImageOfPage":{"@id":"https:\/\/www.inthemine.com.br\/site\/amc-promovera-encontro-para-discussao-de-minerais-criticos\/#primaryimage"},"image":{"@id":"https:\/\/www.inthemine.com.br\/site\/amc-promovera-encontro-para-discussao-de-minerais-criticos\/#primaryimage"},"thumbnailUrl":"https:\/\/www.inthemine.com.br\/site\/wp-content\/uploads\/2026\/09\/ASSOCIACAO-DE-MINERAIS-CRITICOS-evento-e1788551921601.jpg","datePublished":"2026-09-04T19:59:03+00:00","description":"Objetivo da Associa\u00e7\u00e3o de Minerais Cr\u00edticos, ap\u00f3s aprova\u00e7\u00e3o da pol\u00edtica nacional \u00e9 discutir esse novo mercado e o papel do Brasil","breadcrumb":{"@id":"https:\/\/www.inthemine.com.br\/site\/amc-promovera-encontro-para-discussao-de-minerais-criticos\/#breadcrumb"},"inLanguage":"pt-BR","potentialAction":[{"@type":"ReadAction","target":["https:\/\/www.inthemine.com.br\/site\/amc-promovera-encontro-para-discussao-de-minerais-criticos\/"]}]},{"@type":"ImageObject","inLanguage":"pt-BR","@id":"https:\/\/www.inthemine.com.br\/site\/amc-promovera-encontro-para-discussao-de-minerais-criticos\/#primaryimage","url":"https:\/\/www.inthemine.com.br\/site\/wp-content\/uploads\/2026\/09\/ASSOCIACAO-DE-MINERAIS-CRITICOS-evento-e1788551921601.jpg","contentUrl":"https:\/\/www.inthemine.com.br\/site\/wp-content\/uploads\/2026\/09\/ASSOCIACAO-DE-MINERAIS-CRITICOS-evento-e1788551921601.jpg","width":800,"height":1083,"caption":"ASSOCIACAO DE MINERAIS CRITICOS-evento"},{"@type":"BreadcrumbList","@id":"https:\/\/www.inthemine.com.br\/site\/amc-promovera-encontro-para-discussao-de-minerais-criticos\/#breadcrumb","itemListElement":[{"@type":"ListItem","position":1,"name":"In\u00edcio","item":"https:\/\/www.inthemine.com.br\/site\/"},{"@type":"ListItem","position":2,"name":"AMC PROMOVER\u00c1 ENCONTRO PARA DISCUSS\u00c3O DE MINERAIS CR\u00cdTICOS"}]},{"@type":"WebSite","@id":"https:\/\/www.inthemine.com.br\/site\/#website","url":"https:\/\/www.inthemine.com.br\/site\/","name":"Revista In The Mine","description":"Minera\u00e7\u00e3o brasileira","publisher":{"@id":"https:\/\/www.inthemine.com.br\/site\/#organization"},"potentialAction":[{"@type":"SearchAction","target":{"@type":"EntryPoint","urlTemplate":"https:\/\/www.inthemine.com.br\/site\/?s={search_term_string}"},"query-input":{"@type":"PropertyValueSpecification","valueRequired":true,"valueName":"search_term_string"}}],"inLanguage":"pt-BR"},{"@type":"Organization","@id":"https:\/\/www.inthemine.com.br\/site\/#organization","name":"In The Mine magazine","url":"https:\/\/www.inthemine.com.br\/site\/","logo":{"@type":"ImageObject","inLanguage":"pt-BR","@id":"https:\/\/www.inthemine.com.br\/site\/#\/schema\/logo\/image\/","url":"https:\/\/www.inthemine.com.br\/site\/wp-content\/uploads\/2014\/08\/parceiro_theinmine.png","contentUrl":"https:\/\/www.inthemine.com.br\/site\/wp-content\/uploads\/2014\/08\/parceiro_theinmine.png","width":170,"height":120,"caption":"In The Mine magazine"},"image":{"@id":"https:\/\/www.inthemine.com.br\/site\/#\/schema\/logo\/image\/"},"sameAs":["http:\/\/www.facebook.com\/inthemine","https:\/\/x.com\/intheminet","https:\/\/www.instagram.com\/minegaleria","https:\/\/www.linkedin.com\/company\/in-the-mine?trk=biz-companies-cym","https:\/\/www.youtube.com\/user\/revistainthemine"]},{"@type":"Person","@id":"https:\/\/www.inthemine.com.br\/site\/#\/schema\/person\/9eb77cece2cea253bb36c4b68c6a324c","name":"Reda\u00e7\u00e3o ITM","image":{"@type":"ImageObject","inLanguage":"pt-BR","@id":"https:\/\/secure.gravatar.com\/avatar\/0f7f41419befdee0feca08f9ea1e434cac9c04e0b8d28ab40cffb82628fcfdf1?s=96&d=mm&r=g","url":"https:\/\/secure.gravatar.com\/avatar\/0f7f41419befdee0feca08f9ea1e434cac9c04e0b8d28ab40cffb82628fcfdf1?s=96&d=mm&r=g","contentUrl":"https:\/\/secure.gravatar.com\/avatar\/0f7f41419befdee0feca08f9ea1e434cac9c04e0b8d28ab40cffb82628fcfdf1?s=96&d=mm&r=g","caption":"Reda\u00e7\u00e3o ITM"},"url":"https:\/\/www.inthemine.com.br\/site\/author\/admin-itm\/"}]}},"_links":{"self":[{"href":"https:\/\/www.inthemine.com.br\/site\/wp-json\/wp\/v2\/posts\/32142","targetHints":{"allow":["GET"]}}],"collection":[{"href":"https:\/\/www.inthemine.com.br\/site\/wp-json\/wp\/v2\/posts"}],"about":[{"href":"https:\/\/www.inthemine.com.br\/site\/wp-json\/wp\/v2\/types\/post"}],"author":[{"embeddable":true,"href":"https:\/\/www.inthemine.com.br\/site\/wp-json\/wp\/v2\/users\/3"}],"replies":[{"embeddable":true,"href":"https:\/\/www.inthemine.com.br\/site\/wp-json\/wp\/v2\/comments?post=32142"}],"version-history":[{"count":1,"href":"https:\/\/www.inthemine.com.br\/site\/wp-json\/wp\/v2\/posts\/32142\/revisions"}],"predecessor-version":[{"id":32144,"href":"https:\/\/www.inthemine.com.br\/site\/wp-json\/wp\/v2\/posts\/32142\/revisions\/32144"}],"wp:featuredmedia":[{"embeddable":true,"href":"https:\/\/www.inthemine.com.br\/site\/wp-json\/wp\/v2\/media\/32143"}],"wp:attachment":[{"href":"https:\/\/www.inthemine.com.br\/site\/wp-json\/wp\/v2\/media?parent=32142"}],"wp:term":[{"taxonomy":"category","embeddable":true,"href":"https:\/\/www.inthemine.com.br\/site\/wp-json\/wp\/v2\/categories?post=32142"},{"taxonomy":"post_tag","embeddable":true,"href":"https:\/\/www.inthemine.com.br\/site\/wp-json\/wp\/v2\/tags?post=32142"}],"curies":[{"name":"wp","href":"https:\/\/api.w.org\/{rel}","templated":true}]}}