{"id":32138,"date":"2026-09-04T16:47:38","date_gmt":"2026-09-04T19:47:38","guid":{"rendered":"https:\/\/www.inthemine.com.br\/site\/?p=32138"},"modified":"2026-09-04T16:48:44","modified_gmt":"2026-09-04T19:48:44","slug":"nota-de-posicionamento-sobre-o-pl-2-780-2024","status":"publish","type":"post","link":"https:\/\/www.inthemine.com.br\/site\/nota-de-posicionamento-sobre-o-pl-2-780-2024\/","title":{"rendered":"NOTA DE POSICIONAMENTO SOBRE O PL 2.780\/2024"},"content":{"rendered":"<p>Reconhecemos a relev\u00e2ncia estrat\u00e9gica de uma pol\u00edtica nacional para minerais cr\u00edticos e estrat\u00e9gicos para o pa\u00eds. No entanto, lamentamos que o processo legislativo tenha sido conduzido de maneira apressada \u2014 o texto seguiu diretamente ao plen\u00e1rio, sem passar pelas comiss\u00f5es tem\u00e1ticas \u2014 e que o relator, senador Eduardo Braga (MDB-AM), tenha optado por aprovar a proposta sem acolher as emendas apresentadas pelos seus colegas e pelo setor, fruto de meses de di\u00e1logo t\u00e9cnico e de posicionamentos formalmente encaminhados por associa\u00e7\u00f5es e empresas que vivem a realidade da pesquisa e da minera\u00e7\u00e3o no pa\u00eds.<\/p>\n<p>N\u00e3o ouvindo o setor produtivo para n\u00f3s foi particularmente preocupante diante de um dos pontos mais delicados do texto: o poder conferido ao Conselho Nacional para Industrializa\u00e7\u00e3o de Minerais Cr\u00edticos e Estrat\u00e9gicos (CIMCE) de homologar \u2014 e, na pr\u00e1tica, vetar \u2014 mudan\u00e7as societ\u00e1rias envolvendo capital estrangeiro. A pr\u00f3pria Consultoria Legislativa do Senado j\u00e1 havia alertado, em boletim de junho, que essa exig\u00eancia carece de crit\u00e9rios objetivos e prazos de decis\u00e3o claros, um risco jur\u00eddico que o setor buscou endere\u00e7ar por meio de suas emendas e que n\u00e3o considerado.<\/p>\n<p>O Brasil pode deter algumas das maiores reservas do mundo em minerais cr\u00edticos e estrat\u00e9gicos, e para isso atrair o capital, e transformar esse potencial em desenvolvimento real exige seguran\u00e7a jur\u00eddica, previsibilidade regulat\u00f3ria e, sobretudo, um processo legislativo que dialogue de fato com quem conhece o setor.<\/p>\n<p>A ABPM seguir\u00e1 acompanhando a san\u00e7\u00e3o presidencial e a regulamenta\u00e7\u00e3o da lei, e reitera sua disposi\u00e7\u00e3o de contribuir tecnicamente para que as lacunas hoje identificadas sejam corrigidas nas pr\u00f3ximas etapas. (<strong>Conselho e Diretoria<\/strong>).<\/p>\n","protected":false},"excerpt":{"rendered":"<p>A Associa\u00e7\u00e3o Brasileira de Pesquisa Mineral (ABPM) manifesta seu desconforto com a forma como tramitou e foi aprovado<\/p>\n","protected":false},"author":3,"featured_media":0,"comment_status":"open","ping_status":"open","sticky":false,"template":"","format":"standard","meta":{"footnotes":""},"categories":[9305],"tags":[],"class_list":["post-32138","post","type-post","status-publish","format-standard","hentry","category-minerais-criticos"],"yoast_head":"<!-- This site is optimized with the Yoast SEO plugin v28.4 - https:\/\/yoast.com\/product\/yoast-seo-wordpress\/ -->\n<title>NOTA DE POSICIONAMENTO SOBRE O PL 2.780\/2024 - Revista In The Mine<\/title>\n<meta name=\"description\" content=\"A Associa\u00e7\u00e3o Brasileira de Pesquisa Mineral (ABPM) manifesta seu desconforto com a forma como tramitou e foi aprovado\" \/>\n<meta name=\"robots\" content=\"index, follow, max-snippet:-1, max-image-preview:large, max-video-preview:-1\" \/>\n<link rel=\"canonical\" href=\"https:\/\/www.inthemine.com.br\/site\/nota-de-posicionamento-sobre-o-pl-2-780-2024\/\" \/>\n<meta property=\"og:locale\" content=\"pt_BR\" \/>\n<meta property=\"og:type\" content=\"article\" \/>\n<meta property=\"og:title\" content=\"NOTA DE POSICIONAMENTO SOBRE O PL 2.780\/2024 - Revista In The Mine\" \/>\n<meta property=\"og:description\" content=\"A Associa\u00e7\u00e3o Brasileira de Pesquisa Mineral (ABPM) manifesta seu desconforto com a forma como tramitou e foi aprovado\" \/>\n<meta property=\"og:url\" content=\"https:\/\/www.inthemine.com.br\/site\/nota-de-posicionamento-sobre-o-pl-2-780-2024\/\" \/>\n<meta property=\"og:site_name\" content=\"Revista In The Mine\" \/>\n<meta property=\"article:publisher\" content=\"http:\/\/www.facebook.com\/inthemine\" \/>\n<meta property=\"article:published_time\" content=\"2026-09-04T19:47:38+00:00\" \/>\n<meta property=\"article:modified_time\" content=\"2026-09-04T19:48:44+00:00\" \/>\n<meta name=\"author\" content=\"Reda\u00e7\u00e3o ITM\" \/>\n<meta name=\"twitter:card\" content=\"summary_large_image\" \/>\n<meta name=\"twitter:creator\" content=\"@intheminet\" \/>\n<meta name=\"twitter:site\" content=\"@intheminet\" \/>\n<meta name=\"twitter:label1\" content=\"Escrito por\" \/>\n\t<meta name=\"twitter:data1\" content=\"Reda\u00e7\u00e3o ITM\" \/>\n\t<meta name=\"twitter:label2\" content=\"Est. tempo de leitura\" \/>\n\t<meta name=\"twitter:data2\" content=\"2 minutos\" \/>\n<script type=\"application\/ld+json\" class=\"yoast-schema-graph\">{\"@context\":\"https:\\\/\\\/schema.org\",\"@graph\":[{\"@type\":\"Article\",\"@id\":\"https:\\\/\\\/www.inthemine.com.br\\\/site\\\/nota-de-posicionamento-sobre-o-pl-2-780-2024\\\/#article\",\"isPartOf\":{\"@id\":\"https:\\\/\\\/www.inthemine.com.br\\\/site\\\/nota-de-posicionamento-sobre-o-pl-2-780-2024\\\/\"},\"author\":{\"name\":\"Reda\u00e7\u00e3o ITM\",\"@id\":\"https:\\\/\\\/www.inthemine.com.br\\\/site\\\/#\\\/schema\\\/person\\\/9eb77cece2cea253bb36c4b68c6a324c\"},\"headline\":\"NOTA DE POSICIONAMENTO SOBRE O PL 2.780\\\/2024\",\"datePublished\":\"2026-09-04T19:47:38+00:00\",\"dateModified\":\"2026-09-04T19:48:44+00:00\",\"mainEntityOfPage\":{\"@id\":\"https:\\\/\\\/www.inthemine.com.br\\\/site\\\/nota-de-posicionamento-sobre-o-pl-2-780-2024\\\/\"},\"wordCount\":301,\"commentCount\":0,\"publisher\":{\"@id\":\"https:\\\/\\\/www.inthemine.com.br\\\/site\\\/#organization\"},\"articleSection\":[\"MINERAIS CR\u00cdTICOS-TERRAS RARAS\"],\"inLanguage\":\"pt-BR\",\"potentialAction\":[{\"@type\":\"CommentAction\",\"name\":\"Comment\",\"target\":[\"https:\\\/\\\/www.inthemine.com.br\\\/site\\\/nota-de-posicionamento-sobre-o-pl-2-780-2024\\\/#respond\"]}]},{\"@type\":\"WebPage\",\"@id\":\"https:\\\/\\\/www.inthemine.com.br\\\/site\\\/nota-de-posicionamento-sobre-o-pl-2-780-2024\\\/\",\"url\":\"https:\\\/\\\/www.inthemine.com.br\\\/site\\\/nota-de-posicionamento-sobre-o-pl-2-780-2024\\\/\",\"name\":\"NOTA DE POSICIONAMENTO SOBRE O PL 2.780\\\/2024 - Revista In The Mine\",\"isPartOf\":{\"@id\":\"https:\\\/\\\/www.inthemine.com.br\\\/site\\\/#website\"},\"datePublished\":\"2026-09-04T19:47:38+00:00\",\"dateModified\":\"2026-09-04T19:48:44+00:00\",\"description\":\"A Associa\u00e7\u00e3o Brasileira de Pesquisa Mineral (ABPM) manifesta seu desconforto com a forma como tramitou e foi aprovado\",\"breadcrumb\":{\"@id\":\"https:\\\/\\\/www.inthemine.com.br\\\/site\\\/nota-de-posicionamento-sobre-o-pl-2-780-2024\\\/#breadcrumb\"},\"inLanguage\":\"pt-BR\",\"potentialAction\":[{\"@type\":\"ReadAction\",\"target\":[\"https:\\\/\\\/www.inthemine.com.br\\\/site\\\/nota-de-posicionamento-sobre-o-pl-2-780-2024\\\/\"]}]},{\"@type\":\"BreadcrumbList\",\"@id\":\"https:\\\/\\\/www.inthemine.com.br\\\/site\\\/nota-de-posicionamento-sobre-o-pl-2-780-2024\\\/#breadcrumb\",\"itemListElement\":[{\"@type\":\"ListItem\",\"position\":1,\"name\":\"In\u00edcio\",\"item\":\"https:\\\/\\\/www.inthemine.com.br\\\/site\\\/\"},{\"@type\":\"ListItem\",\"position\":2,\"name\":\"NOTA DE POSICIONAMENTO SOBRE O PL 2.780\\\/2024\"}]},{\"@type\":\"WebSite\",\"@id\":\"https:\\\/\\\/www.inthemine.com.br\\\/site\\\/#website\",\"url\":\"https:\\\/\\\/www.inthemine.com.br\\\/site\\\/\",\"name\":\"Revista In The Mine\",\"description\":\"Minera\u00e7\u00e3o brasileira\",\"publisher\":{\"@id\":\"https:\\\/\\\/www.inthemine.com.br\\\/site\\\/#organization\"},\"potentialAction\":[{\"@type\":\"SearchAction\",\"target\":{\"@type\":\"EntryPoint\",\"urlTemplate\":\"https:\\\/\\\/www.inthemine.com.br\\\/site\\\/?s={search_term_string}\"},\"query-input\":{\"@type\":\"PropertyValueSpecification\",\"valueRequired\":true,\"valueName\":\"search_term_string\"}}],\"inLanguage\":\"pt-BR\"},{\"@type\":\"Organization\",\"@id\":\"https:\\\/\\\/www.inthemine.com.br\\\/site\\\/#organization\",\"name\":\"In The Mine magazine\",\"url\":\"https:\\\/\\\/www.inthemine.com.br\\\/site\\\/\",\"logo\":{\"@type\":\"ImageObject\",\"inLanguage\":\"pt-BR\",\"@id\":\"https:\\\/\\\/www.inthemine.com.br\\\/site\\\/#\\\/schema\\\/logo\\\/image\\\/\",\"url\":\"https:\\\/\\\/www.inthemine.com.br\\\/site\\\/wp-content\\\/uploads\\\/2014\\\/08\\\/parceiro_theinmine.png\",\"contentUrl\":\"https:\\\/\\\/www.inthemine.com.br\\\/site\\\/wp-content\\\/uploads\\\/2014\\\/08\\\/parceiro_theinmine.png\",\"width\":170,\"height\":120,\"caption\":\"In The Mine magazine\"},\"image\":{\"@id\":\"https:\\\/\\\/www.inthemine.com.br\\\/site\\\/#\\\/schema\\\/logo\\\/image\\\/\"},\"sameAs\":[\"http:\\\/\\\/www.facebook.com\\\/inthemine\",\"https:\\\/\\\/x.com\\\/intheminet\",\"https:\\\/\\\/www.instagram.com\\\/minegaleria\",\"https:\\\/\\\/www.linkedin.com\\\/company\\\/in-the-mine?trk=biz-companies-cym\",\"https:\\\/\\\/www.youtube.com\\\/user\\\/revistainthemine\"]},{\"@type\":\"Person\",\"@id\":\"https:\\\/\\\/www.inthemine.com.br\\\/site\\\/#\\\/schema\\\/person\\\/9eb77cece2cea253bb36c4b68c6a324c\",\"name\":\"Reda\u00e7\u00e3o ITM\",\"image\":{\"@type\":\"ImageObject\",\"inLanguage\":\"pt-BR\",\"@id\":\"https:\\\/\\\/secure.gravatar.com\\\/avatar\\\/0f7f41419befdee0feca08f9ea1e434cac9c04e0b8d28ab40cffb82628fcfdf1?s=96&d=mm&r=g\",\"url\":\"https:\\\/\\\/secure.gravatar.com\\\/avatar\\\/0f7f41419befdee0feca08f9ea1e434cac9c04e0b8d28ab40cffb82628fcfdf1?s=96&d=mm&r=g\",\"contentUrl\":\"https:\\\/\\\/secure.gravatar.com\\\/avatar\\\/0f7f41419befdee0feca08f9ea1e434cac9c04e0b8d28ab40cffb82628fcfdf1?s=96&d=mm&r=g\",\"caption\":\"Reda\u00e7\u00e3o ITM\"},\"url\":\"https:\\\/\\\/www.inthemine.com.br\\\/site\\\/author\\\/admin-itm\\\/\"}]}<\/script>\n<!-- \/ Yoast SEO plugin. -->","yoast_head_json":{"title":"NOTA DE POSICIONAMENTO SOBRE O PL 2.780\/2024 - Revista In The Mine","description":"A Associa\u00e7\u00e3o Brasileira de Pesquisa Mineral (ABPM) manifesta seu desconforto com a forma como tramitou e foi aprovado","robots":{"index":"index","follow":"follow","max-snippet":"max-snippet:-1","max-image-preview":"max-image-preview:large","max-video-preview":"max-video-preview:-1"},"canonical":"https:\/\/www.inthemine.com.br\/site\/nota-de-posicionamento-sobre-o-pl-2-780-2024\/","og_locale":"pt_BR","og_type":"article","og_title":"NOTA DE POSICIONAMENTO SOBRE O PL 2.780\/2024 - Revista In The Mine","og_description":"A Associa\u00e7\u00e3o Brasileira de Pesquisa Mineral (ABPM) manifesta seu desconforto com a forma como tramitou e foi aprovado","og_url":"https:\/\/www.inthemine.com.br\/site\/nota-de-posicionamento-sobre-o-pl-2-780-2024\/","og_site_name":"Revista In The Mine","article_publisher":"http:\/\/www.facebook.com\/inthemine","article_published_time":"2026-09-04T19:47:38+00:00","article_modified_time":"2026-09-04T19:48:44+00:00","author":"Reda\u00e7\u00e3o ITM","twitter_card":"summary_large_image","twitter_creator":"@intheminet","twitter_site":"@intheminet","twitter_misc":{"Escrito por":"Reda\u00e7\u00e3o ITM","Est. tempo de leitura":"2 minutos"},"schema":{"@context":"https:\/\/schema.org","@graph":[{"@type":"Article","@id":"https:\/\/www.inthemine.com.br\/site\/nota-de-posicionamento-sobre-o-pl-2-780-2024\/#article","isPartOf":{"@id":"https:\/\/www.inthemine.com.br\/site\/nota-de-posicionamento-sobre-o-pl-2-780-2024\/"},"author":{"name":"Reda\u00e7\u00e3o ITM","@id":"https:\/\/www.inthemine.com.br\/site\/#\/schema\/person\/9eb77cece2cea253bb36c4b68c6a324c"},"headline":"NOTA DE POSICIONAMENTO SOBRE O PL 2.780\/2024","datePublished":"2026-09-04T19:47:38+00:00","dateModified":"2026-09-04T19:48:44+00:00","mainEntityOfPage":{"@id":"https:\/\/www.inthemine.com.br\/site\/nota-de-posicionamento-sobre-o-pl-2-780-2024\/"},"wordCount":301,"commentCount":0,"publisher":{"@id":"https:\/\/www.inthemine.com.br\/site\/#organization"},"articleSection":["MINERAIS CR\u00cdTICOS-TERRAS RARAS"],"inLanguage":"pt-BR","potentialAction":[{"@type":"CommentAction","name":"Comment","target":["https:\/\/www.inthemine.com.br\/site\/nota-de-posicionamento-sobre-o-pl-2-780-2024\/#respond"]}]},{"@type":"WebPage","@id":"https:\/\/www.inthemine.com.br\/site\/nota-de-posicionamento-sobre-o-pl-2-780-2024\/","url":"https:\/\/www.inthemine.com.br\/site\/nota-de-posicionamento-sobre-o-pl-2-780-2024\/","name":"NOTA DE POSICIONAMENTO SOBRE O PL 2.780\/2024 - Revista In The Mine","isPartOf":{"@id":"https:\/\/www.inthemine.com.br\/site\/#website"},"datePublished":"2026-09-04T19:47:38+00:00","dateModified":"2026-09-04T19:48:44+00:00","description":"A Associa\u00e7\u00e3o Brasileira de Pesquisa Mineral (ABPM) manifesta seu desconforto com a forma como tramitou e foi aprovado","breadcrumb":{"@id":"https:\/\/www.inthemine.com.br\/site\/nota-de-posicionamento-sobre-o-pl-2-780-2024\/#breadcrumb"},"inLanguage":"pt-BR","potentialAction":[{"@type":"ReadAction","target":["https:\/\/www.inthemine.com.br\/site\/nota-de-posicionamento-sobre-o-pl-2-780-2024\/"]}]},{"@type":"BreadcrumbList","@id":"https:\/\/www.inthemine.com.br\/site\/nota-de-posicionamento-sobre-o-pl-2-780-2024\/#breadcrumb","itemListElement":[{"@type":"ListItem","position":1,"name":"In\u00edcio","item":"https:\/\/www.inthemine.com.br\/site\/"},{"@type":"ListItem","position":2,"name":"NOTA DE POSICIONAMENTO SOBRE O PL 2.780\/2024"}]},{"@type":"WebSite","@id":"https:\/\/www.inthemine.com.br\/site\/#website","url":"https:\/\/www.inthemine.com.br\/site\/","name":"Revista In The Mine","description":"Minera\u00e7\u00e3o brasileira","publisher":{"@id":"https:\/\/www.inthemine.com.br\/site\/#organization"},"potentialAction":[{"@type":"SearchAction","target":{"@type":"EntryPoint","urlTemplate":"https:\/\/www.inthemine.com.br\/site\/?s={search_term_string}"},"query-input":{"@type":"PropertyValueSpecification","valueRequired":true,"valueName":"search_term_string"}}],"inLanguage":"pt-BR"},{"@type":"Organization","@id":"https:\/\/www.inthemine.com.br\/site\/#organization","name":"In The Mine magazine","url":"https:\/\/www.inthemine.com.br\/site\/","logo":{"@type":"ImageObject","inLanguage":"pt-BR","@id":"https:\/\/www.inthemine.com.br\/site\/#\/schema\/logo\/image\/","url":"https:\/\/www.inthemine.com.br\/site\/wp-content\/uploads\/2014\/08\/parceiro_theinmine.png","contentUrl":"https:\/\/www.inthemine.com.br\/site\/wp-content\/uploads\/2014\/08\/parceiro_theinmine.png","width":170,"height":120,"caption":"In The Mine magazine"},"image":{"@id":"https:\/\/www.inthemine.com.br\/site\/#\/schema\/logo\/image\/"},"sameAs":["http:\/\/www.facebook.com\/inthemine","https:\/\/x.com\/intheminet","https:\/\/www.instagram.com\/minegaleria","https:\/\/www.linkedin.com\/company\/in-the-mine?trk=biz-companies-cym","https:\/\/www.youtube.com\/user\/revistainthemine"]},{"@type":"Person","@id":"https:\/\/www.inthemine.com.br\/site\/#\/schema\/person\/9eb77cece2cea253bb36c4b68c6a324c","name":"Reda\u00e7\u00e3o ITM","image":{"@type":"ImageObject","inLanguage":"pt-BR","@id":"https:\/\/secure.gravatar.com\/avatar\/0f7f41419befdee0feca08f9ea1e434cac9c04e0b8d28ab40cffb82628fcfdf1?s=96&d=mm&r=g","url":"https:\/\/secure.gravatar.com\/avatar\/0f7f41419befdee0feca08f9ea1e434cac9c04e0b8d28ab40cffb82628fcfdf1?s=96&d=mm&r=g","contentUrl":"https:\/\/secure.gravatar.com\/avatar\/0f7f41419befdee0feca08f9ea1e434cac9c04e0b8d28ab40cffb82628fcfdf1?s=96&d=mm&r=g","caption":"Reda\u00e7\u00e3o ITM"},"url":"https:\/\/www.inthemine.com.br\/site\/author\/admin-itm\/"}]}},"_links":{"self":[{"href":"https:\/\/www.inthemine.com.br\/site\/wp-json\/wp\/v2\/posts\/32138","targetHints":{"allow":["GET"]}}],"collection":[{"href":"https:\/\/www.inthemine.com.br\/site\/wp-json\/wp\/v2\/posts"}],"about":[{"href":"https:\/\/www.inthemine.com.br\/site\/wp-json\/wp\/v2\/types\/post"}],"author":[{"embeddable":true,"href":"https:\/\/www.inthemine.com.br\/site\/wp-json\/wp\/v2\/users\/3"}],"replies":[{"embeddable":true,"href":"https:\/\/www.inthemine.com.br\/site\/wp-json\/wp\/v2\/comments?post=32138"}],"version-history":[{"count":3,"href":"https:\/\/www.inthemine.com.br\/site\/wp-json\/wp\/v2\/posts\/32138\/revisions"}],"predecessor-version":[{"id":32141,"href":"https:\/\/www.inthemine.com.br\/site\/wp-json\/wp\/v2\/posts\/32138\/revisions\/32141"}],"wp:attachment":[{"href":"https:\/\/www.inthemine.com.br\/site\/wp-json\/wp\/v2\/media?parent=32138"}],"wp:term":[{"taxonomy":"category","embeddable":true,"href":"https:\/\/www.inthemine.com.br\/site\/wp-json\/wp\/v2\/categories?post=32138"},{"taxonomy":"post_tag","embeddable":true,"href":"https:\/\/www.inthemine.com.br\/site\/wp-json\/wp\/v2\/tags?post=32138"}],"curies":[{"name":"wp","href":"https:\/\/api.w.org\/{rel}","templated":true}]}}