{"id":32131,"date":"2026-09-04T16:36:47","date_gmt":"2026-09-04T19:36:47","guid":{"rendered":"https:\/\/www.inthemine.com.br\/site\/?p=32131"},"modified":"2026-09-04T16:43:16","modified_gmt":"2026-09-04T19:43:16","slug":"minerais-criticos-o-valor-que-ja-e-gerado-no-brasil","status":"publish","type":"post","link":"https:\/\/www.inthemine.com.br\/site\/minerais-criticos-o-valor-que-ja-e-gerado-no-brasil\/","title":{"rendered":"MINERAIS CR\u00cdTICOS: O VALOR QUE J\u00c1 \u00c9 GERADO NO BRASIL"},"content":{"rendered":"<p>Em pain\u00e9is da Exposibram 2026, em Belo Horizonte, executivos da Brazilian Nickel sustentaram que a discuss\u00e3o sobre agrega\u00e7\u00e3o de valor tende a subestimar o que j\u00e1 \u00e9 feito no pa\u00eds, e que aproveitar o momento geopol\u00edtico dos minerais cr\u00edticos depende de pol\u00edticas p\u00fablicas capazes de criar um ambiente favor\u00e1vel ao investimento<\/p>\n<p>A disputa global por minerais cr\u00edticos entrou com for\u00e7a na agenda brasileira nos \u00faltimos anos e, com ela, voltou a circular uma ideia: a de que o pa\u00eds embarca material bruto e deixa o valor agregado do outro lado da fronteira. A formula\u00e7\u00e3o funciona como alerta, mas descreve de maneira incompleta o que acontece em boa parte da cadeia. Entre a lavra e o navio existem etapas de transforma\u00e7\u00e3o que raramente aparecem na conversa.<\/p>\n<p>A dist\u00e2ncia percorrida entre o material que sai da mina e o produto final da minera\u00e7\u00e3o varia de acordo com o min\u00e9rio, mas \u00e9, via de regra, extensa. O n\u00edquel later\u00edtico que \u00e9 processado no Piau\u00ed pela Brazilian Nickel, por exemplo, sai do solo com concentra\u00e7\u00e3o natural em torno de 1% do metal. O MHP (Precipitado de Hidr\u00f3xido Misto) obtido a partir dele chega a cerca de 48% de n\u00edquel e 2% de cobalto \u2014 um produto de grau bateria, com especifica\u00e7\u00e3o industrial, destinado a refinarias dos Estados Unidos e da Europa. A empresa j\u00e1 produziu e comercializou MHP a partir da planta-piloto do Projeto Piau\u00ed N\u00edquel, etapa que validou o processo antes da escala comercial. Entre o min\u00e9rio com 1% de n\u00edquel e o produto final com 48% n\u00e3o h\u00e1 simples embarque a granel: h\u00e1 transforma\u00e7\u00e3o qu\u00edmica e tecnologia.<\/p>\n<p>A discuss\u00e3o ganhou espa\u00e7o por uma raz\u00e3o de conjuntura. A eletrifica\u00e7\u00e3o da base energ\u00e9tica e a reorganiza\u00e7\u00e3o das cadeias globais de suprimento transformaram os minerais cr\u00edticos em tema de seguran\u00e7a econ\u00f4mica. Nesse cen\u00e1rio, os pa\u00edses capazes de combinar reservas, tecnologia e capital ganharam relev\u00e2ncia estrat\u00e9gica. As decis\u00f5es de investimento que definir\u00e3o o mapa da pr\u00f3xima d\u00e9cada est\u00e3o sendo tomadas agora. E \u00e9 isso que torna a discuss\u00e3o brasileira urgente.<\/p>\n<p>Foi esse o pano de fundo das duas participa\u00e7\u00f5es da Brazilian Nickel na Exposibram 2026, realizada em Belo Horizonte (MG) entre 24 e 27 de agosto, representada pelo CFO Andr\u00e9 Sim\u00e3o e pela diretora de Assuntos Corporativos, Luciana Gutmann.<\/p>\n<h3>Onde termina a minera\u00e7\u00e3o<\/h3>\n<p>No painel promovido pela KPMG em parceria com a Brazil Canada Chamber of Commerce (BCCC), dedicado aos diferenciais competitivos do pa\u00eds em minerais cr\u00edticos e aos caminhos para financiar projetos do setor, Sim\u00e3o partiu do reconhecimento dessa agenda para tratar da sua viabilidade. Avan\u00e7ar na cadeia n\u00e3o \u00e9 uma chave que se liga: cada elo adicional, do beneficiamento ao produto final, \u00e9 um projeto pr\u00f3prio, com capital, prazo e risco pr\u00f3prios. E projetos dessa natureza s\u00e3o avaliados em um mercado global de investimento, no qual o Brasil disputa recursos com outras jurisdi\u00e7\u00f5es produtoras.<\/p>\n<p>\u201cConcordo com o diagn\u00f3stico: o Brasil pode e deve avan\u00e7ar na cadeia. Mas quem viabiliza esse avan\u00e7o, na pr\u00e1tica, \u00e9 o capital \u2014 e o capital compara jurisdi\u00e7\u00f5es. O investidor olha prazo de licenciamento, carga tribut\u00e1ria, custo de energia e disponibilidade de cr\u00e9dito de longo prazo antes de decidir onde a planta ser\u00e1 constru\u00edda. Construir essa base \u00e9 o que torna o potencial geol\u00f3gico brasileiro financi\u00e1vel\u201d, afirmou Andr\u00e9 Sim\u00e3o.<\/p>\n<h3>Uma tecnologia consolidada, in\u00e9dita para o n\u00edquel<\/h3>\n<p>No Workshop Minerais Cr\u00edticos e Estrat\u00e9gicos na Pr\u00e1tica, promovido pelo IBRAM para jornalistas, Luciana Gutmann levou o argumento para o terreno da tecnologia. A lixivia\u00e7\u00e3o em pilha \u00e9 uma rota madura, empregada h\u00e1 d\u00e9cadas para outros metais. Para o n\u00edquel, ser\u00e1 aplicada pela primeira vez em escala comercial, a partir de desenvolvimento e testes realizados em territ\u00f3rio brasileiro. O ganho n\u00e3o \u00e9 apenas industrial: frente \u00e0s rotas convencionais de processamento de laterita, a tecnologia reduz de forma expressiva a pegada de carbono.<\/p>\n<figure id=\"attachment_32135\" aria-describedby=\"caption-attachment-32135\" style=\"width: 700px\" class=\"wp-caption aligncenter\"><a href=\"https:\/\/www.inthemine.com.br\/site\/wp-content\/uploads\/2026\/09\/Luciana-Gutmann-Diretora-de-Assuntos-Corporativos-2.jpg\"><img loading=\"lazy\" decoding=\"async\" class=\"wp-image-32135 size-full\" src=\"https:\/\/www.inthemine.com.br\/site\/wp-content\/uploads\/2026\/09\/Luciana-Gutmann-Diretora-de-Assuntos-Corporativos-2.jpg\" alt=\"Luciana Gutmann - Diretora de Assuntos Corporativos (2)\" width=\"700\" height=\"525\" srcset=\"https:\/\/www.inthemine.com.br\/site\/wp-content\/uploads\/2026\/09\/Luciana-Gutmann-Diretora-de-Assuntos-Corporativos-2.jpg 700w, https:\/\/www.inthemine.com.br\/site\/wp-content\/uploads\/2026\/09\/Luciana-Gutmann-Diretora-de-Assuntos-Corporativos-2-300x225.jpg 300w\" sizes=\"auto, (max-width: 700px) 100vw, 700px\" \/><\/a><figcaption id=\"caption-attachment-32135\" class=\"wp-caption-text\">Luciana Gutmann, Diretora de Assuntos Corporativos da Brazilian Nickel. Foto: Janaina Massote<\/figcaption><\/figure>\n<p>\u201cA lixivia\u00e7\u00e3o em pilha n\u00e3o \u00e9 uma tecnologia nova: ela \u00e9 usada h\u00e1 d\u00e9cadas para outros metais. O nosso diferencial \u00e9 aplic\u00e1-la ao n\u00edquel em escala comercial por meio de uma rota de processamento desenvolvida e testada no Brasil. Al\u00e9m de viabilizar o aproveitamento de jazidas que antes enfrentavam limita\u00e7\u00f5es t\u00e9cnicas ou econ\u00f4mica, essa rota reduz significativamente a pegada de carbono em rela\u00e7\u00e3o \u00e0s alternativas convencionais. \u00c9 um caso em que o pa\u00eds n\u00e3o est\u00e1 apenas fornecendo o recurso, mas tamb\u00e9m a solu\u00e7\u00e3o t\u00e9cnica para o transformar\u201d, explicou Luciana Gutmann.<\/p>\n<h3>Quem entrega cada elo<\/h3>\n<p>O ponto que atravessou as duas discuss\u00f5es n\u00e3o \u00e9 que o Brasil tenha resolvido a quest\u00e3o. \u00c9 que a pergunta relevante n\u00e3o \u00e9 se a minera\u00e7\u00e3o deve entregar toda a cadeia, mas quem tem condi\u00e7\u00f5es de desenvolver cada elo seguinte, com que instrumento e em que prazo.<\/p>\n<p>Nenhum dos atores fecha essa conta sozinho. A minera\u00e7\u00e3o aporta capital de risco, capacidade de opera\u00e7\u00e3o e a engenharia de processo para transformar o min\u00e9rio em um produto industrial. Projetos de longa matura\u00e7\u00e3o, com retorno em uma d\u00e9cada ou mais, exigem financiamento compat\u00edvel com esse horizonte \u2014 algo que o cr\u00e9dito comercial, sozinho, dificilmente oferece e que amplia o papel dos bancos de desenvolvimento e do mercado de capitais. A pesquisa aplicada, em universidades e institutos de ci\u00eancia e tecnologia e nas pr\u00f3prias mineradoras, \u00e9 o que reduz o risco t\u00e9cnico antes que ele se converta em risco financeiro. E a decis\u00e3o sobre onde se instala uma refinaria ou uma planta de precursores responde a custo de energia, carga tribut\u00e1ria e previsibilidade regulat\u00f3ria, vari\u00e1veis que passam necessariamente pela pol\u00edtica p\u00fablica.<\/p>\n<p>A lixivia\u00e7\u00e3o em pilha aplicada ao n\u00edquel indica o que essa combina\u00e7\u00e3o \u00e9 capaz de produzir: uma rota desenvolvida e testada no pa\u00eds, que chegar\u00e1 \u00e0 escala comercial como tecnologia nacional. Seguir esse caminho depende menos de convencimento sobre a voca\u00e7\u00e3o brasileira e mais de coordena\u00e7\u00e3o entre quem financia, quem pesquisa e quem opera. Enquanto a conversa permanecer ancorada na imagem do \u201cmin\u00e9rio bruto\u201d, corre o risco de descrever um pa\u00eds que j\u00e1 mudou \u2014 e as decis\u00f5es que importam j\u00e1 est\u00e3o em curso.<\/p>\n<h5>Imagem em destaque: Andr\u00e9 Sim\u00e3o, CFO da Brazilian Nickel. Foto: Janaina Massote<\/h5>\n","protected":false},"excerpt":{"rendered":"<p>Tecnologia, capital e pol\u00edticas p\u00fablicas podem ampliar a transforma\u00e7\u00e3o mineral e fortalecer a posi\u00e7\u00e3o brasileira na cadeia global<\/p>\n","protected":false},"author":3,"featured_media":32134,"comment_status":"open","ping_status":"open","sticky":false,"template":"","format":"standard","meta":{"footnotes":""},"categories":[9305],"tags":[],"class_list":["post-32131","post","type-post","status-publish","format-standard","has-post-thumbnail","hentry","category-minerais-criticos"],"yoast_head":"<!-- This site is optimized with the Yoast SEO plugin v28.4 - https:\/\/yoast.com\/product\/yoast-seo-wordpress\/ -->\n<title>MINERAIS CR\u00cdTICOS: O VALOR QUE J\u00c1 \u00c9 GERADO NO BRASIL - Revista In The Mine<\/title>\n<meta name=\"description\" content=\"ecnologia, capital e pol\u00edticas p\u00fablicas podem ampliar a transforma\u00e7\u00e3o mineral e fortalecer a posi\u00e7\u00e3o brasileira na cadeia global\" \/>\n<meta name=\"robots\" content=\"index, follow, max-snippet:-1, max-image-preview:large, max-video-preview:-1\" \/>\n<link rel=\"canonical\" href=\"https:\/\/www.inthemine.com.br\/site\/minerais-criticos-o-valor-que-ja-e-gerado-no-brasil\/\" \/>\n<meta property=\"og:locale\" content=\"pt_BR\" \/>\n<meta property=\"og:type\" content=\"article\" \/>\n<meta property=\"og:title\" content=\"MINERAIS CR\u00cdTICOS: O VALOR QUE J\u00c1 \u00c9 GERADO NO BRASIL - Revista In The Mine\" \/>\n<meta property=\"og:description\" content=\"ecnologia, capital e pol\u00edticas p\u00fablicas podem ampliar a transforma\u00e7\u00e3o mineral e fortalecer a posi\u00e7\u00e3o brasileira na cadeia global\" \/>\n<meta property=\"og:url\" content=\"https:\/\/www.inthemine.com.br\/site\/minerais-criticos-o-valor-que-ja-e-gerado-no-brasil\/\" \/>\n<meta property=\"og:site_name\" content=\"Revista In The Mine\" \/>\n<meta property=\"article:publisher\" content=\"http:\/\/www.facebook.com\/inthemine\" \/>\n<meta property=\"article:published_time\" content=\"2026-09-04T19:36:47+00:00\" \/>\n<meta property=\"article:modified_time\" content=\"2026-09-04T19:43:16+00:00\" \/>\n<meta property=\"og:image\" content=\"https:\/\/www.inthemine.com.br\/site\/wp-content\/uploads\/2026\/09\/Andre-Simao-CFO-da-Brazilian-Nickel-2.jpg\" \/>\n\t<meta property=\"og:image:width\" content=\"800\" \/>\n\t<meta property=\"og:image:height\" content=\"600\" \/>\n\t<meta property=\"og:image:type\" content=\"image\/jpeg\" \/>\n<meta name=\"author\" content=\"Reda\u00e7\u00e3o ITM\" \/>\n<meta name=\"twitter:card\" content=\"summary_large_image\" \/>\n<meta name=\"twitter:creator\" content=\"@intheminet\" \/>\n<meta name=\"twitter:site\" content=\"@intheminet\" \/>\n<meta name=\"twitter:label1\" content=\"Escrito por\" \/>\n\t<meta name=\"twitter:data1\" content=\"Reda\u00e7\u00e3o ITM\" \/>\n\t<meta name=\"twitter:label2\" content=\"Est. tempo de leitura\" \/>\n\t<meta name=\"twitter:data2\" content=\"6 minutos\" \/>\n<script type=\"application\/ld+json\" class=\"yoast-schema-graph\">{\"@context\":\"https:\\\/\\\/schema.org\",\"@graph\":[{\"@type\":\"Article\",\"@id\":\"https:\\\/\\\/www.inthemine.com.br\\\/site\\\/minerais-criticos-o-valor-que-ja-e-gerado-no-brasil\\\/#article\",\"isPartOf\":{\"@id\":\"https:\\\/\\\/www.inthemine.com.br\\\/site\\\/minerais-criticos-o-valor-que-ja-e-gerado-no-brasil\\\/\"},\"author\":{\"name\":\"Reda\u00e7\u00e3o ITM\",\"@id\":\"https:\\\/\\\/www.inthemine.com.br\\\/site\\\/#\\\/schema\\\/person\\\/9eb77cece2cea253bb36c4b68c6a324c\"},\"headline\":\"MINERAIS CR\u00cdTICOS: O VALOR QUE J\u00c1 \u00c9 GERADO NO BRASIL\",\"datePublished\":\"2026-09-04T19:36:47+00:00\",\"dateModified\":\"2026-09-04T19:43:16+00:00\",\"mainEntityOfPage\":{\"@id\":\"https:\\\/\\\/www.inthemine.com.br\\\/site\\\/minerais-criticos-o-valor-que-ja-e-gerado-no-brasil\\\/\"},\"wordCount\":1120,\"commentCount\":0,\"publisher\":{\"@id\":\"https:\\\/\\\/www.inthemine.com.br\\\/site\\\/#organization\"},\"image\":{\"@id\":\"https:\\\/\\\/www.inthemine.com.br\\\/site\\\/minerais-criticos-o-valor-que-ja-e-gerado-no-brasil\\\/#primaryimage\"},\"thumbnailUrl\":\"https:\\\/\\\/www.inthemine.com.br\\\/site\\\/wp-content\\\/uploads\\\/2026\\\/09\\\/Andre-Simao-CFO-da-Brazilian-Nickel-2.jpg\",\"articleSection\":[\"MINERAIS CR\u00cdTICOS-TERRAS RARAS\"],\"inLanguage\":\"pt-BR\",\"potentialAction\":[{\"@type\":\"CommentAction\",\"name\":\"Comment\",\"target\":[\"https:\\\/\\\/www.inthemine.com.br\\\/site\\\/minerais-criticos-o-valor-que-ja-e-gerado-no-brasil\\\/#respond\"]}]},{\"@type\":\"WebPage\",\"@id\":\"https:\\\/\\\/www.inthemine.com.br\\\/site\\\/minerais-criticos-o-valor-que-ja-e-gerado-no-brasil\\\/\",\"url\":\"https:\\\/\\\/www.inthemine.com.br\\\/site\\\/minerais-criticos-o-valor-que-ja-e-gerado-no-brasil\\\/\",\"name\":\"MINERAIS CR\u00cdTICOS: O VALOR QUE J\u00c1 \u00c9 GERADO NO BRASIL - Revista In The Mine\",\"isPartOf\":{\"@id\":\"https:\\\/\\\/www.inthemine.com.br\\\/site\\\/#website\"},\"primaryImageOfPage\":{\"@id\":\"https:\\\/\\\/www.inthemine.com.br\\\/site\\\/minerais-criticos-o-valor-que-ja-e-gerado-no-brasil\\\/#primaryimage\"},\"image\":{\"@id\":\"https:\\\/\\\/www.inthemine.com.br\\\/site\\\/minerais-criticos-o-valor-que-ja-e-gerado-no-brasil\\\/#primaryimage\"},\"thumbnailUrl\":\"https:\\\/\\\/www.inthemine.com.br\\\/site\\\/wp-content\\\/uploads\\\/2026\\\/09\\\/Andre-Simao-CFO-da-Brazilian-Nickel-2.jpg\",\"datePublished\":\"2026-09-04T19:36:47+00:00\",\"dateModified\":\"2026-09-04T19:43:16+00:00\",\"description\":\"ecnologia, capital e pol\u00edticas p\u00fablicas podem ampliar a transforma\u00e7\u00e3o mineral e fortalecer a posi\u00e7\u00e3o brasileira na cadeia global\",\"breadcrumb\":{\"@id\":\"https:\\\/\\\/www.inthemine.com.br\\\/site\\\/minerais-criticos-o-valor-que-ja-e-gerado-no-brasil\\\/#breadcrumb\"},\"inLanguage\":\"pt-BR\",\"potentialAction\":[{\"@type\":\"ReadAction\",\"target\":[\"https:\\\/\\\/www.inthemine.com.br\\\/site\\\/minerais-criticos-o-valor-que-ja-e-gerado-no-brasil\\\/\"]}]},{\"@type\":\"ImageObject\",\"inLanguage\":\"pt-BR\",\"@id\":\"https:\\\/\\\/www.inthemine.com.br\\\/site\\\/minerais-criticos-o-valor-que-ja-e-gerado-no-brasil\\\/#primaryimage\",\"url\":\"https:\\\/\\\/www.inthemine.com.br\\\/site\\\/wp-content\\\/uploads\\\/2026\\\/09\\\/Andre-Simao-CFO-da-Brazilian-Nickel-2.jpg\",\"contentUrl\":\"https:\\\/\\\/www.inthemine.com.br\\\/site\\\/wp-content\\\/uploads\\\/2026\\\/09\\\/Andre-Simao-CFO-da-Brazilian-Nickel-2.jpg\",\"width\":800,\"height\":600,\"caption\":\"Andr\u00e9 Sim\u00e3o - CFO da Brazilian Nickel (2)\"},{\"@type\":\"BreadcrumbList\",\"@id\":\"https:\\\/\\\/www.inthemine.com.br\\\/site\\\/minerais-criticos-o-valor-que-ja-e-gerado-no-brasil\\\/#breadcrumb\",\"itemListElement\":[{\"@type\":\"ListItem\",\"position\":1,\"name\":\"In\u00edcio\",\"item\":\"https:\\\/\\\/www.inthemine.com.br\\\/site\\\/\"},{\"@type\":\"ListItem\",\"position\":2,\"name\":\"MINERAIS CR\u00cdTICOS: O VALOR QUE J\u00c1 \u00c9 GERADO NO BRASIL\"}]},{\"@type\":\"WebSite\",\"@id\":\"https:\\\/\\\/www.inthemine.com.br\\\/site\\\/#website\",\"url\":\"https:\\\/\\\/www.inthemine.com.br\\\/site\\\/\",\"name\":\"Revista In The Mine\",\"description\":\"Minera\u00e7\u00e3o brasileira\",\"publisher\":{\"@id\":\"https:\\\/\\\/www.inthemine.com.br\\\/site\\\/#organization\"},\"potentialAction\":[{\"@type\":\"SearchAction\",\"target\":{\"@type\":\"EntryPoint\",\"urlTemplate\":\"https:\\\/\\\/www.inthemine.com.br\\\/site\\\/?s={search_term_string}\"},\"query-input\":{\"@type\":\"PropertyValueSpecification\",\"valueRequired\":true,\"valueName\":\"search_term_string\"}}],\"inLanguage\":\"pt-BR\"},{\"@type\":\"Organization\",\"@id\":\"https:\\\/\\\/www.inthemine.com.br\\\/site\\\/#organization\",\"name\":\"In The Mine magazine\",\"url\":\"https:\\\/\\\/www.inthemine.com.br\\\/site\\\/\",\"logo\":{\"@type\":\"ImageObject\",\"inLanguage\":\"pt-BR\",\"@id\":\"https:\\\/\\\/www.inthemine.com.br\\\/site\\\/#\\\/schema\\\/logo\\\/image\\\/\",\"url\":\"https:\\\/\\\/www.inthemine.com.br\\\/site\\\/wp-content\\\/uploads\\\/2014\\\/08\\\/parceiro_theinmine.png\",\"contentUrl\":\"https:\\\/\\\/www.inthemine.com.br\\\/site\\\/wp-content\\\/uploads\\\/2014\\\/08\\\/parceiro_theinmine.png\",\"width\":170,\"height\":120,\"caption\":\"In The Mine magazine\"},\"image\":{\"@id\":\"https:\\\/\\\/www.inthemine.com.br\\\/site\\\/#\\\/schema\\\/logo\\\/image\\\/\"},\"sameAs\":[\"http:\\\/\\\/www.facebook.com\\\/inthemine\",\"https:\\\/\\\/x.com\\\/intheminet\",\"https:\\\/\\\/www.instagram.com\\\/minegaleria\",\"https:\\\/\\\/www.linkedin.com\\\/company\\\/in-the-mine?trk=biz-companies-cym\",\"https:\\\/\\\/www.youtube.com\\\/user\\\/revistainthemine\"]},{\"@type\":\"Person\",\"@id\":\"https:\\\/\\\/www.inthemine.com.br\\\/site\\\/#\\\/schema\\\/person\\\/9eb77cece2cea253bb36c4b68c6a324c\",\"name\":\"Reda\u00e7\u00e3o ITM\",\"image\":{\"@type\":\"ImageObject\",\"inLanguage\":\"pt-BR\",\"@id\":\"https:\\\/\\\/secure.gravatar.com\\\/avatar\\\/0f7f41419befdee0feca08f9ea1e434cac9c04e0b8d28ab40cffb82628fcfdf1?s=96&d=mm&r=g\",\"url\":\"https:\\\/\\\/secure.gravatar.com\\\/avatar\\\/0f7f41419befdee0feca08f9ea1e434cac9c04e0b8d28ab40cffb82628fcfdf1?s=96&d=mm&r=g\",\"contentUrl\":\"https:\\\/\\\/secure.gravatar.com\\\/avatar\\\/0f7f41419befdee0feca08f9ea1e434cac9c04e0b8d28ab40cffb82628fcfdf1?s=96&d=mm&r=g\",\"caption\":\"Reda\u00e7\u00e3o ITM\"},\"url\":\"https:\\\/\\\/www.inthemine.com.br\\\/site\\\/author\\\/admin-itm\\\/\"}]}<\/script>\n<!-- \/ Yoast SEO plugin. -->","yoast_head_json":{"title":"MINERAIS CR\u00cdTICOS: O VALOR QUE J\u00c1 \u00c9 GERADO NO BRASIL - Revista In The Mine","description":"ecnologia, capital e pol\u00edticas p\u00fablicas podem ampliar a transforma\u00e7\u00e3o mineral e fortalecer a posi\u00e7\u00e3o brasileira na cadeia global","robots":{"index":"index","follow":"follow","max-snippet":"max-snippet:-1","max-image-preview":"max-image-preview:large","max-video-preview":"max-video-preview:-1"},"canonical":"https:\/\/www.inthemine.com.br\/site\/minerais-criticos-o-valor-que-ja-e-gerado-no-brasil\/","og_locale":"pt_BR","og_type":"article","og_title":"MINERAIS CR\u00cdTICOS: O VALOR QUE J\u00c1 \u00c9 GERADO NO BRASIL - Revista In The Mine","og_description":"ecnologia, capital e pol\u00edticas p\u00fablicas podem ampliar a transforma\u00e7\u00e3o mineral e fortalecer a posi\u00e7\u00e3o brasileira na cadeia global","og_url":"https:\/\/www.inthemine.com.br\/site\/minerais-criticos-o-valor-que-ja-e-gerado-no-brasil\/","og_site_name":"Revista In The Mine","article_publisher":"http:\/\/www.facebook.com\/inthemine","article_published_time":"2026-09-04T19:36:47+00:00","article_modified_time":"2026-09-04T19:43:16+00:00","og_image":[{"width":800,"height":600,"url":"https:\/\/www.inthemine.com.br\/site\/wp-content\/uploads\/2026\/09\/Andre-Simao-CFO-da-Brazilian-Nickel-2.jpg","type":"image\/jpeg"}],"author":"Reda\u00e7\u00e3o ITM","twitter_card":"summary_large_image","twitter_creator":"@intheminet","twitter_site":"@intheminet","twitter_misc":{"Escrito por":"Reda\u00e7\u00e3o ITM","Est. tempo de leitura":"6 minutos"},"schema":{"@context":"https:\/\/schema.org","@graph":[{"@type":"Article","@id":"https:\/\/www.inthemine.com.br\/site\/minerais-criticos-o-valor-que-ja-e-gerado-no-brasil\/#article","isPartOf":{"@id":"https:\/\/www.inthemine.com.br\/site\/minerais-criticos-o-valor-que-ja-e-gerado-no-brasil\/"},"author":{"name":"Reda\u00e7\u00e3o ITM","@id":"https:\/\/www.inthemine.com.br\/site\/#\/schema\/person\/9eb77cece2cea253bb36c4b68c6a324c"},"headline":"MINERAIS CR\u00cdTICOS: O VALOR QUE J\u00c1 \u00c9 GERADO NO BRASIL","datePublished":"2026-09-04T19:36:47+00:00","dateModified":"2026-09-04T19:43:16+00:00","mainEntityOfPage":{"@id":"https:\/\/www.inthemine.com.br\/site\/minerais-criticos-o-valor-que-ja-e-gerado-no-brasil\/"},"wordCount":1120,"commentCount":0,"publisher":{"@id":"https:\/\/www.inthemine.com.br\/site\/#organization"},"image":{"@id":"https:\/\/www.inthemine.com.br\/site\/minerais-criticos-o-valor-que-ja-e-gerado-no-brasil\/#primaryimage"},"thumbnailUrl":"https:\/\/www.inthemine.com.br\/site\/wp-content\/uploads\/2026\/09\/Andre-Simao-CFO-da-Brazilian-Nickel-2.jpg","articleSection":["MINERAIS CR\u00cdTICOS-TERRAS RARAS"],"inLanguage":"pt-BR","potentialAction":[{"@type":"CommentAction","name":"Comment","target":["https:\/\/www.inthemine.com.br\/site\/minerais-criticos-o-valor-que-ja-e-gerado-no-brasil\/#respond"]}]},{"@type":"WebPage","@id":"https:\/\/www.inthemine.com.br\/site\/minerais-criticos-o-valor-que-ja-e-gerado-no-brasil\/","url":"https:\/\/www.inthemine.com.br\/site\/minerais-criticos-o-valor-que-ja-e-gerado-no-brasil\/","name":"MINERAIS CR\u00cdTICOS: O VALOR QUE J\u00c1 \u00c9 GERADO NO BRASIL - Revista In The Mine","isPartOf":{"@id":"https:\/\/www.inthemine.com.br\/site\/#website"},"primaryImageOfPage":{"@id":"https:\/\/www.inthemine.com.br\/site\/minerais-criticos-o-valor-que-ja-e-gerado-no-brasil\/#primaryimage"},"image":{"@id":"https:\/\/www.inthemine.com.br\/site\/minerais-criticos-o-valor-que-ja-e-gerado-no-brasil\/#primaryimage"},"thumbnailUrl":"https:\/\/www.inthemine.com.br\/site\/wp-content\/uploads\/2026\/09\/Andre-Simao-CFO-da-Brazilian-Nickel-2.jpg","datePublished":"2026-09-04T19:36:47+00:00","dateModified":"2026-09-04T19:43:16+00:00","description":"ecnologia, capital e pol\u00edticas p\u00fablicas podem ampliar a transforma\u00e7\u00e3o mineral e fortalecer a posi\u00e7\u00e3o brasileira na cadeia global","breadcrumb":{"@id":"https:\/\/www.inthemine.com.br\/site\/minerais-criticos-o-valor-que-ja-e-gerado-no-brasil\/#breadcrumb"},"inLanguage":"pt-BR","potentialAction":[{"@type":"ReadAction","target":["https:\/\/www.inthemine.com.br\/site\/minerais-criticos-o-valor-que-ja-e-gerado-no-brasil\/"]}]},{"@type":"ImageObject","inLanguage":"pt-BR","@id":"https:\/\/www.inthemine.com.br\/site\/minerais-criticos-o-valor-que-ja-e-gerado-no-brasil\/#primaryimage","url":"https:\/\/www.inthemine.com.br\/site\/wp-content\/uploads\/2026\/09\/Andre-Simao-CFO-da-Brazilian-Nickel-2.jpg","contentUrl":"https:\/\/www.inthemine.com.br\/site\/wp-content\/uploads\/2026\/09\/Andre-Simao-CFO-da-Brazilian-Nickel-2.jpg","width":800,"height":600,"caption":"Andr\u00e9 Sim\u00e3o - CFO da Brazilian Nickel (2)"},{"@type":"BreadcrumbList","@id":"https:\/\/www.inthemine.com.br\/site\/minerais-criticos-o-valor-que-ja-e-gerado-no-brasil\/#breadcrumb","itemListElement":[{"@type":"ListItem","position":1,"name":"In\u00edcio","item":"https:\/\/www.inthemine.com.br\/site\/"},{"@type":"ListItem","position":2,"name":"MINERAIS CR\u00cdTICOS: O VALOR QUE J\u00c1 \u00c9 GERADO NO BRASIL"}]},{"@type":"WebSite","@id":"https:\/\/www.inthemine.com.br\/site\/#website","url":"https:\/\/www.inthemine.com.br\/site\/","name":"Revista In The Mine","description":"Minera\u00e7\u00e3o brasileira","publisher":{"@id":"https:\/\/www.inthemine.com.br\/site\/#organization"},"potentialAction":[{"@type":"SearchAction","target":{"@type":"EntryPoint","urlTemplate":"https:\/\/www.inthemine.com.br\/site\/?s={search_term_string}"},"query-input":{"@type":"PropertyValueSpecification","valueRequired":true,"valueName":"search_term_string"}}],"inLanguage":"pt-BR"},{"@type":"Organization","@id":"https:\/\/www.inthemine.com.br\/site\/#organization","name":"In The Mine magazine","url":"https:\/\/www.inthemine.com.br\/site\/","logo":{"@type":"ImageObject","inLanguage":"pt-BR","@id":"https:\/\/www.inthemine.com.br\/site\/#\/schema\/logo\/image\/","url":"https:\/\/www.inthemine.com.br\/site\/wp-content\/uploads\/2014\/08\/parceiro_theinmine.png","contentUrl":"https:\/\/www.inthemine.com.br\/site\/wp-content\/uploads\/2014\/08\/parceiro_theinmine.png","width":170,"height":120,"caption":"In The Mine magazine"},"image":{"@id":"https:\/\/www.inthemine.com.br\/site\/#\/schema\/logo\/image\/"},"sameAs":["http:\/\/www.facebook.com\/inthemine","https:\/\/x.com\/intheminet","https:\/\/www.instagram.com\/minegaleria","https:\/\/www.linkedin.com\/company\/in-the-mine?trk=biz-companies-cym","https:\/\/www.youtube.com\/user\/revistainthemine"]},{"@type":"Person","@id":"https:\/\/www.inthemine.com.br\/site\/#\/schema\/person\/9eb77cece2cea253bb36c4b68c6a324c","name":"Reda\u00e7\u00e3o ITM","image":{"@type":"ImageObject","inLanguage":"pt-BR","@id":"https:\/\/secure.gravatar.com\/avatar\/0f7f41419befdee0feca08f9ea1e434cac9c04e0b8d28ab40cffb82628fcfdf1?s=96&d=mm&r=g","url":"https:\/\/secure.gravatar.com\/avatar\/0f7f41419befdee0feca08f9ea1e434cac9c04e0b8d28ab40cffb82628fcfdf1?s=96&d=mm&r=g","contentUrl":"https:\/\/secure.gravatar.com\/avatar\/0f7f41419befdee0feca08f9ea1e434cac9c04e0b8d28ab40cffb82628fcfdf1?s=96&d=mm&r=g","caption":"Reda\u00e7\u00e3o ITM"},"url":"https:\/\/www.inthemine.com.br\/site\/author\/admin-itm\/"}]}},"_links":{"self":[{"href":"https:\/\/www.inthemine.com.br\/site\/wp-json\/wp\/v2\/posts\/32131","targetHints":{"allow":["GET"]}}],"collection":[{"href":"https:\/\/www.inthemine.com.br\/site\/wp-json\/wp\/v2\/posts"}],"about":[{"href":"https:\/\/www.inthemine.com.br\/site\/wp-json\/wp\/v2\/types\/post"}],"author":[{"embeddable":true,"href":"https:\/\/www.inthemine.com.br\/site\/wp-json\/wp\/v2\/users\/3"}],"replies":[{"embeddable":true,"href":"https:\/\/www.inthemine.com.br\/site\/wp-json\/wp\/v2\/comments?post=32131"}],"version-history":[{"count":3,"href":"https:\/\/www.inthemine.com.br\/site\/wp-json\/wp\/v2\/posts\/32131\/revisions"}],"predecessor-version":[{"id":32137,"href":"https:\/\/www.inthemine.com.br\/site\/wp-json\/wp\/v2\/posts\/32131\/revisions\/32137"}],"wp:featuredmedia":[{"embeddable":true,"href":"https:\/\/www.inthemine.com.br\/site\/wp-json\/wp\/v2\/media\/32134"}],"wp:attachment":[{"href":"https:\/\/www.inthemine.com.br\/site\/wp-json\/wp\/v2\/media?parent=32131"}],"wp:term":[{"taxonomy":"category","embeddable":true,"href":"https:\/\/www.inthemine.com.br\/site\/wp-json\/wp\/v2\/categories?post=32131"},{"taxonomy":"post_tag","embeddable":true,"href":"https:\/\/www.inthemine.com.br\/site\/wp-json\/wp\/v2\/tags?post=32131"}],"curies":[{"name":"wp","href":"https:\/\/api.w.org\/{rel}","templated":true}]}}