{"id":32125,"date":"2026-09-04T15:43:57","date_gmt":"2026-09-04T18:43:57","guid":{"rendered":"https:\/\/www.inthemine.com.br\/site\/?p=32125"},"modified":"2026-09-04T15:43:57","modified_gmt":"2026-09-04T18:43:57","slug":"responsabilidade-civil-da-agencia-nacional-de-mineracao-por-atos-omissivos","status":"publish","type":"post","link":"https:\/\/www.inthemine.com.br\/site\/responsabilidade-civil-da-agencia-nacional-de-mineracao-por-atos-omissivos\/","title":{"rendered":"RESPONSABILIDADE CIVIL DA AG\u00caNCIA NACIONAL DE MINERA\u00c7\u00c3O POR ATOS OMISSIVOS"},"content":{"rendered":"<p><a href=\"https:\/\/www.inthemine.com.br\/site\/wp-content\/uploads\/2026\/07\/Tarja_Willian_WebTarja_Willian_Freite_03-e1788547247311.png\"><img loading=\"lazy\" decoding=\"async\" class=\"aligncenter size-full wp-image-31400\" src=\"https:\/\/www.inthemine.com.br\/site\/wp-content\/uploads\/2026\/07\/Tarja_Willian_WebTarja_Willian_Freite_03-e1788547247311.png\" alt=\"Tarja_Willian_WebTarja_Willian_Freite_03\" width=\"700\" height=\"175\" \/><\/a><\/p>\n<p>Por William Freire<a href=\"#_ftn1\" name=\"_ftnref1\">[1]<\/a><\/p>\n<p>O Brasil vive, h\u00e1 muito, grave crise institucional, que desestabiliza o maior dos fundamentos do Estado Democr\u00e1tico de Direito: a obriga\u00e7\u00e3o de todos cumprirem as leis.<\/p>\n<p>H\u00e1, em rela\u00e7\u00e3o ao administrado, o severo exerc\u00edcio do poder de pol\u00edcia, que beira o implac\u00e1vel. Basta sair um mil\u00edmetro da regularidade jur\u00eddica para que, imediatamente, o Estado punitivo apare\u00e7a e mostre sua for\u00e7a.<\/p>\n<p>O mesmo n\u00e3o ocorre em rela\u00e7\u00e3o ao Poder P\u00fablico.<\/p>\n<p>O Congresso Nacional tem o dever, desde 1988, de regular a minera\u00e7\u00e3o em terras ind\u00edgenas. N\u00e3o cumpriu sua obriga\u00e7\u00e3o, causando inseguran\u00e7a jur\u00eddica e limitando o desenvolvimento do pa\u00eds. E nada acontece.<\/p>\n<p>A Uni\u00e3o tem o dever de repassar a parcela da Compensa\u00e7\u00e3o Financeira pela Explora\u00e7\u00e3o de Recursos Minerais (CFEM) \u00e0 Ag\u00eancia Nacional de Minera\u00e7\u00e3o (ANM). N\u00e3o cumpre sua obriga\u00e7\u00e3o. N\u00e3o repassa os recursos financeiros que s\u00e3o dela por direito. A ANM, em consequ\u00eancia, fica sem estrutura para cumprir suas fun\u00e7\u00f5es institucionais. E nada acontece.<\/p>\n<p>A ANM tem o dever jur\u00eddico da efici\u00eancia, por disposi\u00e7\u00f5es expressas no art. 37 da Constitui\u00e7\u00e3o Federal e no art. 2\u00ba da Lei n\u00ba 9.784, de 1999. Entretanto, h\u00e1 centenas de atos administrativos esperando solu\u00e7\u00e3o.<\/p>\n<p>S\u00e3o Relat\u00f3rios Parciais de Pesquisa, Relat\u00f3rios Finais de Pesquisa, Planos de Aproveitamento Econ\u00f4mico, Reavalia\u00e7\u00f5es de Reservas, Requerimentos de Servid\u00e3o Mineral, Requerimentos de averba\u00e7\u00e3o de contratos sem movimenta\u00e7\u00e3o.<\/p>\n<p>Este artigo, o primeiro de uma s\u00e9rie, trar\u00e1 para o debate tema de extrema relev\u00e2ncia para o setor mineral: a responsabilidade da Ag\u00eancia Nacional de Minera\u00e7\u00e3o por preju\u00edzos causados ao minerador por atos omissivos, por falha no cumprimento da sua fun\u00e7\u00e3o institucional.<\/p>\n<h3>O fator tempo nos investimentos<\/h3>\n<p>O fator tempo integra a estrutura econ\u00f4mica dos investimentos.<\/p>\n<p>Para o minerador, o Relat\u00f3rio Final de Pesquisa, o Plano de Aproveitamento, a Reavalia\u00e7\u00e3o de Reservas e o aditamento de subst\u00e2ncia n\u00e3o s\u00e3o simples documentos informativos. S\u00e3o, muitas vezes, gatilhos para decis\u00f5es t\u00e9cnico-econ\u00f4micas complexas, aporte de investimentos ou libera\u00e7\u00e3o de etapas de financiamento.<\/p>\n<h3>A viola\u00e7\u00e3o do dever de confian\u00e7a<\/h3>\n<p>Qualquer investidor, antes de definir para onde direcionar seus recursos, faz pergunta simples: qual o regime jur\u00eddico do setor econ\u00f4mico no qual pretende investir. Por que investir no Brasil e n\u00e3o no Canad\u00e1 ou na Austr\u00e1lia?<\/p>\n<p>Integram o regime jur\u00eddico da minera\u00e7\u00e3o brasileira o art. 37 da Constitui\u00e7\u00e3o Federal e a Lei n\u00ba 9.784, de 1999, ambos contendo determina\u00e7\u00f5es relativas \u00e0 efici\u00eancia administrativa.<\/p>\n<p>Diante desse comando normativo expresso, \u00e9 natural que o investidor tenha justa confian\u00e7a de que seu processo administrativo se desenvolver\u00e1 em prazo razo\u00e1vel. Se a ANM n\u00e3o cumpre sua obriga\u00e7\u00e3o de praticar o ato administrativo em prazo razo\u00e1vel, viola esse dever.<\/p>\n<h3>Conceito de responsabilidade civil<\/h3>\n<p>Como conceito geral, responsabilidade civil \u00e9 a obriga\u00e7\u00e3o de reparar o dano, material ou moral, causado a terceiro por viola\u00e7\u00e3o de uma obriga\u00e7\u00e3o legal.<\/p>\n<p>O Estado brasileiro atua [ou deveria atuar] sob o Direito e, por isso, \u00e9 respons\u00e1vel por suas a\u00e7\u00f5es e omiss\u00f5es, quando infringirem a ordem jur\u00eddica e lesarem terceiros.<a href=\"#_ftn2\" name=\"_ftnref2\">[2]<\/a><\/p>\n<h3>A configura\u00e7\u00e3o do dano<\/h3>\n<p>O que se coloca para debate s\u00e3o situa\u00e7\u00f5es em que a demora na pr\u00e1tica de atos administrativos causa preju\u00edzo ao minerador.<\/p>\n<p>As circunst\u00e2ncias em que a omiss\u00e3o decis\u00f3ria da ANM tem o potencial de provocar preju\u00edzos ao minerador s\u00e3o in\u00fameras:<\/p>\n<p>O problema come\u00e7a com a demora na outorga da Autoriza\u00e7\u00e3o de Pesquisa. Para as empresas s\u00e9rias, interessadas em desenvolver seu projeto, a partir do requerimento em \u00e1rea livre, come\u00e7am os investimentos com instala\u00e7\u00f5es e movimenta\u00e7\u00e3o de equipes, contrata\u00e7\u00e3o de trabalho de sondagem etc.<\/p>\n<p>Outro exemplo bem simples \u00e9 o preju\u00edzo que o atraso na averba\u00e7\u00e3o de um Contrato de Cess\u00e3o causa.<\/p>\n<p>Em ambos os exemplos h\u00e1 incont\u00e1veis transtornos operacionais, que podem gerar despesas e preju\u00edzos que poderiam ter sido evitados.<\/p>\n<h3>O dever de provar o dano<\/h3>\n<p>Provar o dano incumbe a quem o alega. At\u00e9 a\u00ed nada demais. Quando se trata de minera\u00e7\u00e3o, entretanto, a forma\u00e7\u00e3o do conjunto probat\u00f3rio do dano provocado pela omiss\u00e3o da ANM merece aten\u00e7\u00e3o especial em raz\u00e3o da sua complexidade.<\/p>\n<p>Considerando o padr\u00e3o de tempo decis\u00f3rio da ANM e o est\u00e1gio do desenvolvimento do projeto, h\u00e1 situa\u00e7\u00f5es em que a possibilidade de preju\u00edzo sai da esfera do poss\u00edvel para a do prov\u00e1vel.<\/p>\n<p>Diante dessa situa\u00e7\u00e3o, h\u00e1 duas provid\u00eancias imediatas: (i) aten\u00e7\u00e3o para que a empresa n\u00e3o contribua para o dano e (ii) a forma\u00e7\u00e3o do conjunto probat\u00f3rio com registro de provid\u00eancias, dados cont\u00e1beis, a\u00e7\u00f5es, requerimentos e preju\u00edzos desde o in\u00edcio.<\/p>\n<p>\u00c9 mais simples comprovar os danos emergentes do que os lucros cessantes.<\/p>\n<p>Muitas vezes, a empresa se sente desestimulada a buscar a justa indeniza\u00e7\u00e3o pela dificuldade de formar a prova do dano, constrangida pelo pouco tempo, pela falta de dados e pelos custos, o que pode ser evitado com a atua\u00e7\u00e3o preventiva.<\/p>\n<h3>Conclus\u00e3o<\/h3>\n<p>N\u00e3o h\u00e1 cultura nacional de processar as ag\u00eancias reguladoras por atos omissivos.<\/p>\n<p>Fica a mensagem de que h\u00e1 necessidade de estimular os debates para alterar essa cultura de que a lei obriga apenas os particulares, nem que seja pelo exerc\u00edcio da cidadania em sua plenitude.<\/p>\n<p><a href=\"#_ftnref1\" name=\"_ftn1\">[1]<\/a> WILLIAM FREIRE. Advogado. S\u00f3cio do Demarest. Fundador e professor do Instituto Brasileiro de Direito Miner\u00e1rio \u2013 IBDM. Diretor do Departamento de Direito da Minera\u00e7\u00e3o do Instituto dos Advogados de Minas Gerais. Cocoordenador do Comit\u00ea de Direito de Minera\u00e7\u00e3o do Centro de Estudos das Sociedades de Advogados \u2013 CESA. \u00c1rbitro da C\u00e2mara de Media\u00e7\u00e3o e Arbitragem Empresarial Brasil \u2013 CAMARB.<\/p>\n<p>Alguns livros publicados:<\/p>\n<p>(i) Como autor: Coment\u00e1rios ao C\u00f3digo de Minera\u00e7\u00e3o (2. ed., 1995). Direito Ambiental Brasileiro (1998). Direito Ambiental aplicado \u00e0 Minera\u00e7\u00e3o (2005). Natureza jur\u00eddica do consentimento para pesquisa mineral, do consentimento para lavra e do manifesto de mina no Direito brasileiro (2005). Gest\u00e3o de Crises e Negocia\u00e7\u00f5es Ambientais (2009). Riscos Jur\u00eddicos na Minera\u00e7\u00e3o &#8211; Manual (2019). <em>Fundamentals of Mining Law<\/em> (2010). C\u00f3digo de Minera\u00e7\u00e3o anotado e legisla\u00e7\u00e3o complementar em vigor (5. ed., 2010) e Direito Miner\u00e1rio: Acesso a im\u00f3vel de terceiro para pesquisa e lavra (3. ed., 2025).<\/p>\n<p>(ii) Como coautor: Recurso Especial e Extraordin\u00e1rio (2002). Os recursos c\u00edveis e seu processamento nos tribunais (2003). Dicion\u00e1rio de Direito Miner\u00e1rio Ingl\u00eas-Portugu\u00eas (2. ed., 2008). O m\u00ednimo que todo empres\u00e1rio necessita saber sobre Direito Penal (2019).<\/p>\n<p>(iii) Como coordenador\/organizador: Revista de Direito Miner\u00e1rio (1997, v. 1). Revista de Direito Miner\u00e1rio (2000, v. 2). C\u00f3digo de Minera\u00e7\u00e3o em Ingl\u00eas (2008, cotradutor). Dicion\u00e1rio de Direito Ambiental e vocabul\u00e1rio t\u00e9cnico de meio ambiente (2. ed., 2009). Minera\u00e7\u00e3o, Energia e Ambiente (2010). Aspectos controvertidos do Direito Miner\u00e1rio e Ambiental (2013). Direito da Minera\u00e7\u00e3o (2. ed., 2023) e Direito da Minera\u00e7\u00e3o (2025).<\/p>\n<p>Reconhecimento 2026: <em>Senior Statesperson<\/em>. Chambers &amp; Partners. Chambers Brazil: Industries &amp; Sectors 2026. <em>Mining<\/em>. <a href=\"https:\/\/www.linkedin.com\/in\/wiliamfreire\/\">William Freire | LinkedIn<\/a>.<\/p>\n<p><a href=\"#_ftnref2\" name=\"_ftn2\">[2]<\/a> JUSTEN FILHO, Mar\u00e7al. Curso de Direito Administrativo. 13. ed. rev. atual. e ampl. S\u00e3o Paulo: Thomson Reuters Brasil, 2018, p. 1.281.<\/p>\n","protected":false},"excerpt":{"rendered":"<p>\u00c9 preciso alterar essa cultura de que a lei obriga apenas os particulares, nem que seja pelo exerc\u00edcio da cidadania em sua plenitude<\/p>\n","protected":false},"author":6,"featured_media":0,"comment_status":"open","ping_status":"open","sticky":false,"template":"","format":"standard","meta":{"footnotes":""},"categories":[32],"tags":[],"class_list":["post-32125","post","type-post","status-publish","format-standard","hentry","category-legislacao"],"yoast_head":"<!-- This site is optimized with the Yoast SEO plugin v28.4 - https:\/\/yoast.com\/product\/yoast-seo-wordpress\/ -->\n<title>RESPONSABILIDADE CIVIL DA AG\u00caNCIA NACIONAL DE MINERA\u00c7\u00c3O POR ATOS OMISSIVOS - Revista In The Mine<\/title>\n<meta name=\"description\" content=\"\u00c9 preciso alterar essa cultura de que a lei obriga apenas os particulares, nem que seja pelo exerc\u00edcio da cidadania em sua plenitude\" \/>\n<meta name=\"robots\" content=\"index, follow, max-snippet:-1, max-image-preview:large, max-video-preview:-1\" \/>\n<link rel=\"canonical\" href=\"https:\/\/www.inthemine.com.br\/site\/responsabilidade-civil-da-agencia-nacional-de-mineracao-por-atos-omissivos\/\" \/>\n<meta property=\"og:locale\" content=\"pt_BR\" \/>\n<meta property=\"og:type\" content=\"article\" \/>\n<meta property=\"og:title\" content=\"RESPONSABILIDADE CIVIL DA AG\u00caNCIA NACIONAL DE MINERA\u00c7\u00c3O POR ATOS OMISSIVOS - Revista In The Mine\" \/>\n<meta property=\"og:description\" content=\"\u00c9 preciso alterar essa cultura de que a lei obriga apenas os particulares, nem que seja pelo exerc\u00edcio da cidadania em sua plenitude\" \/>\n<meta property=\"og:url\" content=\"https:\/\/www.inthemine.com.br\/site\/responsabilidade-civil-da-agencia-nacional-de-mineracao-por-atos-omissivos\/\" \/>\n<meta property=\"og:site_name\" content=\"Revista In The Mine\" \/>\n<meta property=\"article:publisher\" content=\"http:\/\/www.facebook.com\/inthemine\" \/>\n<meta property=\"article:published_time\" content=\"2026-09-04T18:43:57+00:00\" \/>\n<meta property=\"og:image\" content=\"https:\/\/www.inthemine.com.br\/site\/wp-content\/uploads\/2026\/07\/Tarja_Willian_WebTarja_Willian_Freite_03-e1788547247311.png\" \/>\n\t<meta property=\"og:image:width\" content=\"700\" \/>\n\t<meta property=\"og:image:height\" content=\"175\" \/>\n\t<meta property=\"og:image:type\" content=\"image\/png\" \/>\n<meta name=\"author\" content=\"Artigo\" \/>\n<meta name=\"twitter:card\" content=\"summary_large_image\" \/>\n<meta name=\"twitter:creator\" content=\"@intheminet\" \/>\n<meta name=\"twitter:site\" content=\"@intheminet\" \/>\n<meta name=\"twitter:label1\" content=\"Escrito por\" \/>\n\t<meta name=\"twitter:data1\" content=\"Artigo\" \/>\n\t<meta name=\"twitter:label2\" content=\"Est. tempo de leitura\" \/>\n\t<meta name=\"twitter:data2\" content=\"7 minutos\" \/>\n<script type=\"application\/ld+json\" class=\"yoast-schema-graph\">{\"@context\":\"https:\\\/\\\/schema.org\",\"@graph\":[{\"@type\":\"Article\",\"@id\":\"https:\\\/\\\/www.inthemine.com.br\\\/site\\\/responsabilidade-civil-da-agencia-nacional-de-mineracao-por-atos-omissivos\\\/#article\",\"isPartOf\":{\"@id\":\"https:\\\/\\\/www.inthemine.com.br\\\/site\\\/responsabilidade-civil-da-agencia-nacional-de-mineracao-por-atos-omissivos\\\/\"},\"author\":{\"name\":\"Artigo\",\"@id\":\"https:\\\/\\\/www.inthemine.com.br\\\/site\\\/#\\\/schema\\\/person\\\/1905de2f2112cbe79d8cd02ab7c712ba\"},\"headline\":\"RESPONSABILIDADE CIVIL DA AG\u00caNCIA NACIONAL DE MINERA\u00c7\u00c3O POR ATOS OMISSIVOS\",\"datePublished\":\"2026-09-04T18:43:57+00:00\",\"mainEntityOfPage\":{\"@id\":\"https:\\\/\\\/www.inthemine.com.br\\\/site\\\/responsabilidade-civil-da-agencia-nacional-de-mineracao-por-atos-omissivos\\\/\"},\"wordCount\":1242,\"commentCount\":0,\"publisher\":{\"@id\":\"https:\\\/\\\/www.inthemine.com.br\\\/site\\\/#organization\"},\"image\":{\"@id\":\"https:\\\/\\\/www.inthemine.com.br\\\/site\\\/responsabilidade-civil-da-agencia-nacional-de-mineracao-por-atos-omissivos\\\/#primaryimage\"},\"thumbnailUrl\":\"https:\\\/\\\/www.inthemine.com.br\\\/site\\\/wp-content\\\/uploads\\\/2026\\\/07\\\/Tarja_Willian_WebTarja_Willian_Freite_03-e1788547247311.png\",\"articleSection\":[\"LEGISLA\u00c7\u00c3O\"],\"inLanguage\":\"pt-BR\",\"potentialAction\":[{\"@type\":\"CommentAction\",\"name\":\"Comment\",\"target\":[\"https:\\\/\\\/www.inthemine.com.br\\\/site\\\/responsabilidade-civil-da-agencia-nacional-de-mineracao-por-atos-omissivos\\\/#respond\"]}]},{\"@type\":\"WebPage\",\"@id\":\"https:\\\/\\\/www.inthemine.com.br\\\/site\\\/responsabilidade-civil-da-agencia-nacional-de-mineracao-por-atos-omissivos\\\/\",\"url\":\"https:\\\/\\\/www.inthemine.com.br\\\/site\\\/responsabilidade-civil-da-agencia-nacional-de-mineracao-por-atos-omissivos\\\/\",\"name\":\"RESPONSABILIDADE CIVIL DA AG\u00caNCIA NACIONAL DE MINERA\u00c7\u00c3O POR ATOS OMISSIVOS - Revista In The Mine\",\"isPartOf\":{\"@id\":\"https:\\\/\\\/www.inthemine.com.br\\\/site\\\/#website\"},\"primaryImageOfPage\":{\"@id\":\"https:\\\/\\\/www.inthemine.com.br\\\/site\\\/responsabilidade-civil-da-agencia-nacional-de-mineracao-por-atos-omissivos\\\/#primaryimage\"},\"image\":{\"@id\":\"https:\\\/\\\/www.inthemine.com.br\\\/site\\\/responsabilidade-civil-da-agencia-nacional-de-mineracao-por-atos-omissivos\\\/#primaryimage\"},\"thumbnailUrl\":\"https:\\\/\\\/www.inthemine.com.br\\\/site\\\/wp-content\\\/uploads\\\/2026\\\/07\\\/Tarja_Willian_WebTarja_Willian_Freite_03-e1788547247311.png\",\"datePublished\":\"2026-09-04T18:43:57+00:00\",\"description\":\"\u00c9 preciso alterar essa cultura de que a lei obriga apenas os particulares, nem que seja pelo exerc\u00edcio da cidadania em sua plenitude\",\"breadcrumb\":{\"@id\":\"https:\\\/\\\/www.inthemine.com.br\\\/site\\\/responsabilidade-civil-da-agencia-nacional-de-mineracao-por-atos-omissivos\\\/#breadcrumb\"},\"inLanguage\":\"pt-BR\",\"potentialAction\":[{\"@type\":\"ReadAction\",\"target\":[\"https:\\\/\\\/www.inthemine.com.br\\\/site\\\/responsabilidade-civil-da-agencia-nacional-de-mineracao-por-atos-omissivos\\\/\"]}]},{\"@type\":\"ImageObject\",\"inLanguage\":\"pt-BR\",\"@id\":\"https:\\\/\\\/www.inthemine.com.br\\\/site\\\/responsabilidade-civil-da-agencia-nacional-de-mineracao-por-atos-omissivos\\\/#primaryimage\",\"url\":\"https:\\\/\\\/www.inthemine.com.br\\\/site\\\/wp-content\\\/uploads\\\/2026\\\/07\\\/Tarja_Willian_WebTarja_Willian_Freite_03-e1788547247311.png\",\"contentUrl\":\"https:\\\/\\\/www.inthemine.com.br\\\/site\\\/wp-content\\\/uploads\\\/2026\\\/07\\\/Tarja_Willian_WebTarja_Willian_Freite_03-e1788547247311.png\"},{\"@type\":\"BreadcrumbList\",\"@id\":\"https:\\\/\\\/www.inthemine.com.br\\\/site\\\/responsabilidade-civil-da-agencia-nacional-de-mineracao-por-atos-omissivos\\\/#breadcrumb\",\"itemListElement\":[{\"@type\":\"ListItem\",\"position\":1,\"name\":\"In\u00edcio\",\"item\":\"https:\\\/\\\/www.inthemine.com.br\\\/site\\\/\"},{\"@type\":\"ListItem\",\"position\":2,\"name\":\"RESPONSABILIDADE CIVIL DA AG\u00caNCIA NACIONAL DE MINERA\u00c7\u00c3O POR ATOS OMISSIVOS\"}]},{\"@type\":\"WebSite\",\"@id\":\"https:\\\/\\\/www.inthemine.com.br\\\/site\\\/#website\",\"url\":\"https:\\\/\\\/www.inthemine.com.br\\\/site\\\/\",\"name\":\"Revista In The Mine\",\"description\":\"Minera\u00e7\u00e3o brasileira\",\"publisher\":{\"@id\":\"https:\\\/\\\/www.inthemine.com.br\\\/site\\\/#organization\"},\"potentialAction\":[{\"@type\":\"SearchAction\",\"target\":{\"@type\":\"EntryPoint\",\"urlTemplate\":\"https:\\\/\\\/www.inthemine.com.br\\\/site\\\/?s={search_term_string}\"},\"query-input\":{\"@type\":\"PropertyValueSpecification\",\"valueRequired\":true,\"valueName\":\"search_term_string\"}}],\"inLanguage\":\"pt-BR\"},{\"@type\":\"Organization\",\"@id\":\"https:\\\/\\\/www.inthemine.com.br\\\/site\\\/#organization\",\"name\":\"In The Mine magazine\",\"url\":\"https:\\\/\\\/www.inthemine.com.br\\\/site\\\/\",\"logo\":{\"@type\":\"ImageObject\",\"inLanguage\":\"pt-BR\",\"@id\":\"https:\\\/\\\/www.inthemine.com.br\\\/site\\\/#\\\/schema\\\/logo\\\/image\\\/\",\"url\":\"https:\\\/\\\/www.inthemine.com.br\\\/site\\\/wp-content\\\/uploads\\\/2014\\\/08\\\/parceiro_theinmine.png\",\"contentUrl\":\"https:\\\/\\\/www.inthemine.com.br\\\/site\\\/wp-content\\\/uploads\\\/2014\\\/08\\\/parceiro_theinmine.png\",\"width\":170,\"height\":120,\"caption\":\"In The Mine magazine\"},\"image\":{\"@id\":\"https:\\\/\\\/www.inthemine.com.br\\\/site\\\/#\\\/schema\\\/logo\\\/image\\\/\"},\"sameAs\":[\"http:\\\/\\\/www.facebook.com\\\/inthemine\",\"https:\\\/\\\/x.com\\\/intheminet\",\"https:\\\/\\\/www.instagram.com\\\/minegaleria\",\"https:\\\/\\\/www.linkedin.com\\\/company\\\/in-the-mine?trk=biz-companies-cym\",\"https:\\\/\\\/www.youtube.com\\\/user\\\/revistainthemine\"]},{\"@type\":\"Person\",\"@id\":\"https:\\\/\\\/www.inthemine.com.br\\\/site\\\/#\\\/schema\\\/person\\\/1905de2f2112cbe79d8cd02ab7c712ba\",\"name\":\"Artigo\",\"image\":{\"@type\":\"ImageObject\",\"inLanguage\":\"pt-BR\",\"@id\":\"https:\\\/\\\/secure.gravatar.com\\\/avatar\\\/61a3bf1e9e79657656237110561cf93c33be0a2a606857ddf4c4deb5f9367536?s=96&d=mm&r=g\",\"url\":\"https:\\\/\\\/secure.gravatar.com\\\/avatar\\\/61a3bf1e9e79657656237110561cf93c33be0a2a606857ddf4c4deb5f9367536?s=96&d=mm&r=g\",\"contentUrl\":\"https:\\\/\\\/secure.gravatar.com\\\/avatar\\\/61a3bf1e9e79657656237110561cf93c33be0a2a606857ddf4c4deb5f9367536?s=96&d=mm&r=g\",\"caption\":\"Artigo\"},\"sameAs\":[\"https:\\\/\\\/www.inthemine.com.br\\\/site\"],\"url\":\"https:\\\/\\\/www.inthemine.com.br\\\/site\\\/author\\\/artigo\\\/\"}]}<\/script>\n<!-- \/ Yoast SEO plugin. -->","yoast_head_json":{"title":"RESPONSABILIDADE CIVIL DA AG\u00caNCIA NACIONAL DE MINERA\u00c7\u00c3O POR ATOS OMISSIVOS - Revista In The Mine","description":"\u00c9 preciso alterar essa cultura de que a lei obriga apenas os particulares, nem que seja pelo exerc\u00edcio da cidadania em sua plenitude","robots":{"index":"index","follow":"follow","max-snippet":"max-snippet:-1","max-image-preview":"max-image-preview:large","max-video-preview":"max-video-preview:-1"},"canonical":"https:\/\/www.inthemine.com.br\/site\/responsabilidade-civil-da-agencia-nacional-de-mineracao-por-atos-omissivos\/","og_locale":"pt_BR","og_type":"article","og_title":"RESPONSABILIDADE CIVIL DA AG\u00caNCIA NACIONAL DE MINERA\u00c7\u00c3O POR ATOS OMISSIVOS - Revista In The Mine","og_description":"\u00c9 preciso alterar essa cultura de que a lei obriga apenas os particulares, nem que seja pelo exerc\u00edcio da cidadania em sua plenitude","og_url":"https:\/\/www.inthemine.com.br\/site\/responsabilidade-civil-da-agencia-nacional-de-mineracao-por-atos-omissivos\/","og_site_name":"Revista In The Mine","article_publisher":"http:\/\/www.facebook.com\/inthemine","article_published_time":"2026-09-04T18:43:57+00:00","og_image":[{"width":700,"height":175,"url":"https:\/\/www.inthemine.com.br\/site\/wp-content\/uploads\/2026\/07\/Tarja_Willian_WebTarja_Willian_Freite_03-e1788547247311.png","type":"image\/png"}],"author":"Artigo","twitter_card":"summary_large_image","twitter_creator":"@intheminet","twitter_site":"@intheminet","twitter_misc":{"Escrito por":"Artigo","Est. tempo de leitura":"7 minutos"},"schema":{"@context":"https:\/\/schema.org","@graph":[{"@type":"Article","@id":"https:\/\/www.inthemine.com.br\/site\/responsabilidade-civil-da-agencia-nacional-de-mineracao-por-atos-omissivos\/#article","isPartOf":{"@id":"https:\/\/www.inthemine.com.br\/site\/responsabilidade-civil-da-agencia-nacional-de-mineracao-por-atos-omissivos\/"},"author":{"name":"Artigo","@id":"https:\/\/www.inthemine.com.br\/site\/#\/schema\/person\/1905de2f2112cbe79d8cd02ab7c712ba"},"headline":"RESPONSABILIDADE CIVIL DA AG\u00caNCIA NACIONAL DE MINERA\u00c7\u00c3O POR ATOS OMISSIVOS","datePublished":"2026-09-04T18:43:57+00:00","mainEntityOfPage":{"@id":"https:\/\/www.inthemine.com.br\/site\/responsabilidade-civil-da-agencia-nacional-de-mineracao-por-atos-omissivos\/"},"wordCount":1242,"commentCount":0,"publisher":{"@id":"https:\/\/www.inthemine.com.br\/site\/#organization"},"image":{"@id":"https:\/\/www.inthemine.com.br\/site\/responsabilidade-civil-da-agencia-nacional-de-mineracao-por-atos-omissivos\/#primaryimage"},"thumbnailUrl":"https:\/\/www.inthemine.com.br\/site\/wp-content\/uploads\/2026\/07\/Tarja_Willian_WebTarja_Willian_Freite_03-e1788547247311.png","articleSection":["LEGISLA\u00c7\u00c3O"],"inLanguage":"pt-BR","potentialAction":[{"@type":"CommentAction","name":"Comment","target":["https:\/\/www.inthemine.com.br\/site\/responsabilidade-civil-da-agencia-nacional-de-mineracao-por-atos-omissivos\/#respond"]}]},{"@type":"WebPage","@id":"https:\/\/www.inthemine.com.br\/site\/responsabilidade-civil-da-agencia-nacional-de-mineracao-por-atos-omissivos\/","url":"https:\/\/www.inthemine.com.br\/site\/responsabilidade-civil-da-agencia-nacional-de-mineracao-por-atos-omissivos\/","name":"RESPONSABILIDADE CIVIL DA AG\u00caNCIA NACIONAL DE MINERA\u00c7\u00c3O POR ATOS OMISSIVOS - Revista In The Mine","isPartOf":{"@id":"https:\/\/www.inthemine.com.br\/site\/#website"},"primaryImageOfPage":{"@id":"https:\/\/www.inthemine.com.br\/site\/responsabilidade-civil-da-agencia-nacional-de-mineracao-por-atos-omissivos\/#primaryimage"},"image":{"@id":"https:\/\/www.inthemine.com.br\/site\/responsabilidade-civil-da-agencia-nacional-de-mineracao-por-atos-omissivos\/#primaryimage"},"thumbnailUrl":"https:\/\/www.inthemine.com.br\/site\/wp-content\/uploads\/2026\/07\/Tarja_Willian_WebTarja_Willian_Freite_03-e1788547247311.png","datePublished":"2026-09-04T18:43:57+00:00","description":"\u00c9 preciso alterar essa cultura de que a lei obriga apenas os particulares, nem que seja pelo exerc\u00edcio da cidadania em sua plenitude","breadcrumb":{"@id":"https:\/\/www.inthemine.com.br\/site\/responsabilidade-civil-da-agencia-nacional-de-mineracao-por-atos-omissivos\/#breadcrumb"},"inLanguage":"pt-BR","potentialAction":[{"@type":"ReadAction","target":["https:\/\/www.inthemine.com.br\/site\/responsabilidade-civil-da-agencia-nacional-de-mineracao-por-atos-omissivos\/"]}]},{"@type":"ImageObject","inLanguage":"pt-BR","@id":"https:\/\/www.inthemine.com.br\/site\/responsabilidade-civil-da-agencia-nacional-de-mineracao-por-atos-omissivos\/#primaryimage","url":"https:\/\/www.inthemine.com.br\/site\/wp-content\/uploads\/2026\/07\/Tarja_Willian_WebTarja_Willian_Freite_03-e1788547247311.png","contentUrl":"https:\/\/www.inthemine.com.br\/site\/wp-content\/uploads\/2026\/07\/Tarja_Willian_WebTarja_Willian_Freite_03-e1788547247311.png"},{"@type":"BreadcrumbList","@id":"https:\/\/www.inthemine.com.br\/site\/responsabilidade-civil-da-agencia-nacional-de-mineracao-por-atos-omissivos\/#breadcrumb","itemListElement":[{"@type":"ListItem","position":1,"name":"In\u00edcio","item":"https:\/\/www.inthemine.com.br\/site\/"},{"@type":"ListItem","position":2,"name":"RESPONSABILIDADE CIVIL DA AG\u00caNCIA NACIONAL DE MINERA\u00c7\u00c3O POR ATOS OMISSIVOS"}]},{"@type":"WebSite","@id":"https:\/\/www.inthemine.com.br\/site\/#website","url":"https:\/\/www.inthemine.com.br\/site\/","name":"Revista In The Mine","description":"Minera\u00e7\u00e3o brasileira","publisher":{"@id":"https:\/\/www.inthemine.com.br\/site\/#organization"},"potentialAction":[{"@type":"SearchAction","target":{"@type":"EntryPoint","urlTemplate":"https:\/\/www.inthemine.com.br\/site\/?s={search_term_string}"},"query-input":{"@type":"PropertyValueSpecification","valueRequired":true,"valueName":"search_term_string"}}],"inLanguage":"pt-BR"},{"@type":"Organization","@id":"https:\/\/www.inthemine.com.br\/site\/#organization","name":"In The Mine magazine","url":"https:\/\/www.inthemine.com.br\/site\/","logo":{"@type":"ImageObject","inLanguage":"pt-BR","@id":"https:\/\/www.inthemine.com.br\/site\/#\/schema\/logo\/image\/","url":"https:\/\/www.inthemine.com.br\/site\/wp-content\/uploads\/2014\/08\/parceiro_theinmine.png","contentUrl":"https:\/\/www.inthemine.com.br\/site\/wp-content\/uploads\/2014\/08\/parceiro_theinmine.png","width":170,"height":120,"caption":"In The Mine magazine"},"image":{"@id":"https:\/\/www.inthemine.com.br\/site\/#\/schema\/logo\/image\/"},"sameAs":["http:\/\/www.facebook.com\/inthemine","https:\/\/x.com\/intheminet","https:\/\/www.instagram.com\/minegaleria","https:\/\/www.linkedin.com\/company\/in-the-mine?trk=biz-companies-cym","https:\/\/www.youtube.com\/user\/revistainthemine"]},{"@type":"Person","@id":"https:\/\/www.inthemine.com.br\/site\/#\/schema\/person\/1905de2f2112cbe79d8cd02ab7c712ba","name":"Artigo","image":{"@type":"ImageObject","inLanguage":"pt-BR","@id":"https:\/\/secure.gravatar.com\/avatar\/61a3bf1e9e79657656237110561cf93c33be0a2a606857ddf4c4deb5f9367536?s=96&d=mm&r=g","url":"https:\/\/secure.gravatar.com\/avatar\/61a3bf1e9e79657656237110561cf93c33be0a2a606857ddf4c4deb5f9367536?s=96&d=mm&r=g","contentUrl":"https:\/\/secure.gravatar.com\/avatar\/61a3bf1e9e79657656237110561cf93c33be0a2a606857ddf4c4deb5f9367536?s=96&d=mm&r=g","caption":"Artigo"},"sameAs":["https:\/\/www.inthemine.com.br\/site"],"url":"https:\/\/www.inthemine.com.br\/site\/author\/artigo\/"}]}},"_links":{"self":[{"href":"https:\/\/www.inthemine.com.br\/site\/wp-json\/wp\/v2\/posts\/32125","targetHints":{"allow":["GET"]}}],"collection":[{"href":"https:\/\/www.inthemine.com.br\/site\/wp-json\/wp\/v2\/posts"}],"about":[{"href":"https:\/\/www.inthemine.com.br\/site\/wp-json\/wp\/v2\/types\/post"}],"author":[{"embeddable":true,"href":"https:\/\/www.inthemine.com.br\/site\/wp-json\/wp\/v2\/users\/6"}],"replies":[{"embeddable":true,"href":"https:\/\/www.inthemine.com.br\/site\/wp-json\/wp\/v2\/comments?post=32125"}],"version-history":[{"count":1,"href":"https:\/\/www.inthemine.com.br\/site\/wp-json\/wp\/v2\/posts\/32125\/revisions"}],"predecessor-version":[{"id":32126,"href":"https:\/\/www.inthemine.com.br\/site\/wp-json\/wp\/v2\/posts\/32125\/revisions\/32126"}],"wp:attachment":[{"href":"https:\/\/www.inthemine.com.br\/site\/wp-json\/wp\/v2\/media?parent=32125"}],"wp:term":[{"taxonomy":"category","embeddable":true,"href":"https:\/\/www.inthemine.com.br\/site\/wp-json\/wp\/v2\/categories?post=32125"},{"taxonomy":"post_tag","embeddable":true,"href":"https:\/\/www.inthemine.com.br\/site\/wp-json\/wp\/v2\/tags?post=32125"}],"curies":[{"name":"wp","href":"https:\/\/api.w.org\/{rel}","templated":true}]}}