{"id":32112,"date":"2026-09-04T14:56:49","date_gmt":"2026-09-04T17:56:49","guid":{"rendered":"https:\/\/www.inthemine.com.br\/site\/?p=32112"},"modified":"2026-09-04T15:50:41","modified_gmt":"2026-09-04T18:50:41","slug":"a-casa-de-macunaima-no-monte-roraima","status":"publish","type":"post","link":"https:\/\/www.inthemine.com.br\/site\/a-casa-de-macunaima-no-monte-roraima\/","title":{"rendered":"A CASA DE MACUNA\u00cdMA NO MONTE RORAIMA"},"content":{"rendered":"<p>Contam os Macuxi que, antigamente, o local onde hoje existe o Monte Roraima (Foto 1) era um terreno baixo e alagadi\u00e7o, cheio de igap\u00f3s e farto em ca\u00e7a e pesca. Um dia, entre as plantas que dominavam a paisagem, teria surgido uma bananeira que encantou os ind\u00edgenas por seus belos e saborosos frutos. O paj\u00e9, no entanto, a declararam sagrada proibindo que se comesse seus frutos, o que, diziam, atrairia terr\u00edveis infort\u00fanios para seu povo.<\/p>\n<figure id=\"attachment_32113\" aria-describedby=\"caption-attachment-32113\" style=\"width: 700px\" class=\"wp-caption aligncenter\"><a href=\"https:\/\/www.inthemine.com.br\/site\/wp-content\/uploads\/2026\/09\/Foto1.jpg\"><img loading=\"lazy\" decoding=\"async\" class=\"wp-image-32113 size-full\" src=\"https:\/\/www.inthemine.com.br\/site\/wp-content\/uploads\/2026\/09\/Foto1.jpg\" alt=\"Foto 1: Blog Guia Tur\u00edstico de Goi\u00e1s\" width=\"700\" height=\"438\" srcset=\"https:\/\/www.inthemine.com.br\/site\/wp-content\/uploads\/2026\/09\/Foto1.jpg 700w, https:\/\/www.inthemine.com.br\/site\/wp-content\/uploads\/2026\/09\/Foto1-300x188.jpg 300w, https:\/\/www.inthemine.com.br\/site\/wp-content\/uploads\/2026\/09\/Foto1-560x350.jpg 560w\" sizes=\"auto, (max-width: 700px) 100vw, 700px\" \/><\/a><figcaption id=\"caption-attachment-32113\" class=\"wp-caption-text\">Foto 1: Blog Guia Tur\u00edstico de Goi\u00e1s<\/figcaption><\/figure>\n<p>Outra lenda diz, ainda, que o \u00fanico autorizado a com\u00ea-los era Macuna\u00edma (Makunaim\u00ee, em l\u00edngua Macuxi), divindade que teria nascido do encontro entre o sol e a lua e era considerado her\u00f3i da floresta. Mas, desobedecendo seu l\u00edder espiritual, algu\u00e9m decepou um dos cachos da bananeira. A ousadia humana desencadeou a ira divina fazendo com que a terra se movesse e trov\u00f5es rugissem no c\u00e9u, prenunciando um monumental dil\u00favio. Sob as \u00e1guas, uma forma\u00e7\u00e3o rochosa come\u00e7ou a elevar-se do ch\u00e3o, dando origem ao Monte Roraima, desde ent\u00e3o considerado sagrado pelos ind\u00edgenas. Os Macuxis a chamam de \u201cCasa de Macuna\u00edma\u201d, enquanto para os Pem\u00f3n, povo ind\u00edgena que habita a regi\u00e3o da Gran Sabana, na Venezuela, ela \u00e9 nada menos que a \u201cCasa dos Deuses\u201d.<\/p>\n<p>O Monte Roraima foi descoberto em 1595 por Sir Walter Raleigh, um explorador brit\u00e2nico que viajava pela Guiana em busca da m\u00edtica cidade de El Dorado. No entanto, somente em 1884, o bot\u00e2nico Everard Im Thurn alcan\u00e7ou seu topo pelo lado venezuelano. Foi o relato de Thurn que inspirou Arthur Conan Doyle a escrever a obra \u201cO Mundo Perdido\u201d. Por sua vez, a lenda Macuxi foi revisitada pelo brasileiro M\u00e1rio de Andrade no cl\u00e1ssico \u201cMacuna\u00edma, o her\u00f3i sem nenhum car\u00e1ter\u201d.<\/p>\n<figure id=\"attachment_32114\" aria-describedby=\"caption-attachment-32114\" style=\"width: 700px\" class=\"wp-caption aligncenter\"><a href=\"https:\/\/www.inthemine.com.br\/site\/wp-content\/uploads\/2026\/09\/Foto2.jpg\"><img loading=\"lazy\" decoding=\"async\" class=\"size-full wp-image-32114\" src=\"https:\/\/www.inthemine.com.br\/site\/wp-content\/uploads\/2026\/09\/Foto2.jpg\" alt=\"Monte Roraima\" width=\"700\" height=\"525\" srcset=\"https:\/\/www.inthemine.com.br\/site\/wp-content\/uploads\/2026\/09\/Foto2.jpg 700w, https:\/\/www.inthemine.com.br\/site\/wp-content\/uploads\/2026\/09\/Foto2-300x225.jpg 300w\" sizes=\"auto, (max-width: 700px) 100vw, 700px\" \/><\/a><figcaption id=\"caption-attachment-32114\" class=\"wp-caption-text\">Foto 2 (Canva)<\/figcaption><\/figure>\n<p>O Ponto Triplo (Foto 2), um marco piramidal branco delimita a tr\u00edplice fronteira &#8211; Guiana (10% de sua \u00e1rea), o Brasil (5%) e a Venezuela (85%) &#8211; onde est\u00e1 situado o monte, com altitude de 2.734 m e fei\u00e7\u00e3o morfol\u00f3gica em forma de mesa, chamada tepuy em Macuxi. Suas escarpas verticais atingem mais de 500 m de altura e s\u00e3o compostas por uma sucess\u00e3o de arenitos arcoseanos finos a muito finos, quartzo arenitos m\u00e9dios a grossos, arenitos conglomer\u00e1ticos e conglomerados na Forma\u00e7\u00e3o Matau\u00ed, unidade sedimentar de topo do Supergrupo Roraima. O plat\u00f4 (Foto 3) abriga um ecossistema \u00fanico com muitas esp\u00e9cies de flora e fauna, incluindo plantas carn\u00edvoras, orqu\u00eddeas e esp\u00e9cies de r\u00e3s end\u00eamicas.<\/p>\n<figure id=\"attachment_32115\" aria-describedby=\"caption-attachment-32115\" style=\"width: 700px\" class=\"wp-caption aligncenter\"><a href=\"https:\/\/www.inthemine.com.br\/site\/wp-content\/uploads\/2026\/09\/Foto3.jpg\"><img loading=\"lazy\" decoding=\"async\" class=\"size-full wp-image-32115\" src=\"https:\/\/www.inthemine.com.br\/site\/wp-content\/uploads\/2026\/09\/Foto3.jpg\" alt=\"Monte Roraima\" width=\"700\" height=\"587\" srcset=\"https:\/\/www.inthemine.com.br\/site\/wp-content\/uploads\/2026\/09\/Foto3.jpg 700w, https:\/\/www.inthemine.com.br\/site\/wp-content\/uploads\/2026\/09\/Foto3-300x252.jpg 300w\" sizes=\"auto, (max-width: 700px) 100vw, 700px\" \/><\/a><figcaption id=\"caption-attachment-32115\" class=\"wp-caption-text\">Foto 3: Canva<\/figcaption><\/figure>\n<p>Outras atra\u00e7\u00f5es do plat\u00f4 s\u00e3o o Lago Gladys (Foto 4) que, segundo os ind\u00edgenas, abriga um portal para outra dimens\u00e3o e o &#8220;Elefante\u201d (Foto 5), forma\u00e7\u00e3o rochosa esculpida pela eros\u00e3o e pelo vento, que se assemelha \u00e0 silhueta do animal que a nomeia. Destaca-se ainda, no cume, \u201cEl Fosso\u201d (Foto 6), esp\u00e9cie de cava que concentra acumula \u00e1gua l\u00edmpida e pr\u00f3pria para banho.<\/p>\n<figure id=\"attachment_32116\" aria-describedby=\"caption-attachment-32116\" style=\"width: 700px\" class=\"wp-caption aligncenter\"><a href=\"https:\/\/www.inthemine.com.br\/site\/wp-content\/uploads\/2026\/09\/Foto4.jpg\"><img loading=\"lazy\" decoding=\"async\" class=\"size-full wp-image-32116\" src=\"https:\/\/www.inthemine.com.br\/site\/wp-content\/uploads\/2026\/09\/Foto4.jpg\" alt=\"Monte Roraima\" width=\"700\" height=\"525\" srcset=\"https:\/\/www.inthemine.com.br\/site\/wp-content\/uploads\/2026\/09\/Foto4.jpg 700w, https:\/\/www.inthemine.com.br\/site\/wp-content\/uploads\/2026\/09\/Foto4-300x225.jpg 300w\" sizes=\"auto, (max-width: 700px) 100vw, 700px\" \/><\/a><figcaption id=\"caption-attachment-32116\" class=\"wp-caption-text\">Foto 4: Luiz Gustavo Rebello da Silva Maia\/Creative Commons<\/figcaption><\/figure>\n<p>&nbsp;<\/p>\n<figure id=\"attachment_32117\" aria-describedby=\"caption-attachment-32117\" style=\"width: 700px\" class=\"wp-caption aligncenter\"><a href=\"https:\/\/www.inthemine.com.br\/site\/wp-content\/uploads\/2026\/09\/Foto5.jpg\"><img loading=\"lazy\" decoding=\"async\" class=\"size-full wp-image-32117\" src=\"https:\/\/www.inthemine.com.br\/site\/wp-content\/uploads\/2026\/09\/Foto5.jpg\" alt=\"Monte Roraima\" width=\"700\" height=\"465\" srcset=\"https:\/\/www.inthemine.com.br\/site\/wp-content\/uploads\/2026\/09\/Foto5.jpg 700w, https:\/\/www.inthemine.com.br\/site\/wp-content\/uploads\/2026\/09\/Foto5-300x199.jpg 300w, https:\/\/www.inthemine.com.br\/site\/wp-content\/uploads\/2026\/09\/Foto5-600x400.jpg 600w\" sizes=\"auto, (max-width: 700px) 100vw, 700px\" \/><\/a><figcaption id=\"caption-attachment-32117\" class=\"wp-caption-text\">Foto 5: Paulo Costa Baldi\/Creative Commons<\/figcaption><\/figure>\n<figure id=\"attachment_32118\" aria-describedby=\"caption-attachment-32118\" style=\"width: 700px\" class=\"wp-caption aligncenter\"><a href=\"https:\/\/www.inthemine.com.br\/site\/wp-content\/uploads\/2026\/09\/Foto6-e1788544576268.jpg\"><img loading=\"lazy\" decoding=\"async\" class=\"wp-image-32118 size-full\" src=\"https:\/\/www.inthemine.com.br\/site\/wp-content\/uploads\/2026\/09\/Foto6-e1788544576268.jpg\" alt=\"Monte Roraima\" width=\"700\" height=\"466\" \/><\/a><figcaption id=\"caption-attachment-32118\" class=\"wp-caption-text\">Foto 6: Blog Partiu Amaz\u00f4nia<\/figcaption><\/figure>\n<p>Na por\u00e7\u00e3o brasileira, o Monte Roraima integra o Parque Nacional Monte Roraima, criado em 1989, com preserva\u00e7\u00e3o assegurada pelo Instituto Chico Mendes de Conserva\u00e7\u00e3o da Biodiversidade \u2013 ICMBio. A regi\u00e3o \u00e9, em grande parte, recoberta por vegeta\u00e7\u00e3o de savana est\u00e9pica, entrecortada por rios e cachoeiras, destacando-se os rios Cotingo, Can\u00e3, Uail\u00e3 e Ma\u00fa. Parte da bacia do rio Cotingo foi objeto de garimpos de ouro e diamante, atividade extinta a partir da demarca\u00e7\u00e3o e homologa\u00e7\u00e3o da Terra Ind\u00edgena Raposa \u2013 Serra do Sol, pelo governo federal, em 2005.<\/p>\n<h5>Fontes: Associa\u00e7\u00e3o Comercial do Amazonas e Estudo Monte Roraima, RR Sentinela de Macuna\u00edma, elaborado pelo ge\u00f3logo do SGB Nelson Joaquim Reis, para o SIGEP (Comiss\u00e3o Brasileira de S\u00edtios Geol\u00f3gicos e Paleobiol\u00f3gicos)<\/h5>\n","protected":false},"excerpt":{"rendered":"<p>Inspira\u00e7\u00e3o para Arthur Conan Doyle escrever a obra \u201cO Mundo Perdido\u201d e lenda Macuxi  revisitada pelo brasileiro M\u00e1rio de Andrade <\/p>\n","protected":false},"author":3,"featured_media":32129,"comment_status":"open","ping_status":"open","sticky":false,"template":"","format":"standard","meta":{"footnotes":""},"categories":[12],"tags":[],"class_list":["post-32112","post","type-post","status-publish","format-standard","has-post-thumbnail","hentry","category-mine-galeria"],"yoast_head":"<!-- This site is optimized with the Yoast SEO plugin v28.4 - https:\/\/yoast.com\/product\/yoast-seo-wordpress\/ -->\n<title>A CASA DE MACUNA\u00cdMA NO MONTE RORAIMA - Revista In The Mine<\/title>\n<meta name=\"description\" content=\"Inspira\u00e7\u00e3o para Arthur Conan Doyle escrever a obra \u201cO Mundo Perdido\u201d e lenda Macuxi revisitada pelo brasileiro M\u00e1rio de Andrade\" \/>\n<meta name=\"robots\" content=\"index, follow, max-snippet:-1, max-image-preview:large, max-video-preview:-1\" \/>\n<link rel=\"canonical\" href=\"https:\/\/www.inthemine.com.br\/site\/a-casa-de-macunaima-no-monte-roraima\/\" \/>\n<meta property=\"og:locale\" content=\"pt_BR\" \/>\n<meta property=\"og:type\" content=\"article\" \/>\n<meta property=\"og:title\" content=\"A CASA DE MACUNA\u00cdMA NO MONTE RORAIMA - Revista In The Mine\" \/>\n<meta property=\"og:description\" content=\"Inspira\u00e7\u00e3o para Arthur Conan Doyle escrever a obra \u201cO Mundo Perdido\u201d e lenda Macuxi revisitada pelo brasileiro M\u00e1rio de Andrade\" \/>\n<meta property=\"og:url\" content=\"https:\/\/www.inthemine.com.br\/site\/a-casa-de-macunaima-no-monte-roraima\/\" \/>\n<meta property=\"og:site_name\" content=\"Revista In The Mine\" \/>\n<meta property=\"article:publisher\" content=\"http:\/\/www.facebook.com\/inthemine\" \/>\n<meta property=\"article:published_time\" content=\"2026-09-04T17:56:49+00:00\" \/>\n<meta property=\"article:modified_time\" content=\"2026-09-04T18:50:41+00:00\" \/>\n<meta property=\"og:image\" content=\"https:\/\/www.inthemine.com.br\/site\/wp-content\/uploads\/2026\/09\/minegaleria-itm122-home.jpg\" \/>\n\t<meta property=\"og:image:width\" content=\"800\" \/>\n\t<meta property=\"og:image:height\" content=\"533\" \/>\n\t<meta property=\"og:image:type\" content=\"image\/jpeg\" \/>\n<meta name=\"author\" content=\"Reda\u00e7\u00e3o ITM\" \/>\n<meta name=\"twitter:card\" content=\"summary_large_image\" \/>\n<meta name=\"twitter:creator\" content=\"@intheminet\" \/>\n<meta name=\"twitter:site\" content=\"@intheminet\" \/>\n<meta name=\"twitter:label1\" content=\"Escrito por\" \/>\n\t<meta name=\"twitter:data1\" content=\"Reda\u00e7\u00e3o ITM\" \/>\n\t<meta name=\"twitter:label2\" content=\"Est. tempo de leitura\" \/>\n\t<meta name=\"twitter:data2\" content=\"5 minutos\" \/>\n<script type=\"application\/ld+json\" class=\"yoast-schema-graph\">{\"@context\":\"https:\\\/\\\/schema.org\",\"@graph\":[{\"@type\":\"Article\",\"@id\":\"https:\\\/\\\/www.inthemine.com.br\\\/site\\\/a-casa-de-macunaima-no-monte-roraima\\\/#article\",\"isPartOf\":{\"@id\":\"https:\\\/\\\/www.inthemine.com.br\\\/site\\\/a-casa-de-macunaima-no-monte-roraima\\\/\"},\"author\":{\"name\":\"Reda\u00e7\u00e3o ITM\",\"@id\":\"https:\\\/\\\/www.inthemine.com.br\\\/site\\\/#\\\/schema\\\/person\\\/9eb77cece2cea253bb36c4b68c6a324c\"},\"headline\":\"A CASA DE MACUNA\u00cdMA NO MONTE RORAIMA\",\"datePublished\":\"2026-09-04T17:56:49+00:00\",\"dateModified\":\"2026-09-04T18:50:41+00:00\",\"mainEntityOfPage\":{\"@id\":\"https:\\\/\\\/www.inthemine.com.br\\\/site\\\/a-casa-de-macunaima-no-monte-roraima\\\/\"},\"wordCount\":709,\"commentCount\":0,\"publisher\":{\"@id\":\"https:\\\/\\\/www.inthemine.com.br\\\/site\\\/#organization\"},\"image\":{\"@id\":\"https:\\\/\\\/www.inthemine.com.br\\\/site\\\/a-casa-de-macunaima-no-monte-roraima\\\/#primaryimage\"},\"thumbnailUrl\":\"https:\\\/\\\/www.inthemine.com.br\\\/site\\\/wp-content\\\/uploads\\\/2026\\\/09\\\/minegaleria-itm122-home.jpg\",\"articleSection\":[\"MINE-GALERIA\"],\"inLanguage\":\"pt-BR\",\"potentialAction\":[{\"@type\":\"CommentAction\",\"name\":\"Comment\",\"target\":[\"https:\\\/\\\/www.inthemine.com.br\\\/site\\\/a-casa-de-macunaima-no-monte-roraima\\\/#respond\"]}]},{\"@type\":\"WebPage\",\"@id\":\"https:\\\/\\\/www.inthemine.com.br\\\/site\\\/a-casa-de-macunaima-no-monte-roraima\\\/\",\"url\":\"https:\\\/\\\/www.inthemine.com.br\\\/site\\\/a-casa-de-macunaima-no-monte-roraima\\\/\",\"name\":\"A CASA DE MACUNA\u00cdMA NO MONTE RORAIMA - Revista In The Mine\",\"isPartOf\":{\"@id\":\"https:\\\/\\\/www.inthemine.com.br\\\/site\\\/#website\"},\"primaryImageOfPage\":{\"@id\":\"https:\\\/\\\/www.inthemine.com.br\\\/site\\\/a-casa-de-macunaima-no-monte-roraima\\\/#primaryimage\"},\"image\":{\"@id\":\"https:\\\/\\\/www.inthemine.com.br\\\/site\\\/a-casa-de-macunaima-no-monte-roraima\\\/#primaryimage\"},\"thumbnailUrl\":\"https:\\\/\\\/www.inthemine.com.br\\\/site\\\/wp-content\\\/uploads\\\/2026\\\/09\\\/minegaleria-itm122-home.jpg\",\"datePublished\":\"2026-09-04T17:56:49+00:00\",\"dateModified\":\"2026-09-04T18:50:41+00:00\",\"description\":\"Inspira\u00e7\u00e3o para Arthur Conan Doyle escrever a obra \u201cO Mundo Perdido\u201d e lenda Macuxi revisitada pelo brasileiro M\u00e1rio de Andrade\",\"breadcrumb\":{\"@id\":\"https:\\\/\\\/www.inthemine.com.br\\\/site\\\/a-casa-de-macunaima-no-monte-roraima\\\/#breadcrumb\"},\"inLanguage\":\"pt-BR\",\"potentialAction\":[{\"@type\":\"ReadAction\",\"target\":[\"https:\\\/\\\/www.inthemine.com.br\\\/site\\\/a-casa-de-macunaima-no-monte-roraima\\\/\"]}]},{\"@type\":\"ImageObject\",\"inLanguage\":\"pt-BR\",\"@id\":\"https:\\\/\\\/www.inthemine.com.br\\\/site\\\/a-casa-de-macunaima-no-monte-roraima\\\/#primaryimage\",\"url\":\"https:\\\/\\\/www.inthemine.com.br\\\/site\\\/wp-content\\\/uploads\\\/2026\\\/09\\\/minegaleria-itm122-home.jpg\",\"contentUrl\":\"https:\\\/\\\/www.inthemine.com.br\\\/site\\\/wp-content\\\/uploads\\\/2026\\\/09\\\/minegaleria-itm122-home.jpg\",\"width\":800,\"height\":533,\"caption\":\"minegaleria-itm122-home\"},{\"@type\":\"BreadcrumbList\",\"@id\":\"https:\\\/\\\/www.inthemine.com.br\\\/site\\\/a-casa-de-macunaima-no-monte-roraima\\\/#breadcrumb\",\"itemListElement\":[{\"@type\":\"ListItem\",\"position\":1,\"name\":\"In\u00edcio\",\"item\":\"https:\\\/\\\/www.inthemine.com.br\\\/site\\\/\"},{\"@type\":\"ListItem\",\"position\":2,\"name\":\"A CASA DE MACUNA\u00cdMA NO MONTE RORAIMA\"}]},{\"@type\":\"WebSite\",\"@id\":\"https:\\\/\\\/www.inthemine.com.br\\\/site\\\/#website\",\"url\":\"https:\\\/\\\/www.inthemine.com.br\\\/site\\\/\",\"name\":\"Revista In The Mine\",\"description\":\"Minera\u00e7\u00e3o brasileira\",\"publisher\":{\"@id\":\"https:\\\/\\\/www.inthemine.com.br\\\/site\\\/#organization\"},\"potentialAction\":[{\"@type\":\"SearchAction\",\"target\":{\"@type\":\"EntryPoint\",\"urlTemplate\":\"https:\\\/\\\/www.inthemine.com.br\\\/site\\\/?s={search_term_string}\"},\"query-input\":{\"@type\":\"PropertyValueSpecification\",\"valueRequired\":true,\"valueName\":\"search_term_string\"}}],\"inLanguage\":\"pt-BR\"},{\"@type\":\"Organization\",\"@id\":\"https:\\\/\\\/www.inthemine.com.br\\\/site\\\/#organization\",\"name\":\"In The Mine magazine\",\"url\":\"https:\\\/\\\/www.inthemine.com.br\\\/site\\\/\",\"logo\":{\"@type\":\"ImageObject\",\"inLanguage\":\"pt-BR\",\"@id\":\"https:\\\/\\\/www.inthemine.com.br\\\/site\\\/#\\\/schema\\\/logo\\\/image\\\/\",\"url\":\"https:\\\/\\\/www.inthemine.com.br\\\/site\\\/wp-content\\\/uploads\\\/2014\\\/08\\\/parceiro_theinmine.png\",\"contentUrl\":\"https:\\\/\\\/www.inthemine.com.br\\\/site\\\/wp-content\\\/uploads\\\/2014\\\/08\\\/parceiro_theinmine.png\",\"width\":170,\"height\":120,\"caption\":\"In The Mine magazine\"},\"image\":{\"@id\":\"https:\\\/\\\/www.inthemine.com.br\\\/site\\\/#\\\/schema\\\/logo\\\/image\\\/\"},\"sameAs\":[\"http:\\\/\\\/www.facebook.com\\\/inthemine\",\"https:\\\/\\\/x.com\\\/intheminet\",\"https:\\\/\\\/www.instagram.com\\\/minegaleria\",\"https:\\\/\\\/www.linkedin.com\\\/company\\\/in-the-mine?trk=biz-companies-cym\",\"https:\\\/\\\/www.youtube.com\\\/user\\\/revistainthemine\"]},{\"@type\":\"Person\",\"@id\":\"https:\\\/\\\/www.inthemine.com.br\\\/site\\\/#\\\/schema\\\/person\\\/9eb77cece2cea253bb36c4b68c6a324c\",\"name\":\"Reda\u00e7\u00e3o ITM\",\"image\":{\"@type\":\"ImageObject\",\"inLanguage\":\"pt-BR\",\"@id\":\"https:\\\/\\\/secure.gravatar.com\\\/avatar\\\/0f7f41419befdee0feca08f9ea1e434cac9c04e0b8d28ab40cffb82628fcfdf1?s=96&d=mm&r=g\",\"url\":\"https:\\\/\\\/secure.gravatar.com\\\/avatar\\\/0f7f41419befdee0feca08f9ea1e434cac9c04e0b8d28ab40cffb82628fcfdf1?s=96&d=mm&r=g\",\"contentUrl\":\"https:\\\/\\\/secure.gravatar.com\\\/avatar\\\/0f7f41419befdee0feca08f9ea1e434cac9c04e0b8d28ab40cffb82628fcfdf1?s=96&d=mm&r=g\",\"caption\":\"Reda\u00e7\u00e3o ITM\"},\"url\":\"https:\\\/\\\/www.inthemine.com.br\\\/site\\\/author\\\/admin-itm\\\/\"}]}<\/script>\n<!-- \/ Yoast SEO plugin. -->","yoast_head_json":{"title":"A CASA DE MACUNA\u00cdMA NO MONTE RORAIMA - Revista In The Mine","description":"Inspira\u00e7\u00e3o para Arthur Conan Doyle escrever a obra \u201cO Mundo Perdido\u201d e lenda Macuxi revisitada pelo brasileiro M\u00e1rio de Andrade","robots":{"index":"index","follow":"follow","max-snippet":"max-snippet:-1","max-image-preview":"max-image-preview:large","max-video-preview":"max-video-preview:-1"},"canonical":"https:\/\/www.inthemine.com.br\/site\/a-casa-de-macunaima-no-monte-roraima\/","og_locale":"pt_BR","og_type":"article","og_title":"A CASA DE MACUNA\u00cdMA NO MONTE RORAIMA - Revista In The Mine","og_description":"Inspira\u00e7\u00e3o para Arthur Conan Doyle escrever a obra \u201cO Mundo Perdido\u201d e lenda Macuxi revisitada pelo brasileiro M\u00e1rio de Andrade","og_url":"https:\/\/www.inthemine.com.br\/site\/a-casa-de-macunaima-no-monte-roraima\/","og_site_name":"Revista In The Mine","article_publisher":"http:\/\/www.facebook.com\/inthemine","article_published_time":"2026-09-04T17:56:49+00:00","article_modified_time":"2026-09-04T18:50:41+00:00","og_image":[{"width":800,"height":533,"url":"https:\/\/www.inthemine.com.br\/site\/wp-content\/uploads\/2026\/09\/minegaleria-itm122-home.jpg","type":"image\/jpeg"}],"author":"Reda\u00e7\u00e3o ITM","twitter_card":"summary_large_image","twitter_creator":"@intheminet","twitter_site":"@intheminet","twitter_misc":{"Escrito por":"Reda\u00e7\u00e3o ITM","Est. tempo de leitura":"5 minutos"},"schema":{"@context":"https:\/\/schema.org","@graph":[{"@type":"Article","@id":"https:\/\/www.inthemine.com.br\/site\/a-casa-de-macunaima-no-monte-roraima\/#article","isPartOf":{"@id":"https:\/\/www.inthemine.com.br\/site\/a-casa-de-macunaima-no-monte-roraima\/"},"author":{"name":"Reda\u00e7\u00e3o ITM","@id":"https:\/\/www.inthemine.com.br\/site\/#\/schema\/person\/9eb77cece2cea253bb36c4b68c6a324c"},"headline":"A CASA DE MACUNA\u00cdMA NO MONTE RORAIMA","datePublished":"2026-09-04T17:56:49+00:00","dateModified":"2026-09-04T18:50:41+00:00","mainEntityOfPage":{"@id":"https:\/\/www.inthemine.com.br\/site\/a-casa-de-macunaima-no-monte-roraima\/"},"wordCount":709,"commentCount":0,"publisher":{"@id":"https:\/\/www.inthemine.com.br\/site\/#organization"},"image":{"@id":"https:\/\/www.inthemine.com.br\/site\/a-casa-de-macunaima-no-monte-roraima\/#primaryimage"},"thumbnailUrl":"https:\/\/www.inthemine.com.br\/site\/wp-content\/uploads\/2026\/09\/minegaleria-itm122-home.jpg","articleSection":["MINE-GALERIA"],"inLanguage":"pt-BR","potentialAction":[{"@type":"CommentAction","name":"Comment","target":["https:\/\/www.inthemine.com.br\/site\/a-casa-de-macunaima-no-monte-roraima\/#respond"]}]},{"@type":"WebPage","@id":"https:\/\/www.inthemine.com.br\/site\/a-casa-de-macunaima-no-monte-roraima\/","url":"https:\/\/www.inthemine.com.br\/site\/a-casa-de-macunaima-no-monte-roraima\/","name":"A CASA DE MACUNA\u00cdMA NO MONTE RORAIMA - Revista In The Mine","isPartOf":{"@id":"https:\/\/www.inthemine.com.br\/site\/#website"},"primaryImageOfPage":{"@id":"https:\/\/www.inthemine.com.br\/site\/a-casa-de-macunaima-no-monte-roraima\/#primaryimage"},"image":{"@id":"https:\/\/www.inthemine.com.br\/site\/a-casa-de-macunaima-no-monte-roraima\/#primaryimage"},"thumbnailUrl":"https:\/\/www.inthemine.com.br\/site\/wp-content\/uploads\/2026\/09\/minegaleria-itm122-home.jpg","datePublished":"2026-09-04T17:56:49+00:00","dateModified":"2026-09-04T18:50:41+00:00","description":"Inspira\u00e7\u00e3o para Arthur Conan Doyle escrever a obra \u201cO Mundo Perdido\u201d e lenda Macuxi revisitada pelo brasileiro M\u00e1rio de Andrade","breadcrumb":{"@id":"https:\/\/www.inthemine.com.br\/site\/a-casa-de-macunaima-no-monte-roraima\/#breadcrumb"},"inLanguage":"pt-BR","potentialAction":[{"@type":"ReadAction","target":["https:\/\/www.inthemine.com.br\/site\/a-casa-de-macunaima-no-monte-roraima\/"]}]},{"@type":"ImageObject","inLanguage":"pt-BR","@id":"https:\/\/www.inthemine.com.br\/site\/a-casa-de-macunaima-no-monte-roraima\/#primaryimage","url":"https:\/\/www.inthemine.com.br\/site\/wp-content\/uploads\/2026\/09\/minegaleria-itm122-home.jpg","contentUrl":"https:\/\/www.inthemine.com.br\/site\/wp-content\/uploads\/2026\/09\/minegaleria-itm122-home.jpg","width":800,"height":533,"caption":"minegaleria-itm122-home"},{"@type":"BreadcrumbList","@id":"https:\/\/www.inthemine.com.br\/site\/a-casa-de-macunaima-no-monte-roraima\/#breadcrumb","itemListElement":[{"@type":"ListItem","position":1,"name":"In\u00edcio","item":"https:\/\/www.inthemine.com.br\/site\/"},{"@type":"ListItem","position":2,"name":"A CASA DE MACUNA\u00cdMA NO MONTE RORAIMA"}]},{"@type":"WebSite","@id":"https:\/\/www.inthemine.com.br\/site\/#website","url":"https:\/\/www.inthemine.com.br\/site\/","name":"Revista In The Mine","description":"Minera\u00e7\u00e3o brasileira","publisher":{"@id":"https:\/\/www.inthemine.com.br\/site\/#organization"},"potentialAction":[{"@type":"SearchAction","target":{"@type":"EntryPoint","urlTemplate":"https:\/\/www.inthemine.com.br\/site\/?s={search_term_string}"},"query-input":{"@type":"PropertyValueSpecification","valueRequired":true,"valueName":"search_term_string"}}],"inLanguage":"pt-BR"},{"@type":"Organization","@id":"https:\/\/www.inthemine.com.br\/site\/#organization","name":"In The Mine magazine","url":"https:\/\/www.inthemine.com.br\/site\/","logo":{"@type":"ImageObject","inLanguage":"pt-BR","@id":"https:\/\/www.inthemine.com.br\/site\/#\/schema\/logo\/image\/","url":"https:\/\/www.inthemine.com.br\/site\/wp-content\/uploads\/2014\/08\/parceiro_theinmine.png","contentUrl":"https:\/\/www.inthemine.com.br\/site\/wp-content\/uploads\/2014\/08\/parceiro_theinmine.png","width":170,"height":120,"caption":"In The Mine magazine"},"image":{"@id":"https:\/\/www.inthemine.com.br\/site\/#\/schema\/logo\/image\/"},"sameAs":["http:\/\/www.facebook.com\/inthemine","https:\/\/x.com\/intheminet","https:\/\/www.instagram.com\/minegaleria","https:\/\/www.linkedin.com\/company\/in-the-mine?trk=biz-companies-cym","https:\/\/www.youtube.com\/user\/revistainthemine"]},{"@type":"Person","@id":"https:\/\/www.inthemine.com.br\/site\/#\/schema\/person\/9eb77cece2cea253bb36c4b68c6a324c","name":"Reda\u00e7\u00e3o ITM","image":{"@type":"ImageObject","inLanguage":"pt-BR","@id":"https:\/\/secure.gravatar.com\/avatar\/0f7f41419befdee0feca08f9ea1e434cac9c04e0b8d28ab40cffb82628fcfdf1?s=96&d=mm&r=g","url":"https:\/\/secure.gravatar.com\/avatar\/0f7f41419befdee0feca08f9ea1e434cac9c04e0b8d28ab40cffb82628fcfdf1?s=96&d=mm&r=g","contentUrl":"https:\/\/secure.gravatar.com\/avatar\/0f7f41419befdee0feca08f9ea1e434cac9c04e0b8d28ab40cffb82628fcfdf1?s=96&d=mm&r=g","caption":"Reda\u00e7\u00e3o ITM"},"url":"https:\/\/www.inthemine.com.br\/site\/author\/admin-itm\/"}]}},"_links":{"self":[{"href":"https:\/\/www.inthemine.com.br\/site\/wp-json\/wp\/v2\/posts\/32112","targetHints":{"allow":["GET"]}}],"collection":[{"href":"https:\/\/www.inthemine.com.br\/site\/wp-json\/wp\/v2\/posts"}],"about":[{"href":"https:\/\/www.inthemine.com.br\/site\/wp-json\/wp\/v2\/types\/post"}],"author":[{"embeddable":true,"href":"https:\/\/www.inthemine.com.br\/site\/wp-json\/wp\/v2\/users\/3"}],"replies":[{"embeddable":true,"href":"https:\/\/www.inthemine.com.br\/site\/wp-json\/wp\/v2\/comments?post=32112"}],"version-history":[{"count":3,"href":"https:\/\/www.inthemine.com.br\/site\/wp-json\/wp\/v2\/posts\/32112\/revisions"}],"predecessor-version":[{"id":32121,"href":"https:\/\/www.inthemine.com.br\/site\/wp-json\/wp\/v2\/posts\/32112\/revisions\/32121"}],"wp:featuredmedia":[{"embeddable":true,"href":"https:\/\/www.inthemine.com.br\/site\/wp-json\/wp\/v2\/media\/32129"}],"wp:attachment":[{"href":"https:\/\/www.inthemine.com.br\/site\/wp-json\/wp\/v2\/media?parent=32112"}],"wp:term":[{"taxonomy":"category","embeddable":true,"href":"https:\/\/www.inthemine.com.br\/site\/wp-json\/wp\/v2\/categories?post=32112"},{"taxonomy":"post_tag","embeddable":true,"href":"https:\/\/www.inthemine.com.br\/site\/wp-json\/wp\/v2\/tags?post=32112"}],"curies":[{"name":"wp","href":"https:\/\/api.w.org\/{rel}","templated":true}]}}