{"id":32104,"date":"2026-09-04T14:21:22","date_gmt":"2026-09-04T17:21:22","guid":{"rendered":"https:\/\/www.inthemine.com.br\/site\/?p=32104"},"modified":"2026-09-04T14:59:46","modified_gmt":"2026-09-04T17:59:46","slug":"cartografia-geologica-e-geoetica","status":"publish","type":"post","link":"https:\/\/www.inthemine.com.br\/site\/cartografia-geologica-e-geoetica\/","title":{"rendered":"CARTOGRAFIA GEOL\u00d3GICA E GEO\u00c9TICA"},"content":{"rendered":"<p>Lan\u00e7ada em dezembro de 2025, a obra foi uma das semifinalistas na 3\u00aa Edi\u00e7\u00e3o do Pr\u00eamio Jabuti Acad\u00eamico na categoria Geografia e Geoci\u00eancias. Parceria entre a Associa\u00e7\u00e3o Baiana de Geologia (ABG) e a Federa\u00e7\u00e3o Brasileira de Ge\u00f3logos (FEBRAGEO), tendo como organizadoras as ge\u00f3logas e professoras<\/p>\n<p>Ana Virg\u00ednia Alves de Santana e Simone Cerqueira Pereira Cruz, o livro re\u00fane conte\u00fados essenciais sobre cartografia geol\u00f3gica e reflex\u00f5es sobre geo\u00e9tica, destacando a responsabilidade social, ambiental e profissional dentro das Geoci\u00eancias, sendo composto por quatro cap\u00edtulos. O primeiro traz a contextualiza\u00e7\u00e3o do tema no setor profissional e os aspectos hist\u00f3ricos da cartografia geol\u00f3gica, com especial aten\u00e7\u00e3o \u00e0 Educa\u00e7\u00e3o em Rela\u00e7\u00f5es \u00c9tnico-Raciais (ERER) e em Direitos Humanos (EDH). O cap\u00edtulo 2 apresenta conceitos de geo\u00e9tica e propostas pedag\u00f3gicas para sua inser\u00e7\u00e3o, incluindo exemplos brasileiros. No terceiro cap\u00edtulo s\u00e3o dadas orienta\u00e7\u00f5es para o planejamento e execu\u00e7\u00e3o do trabalho cartogr\u00e1fico, com \u00eanfase em abordagens que incluam ERER e EDH e nos aspectos geo\u00e9ticos e socioambientais da \u00e1rea<\/p>\n<p>investigada. Por fim, o quarto cap\u00edtulo fala das inova\u00e7\u00f5es tecnol\u00f3gicas em registros e representa\u00e7\u00f5es de dados, como o uso de modelos digitais e virtuais de afloramentos e cita programas para a integra\u00e7\u00e3o desses dados e sua interpreta\u00e7\u00e3o. O acesso ao conte\u00fado integral est\u00e1 dispon\u00edvel gratuitamente em <a href=\"https:\/\/drive.google.com\/file\/d\/1aNs3YLu8vvx369xBsF7pz7Ej78xI3YH0\/view\">https:\/\/drive.google.com\/file\/d\/1aNs3YLu8vvx369xBsF7pz7Ej78xI3YH0\/view<\/a><\/p>\n","protected":false},"excerpt":{"rendered":"<p>Lan\u00e7ada em dezembro de 2025, a obra foi uma das semifinalistas na 3\u00aa Edi\u00e7\u00e3o do Pr\u00eamio Jabuti Acad\u00eamico na categoria Geografia e Geoci\u00eancias<\/p>\n","protected":false},"author":3,"featured_media":32105,"comment_status":"open","ping_status":"open","sticky":false,"template":"","format":"standard","meta":{"footnotes":""},"categories":[30],"tags":[],"class_list":["post-32104","post","type-post","status-publish","format-standard","has-post-thumbnail","hentry","category-mine-books"],"yoast_head":"<!-- This site is optimized with the Yoast SEO plugin v28.4 - https:\/\/yoast.com\/product\/yoast-seo-wordpress\/ -->\n<title>CARTOGRAFIA GEOL\u00d3GICA E GEO\u00c9TICA - Revista In The Mine<\/title>\n<meta name=\"description\" content=\"Lan\u00e7ada em dezembro de 2025, a obra foi uma das semifinalistas na 3\u00aa Edi\u00e7\u00e3o do Pr\u00eamio Jabuti Acad\u00eamico na categoria Geografia e Geoci\u00eancias\" \/>\n<meta name=\"robots\" content=\"index, follow, max-snippet:-1, max-image-preview:large, max-video-preview:-1\" \/>\n<link rel=\"canonical\" href=\"https:\/\/www.inthemine.com.br\/site\/cartografia-geologica-e-geoetica\/\" \/>\n<meta property=\"og:locale\" content=\"pt_BR\" \/>\n<meta property=\"og:type\" content=\"article\" \/>\n<meta property=\"og:title\" content=\"CARTOGRAFIA GEOL\u00d3GICA E GEO\u00c9TICA - Revista In The Mine\" \/>\n<meta property=\"og:description\" content=\"Lan\u00e7ada em dezembro de 2025, a obra foi uma das semifinalistas na 3\u00aa Edi\u00e7\u00e3o do Pr\u00eamio Jabuti Acad\u00eamico na categoria Geografia e Geoci\u00eancias\" \/>\n<meta property=\"og:url\" content=\"https:\/\/www.inthemine.com.br\/site\/cartografia-geologica-e-geoetica\/\" \/>\n<meta property=\"og:site_name\" content=\"Revista In The Mine\" \/>\n<meta property=\"article:publisher\" content=\"http:\/\/www.facebook.com\/inthemine\" \/>\n<meta property=\"article:published_time\" content=\"2026-09-04T17:21:22+00:00\" \/>\n<meta property=\"article:modified_time\" content=\"2026-09-04T17:59:46+00:00\" \/>\n<meta property=\"og:image\" content=\"https:\/\/www.inthemine.com.br\/site\/wp-content\/uploads\/2026\/09\/ImagemMineBookITM122-e1788544779728.jpg\" \/>\n\t<meta property=\"og:image:width\" content=\"800\" \/>\n\t<meta property=\"og:image:height\" content=\"836\" \/>\n\t<meta property=\"og:image:type\" content=\"image\/jpeg\" \/>\n<meta name=\"author\" content=\"Reda\u00e7\u00e3o ITM\" \/>\n<meta name=\"twitter:card\" content=\"summary_large_image\" \/>\n<meta name=\"twitter:creator\" content=\"@intheminet\" \/>\n<meta name=\"twitter:site\" content=\"@intheminet\" \/>\n<meta name=\"twitter:label1\" content=\"Escrito por\" \/>\n\t<meta name=\"twitter:data1\" content=\"Reda\u00e7\u00e3o ITM\" \/>\n\t<meta name=\"twitter:label2\" content=\"Est. tempo de leitura\" \/>\n\t<meta name=\"twitter:data2\" content=\"2 minutos\" \/>\n<script type=\"application\/ld+json\" class=\"yoast-schema-graph\">{\"@context\":\"https:\\\/\\\/schema.org\",\"@graph\":[{\"@type\":\"Article\",\"@id\":\"https:\\\/\\\/www.inthemine.com.br\\\/site\\\/cartografia-geologica-e-geoetica\\\/#article\",\"isPartOf\":{\"@id\":\"https:\\\/\\\/www.inthemine.com.br\\\/site\\\/cartografia-geologica-e-geoetica\\\/\"},\"author\":{\"name\":\"Reda\u00e7\u00e3o ITM\",\"@id\":\"https:\\\/\\\/www.inthemine.com.br\\\/site\\\/#\\\/schema\\\/person\\\/9eb77cece2cea253bb36c4b68c6a324c\"},\"headline\":\"CARTOGRAFIA GEOL\u00d3GICA E GEO\u00c9TICA\",\"datePublished\":\"2026-09-04T17:21:22+00:00\",\"dateModified\":\"2026-09-04T17:59:46+00:00\",\"mainEntityOfPage\":{\"@id\":\"https:\\\/\\\/www.inthemine.com.br\\\/site\\\/cartografia-geologica-e-geoetica\\\/\"},\"wordCount\":264,\"commentCount\":0,\"publisher\":{\"@id\":\"https:\\\/\\\/www.inthemine.com.br\\\/site\\\/#organization\"},\"image\":{\"@id\":\"https:\\\/\\\/www.inthemine.com.br\\\/site\\\/cartografia-geologica-e-geoetica\\\/#primaryimage\"},\"thumbnailUrl\":\"https:\\\/\\\/www.inthemine.com.br\\\/site\\\/wp-content\\\/uploads\\\/2026\\\/09\\\/ImagemMineBookITM122-e1788544779728.jpg\",\"articleSection\":[\"MINE-BOOKS\"],\"inLanguage\":\"pt-BR\",\"potentialAction\":[{\"@type\":\"CommentAction\",\"name\":\"Comment\",\"target\":[\"https:\\\/\\\/www.inthemine.com.br\\\/site\\\/cartografia-geologica-e-geoetica\\\/#respond\"]}]},{\"@type\":\"WebPage\",\"@id\":\"https:\\\/\\\/www.inthemine.com.br\\\/site\\\/cartografia-geologica-e-geoetica\\\/\",\"url\":\"https:\\\/\\\/www.inthemine.com.br\\\/site\\\/cartografia-geologica-e-geoetica\\\/\",\"name\":\"CARTOGRAFIA GEOL\u00d3GICA E GEO\u00c9TICA - Revista In The Mine\",\"isPartOf\":{\"@id\":\"https:\\\/\\\/www.inthemine.com.br\\\/site\\\/#website\"},\"primaryImageOfPage\":{\"@id\":\"https:\\\/\\\/www.inthemine.com.br\\\/site\\\/cartografia-geologica-e-geoetica\\\/#primaryimage\"},\"image\":{\"@id\":\"https:\\\/\\\/www.inthemine.com.br\\\/site\\\/cartografia-geologica-e-geoetica\\\/#primaryimage\"},\"thumbnailUrl\":\"https:\\\/\\\/www.inthemine.com.br\\\/site\\\/wp-content\\\/uploads\\\/2026\\\/09\\\/ImagemMineBookITM122-e1788544779728.jpg\",\"datePublished\":\"2026-09-04T17:21:22+00:00\",\"dateModified\":\"2026-09-04T17:59:46+00:00\",\"description\":\"Lan\u00e7ada em dezembro de 2025, a obra foi uma das semifinalistas na 3\u00aa Edi\u00e7\u00e3o do Pr\u00eamio Jabuti Acad\u00eamico na categoria Geografia e Geoci\u00eancias\",\"breadcrumb\":{\"@id\":\"https:\\\/\\\/www.inthemine.com.br\\\/site\\\/cartografia-geologica-e-geoetica\\\/#breadcrumb\"},\"inLanguage\":\"pt-BR\",\"potentialAction\":[{\"@type\":\"ReadAction\",\"target\":[\"https:\\\/\\\/www.inthemine.com.br\\\/site\\\/cartografia-geologica-e-geoetica\\\/\"]}]},{\"@type\":\"ImageObject\",\"inLanguage\":\"pt-BR\",\"@id\":\"https:\\\/\\\/www.inthemine.com.br\\\/site\\\/cartografia-geologica-e-geoetica\\\/#primaryimage\",\"url\":\"https:\\\/\\\/www.inthemine.com.br\\\/site\\\/wp-content\\\/uploads\\\/2026\\\/09\\\/ImagemMineBookITM122-e1788544779728.jpg\",\"contentUrl\":\"https:\\\/\\\/www.inthemine.com.br\\\/site\\\/wp-content\\\/uploads\\\/2026\\\/09\\\/ImagemMineBookITM122-e1788544779728.jpg\",\"width\":800,\"height\":836,\"caption\":\"ImagemMineBookITM122\"},{\"@type\":\"BreadcrumbList\",\"@id\":\"https:\\\/\\\/www.inthemine.com.br\\\/site\\\/cartografia-geologica-e-geoetica\\\/#breadcrumb\",\"itemListElement\":[{\"@type\":\"ListItem\",\"position\":1,\"name\":\"In\u00edcio\",\"item\":\"https:\\\/\\\/www.inthemine.com.br\\\/site\\\/\"},{\"@type\":\"ListItem\",\"position\":2,\"name\":\"CARTOGRAFIA GEOL\u00d3GICA E GEO\u00c9TICA\"}]},{\"@type\":\"WebSite\",\"@id\":\"https:\\\/\\\/www.inthemine.com.br\\\/site\\\/#website\",\"url\":\"https:\\\/\\\/www.inthemine.com.br\\\/site\\\/\",\"name\":\"Revista In The Mine\",\"description\":\"Minera\u00e7\u00e3o brasileira\",\"publisher\":{\"@id\":\"https:\\\/\\\/www.inthemine.com.br\\\/site\\\/#organization\"},\"potentialAction\":[{\"@type\":\"SearchAction\",\"target\":{\"@type\":\"EntryPoint\",\"urlTemplate\":\"https:\\\/\\\/www.inthemine.com.br\\\/site\\\/?s={search_term_string}\"},\"query-input\":{\"@type\":\"PropertyValueSpecification\",\"valueRequired\":true,\"valueName\":\"search_term_string\"}}],\"inLanguage\":\"pt-BR\"},{\"@type\":\"Organization\",\"@id\":\"https:\\\/\\\/www.inthemine.com.br\\\/site\\\/#organization\",\"name\":\"In The Mine magazine\",\"url\":\"https:\\\/\\\/www.inthemine.com.br\\\/site\\\/\",\"logo\":{\"@type\":\"ImageObject\",\"inLanguage\":\"pt-BR\",\"@id\":\"https:\\\/\\\/www.inthemine.com.br\\\/site\\\/#\\\/schema\\\/logo\\\/image\\\/\",\"url\":\"https:\\\/\\\/www.inthemine.com.br\\\/site\\\/wp-content\\\/uploads\\\/2014\\\/08\\\/parceiro_theinmine.png\",\"contentUrl\":\"https:\\\/\\\/www.inthemine.com.br\\\/site\\\/wp-content\\\/uploads\\\/2014\\\/08\\\/parceiro_theinmine.png\",\"width\":170,\"height\":120,\"caption\":\"In The Mine magazine\"},\"image\":{\"@id\":\"https:\\\/\\\/www.inthemine.com.br\\\/site\\\/#\\\/schema\\\/logo\\\/image\\\/\"},\"sameAs\":[\"http:\\\/\\\/www.facebook.com\\\/inthemine\",\"https:\\\/\\\/x.com\\\/intheminet\",\"https:\\\/\\\/www.instagram.com\\\/minegaleria\",\"https:\\\/\\\/www.linkedin.com\\\/company\\\/in-the-mine?trk=biz-companies-cym\",\"https:\\\/\\\/www.youtube.com\\\/user\\\/revistainthemine\"]},{\"@type\":\"Person\",\"@id\":\"https:\\\/\\\/www.inthemine.com.br\\\/site\\\/#\\\/schema\\\/person\\\/9eb77cece2cea253bb36c4b68c6a324c\",\"name\":\"Reda\u00e7\u00e3o ITM\",\"image\":{\"@type\":\"ImageObject\",\"inLanguage\":\"pt-BR\",\"@id\":\"https:\\\/\\\/secure.gravatar.com\\\/avatar\\\/0f7f41419befdee0feca08f9ea1e434cac9c04e0b8d28ab40cffb82628fcfdf1?s=96&d=mm&r=g\",\"url\":\"https:\\\/\\\/secure.gravatar.com\\\/avatar\\\/0f7f41419befdee0feca08f9ea1e434cac9c04e0b8d28ab40cffb82628fcfdf1?s=96&d=mm&r=g\",\"contentUrl\":\"https:\\\/\\\/secure.gravatar.com\\\/avatar\\\/0f7f41419befdee0feca08f9ea1e434cac9c04e0b8d28ab40cffb82628fcfdf1?s=96&d=mm&r=g\",\"caption\":\"Reda\u00e7\u00e3o ITM\"},\"url\":\"https:\\\/\\\/www.inthemine.com.br\\\/site\\\/author\\\/admin-itm\\\/\"}]}<\/script>\n<!-- \/ Yoast SEO plugin. -->","yoast_head_json":{"title":"CARTOGRAFIA GEOL\u00d3GICA E GEO\u00c9TICA - Revista In The Mine","description":"Lan\u00e7ada em dezembro de 2025, a obra foi uma das semifinalistas na 3\u00aa Edi\u00e7\u00e3o do Pr\u00eamio Jabuti Acad\u00eamico na categoria Geografia e Geoci\u00eancias","robots":{"index":"index","follow":"follow","max-snippet":"max-snippet:-1","max-image-preview":"max-image-preview:large","max-video-preview":"max-video-preview:-1"},"canonical":"https:\/\/www.inthemine.com.br\/site\/cartografia-geologica-e-geoetica\/","og_locale":"pt_BR","og_type":"article","og_title":"CARTOGRAFIA GEOL\u00d3GICA E GEO\u00c9TICA - Revista In The Mine","og_description":"Lan\u00e7ada em dezembro de 2025, a obra foi uma das semifinalistas na 3\u00aa Edi\u00e7\u00e3o do Pr\u00eamio Jabuti Acad\u00eamico na categoria Geografia e Geoci\u00eancias","og_url":"https:\/\/www.inthemine.com.br\/site\/cartografia-geologica-e-geoetica\/","og_site_name":"Revista In The Mine","article_publisher":"http:\/\/www.facebook.com\/inthemine","article_published_time":"2026-09-04T17:21:22+00:00","article_modified_time":"2026-09-04T17:59:46+00:00","og_image":[{"width":800,"height":836,"url":"https:\/\/www.inthemine.com.br\/site\/wp-content\/uploads\/2026\/09\/ImagemMineBookITM122-e1788544779728.jpg","type":"image\/jpeg"}],"author":"Reda\u00e7\u00e3o ITM","twitter_card":"summary_large_image","twitter_creator":"@intheminet","twitter_site":"@intheminet","twitter_misc":{"Escrito por":"Reda\u00e7\u00e3o ITM","Est. tempo de leitura":"2 minutos"},"schema":{"@context":"https:\/\/schema.org","@graph":[{"@type":"Article","@id":"https:\/\/www.inthemine.com.br\/site\/cartografia-geologica-e-geoetica\/#article","isPartOf":{"@id":"https:\/\/www.inthemine.com.br\/site\/cartografia-geologica-e-geoetica\/"},"author":{"name":"Reda\u00e7\u00e3o ITM","@id":"https:\/\/www.inthemine.com.br\/site\/#\/schema\/person\/9eb77cece2cea253bb36c4b68c6a324c"},"headline":"CARTOGRAFIA GEOL\u00d3GICA E GEO\u00c9TICA","datePublished":"2026-09-04T17:21:22+00:00","dateModified":"2026-09-04T17:59:46+00:00","mainEntityOfPage":{"@id":"https:\/\/www.inthemine.com.br\/site\/cartografia-geologica-e-geoetica\/"},"wordCount":264,"commentCount":0,"publisher":{"@id":"https:\/\/www.inthemine.com.br\/site\/#organization"},"image":{"@id":"https:\/\/www.inthemine.com.br\/site\/cartografia-geologica-e-geoetica\/#primaryimage"},"thumbnailUrl":"https:\/\/www.inthemine.com.br\/site\/wp-content\/uploads\/2026\/09\/ImagemMineBookITM122-e1788544779728.jpg","articleSection":["MINE-BOOKS"],"inLanguage":"pt-BR","potentialAction":[{"@type":"CommentAction","name":"Comment","target":["https:\/\/www.inthemine.com.br\/site\/cartografia-geologica-e-geoetica\/#respond"]}]},{"@type":"WebPage","@id":"https:\/\/www.inthemine.com.br\/site\/cartografia-geologica-e-geoetica\/","url":"https:\/\/www.inthemine.com.br\/site\/cartografia-geologica-e-geoetica\/","name":"CARTOGRAFIA GEOL\u00d3GICA E GEO\u00c9TICA - Revista In The Mine","isPartOf":{"@id":"https:\/\/www.inthemine.com.br\/site\/#website"},"primaryImageOfPage":{"@id":"https:\/\/www.inthemine.com.br\/site\/cartografia-geologica-e-geoetica\/#primaryimage"},"image":{"@id":"https:\/\/www.inthemine.com.br\/site\/cartografia-geologica-e-geoetica\/#primaryimage"},"thumbnailUrl":"https:\/\/www.inthemine.com.br\/site\/wp-content\/uploads\/2026\/09\/ImagemMineBookITM122-e1788544779728.jpg","datePublished":"2026-09-04T17:21:22+00:00","dateModified":"2026-09-04T17:59:46+00:00","description":"Lan\u00e7ada em dezembro de 2025, a obra foi uma das semifinalistas na 3\u00aa Edi\u00e7\u00e3o do Pr\u00eamio Jabuti Acad\u00eamico na categoria Geografia e Geoci\u00eancias","breadcrumb":{"@id":"https:\/\/www.inthemine.com.br\/site\/cartografia-geologica-e-geoetica\/#breadcrumb"},"inLanguage":"pt-BR","potentialAction":[{"@type":"ReadAction","target":["https:\/\/www.inthemine.com.br\/site\/cartografia-geologica-e-geoetica\/"]}]},{"@type":"ImageObject","inLanguage":"pt-BR","@id":"https:\/\/www.inthemine.com.br\/site\/cartografia-geologica-e-geoetica\/#primaryimage","url":"https:\/\/www.inthemine.com.br\/site\/wp-content\/uploads\/2026\/09\/ImagemMineBookITM122-e1788544779728.jpg","contentUrl":"https:\/\/www.inthemine.com.br\/site\/wp-content\/uploads\/2026\/09\/ImagemMineBookITM122-e1788544779728.jpg","width":800,"height":836,"caption":"ImagemMineBookITM122"},{"@type":"BreadcrumbList","@id":"https:\/\/www.inthemine.com.br\/site\/cartografia-geologica-e-geoetica\/#breadcrumb","itemListElement":[{"@type":"ListItem","position":1,"name":"In\u00edcio","item":"https:\/\/www.inthemine.com.br\/site\/"},{"@type":"ListItem","position":2,"name":"CARTOGRAFIA GEOL\u00d3GICA E GEO\u00c9TICA"}]},{"@type":"WebSite","@id":"https:\/\/www.inthemine.com.br\/site\/#website","url":"https:\/\/www.inthemine.com.br\/site\/","name":"Revista In The Mine","description":"Minera\u00e7\u00e3o brasileira","publisher":{"@id":"https:\/\/www.inthemine.com.br\/site\/#organization"},"potentialAction":[{"@type":"SearchAction","target":{"@type":"EntryPoint","urlTemplate":"https:\/\/www.inthemine.com.br\/site\/?s={search_term_string}"},"query-input":{"@type":"PropertyValueSpecification","valueRequired":true,"valueName":"search_term_string"}}],"inLanguage":"pt-BR"},{"@type":"Organization","@id":"https:\/\/www.inthemine.com.br\/site\/#organization","name":"In The Mine magazine","url":"https:\/\/www.inthemine.com.br\/site\/","logo":{"@type":"ImageObject","inLanguage":"pt-BR","@id":"https:\/\/www.inthemine.com.br\/site\/#\/schema\/logo\/image\/","url":"https:\/\/www.inthemine.com.br\/site\/wp-content\/uploads\/2014\/08\/parceiro_theinmine.png","contentUrl":"https:\/\/www.inthemine.com.br\/site\/wp-content\/uploads\/2014\/08\/parceiro_theinmine.png","width":170,"height":120,"caption":"In The Mine magazine"},"image":{"@id":"https:\/\/www.inthemine.com.br\/site\/#\/schema\/logo\/image\/"},"sameAs":["http:\/\/www.facebook.com\/inthemine","https:\/\/x.com\/intheminet","https:\/\/www.instagram.com\/minegaleria","https:\/\/www.linkedin.com\/company\/in-the-mine?trk=biz-companies-cym","https:\/\/www.youtube.com\/user\/revistainthemine"]},{"@type":"Person","@id":"https:\/\/www.inthemine.com.br\/site\/#\/schema\/person\/9eb77cece2cea253bb36c4b68c6a324c","name":"Reda\u00e7\u00e3o ITM","image":{"@type":"ImageObject","inLanguage":"pt-BR","@id":"https:\/\/secure.gravatar.com\/avatar\/0f7f41419befdee0feca08f9ea1e434cac9c04e0b8d28ab40cffb82628fcfdf1?s=96&d=mm&r=g","url":"https:\/\/secure.gravatar.com\/avatar\/0f7f41419befdee0feca08f9ea1e434cac9c04e0b8d28ab40cffb82628fcfdf1?s=96&d=mm&r=g","contentUrl":"https:\/\/secure.gravatar.com\/avatar\/0f7f41419befdee0feca08f9ea1e434cac9c04e0b8d28ab40cffb82628fcfdf1?s=96&d=mm&r=g","caption":"Reda\u00e7\u00e3o ITM"},"url":"https:\/\/www.inthemine.com.br\/site\/author\/admin-itm\/"}]}},"_links":{"self":[{"href":"https:\/\/www.inthemine.com.br\/site\/wp-json\/wp\/v2\/posts\/32104","targetHints":{"allow":["GET"]}}],"collection":[{"href":"https:\/\/www.inthemine.com.br\/site\/wp-json\/wp\/v2\/posts"}],"about":[{"href":"https:\/\/www.inthemine.com.br\/site\/wp-json\/wp\/v2\/types\/post"}],"author":[{"embeddable":true,"href":"https:\/\/www.inthemine.com.br\/site\/wp-json\/wp\/v2\/users\/3"}],"replies":[{"embeddable":true,"href":"https:\/\/www.inthemine.com.br\/site\/wp-json\/wp\/v2\/comments?post=32104"}],"version-history":[{"count":1,"href":"https:\/\/www.inthemine.com.br\/site\/wp-json\/wp\/v2\/posts\/32104\/revisions"}],"predecessor-version":[{"id":32106,"href":"https:\/\/www.inthemine.com.br\/site\/wp-json\/wp\/v2\/posts\/32104\/revisions\/32106"}],"wp:featuredmedia":[{"embeddable":true,"href":"https:\/\/www.inthemine.com.br\/site\/wp-json\/wp\/v2\/media\/32105"}],"wp:attachment":[{"href":"https:\/\/www.inthemine.com.br\/site\/wp-json\/wp\/v2\/media?parent=32104"}],"wp:term":[{"taxonomy":"category","embeddable":true,"href":"https:\/\/www.inthemine.com.br\/site\/wp-json\/wp\/v2\/categories?post=32104"},{"taxonomy":"post_tag","embeddable":true,"href":"https:\/\/www.inthemine.com.br\/site\/wp-json\/wp\/v2\/tags?post=32104"}],"curies":[{"name":"wp","href":"https:\/\/api.w.org\/{rel}","templated":true}]}}