{"id":32085,"date":"2026-09-02T16:21:11","date_gmt":"2026-09-02T19:21:11","guid":{"rendered":"https:\/\/www.inthemine.com.br\/site\/?p=32085"},"modified":"2026-09-02T16:22:33","modified_gmt":"2026-09-02T19:22:33","slug":"aeci-mira-novo-ciclo-de-alta-do-ouro-e-das-terras-raras","status":"publish","type":"post","link":"https:\/\/www.inthemine.com.br\/site\/aeci-mira-novo-ciclo-de-alta-do-ouro-e-das-terras-raras\/","title":{"rendered":"AECI MIRA NOVO CICLO DE ALTA DO OURO E DAS TERRAS RARAS"},"content":{"rendered":"<p>A empresa sul-africana, centen\u00e1ria e presente em praticamente todos os continentes, chegou ao Brasil em 2013 e hoje cobre a cadeia inteira do min\u00e9rio: do desmonte de rocha com explosivos at\u00e9 a flota\u00e7\u00e3o, a separa\u00e7\u00e3o s\u00f3lido-l\u00edquido e a disposi\u00e7\u00e3o de rejeitos em barragem.<\/p>\n<p>Para Eber Almeida, Head de Marketing da companhia, o argumento de venda n\u00e3o precisa ser sofisticado, mas direto ao ponto: \u00e9 qualidade sustentada em metais de alto valor agregado. &#8220;N\u00f3s atendemos realmente produtos de flota\u00e7\u00e3o que t\u00eam ouro, cobre, zinco, onde nossos produtos se destacam&#8221;, diz ele, apontando tamb\u00e9m os emulsificantes usados em explosivos como um diferencial t\u00e9cnico frente ao que o mercado brasileiro oferece.<\/p>\n<p>A aposta mais recente, por\u00e9m, mexe diretamente com a seguran\u00e7a operacional. A AECI desenvolveu um booster sem TNT \u2014 equipamento que reduz a periculosidade de uma das etapas mais sens\u00edveis do desmonte de rocha. Testado com sucesso fora do Brasil, o produto come\u00e7a agora a ser introduzido por aqui, na expectativa de repetir a boa aceita\u00e7\u00e3o internacional.<\/p>\n<p>O executivo n\u00e3o esconde o otimismo com o bom momento do setor. Mesmo com os humores t\u00edpicos do mercado da minera\u00e7\u00e3o e o recuo verificado na primeira metade do ano, ele l\u00ea o cen\u00e1rio como favor\u00e1vel: o ouro em patamar elevado reativou projetos e minas antes paralisadas, enquanto cobre e terras raras ganham tra\u00e7\u00e3o puxados pela eletrifica\u00e7\u00e3o e pela geopol\u00edtica &#8212; esta \u00faltima, segundo ele, cada vez mais entrela\u00e7ada ao neg\u00f3cio.<\/p>\n<p>Na Exposibram, a AECI j\u00e1 n\u00e3o \u00e9 estreante, mas a equipe se surpreendeu com o crescimento da feira, inclusive com a ocupa\u00e7\u00e3o de uma \u00e1rea nova do evento. Para Almeida, o valor est\u00e1 na concentra\u00e7\u00e3o: tr\u00eas ou quatro reuni\u00f5es estrat\u00e9gicas em um \u00fanico dia, que normalmente consumiriam uma semana inteira de agenda. A recomenda\u00e7\u00e3o, no entanto, foi n\u00e3o improvisar, e sim preparar contatos-chave antes da feira. Essa estrat\u00e9gia transformou o stand em ponto de encontro produtivo, e n\u00e3o apenas em vitrine.<\/p>\n<h5>Na foto em destaque: Eber Nogueira com Daniela Nogueira, diretora da empresa<\/h5>\n","protected":false},"excerpt":{"rendered":"<p>Empresa sul-africana, no Brasil desde 2013, une qu\u00edmica de flota\u00e7\u00e3o e explosivos e v\u00ea no evento o grande encontro que vale semanas de viagens<\/p>\n","protected":false},"author":3,"featured_media":32086,"comment_status":"open","ping_status":"open","sticky":false,"template":"","format":"standard","meta":{"footnotes":""},"categories":[38,9452],"tags":[],"class_list":["post-32085","post","type-post","status-publish","format-standard","has-post-thumbnail","hentry","category-desmonte","category-exposibram-2026"],"yoast_head":"<!-- This site is optimized with the Yoast SEO plugin v28.4 - https:\/\/yoast.com\/product\/yoast-seo-wordpress\/ -->\n<title>AECI MIRA NOVO CICLO DE ALTA DO OURO E DAS TERRAS RARAS - Revista In The Mine<\/title>\n<meta name=\"description\" content=\"Empresa sul-africana, no Brasil desde 2013, une qu\u00edmica de flota\u00e7\u00e3o e explosivos e v\u00ea no evento o grande encontro que vale semanas de viagens\" \/>\n<meta name=\"robots\" content=\"index, follow, max-snippet:-1, max-image-preview:large, max-video-preview:-1\" \/>\n<link rel=\"canonical\" href=\"https:\/\/www.inthemine.com.br\/site\/aeci-mira-novo-ciclo-de-alta-do-ouro-e-das-terras-raras\/\" \/>\n<meta property=\"og:locale\" content=\"pt_BR\" \/>\n<meta property=\"og:type\" content=\"article\" \/>\n<meta property=\"og:title\" content=\"AECI MIRA NOVO CICLO DE ALTA DO OURO E DAS TERRAS RARAS - Revista In The Mine\" \/>\n<meta property=\"og:description\" content=\"Empresa sul-africana, no Brasil desde 2013, une qu\u00edmica de flota\u00e7\u00e3o e explosivos e v\u00ea no evento o grande encontro que vale semanas de viagens\" \/>\n<meta property=\"og:url\" content=\"https:\/\/www.inthemine.com.br\/site\/aeci-mira-novo-ciclo-de-alta-do-ouro-e-das-terras-raras\/\" \/>\n<meta property=\"og:site_name\" content=\"Revista In The Mine\" \/>\n<meta property=\"article:publisher\" content=\"http:\/\/www.facebook.com\/inthemine\" \/>\n<meta property=\"article:published_time\" content=\"2026-09-02T19:21:11+00:00\" \/>\n<meta property=\"article:modified_time\" content=\"2026-09-02T19:22:33+00:00\" \/>\n<meta property=\"og:image\" content=\"https:\/\/www.inthemine.com.br\/site\/wp-content\/uploads\/2026\/09\/AECI.jpg\" \/>\n\t<meta property=\"og:image:width\" content=\"960\" \/>\n\t<meta property=\"og:image:height\" content=\"1280\" \/>\n\t<meta property=\"og:image:type\" content=\"image\/jpeg\" \/>\n<meta name=\"author\" content=\"Reda\u00e7\u00e3o ITM\" \/>\n<meta name=\"twitter:card\" content=\"summary_large_image\" \/>\n<meta name=\"twitter:creator\" content=\"@intheminet\" \/>\n<meta name=\"twitter:site\" content=\"@intheminet\" \/>\n<meta name=\"twitter:label1\" content=\"Escrito por\" \/>\n\t<meta name=\"twitter:data1\" content=\"Reda\u00e7\u00e3o ITM\" \/>\n\t<meta name=\"twitter:label2\" content=\"Est. tempo de leitura\" \/>\n\t<meta name=\"twitter:data2\" content=\"3 minutos\" \/>\n<script type=\"application\/ld+json\" class=\"yoast-schema-graph\">{\"@context\":\"https:\\\/\\\/schema.org\",\"@graph\":[{\"@type\":\"Article\",\"@id\":\"https:\\\/\\\/www.inthemine.com.br\\\/site\\\/aeci-mira-novo-ciclo-de-alta-do-ouro-e-das-terras-raras\\\/#article\",\"isPartOf\":{\"@id\":\"https:\\\/\\\/www.inthemine.com.br\\\/site\\\/aeci-mira-novo-ciclo-de-alta-do-ouro-e-das-terras-raras\\\/\"},\"author\":{\"name\":\"Reda\u00e7\u00e3o ITM\",\"@id\":\"https:\\\/\\\/www.inthemine.com.br\\\/site\\\/#\\\/schema\\\/person\\\/9eb77cece2cea253bb36c4b68c6a324c\"},\"headline\":\"AECI MIRA NOVO CICLO DE ALTA DO OURO E DAS TERRAS RARAS\",\"datePublished\":\"2026-09-02T19:21:11+00:00\",\"dateModified\":\"2026-09-02T19:22:33+00:00\",\"mainEntityOfPage\":{\"@id\":\"https:\\\/\\\/www.inthemine.com.br\\\/site\\\/aeci-mira-novo-ciclo-de-alta-do-ouro-e-das-terras-raras\\\/\"},\"wordCount\":375,\"commentCount\":0,\"publisher\":{\"@id\":\"https:\\\/\\\/www.inthemine.com.br\\\/site\\\/#organization\"},\"image\":{\"@id\":\"https:\\\/\\\/www.inthemine.com.br\\\/site\\\/aeci-mira-novo-ciclo-de-alta-do-ouro-e-das-terras-raras\\\/#primaryimage\"},\"thumbnailUrl\":\"https:\\\/\\\/www.inthemine.com.br\\\/site\\\/wp-content\\\/uploads\\\/2026\\\/09\\\/AECI.jpg\",\"articleSection\":[\"DESMONTE\",\"EXPOSIBRAM 2026\"],\"inLanguage\":\"pt-BR\",\"potentialAction\":[{\"@type\":\"CommentAction\",\"name\":\"Comment\",\"target\":[\"https:\\\/\\\/www.inthemine.com.br\\\/site\\\/aeci-mira-novo-ciclo-de-alta-do-ouro-e-das-terras-raras\\\/#respond\"]}]},{\"@type\":\"WebPage\",\"@id\":\"https:\\\/\\\/www.inthemine.com.br\\\/site\\\/aeci-mira-novo-ciclo-de-alta-do-ouro-e-das-terras-raras\\\/\",\"url\":\"https:\\\/\\\/www.inthemine.com.br\\\/site\\\/aeci-mira-novo-ciclo-de-alta-do-ouro-e-das-terras-raras\\\/\",\"name\":\"AECI MIRA NOVO CICLO DE ALTA DO OURO E DAS TERRAS RARAS - Revista In The Mine\",\"isPartOf\":{\"@id\":\"https:\\\/\\\/www.inthemine.com.br\\\/site\\\/#website\"},\"primaryImageOfPage\":{\"@id\":\"https:\\\/\\\/www.inthemine.com.br\\\/site\\\/aeci-mira-novo-ciclo-de-alta-do-ouro-e-das-terras-raras\\\/#primaryimage\"},\"image\":{\"@id\":\"https:\\\/\\\/www.inthemine.com.br\\\/site\\\/aeci-mira-novo-ciclo-de-alta-do-ouro-e-das-terras-raras\\\/#primaryimage\"},\"thumbnailUrl\":\"https:\\\/\\\/www.inthemine.com.br\\\/site\\\/wp-content\\\/uploads\\\/2026\\\/09\\\/AECI.jpg\",\"datePublished\":\"2026-09-02T19:21:11+00:00\",\"dateModified\":\"2026-09-02T19:22:33+00:00\",\"description\":\"Empresa sul-africana, no Brasil desde 2013, une qu\u00edmica de flota\u00e7\u00e3o e explosivos e v\u00ea no evento o grande encontro que vale semanas de viagens\",\"breadcrumb\":{\"@id\":\"https:\\\/\\\/www.inthemine.com.br\\\/site\\\/aeci-mira-novo-ciclo-de-alta-do-ouro-e-das-terras-raras\\\/#breadcrumb\"},\"inLanguage\":\"pt-BR\",\"potentialAction\":[{\"@type\":\"ReadAction\",\"target\":[\"https:\\\/\\\/www.inthemine.com.br\\\/site\\\/aeci-mira-novo-ciclo-de-alta-do-ouro-e-das-terras-raras\\\/\"]}]},{\"@type\":\"ImageObject\",\"inLanguage\":\"pt-BR\",\"@id\":\"https:\\\/\\\/www.inthemine.com.br\\\/site\\\/aeci-mira-novo-ciclo-de-alta-do-ouro-e-das-terras-raras\\\/#primaryimage\",\"url\":\"https:\\\/\\\/www.inthemine.com.br\\\/site\\\/wp-content\\\/uploads\\\/2026\\\/09\\\/AECI.jpg\",\"contentUrl\":\"https:\\\/\\\/www.inthemine.com.br\\\/site\\\/wp-content\\\/uploads\\\/2026\\\/09\\\/AECI.jpg\",\"width\":960,\"height\":1280,\"caption\":\"Eber Almeida e Daniela Nogueira\"},{\"@type\":\"BreadcrumbList\",\"@id\":\"https:\\\/\\\/www.inthemine.com.br\\\/site\\\/aeci-mira-novo-ciclo-de-alta-do-ouro-e-das-terras-raras\\\/#breadcrumb\",\"itemListElement\":[{\"@type\":\"ListItem\",\"position\":1,\"name\":\"In\u00edcio\",\"item\":\"https:\\\/\\\/www.inthemine.com.br\\\/site\\\/\"},{\"@type\":\"ListItem\",\"position\":2,\"name\":\"AECI MIRA NOVO CICLO DE ALTA DO OURO E DAS TERRAS RARAS\"}]},{\"@type\":\"WebSite\",\"@id\":\"https:\\\/\\\/www.inthemine.com.br\\\/site\\\/#website\",\"url\":\"https:\\\/\\\/www.inthemine.com.br\\\/site\\\/\",\"name\":\"Revista In The Mine\",\"description\":\"Minera\u00e7\u00e3o brasileira\",\"publisher\":{\"@id\":\"https:\\\/\\\/www.inthemine.com.br\\\/site\\\/#organization\"},\"potentialAction\":[{\"@type\":\"SearchAction\",\"target\":{\"@type\":\"EntryPoint\",\"urlTemplate\":\"https:\\\/\\\/www.inthemine.com.br\\\/site\\\/?s={search_term_string}\"},\"query-input\":{\"@type\":\"PropertyValueSpecification\",\"valueRequired\":true,\"valueName\":\"search_term_string\"}}],\"inLanguage\":\"pt-BR\"},{\"@type\":\"Organization\",\"@id\":\"https:\\\/\\\/www.inthemine.com.br\\\/site\\\/#organization\",\"name\":\"In The Mine magazine\",\"url\":\"https:\\\/\\\/www.inthemine.com.br\\\/site\\\/\",\"logo\":{\"@type\":\"ImageObject\",\"inLanguage\":\"pt-BR\",\"@id\":\"https:\\\/\\\/www.inthemine.com.br\\\/site\\\/#\\\/schema\\\/logo\\\/image\\\/\",\"url\":\"https:\\\/\\\/www.inthemine.com.br\\\/site\\\/wp-content\\\/uploads\\\/2014\\\/08\\\/parceiro_theinmine.png\",\"contentUrl\":\"https:\\\/\\\/www.inthemine.com.br\\\/site\\\/wp-content\\\/uploads\\\/2014\\\/08\\\/parceiro_theinmine.png\",\"width\":170,\"height\":120,\"caption\":\"In The Mine magazine\"},\"image\":{\"@id\":\"https:\\\/\\\/www.inthemine.com.br\\\/site\\\/#\\\/schema\\\/logo\\\/image\\\/\"},\"sameAs\":[\"http:\\\/\\\/www.facebook.com\\\/inthemine\",\"https:\\\/\\\/x.com\\\/intheminet\",\"https:\\\/\\\/www.instagram.com\\\/minegaleria\",\"https:\\\/\\\/www.linkedin.com\\\/company\\\/in-the-mine?trk=biz-companies-cym\",\"https:\\\/\\\/www.youtube.com\\\/user\\\/revistainthemine\"]},{\"@type\":\"Person\",\"@id\":\"https:\\\/\\\/www.inthemine.com.br\\\/site\\\/#\\\/schema\\\/person\\\/9eb77cece2cea253bb36c4b68c6a324c\",\"name\":\"Reda\u00e7\u00e3o ITM\",\"image\":{\"@type\":\"ImageObject\",\"inLanguage\":\"pt-BR\",\"@id\":\"https:\\\/\\\/secure.gravatar.com\\\/avatar\\\/0f7f41419befdee0feca08f9ea1e434cac9c04e0b8d28ab40cffb82628fcfdf1?s=96&d=mm&r=g\",\"url\":\"https:\\\/\\\/secure.gravatar.com\\\/avatar\\\/0f7f41419befdee0feca08f9ea1e434cac9c04e0b8d28ab40cffb82628fcfdf1?s=96&d=mm&r=g\",\"contentUrl\":\"https:\\\/\\\/secure.gravatar.com\\\/avatar\\\/0f7f41419befdee0feca08f9ea1e434cac9c04e0b8d28ab40cffb82628fcfdf1?s=96&d=mm&r=g\",\"caption\":\"Reda\u00e7\u00e3o ITM\"},\"url\":\"https:\\\/\\\/www.inthemine.com.br\\\/site\\\/author\\\/admin-itm\\\/\"}]}<\/script>\n<!-- \/ Yoast SEO plugin. -->","yoast_head_json":{"title":"AECI MIRA NOVO CICLO DE ALTA DO OURO E DAS TERRAS RARAS - Revista In The Mine","description":"Empresa sul-africana, no Brasil desde 2013, une qu\u00edmica de flota\u00e7\u00e3o e explosivos e v\u00ea no evento o grande encontro que vale semanas de viagens","robots":{"index":"index","follow":"follow","max-snippet":"max-snippet:-1","max-image-preview":"max-image-preview:large","max-video-preview":"max-video-preview:-1"},"canonical":"https:\/\/www.inthemine.com.br\/site\/aeci-mira-novo-ciclo-de-alta-do-ouro-e-das-terras-raras\/","og_locale":"pt_BR","og_type":"article","og_title":"AECI MIRA NOVO CICLO DE ALTA DO OURO E DAS TERRAS RARAS - Revista In The Mine","og_description":"Empresa sul-africana, no Brasil desde 2013, une qu\u00edmica de flota\u00e7\u00e3o e explosivos e v\u00ea no evento o grande encontro que vale semanas de viagens","og_url":"https:\/\/www.inthemine.com.br\/site\/aeci-mira-novo-ciclo-de-alta-do-ouro-e-das-terras-raras\/","og_site_name":"Revista In The Mine","article_publisher":"http:\/\/www.facebook.com\/inthemine","article_published_time":"2026-09-02T19:21:11+00:00","article_modified_time":"2026-09-02T19:22:33+00:00","og_image":[{"width":960,"height":1280,"url":"https:\/\/www.inthemine.com.br\/site\/wp-content\/uploads\/2026\/09\/AECI.jpg","type":"image\/jpeg"}],"author":"Reda\u00e7\u00e3o ITM","twitter_card":"summary_large_image","twitter_creator":"@intheminet","twitter_site":"@intheminet","twitter_misc":{"Escrito por":"Reda\u00e7\u00e3o ITM","Est. tempo de leitura":"3 minutos"},"schema":{"@context":"https:\/\/schema.org","@graph":[{"@type":"Article","@id":"https:\/\/www.inthemine.com.br\/site\/aeci-mira-novo-ciclo-de-alta-do-ouro-e-das-terras-raras\/#article","isPartOf":{"@id":"https:\/\/www.inthemine.com.br\/site\/aeci-mira-novo-ciclo-de-alta-do-ouro-e-das-terras-raras\/"},"author":{"name":"Reda\u00e7\u00e3o ITM","@id":"https:\/\/www.inthemine.com.br\/site\/#\/schema\/person\/9eb77cece2cea253bb36c4b68c6a324c"},"headline":"AECI MIRA NOVO CICLO DE ALTA DO OURO E DAS TERRAS RARAS","datePublished":"2026-09-02T19:21:11+00:00","dateModified":"2026-09-02T19:22:33+00:00","mainEntityOfPage":{"@id":"https:\/\/www.inthemine.com.br\/site\/aeci-mira-novo-ciclo-de-alta-do-ouro-e-das-terras-raras\/"},"wordCount":375,"commentCount":0,"publisher":{"@id":"https:\/\/www.inthemine.com.br\/site\/#organization"},"image":{"@id":"https:\/\/www.inthemine.com.br\/site\/aeci-mira-novo-ciclo-de-alta-do-ouro-e-das-terras-raras\/#primaryimage"},"thumbnailUrl":"https:\/\/www.inthemine.com.br\/site\/wp-content\/uploads\/2026\/09\/AECI.jpg","articleSection":["DESMONTE","EXPOSIBRAM 2026"],"inLanguage":"pt-BR","potentialAction":[{"@type":"CommentAction","name":"Comment","target":["https:\/\/www.inthemine.com.br\/site\/aeci-mira-novo-ciclo-de-alta-do-ouro-e-das-terras-raras\/#respond"]}]},{"@type":"WebPage","@id":"https:\/\/www.inthemine.com.br\/site\/aeci-mira-novo-ciclo-de-alta-do-ouro-e-das-terras-raras\/","url":"https:\/\/www.inthemine.com.br\/site\/aeci-mira-novo-ciclo-de-alta-do-ouro-e-das-terras-raras\/","name":"AECI MIRA NOVO CICLO DE ALTA DO OURO E DAS TERRAS RARAS - Revista In The Mine","isPartOf":{"@id":"https:\/\/www.inthemine.com.br\/site\/#website"},"primaryImageOfPage":{"@id":"https:\/\/www.inthemine.com.br\/site\/aeci-mira-novo-ciclo-de-alta-do-ouro-e-das-terras-raras\/#primaryimage"},"image":{"@id":"https:\/\/www.inthemine.com.br\/site\/aeci-mira-novo-ciclo-de-alta-do-ouro-e-das-terras-raras\/#primaryimage"},"thumbnailUrl":"https:\/\/www.inthemine.com.br\/site\/wp-content\/uploads\/2026\/09\/AECI.jpg","datePublished":"2026-09-02T19:21:11+00:00","dateModified":"2026-09-02T19:22:33+00:00","description":"Empresa sul-africana, no Brasil desde 2013, une qu\u00edmica de flota\u00e7\u00e3o e explosivos e v\u00ea no evento o grande encontro que vale semanas de viagens","breadcrumb":{"@id":"https:\/\/www.inthemine.com.br\/site\/aeci-mira-novo-ciclo-de-alta-do-ouro-e-das-terras-raras\/#breadcrumb"},"inLanguage":"pt-BR","potentialAction":[{"@type":"ReadAction","target":["https:\/\/www.inthemine.com.br\/site\/aeci-mira-novo-ciclo-de-alta-do-ouro-e-das-terras-raras\/"]}]},{"@type":"ImageObject","inLanguage":"pt-BR","@id":"https:\/\/www.inthemine.com.br\/site\/aeci-mira-novo-ciclo-de-alta-do-ouro-e-das-terras-raras\/#primaryimage","url":"https:\/\/www.inthemine.com.br\/site\/wp-content\/uploads\/2026\/09\/AECI.jpg","contentUrl":"https:\/\/www.inthemine.com.br\/site\/wp-content\/uploads\/2026\/09\/AECI.jpg","width":960,"height":1280,"caption":"Eber Almeida e Daniela Nogueira"},{"@type":"BreadcrumbList","@id":"https:\/\/www.inthemine.com.br\/site\/aeci-mira-novo-ciclo-de-alta-do-ouro-e-das-terras-raras\/#breadcrumb","itemListElement":[{"@type":"ListItem","position":1,"name":"In\u00edcio","item":"https:\/\/www.inthemine.com.br\/site\/"},{"@type":"ListItem","position":2,"name":"AECI MIRA NOVO CICLO DE ALTA DO OURO E DAS TERRAS RARAS"}]},{"@type":"WebSite","@id":"https:\/\/www.inthemine.com.br\/site\/#website","url":"https:\/\/www.inthemine.com.br\/site\/","name":"Revista In The Mine","description":"Minera\u00e7\u00e3o brasileira","publisher":{"@id":"https:\/\/www.inthemine.com.br\/site\/#organization"},"potentialAction":[{"@type":"SearchAction","target":{"@type":"EntryPoint","urlTemplate":"https:\/\/www.inthemine.com.br\/site\/?s={search_term_string}"},"query-input":{"@type":"PropertyValueSpecification","valueRequired":true,"valueName":"search_term_string"}}],"inLanguage":"pt-BR"},{"@type":"Organization","@id":"https:\/\/www.inthemine.com.br\/site\/#organization","name":"In The Mine magazine","url":"https:\/\/www.inthemine.com.br\/site\/","logo":{"@type":"ImageObject","inLanguage":"pt-BR","@id":"https:\/\/www.inthemine.com.br\/site\/#\/schema\/logo\/image\/","url":"https:\/\/www.inthemine.com.br\/site\/wp-content\/uploads\/2014\/08\/parceiro_theinmine.png","contentUrl":"https:\/\/www.inthemine.com.br\/site\/wp-content\/uploads\/2014\/08\/parceiro_theinmine.png","width":170,"height":120,"caption":"In The Mine magazine"},"image":{"@id":"https:\/\/www.inthemine.com.br\/site\/#\/schema\/logo\/image\/"},"sameAs":["http:\/\/www.facebook.com\/inthemine","https:\/\/x.com\/intheminet","https:\/\/www.instagram.com\/minegaleria","https:\/\/www.linkedin.com\/company\/in-the-mine?trk=biz-companies-cym","https:\/\/www.youtube.com\/user\/revistainthemine"]},{"@type":"Person","@id":"https:\/\/www.inthemine.com.br\/site\/#\/schema\/person\/9eb77cece2cea253bb36c4b68c6a324c","name":"Reda\u00e7\u00e3o ITM","image":{"@type":"ImageObject","inLanguage":"pt-BR","@id":"https:\/\/secure.gravatar.com\/avatar\/0f7f41419befdee0feca08f9ea1e434cac9c04e0b8d28ab40cffb82628fcfdf1?s=96&d=mm&r=g","url":"https:\/\/secure.gravatar.com\/avatar\/0f7f41419befdee0feca08f9ea1e434cac9c04e0b8d28ab40cffb82628fcfdf1?s=96&d=mm&r=g","contentUrl":"https:\/\/secure.gravatar.com\/avatar\/0f7f41419befdee0feca08f9ea1e434cac9c04e0b8d28ab40cffb82628fcfdf1?s=96&d=mm&r=g","caption":"Reda\u00e7\u00e3o ITM"},"url":"https:\/\/www.inthemine.com.br\/site\/author\/admin-itm\/"}]}},"_links":{"self":[{"href":"https:\/\/www.inthemine.com.br\/site\/wp-json\/wp\/v2\/posts\/32085","targetHints":{"allow":["GET"]}}],"collection":[{"href":"https:\/\/www.inthemine.com.br\/site\/wp-json\/wp\/v2\/posts"}],"about":[{"href":"https:\/\/www.inthemine.com.br\/site\/wp-json\/wp\/v2\/types\/post"}],"author":[{"embeddable":true,"href":"https:\/\/www.inthemine.com.br\/site\/wp-json\/wp\/v2\/users\/3"}],"replies":[{"embeddable":true,"href":"https:\/\/www.inthemine.com.br\/site\/wp-json\/wp\/v2\/comments?post=32085"}],"version-history":[{"count":1,"href":"https:\/\/www.inthemine.com.br\/site\/wp-json\/wp\/v2\/posts\/32085\/revisions"}],"predecessor-version":[{"id":32087,"href":"https:\/\/www.inthemine.com.br\/site\/wp-json\/wp\/v2\/posts\/32085\/revisions\/32087"}],"wp:featuredmedia":[{"embeddable":true,"href":"https:\/\/www.inthemine.com.br\/site\/wp-json\/wp\/v2\/media\/32086"}],"wp:attachment":[{"href":"https:\/\/www.inthemine.com.br\/site\/wp-json\/wp\/v2\/media?parent=32085"}],"wp:term":[{"taxonomy":"category","embeddable":true,"href":"https:\/\/www.inthemine.com.br\/site\/wp-json\/wp\/v2\/categories?post=32085"},{"taxonomy":"post_tag","embeddable":true,"href":"https:\/\/www.inthemine.com.br\/site\/wp-json\/wp\/v2\/tags?post=32085"}],"curies":[{"name":"wp","href":"https:\/\/api.w.org\/{rel}","templated":true}]}}