{"id":32079,"date":"2026-09-02T16:08:55","date_gmt":"2026-09-02T19:08:55","guid":{"rendered":"https:\/\/www.inthemine.com.br\/site\/?p=32079"},"modified":"2026-09-02T16:10:25","modified_gmt":"2026-09-02T19:10:25","slug":"a-mineracao-segundo-a-andritz-na-exposibram-2026","status":"publish","type":"post","link":"https:\/\/www.inthemine.com.br\/site\/a-mineracao-segundo-a-andritz-na-exposibram-2026\/","title":{"rendered":"A MINERA\u00c7\u00c3O SEGUNDO A ANDRITZ NA EXPOSIBRAM 2026"},"content":{"rendered":"<p>Quem passou pelo estande da Andritz na Exposibram 2026 encontrou sensores medindo variabilidade de processo e simuladores prevendo o comportamento de uma planta. \u00c9 esse contraste, entre o imagin\u00e1rio duro do setor e a sofistica\u00e7\u00e3o digital que hoje sustenta a opera\u00e7\u00e3o, que a empresa faz quest\u00e3o de explorar.<\/p>\n<p>A Andritz atua na separa\u00e7\u00e3o s\u00f3lido-l\u00edquido: espessamento, desaguamento, filtros prensa, de disco e horizontais a v\u00e1cuo, al\u00e9m de sistemas de secagem. Sediada na \u00c1ustria, opera no Brasil a partir de uma f\u00e1brica em Pomerode (SC) e mant\u00e9m base instalada nas grandes empresas mineradoras nos estados de Minas Gerais, Goi\u00e1s, Par\u00e1 e Bahia. No mundo, a presen\u00e7a chega a 80 pa\u00edses.<\/p>\n<p>O diferencial da companhia n\u00e3o est\u00e1 apenas no equipamento, mas no que vem depois dele, diz o diretor de Vendas e Marketing no Brasil, Eduardo Schwenk Castro. &#8220;A Andritz entrega uma solu\u00e7\u00e3o de filtragem completa com p\u00f3s-vendas&#8221;, afirma, citando otimiza\u00e7\u00e3o de processos, digitaliza\u00e7\u00e3o e assist\u00eancia t\u00e9cnica pr\u00f3xima do cliente.<\/p>\n<p><a href=\"https:\/\/www.inthemine.com.br\/site\/wp-content\/uploads\/2026\/09\/IMG-20260902-WA0006-e1788376203142.jpg\"><img loading=\"lazy\" decoding=\"async\" class=\"aligncenter size-full wp-image-32083\" src=\"https:\/\/www.inthemine.com.br\/site\/wp-content\/uploads\/2026\/09\/IMG-20260902-WA0006-e1788376203142.jpg\" alt=\"ANDRITZ\" width=\"700\" height=\"525\" \/><\/a><\/p>\n<p>Na pr\u00e1tica, a empresa tamb\u00e9m atua sobre m\u00e1quinas de outros fabricantes, oferecendo suporte ao longo de todo o ciclo de vida dos ativos, da curva de aprendizado no start-up de uma planta at\u00e9 o pico de performance operacional.<\/p>\n<p>No cen\u00e1rio atual, o custo do frete tem corro\u00eddo as margens das mineradoras, especialmente no min\u00e9rio de ferro, e isso empurra a ind\u00fastria para uma busca mais agressiva por efici\u00eancia. \u00c9 a\u00ed que entram as solu\u00e7\u00f5es digitais da empresa, voltadas para reduzir consumo de energia e de reagentes, diminuir variabilidade e ampliar a capacidade das plantas sem novos investimentos pesados em estrutura.<\/p>\n<p>A expectativa para a Exposibram 2026 seguiu essa l\u00f3gica. Mais do que fechar contratos pontuais, a Andritz apostou em parcerias de longo prazo, caso da rela\u00e7\u00e3o j\u00e1 estabelecida com a Vale no desenvolvimento de digitaliza\u00e7\u00e3o para simula\u00e7\u00e3o de processos e controle avan\u00e7ado. Para a empresa, o objetivo da feira foi claro: mostrar que competitividade, hoje, se mede em dados, n\u00e3o apenas em toneladas.<\/p>\n","protected":false},"excerpt":{"rendered":"<p>Fretes mais caros, margens mais apertadas. Para a empresa austr\u00edaca, a resposta est\u00e1 na efici\u00eancia em otimizar cada etapa do processo<\/p>\n","protected":false},"author":3,"featured_media":32080,"comment_status":"open","ping_status":"open","sticky":false,"template":"","format":"standard","meta":{"footnotes":""},"categories":[9452,48],"tags":[],"class_list":["post-32079","post","type-post","status-publish","format-standard","has-post-thumbnail","hentry","category-exposibram-2026","category-processamento-guia-itm"],"yoast_head":"<!-- This site is optimized with the Yoast SEO plugin v28.4 - https:\/\/yoast.com\/product\/yoast-seo-wordpress\/ -->\n<title>A MINERA\u00c7\u00c3O SEGUNDO A ANDRITZ NA EXPOSIBRAM 2026 - Revista In The Mine<\/title>\n<meta name=\"description\" content=\"Fretes mais caros, margens mais apertadas. Para a empresa austr\u00edaca, a resposta est\u00e1 na efici\u00eancia em otimizar cada etapa do processo\" \/>\n<meta name=\"robots\" content=\"index, follow, max-snippet:-1, max-image-preview:large, max-video-preview:-1\" \/>\n<link rel=\"canonical\" href=\"https:\/\/www.inthemine.com.br\/site\/a-mineracao-segundo-a-andritz-na-exposibram-2026\/\" \/>\n<meta property=\"og:locale\" content=\"pt_BR\" \/>\n<meta property=\"og:type\" content=\"article\" \/>\n<meta property=\"og:title\" content=\"A MINERA\u00c7\u00c3O SEGUNDO A ANDRITZ NA EXPOSIBRAM 2026 - Revista In The Mine\" \/>\n<meta property=\"og:description\" content=\"Fretes mais caros, margens mais apertadas. Para a empresa austr\u00edaca, a resposta est\u00e1 na efici\u00eancia em otimizar cada etapa do processo\" \/>\n<meta property=\"og:url\" content=\"https:\/\/www.inthemine.com.br\/site\/a-mineracao-segundo-a-andritz-na-exposibram-2026\/\" \/>\n<meta property=\"og:site_name\" content=\"Revista In The Mine\" \/>\n<meta property=\"article:publisher\" content=\"http:\/\/www.facebook.com\/inthemine\" \/>\n<meta property=\"article:published_time\" content=\"2026-09-02T19:08:55+00:00\" \/>\n<meta property=\"article:modified_time\" content=\"2026-09-02T19:10:25+00:00\" \/>\n<meta property=\"og:image\" content=\"https:\/\/www.inthemine.com.br\/site\/wp-content\/uploads\/2026\/09\/IMG-20260902-WA0007-e1788376117302.jpg\" \/>\n\t<meta property=\"og:image:width\" content=\"800\" \/>\n\t<meta property=\"og:image:height\" content=\"674\" \/>\n\t<meta property=\"og:image:type\" content=\"image\/jpeg\" \/>\n<meta name=\"author\" content=\"Reda\u00e7\u00e3o ITM\" \/>\n<meta name=\"twitter:card\" content=\"summary_large_image\" \/>\n<meta name=\"twitter:creator\" content=\"@intheminet\" \/>\n<meta name=\"twitter:site\" content=\"@intheminet\" \/>\n<meta name=\"twitter:label1\" content=\"Escrito por\" \/>\n\t<meta name=\"twitter:data1\" content=\"Reda\u00e7\u00e3o ITM\" \/>\n\t<meta name=\"twitter:label2\" content=\"Est. tempo de leitura\" \/>\n\t<meta name=\"twitter:data2\" content=\"3 minutos\" \/>\n<script type=\"application\/ld+json\" class=\"yoast-schema-graph\">{\"@context\":\"https:\\\/\\\/schema.org\",\"@graph\":[{\"@type\":\"Article\",\"@id\":\"https:\\\/\\\/www.inthemine.com.br\\\/site\\\/a-mineracao-segundo-a-andritz-na-exposibram-2026\\\/#article\",\"isPartOf\":{\"@id\":\"https:\\\/\\\/www.inthemine.com.br\\\/site\\\/a-mineracao-segundo-a-andritz-na-exposibram-2026\\\/\"},\"author\":{\"name\":\"Reda\u00e7\u00e3o ITM\",\"@id\":\"https:\\\/\\\/www.inthemine.com.br\\\/site\\\/#\\\/schema\\\/person\\\/9eb77cece2cea253bb36c4b68c6a324c\"},\"headline\":\"A MINERA\u00c7\u00c3O SEGUNDO A ANDRITZ NA EXPOSIBRAM 2026\",\"datePublished\":\"2026-09-02T19:08:55+00:00\",\"dateModified\":\"2026-09-02T19:10:25+00:00\",\"mainEntityOfPage\":{\"@id\":\"https:\\\/\\\/www.inthemine.com.br\\\/site\\\/a-mineracao-segundo-a-andritz-na-exposibram-2026\\\/\"},\"wordCount\":360,\"commentCount\":0,\"publisher\":{\"@id\":\"https:\\\/\\\/www.inthemine.com.br\\\/site\\\/#organization\"},\"image\":{\"@id\":\"https:\\\/\\\/www.inthemine.com.br\\\/site\\\/a-mineracao-segundo-a-andritz-na-exposibram-2026\\\/#primaryimage\"},\"thumbnailUrl\":\"https:\\\/\\\/www.inthemine.com.br\\\/site\\\/wp-content\\\/uploads\\\/2026\\\/09\\\/IMG-20260902-WA0007-e1788376117302.jpg\",\"articleSection\":[\"EXPOSIBRAM 2026\",\"PROCESSAMENTO\"],\"inLanguage\":\"pt-BR\",\"potentialAction\":[{\"@type\":\"CommentAction\",\"name\":\"Comment\",\"target\":[\"https:\\\/\\\/www.inthemine.com.br\\\/site\\\/a-mineracao-segundo-a-andritz-na-exposibram-2026\\\/#respond\"]}]},{\"@type\":\"WebPage\",\"@id\":\"https:\\\/\\\/www.inthemine.com.br\\\/site\\\/a-mineracao-segundo-a-andritz-na-exposibram-2026\\\/\",\"url\":\"https:\\\/\\\/www.inthemine.com.br\\\/site\\\/a-mineracao-segundo-a-andritz-na-exposibram-2026\\\/\",\"name\":\"A MINERA\u00c7\u00c3O SEGUNDO A ANDRITZ NA EXPOSIBRAM 2026 - Revista In The Mine\",\"isPartOf\":{\"@id\":\"https:\\\/\\\/www.inthemine.com.br\\\/site\\\/#website\"},\"primaryImageOfPage\":{\"@id\":\"https:\\\/\\\/www.inthemine.com.br\\\/site\\\/a-mineracao-segundo-a-andritz-na-exposibram-2026\\\/#primaryimage\"},\"image\":{\"@id\":\"https:\\\/\\\/www.inthemine.com.br\\\/site\\\/a-mineracao-segundo-a-andritz-na-exposibram-2026\\\/#primaryimage\"},\"thumbnailUrl\":\"https:\\\/\\\/www.inthemine.com.br\\\/site\\\/wp-content\\\/uploads\\\/2026\\\/09\\\/IMG-20260902-WA0007-e1788376117302.jpg\",\"datePublished\":\"2026-09-02T19:08:55+00:00\",\"dateModified\":\"2026-09-02T19:10:25+00:00\",\"description\":\"Fretes mais caros, margens mais apertadas. Para a empresa austr\u00edaca, a resposta est\u00e1 na efici\u00eancia em otimizar cada etapa do processo\",\"breadcrumb\":{\"@id\":\"https:\\\/\\\/www.inthemine.com.br\\\/site\\\/a-mineracao-segundo-a-andritz-na-exposibram-2026\\\/#breadcrumb\"},\"inLanguage\":\"pt-BR\",\"potentialAction\":[{\"@type\":\"ReadAction\",\"target\":[\"https:\\\/\\\/www.inthemine.com.br\\\/site\\\/a-mineracao-segundo-a-andritz-na-exposibram-2026\\\/\"]}]},{\"@type\":\"ImageObject\",\"inLanguage\":\"pt-BR\",\"@id\":\"https:\\\/\\\/www.inthemine.com.br\\\/site\\\/a-mineracao-segundo-a-andritz-na-exposibram-2026\\\/#primaryimage\",\"url\":\"https:\\\/\\\/www.inthemine.com.br\\\/site\\\/wp-content\\\/uploads\\\/2026\\\/09\\\/IMG-20260902-WA0007-e1788376117302.jpg\",\"contentUrl\":\"https:\\\/\\\/www.inthemine.com.br\\\/site\\\/wp-content\\\/uploads\\\/2026\\\/09\\\/IMG-20260902-WA0007-e1788376117302.jpg\",\"width\":800,\"height\":674,\"caption\":\"Eduardo Schwenk Castro\"},{\"@type\":\"BreadcrumbList\",\"@id\":\"https:\\\/\\\/www.inthemine.com.br\\\/site\\\/a-mineracao-segundo-a-andritz-na-exposibram-2026\\\/#breadcrumb\",\"itemListElement\":[{\"@type\":\"ListItem\",\"position\":1,\"name\":\"In\u00edcio\",\"item\":\"https:\\\/\\\/www.inthemine.com.br\\\/site\\\/\"},{\"@type\":\"ListItem\",\"position\":2,\"name\":\"A MINERA\u00c7\u00c3O SEGUNDO A ANDRITZ NA EXPOSIBRAM 2026\"}]},{\"@type\":\"WebSite\",\"@id\":\"https:\\\/\\\/www.inthemine.com.br\\\/site\\\/#website\",\"url\":\"https:\\\/\\\/www.inthemine.com.br\\\/site\\\/\",\"name\":\"Revista In The Mine\",\"description\":\"Minera\u00e7\u00e3o brasileira\",\"publisher\":{\"@id\":\"https:\\\/\\\/www.inthemine.com.br\\\/site\\\/#organization\"},\"potentialAction\":[{\"@type\":\"SearchAction\",\"target\":{\"@type\":\"EntryPoint\",\"urlTemplate\":\"https:\\\/\\\/www.inthemine.com.br\\\/site\\\/?s={search_term_string}\"},\"query-input\":{\"@type\":\"PropertyValueSpecification\",\"valueRequired\":true,\"valueName\":\"search_term_string\"}}],\"inLanguage\":\"pt-BR\"},{\"@type\":\"Organization\",\"@id\":\"https:\\\/\\\/www.inthemine.com.br\\\/site\\\/#organization\",\"name\":\"In The Mine magazine\",\"url\":\"https:\\\/\\\/www.inthemine.com.br\\\/site\\\/\",\"logo\":{\"@type\":\"ImageObject\",\"inLanguage\":\"pt-BR\",\"@id\":\"https:\\\/\\\/www.inthemine.com.br\\\/site\\\/#\\\/schema\\\/logo\\\/image\\\/\",\"url\":\"https:\\\/\\\/www.inthemine.com.br\\\/site\\\/wp-content\\\/uploads\\\/2014\\\/08\\\/parceiro_theinmine.png\",\"contentUrl\":\"https:\\\/\\\/www.inthemine.com.br\\\/site\\\/wp-content\\\/uploads\\\/2014\\\/08\\\/parceiro_theinmine.png\",\"width\":170,\"height\":120,\"caption\":\"In The Mine magazine\"},\"image\":{\"@id\":\"https:\\\/\\\/www.inthemine.com.br\\\/site\\\/#\\\/schema\\\/logo\\\/image\\\/\"},\"sameAs\":[\"http:\\\/\\\/www.facebook.com\\\/inthemine\",\"https:\\\/\\\/x.com\\\/intheminet\",\"https:\\\/\\\/www.instagram.com\\\/minegaleria\",\"https:\\\/\\\/www.linkedin.com\\\/company\\\/in-the-mine?trk=biz-companies-cym\",\"https:\\\/\\\/www.youtube.com\\\/user\\\/revistainthemine\"]},{\"@type\":\"Person\",\"@id\":\"https:\\\/\\\/www.inthemine.com.br\\\/site\\\/#\\\/schema\\\/person\\\/9eb77cece2cea253bb36c4b68c6a324c\",\"name\":\"Reda\u00e7\u00e3o ITM\",\"image\":{\"@type\":\"ImageObject\",\"inLanguage\":\"pt-BR\",\"@id\":\"https:\\\/\\\/secure.gravatar.com\\\/avatar\\\/0f7f41419befdee0feca08f9ea1e434cac9c04e0b8d28ab40cffb82628fcfdf1?s=96&d=mm&r=g\",\"url\":\"https:\\\/\\\/secure.gravatar.com\\\/avatar\\\/0f7f41419befdee0feca08f9ea1e434cac9c04e0b8d28ab40cffb82628fcfdf1?s=96&d=mm&r=g\",\"contentUrl\":\"https:\\\/\\\/secure.gravatar.com\\\/avatar\\\/0f7f41419befdee0feca08f9ea1e434cac9c04e0b8d28ab40cffb82628fcfdf1?s=96&d=mm&r=g\",\"caption\":\"Reda\u00e7\u00e3o ITM\"},\"url\":\"https:\\\/\\\/www.inthemine.com.br\\\/site\\\/author\\\/admin-itm\\\/\"}]}<\/script>\n<!-- \/ Yoast SEO plugin. -->","yoast_head_json":{"title":"A MINERA\u00c7\u00c3O SEGUNDO A ANDRITZ NA EXPOSIBRAM 2026 - Revista In The Mine","description":"Fretes mais caros, margens mais apertadas. Para a empresa austr\u00edaca, a resposta est\u00e1 na efici\u00eancia em otimizar cada etapa do processo","robots":{"index":"index","follow":"follow","max-snippet":"max-snippet:-1","max-image-preview":"max-image-preview:large","max-video-preview":"max-video-preview:-1"},"canonical":"https:\/\/www.inthemine.com.br\/site\/a-mineracao-segundo-a-andritz-na-exposibram-2026\/","og_locale":"pt_BR","og_type":"article","og_title":"A MINERA\u00c7\u00c3O SEGUNDO A ANDRITZ NA EXPOSIBRAM 2026 - Revista In The Mine","og_description":"Fretes mais caros, margens mais apertadas. Para a empresa austr\u00edaca, a resposta est\u00e1 na efici\u00eancia em otimizar cada etapa do processo","og_url":"https:\/\/www.inthemine.com.br\/site\/a-mineracao-segundo-a-andritz-na-exposibram-2026\/","og_site_name":"Revista In The Mine","article_publisher":"http:\/\/www.facebook.com\/inthemine","article_published_time":"2026-09-02T19:08:55+00:00","article_modified_time":"2026-09-02T19:10:25+00:00","og_image":[{"width":800,"height":674,"url":"https:\/\/www.inthemine.com.br\/site\/wp-content\/uploads\/2026\/09\/IMG-20260902-WA0007-e1788376117302.jpg","type":"image\/jpeg"}],"author":"Reda\u00e7\u00e3o ITM","twitter_card":"summary_large_image","twitter_creator":"@intheminet","twitter_site":"@intheminet","twitter_misc":{"Escrito por":"Reda\u00e7\u00e3o ITM","Est. tempo de leitura":"3 minutos"},"schema":{"@context":"https:\/\/schema.org","@graph":[{"@type":"Article","@id":"https:\/\/www.inthemine.com.br\/site\/a-mineracao-segundo-a-andritz-na-exposibram-2026\/#article","isPartOf":{"@id":"https:\/\/www.inthemine.com.br\/site\/a-mineracao-segundo-a-andritz-na-exposibram-2026\/"},"author":{"name":"Reda\u00e7\u00e3o ITM","@id":"https:\/\/www.inthemine.com.br\/site\/#\/schema\/person\/9eb77cece2cea253bb36c4b68c6a324c"},"headline":"A MINERA\u00c7\u00c3O SEGUNDO A ANDRITZ NA EXPOSIBRAM 2026","datePublished":"2026-09-02T19:08:55+00:00","dateModified":"2026-09-02T19:10:25+00:00","mainEntityOfPage":{"@id":"https:\/\/www.inthemine.com.br\/site\/a-mineracao-segundo-a-andritz-na-exposibram-2026\/"},"wordCount":360,"commentCount":0,"publisher":{"@id":"https:\/\/www.inthemine.com.br\/site\/#organization"},"image":{"@id":"https:\/\/www.inthemine.com.br\/site\/a-mineracao-segundo-a-andritz-na-exposibram-2026\/#primaryimage"},"thumbnailUrl":"https:\/\/www.inthemine.com.br\/site\/wp-content\/uploads\/2026\/09\/IMG-20260902-WA0007-e1788376117302.jpg","articleSection":["EXPOSIBRAM 2026","PROCESSAMENTO"],"inLanguage":"pt-BR","potentialAction":[{"@type":"CommentAction","name":"Comment","target":["https:\/\/www.inthemine.com.br\/site\/a-mineracao-segundo-a-andritz-na-exposibram-2026\/#respond"]}]},{"@type":"WebPage","@id":"https:\/\/www.inthemine.com.br\/site\/a-mineracao-segundo-a-andritz-na-exposibram-2026\/","url":"https:\/\/www.inthemine.com.br\/site\/a-mineracao-segundo-a-andritz-na-exposibram-2026\/","name":"A MINERA\u00c7\u00c3O SEGUNDO A ANDRITZ NA EXPOSIBRAM 2026 - Revista In The Mine","isPartOf":{"@id":"https:\/\/www.inthemine.com.br\/site\/#website"},"primaryImageOfPage":{"@id":"https:\/\/www.inthemine.com.br\/site\/a-mineracao-segundo-a-andritz-na-exposibram-2026\/#primaryimage"},"image":{"@id":"https:\/\/www.inthemine.com.br\/site\/a-mineracao-segundo-a-andritz-na-exposibram-2026\/#primaryimage"},"thumbnailUrl":"https:\/\/www.inthemine.com.br\/site\/wp-content\/uploads\/2026\/09\/IMG-20260902-WA0007-e1788376117302.jpg","datePublished":"2026-09-02T19:08:55+00:00","dateModified":"2026-09-02T19:10:25+00:00","description":"Fretes mais caros, margens mais apertadas. Para a empresa austr\u00edaca, a resposta est\u00e1 na efici\u00eancia em otimizar cada etapa do processo","breadcrumb":{"@id":"https:\/\/www.inthemine.com.br\/site\/a-mineracao-segundo-a-andritz-na-exposibram-2026\/#breadcrumb"},"inLanguage":"pt-BR","potentialAction":[{"@type":"ReadAction","target":["https:\/\/www.inthemine.com.br\/site\/a-mineracao-segundo-a-andritz-na-exposibram-2026\/"]}]},{"@type":"ImageObject","inLanguage":"pt-BR","@id":"https:\/\/www.inthemine.com.br\/site\/a-mineracao-segundo-a-andritz-na-exposibram-2026\/#primaryimage","url":"https:\/\/www.inthemine.com.br\/site\/wp-content\/uploads\/2026\/09\/IMG-20260902-WA0007-e1788376117302.jpg","contentUrl":"https:\/\/www.inthemine.com.br\/site\/wp-content\/uploads\/2026\/09\/IMG-20260902-WA0007-e1788376117302.jpg","width":800,"height":674,"caption":"Eduardo Schwenk Castro"},{"@type":"BreadcrumbList","@id":"https:\/\/www.inthemine.com.br\/site\/a-mineracao-segundo-a-andritz-na-exposibram-2026\/#breadcrumb","itemListElement":[{"@type":"ListItem","position":1,"name":"In\u00edcio","item":"https:\/\/www.inthemine.com.br\/site\/"},{"@type":"ListItem","position":2,"name":"A MINERA\u00c7\u00c3O SEGUNDO A ANDRITZ NA EXPOSIBRAM 2026"}]},{"@type":"WebSite","@id":"https:\/\/www.inthemine.com.br\/site\/#website","url":"https:\/\/www.inthemine.com.br\/site\/","name":"Revista In The Mine","description":"Minera\u00e7\u00e3o brasileira","publisher":{"@id":"https:\/\/www.inthemine.com.br\/site\/#organization"},"potentialAction":[{"@type":"SearchAction","target":{"@type":"EntryPoint","urlTemplate":"https:\/\/www.inthemine.com.br\/site\/?s={search_term_string}"},"query-input":{"@type":"PropertyValueSpecification","valueRequired":true,"valueName":"search_term_string"}}],"inLanguage":"pt-BR"},{"@type":"Organization","@id":"https:\/\/www.inthemine.com.br\/site\/#organization","name":"In The Mine magazine","url":"https:\/\/www.inthemine.com.br\/site\/","logo":{"@type":"ImageObject","inLanguage":"pt-BR","@id":"https:\/\/www.inthemine.com.br\/site\/#\/schema\/logo\/image\/","url":"https:\/\/www.inthemine.com.br\/site\/wp-content\/uploads\/2014\/08\/parceiro_theinmine.png","contentUrl":"https:\/\/www.inthemine.com.br\/site\/wp-content\/uploads\/2014\/08\/parceiro_theinmine.png","width":170,"height":120,"caption":"In The Mine magazine"},"image":{"@id":"https:\/\/www.inthemine.com.br\/site\/#\/schema\/logo\/image\/"},"sameAs":["http:\/\/www.facebook.com\/inthemine","https:\/\/x.com\/intheminet","https:\/\/www.instagram.com\/minegaleria","https:\/\/www.linkedin.com\/company\/in-the-mine?trk=biz-companies-cym","https:\/\/www.youtube.com\/user\/revistainthemine"]},{"@type":"Person","@id":"https:\/\/www.inthemine.com.br\/site\/#\/schema\/person\/9eb77cece2cea253bb36c4b68c6a324c","name":"Reda\u00e7\u00e3o ITM","image":{"@type":"ImageObject","inLanguage":"pt-BR","@id":"https:\/\/secure.gravatar.com\/avatar\/0f7f41419befdee0feca08f9ea1e434cac9c04e0b8d28ab40cffb82628fcfdf1?s=96&d=mm&r=g","url":"https:\/\/secure.gravatar.com\/avatar\/0f7f41419befdee0feca08f9ea1e434cac9c04e0b8d28ab40cffb82628fcfdf1?s=96&d=mm&r=g","contentUrl":"https:\/\/secure.gravatar.com\/avatar\/0f7f41419befdee0feca08f9ea1e434cac9c04e0b8d28ab40cffb82628fcfdf1?s=96&d=mm&r=g","caption":"Reda\u00e7\u00e3o ITM"},"url":"https:\/\/www.inthemine.com.br\/site\/author\/admin-itm\/"}]}},"_links":{"self":[{"href":"https:\/\/www.inthemine.com.br\/site\/wp-json\/wp\/v2\/posts\/32079","targetHints":{"allow":["GET"]}}],"collection":[{"href":"https:\/\/www.inthemine.com.br\/site\/wp-json\/wp\/v2\/posts"}],"about":[{"href":"https:\/\/www.inthemine.com.br\/site\/wp-json\/wp\/v2\/types\/post"}],"author":[{"embeddable":true,"href":"https:\/\/www.inthemine.com.br\/site\/wp-json\/wp\/v2\/users\/3"}],"replies":[{"embeddable":true,"href":"https:\/\/www.inthemine.com.br\/site\/wp-json\/wp\/v2\/comments?post=32079"}],"version-history":[{"count":3,"href":"https:\/\/www.inthemine.com.br\/site\/wp-json\/wp\/v2\/posts\/32079\/revisions"}],"predecessor-version":[{"id":32084,"href":"https:\/\/www.inthemine.com.br\/site\/wp-json\/wp\/v2\/posts\/32079\/revisions\/32084"}],"wp:featuredmedia":[{"embeddable":true,"href":"https:\/\/www.inthemine.com.br\/site\/wp-json\/wp\/v2\/media\/32080"}],"wp:attachment":[{"href":"https:\/\/www.inthemine.com.br\/site\/wp-json\/wp\/v2\/media?parent=32079"}],"wp:term":[{"taxonomy":"category","embeddable":true,"href":"https:\/\/www.inthemine.com.br\/site\/wp-json\/wp\/v2\/categories?post=32079"},{"taxonomy":"post_tag","embeddable":true,"href":"https:\/\/www.inthemine.com.br\/site\/wp-json\/wp\/v2\/tags?post=32079"}],"curies":[{"name":"wp","href":"https:\/\/api.w.org\/{rel}","templated":true}]}}