{"id":32067,"date":"2026-09-02T15:25:57","date_gmt":"2026-09-02T18:25:57","guid":{"rendered":"https:\/\/www.inthemine.com.br\/site\/?p=32067"},"modified":"2026-09-02T15:25:57","modified_gmt":"2026-09-02T18:25:57","slug":"weir-amplia-fronteiras-no-setor-com-aquisicoes-e-tecnologia","status":"publish","type":"post","link":"https:\/\/www.inthemine.com.br\/site\/weir-amplia-fronteiras-no-setor-com-aquisicoes-e-tecnologia\/","title":{"rendered":"WEIR AMPLIA FRONTEIRAS NO SETOR COM AQUISI\u00c7\u00d5ES E TECNOLOGIA"},"content":{"rendered":"<p>H\u00e1 mais de um s\u00e9culo no mercado, a Weir n\u00e3o \u00e9 exatamente uma novidade para a minera\u00e7\u00e3o mundial. A novidade \u00e9 a forma como ela chegou \u00e0 Exposibram 2026. \u00c0 frente do que a companhia escocesa chama de sua divis\u00e3o de tecnologia, diretor de opera\u00e7\u00f5es da Fastmine, Jeremias Azambuja, representa um movimento que redesenhou o portf\u00f3lio do grupo nos \u00faltimos dois anos: as aquisi\u00e7\u00f5es da Micromine e da pr\u00f3pria Fastmine.<\/p>\n<p>Esta transa\u00e7\u00e3o trouxe software de ponta a ponta ao neg\u00f3cio da Weir, historicamente constru\u00eddo sobre bombas e, mais recentemente, sobre pe\u00e7as de desgaste da ESCO.<\/p>\n<p>O resultado \u00e9 uma companhia que j\u00e1 n\u00e3o se define apenas pelo hardware. &#8220;Hoje a Weir se posiciona como uma empresa que atende toda a cadeia de valor da minera\u00e7\u00e3o, especialmente na \u00e1rea de software&#8221;, diz Azambuja. Na pr\u00e1tica, isso significa solu\u00e7\u00f5es que acompanham o min\u00e9rio desde a prospec\u00e7\u00e3o at\u00e9 a expedi\u00e7\u00e3o, um espectro que poucos concorrentes conseguem cobrir com a mesma profundidade em cada etapa.<\/p>\n<p>Questionado sobre o que diferencia a empresa num mercado disputado, o executivo evita o discurso pronto. Para ele, o diferencial n\u00e3o est\u00e1 s\u00f3 na engenharia, mas na disposi\u00e7\u00e3o de entender o problema do cliente antes de vender qualquer coisa. &#8220;\u00c9 a profundidade no conhecimento do problema do cliente, al\u00e9m, claro, de estar genuinamente disposto a buscar as solu\u00e7\u00f5es&#8221;, define. Uma postura que, segundo ele, \u00e9 o que sustenta parcerias de longo prazo, e n\u00e3o apenas contratos pontuais.<\/p>\n<p><a href=\"https:\/\/www.inthemine.com.br\/site\/wp-content\/uploads\/2026\/09\/stand-WEIR-e1788373543810.jpg\"><img loading=\"lazy\" decoding=\"async\" class=\"aligncenter size-full wp-image-32069\" src=\"https:\/\/www.inthemine.com.br\/site\/wp-content\/uploads\/2026\/09\/stand-WEIR-e1788373543810.jpg\" alt=\"stand-WEIR\" width=\"700\" height=\"627\" srcset=\"https:\/\/www.inthemine.com.br\/site\/wp-content\/uploads\/2026\/09\/stand-WEIR-e1788373543810.jpg 700w, https:\/\/www.inthemine.com.br\/site\/wp-content\/uploads\/2026\/09\/stand-WEIR-e1788373543810-300x269.jpg 300w\" sizes=\"auto, (max-width: 700px) 100vw, 700px\" \/><\/a><\/p>\n<p>Azambuja diz que o setor sentiu a desacelera\u00e7\u00e3o do primeiro semestre de 2026, mas ele prefere olhar para o outro lado do ciclo: &#8220;A minera\u00e7\u00e3o \u00e9 ind\u00fastria de base. Ela tem os seus ciclos, mas a gente sempre vai precisar dela.&#8221; Na vis\u00e3o dele, \u00e9 justamente nos momentos mais apertados que empresas com produtos, software e pessoas de qualidade se destacam. \u00a0\u201cE \u00e9 nesse ponto que a Weir tem conseguido crescer e gerar valor para as mineradoras.\u201d<\/p>\n<p>A expectativa para a edi\u00e7\u00e3o da Exposibram em 2026 tamb\u00e9m carregou um hist\u00f3rico. A Fastmine participa da feira desde 2017, e a Weir, h\u00e1 ainda mais tempo. Mais do que uma vitrine, o evento funciona como term\u00f4metro de relacionamento: reencontro com clientes, apresenta\u00e7\u00e3o de novidades e consolida\u00e7\u00e3o de parcerias para os pr\u00f3ximos ciclos. &#8220;\u00c9 um momento \u00fanico, muito especial, de troca e de aprendizado&#8221;, diz ele. Uma s\u00edntese que resume bem a aposta da Weir para 2026: crescer justapondo tradi\u00e7\u00e3o centen\u00e1ria e tecnologia de ponta a ponta.<\/p>\n","protected":false},"excerpt":{"rendered":"<p>Diretor da Fastmine mostra como a nova frente tecnol\u00f3gica da Weir cobre toda a cadeia da minera\u00e7\u00e3o e projeta a Exposibram 2026<\/p>\n","protected":false},"author":3,"featured_media":32068,"comment_status":"open","ping_status":"open","sticky":false,"template":"","format":"standard","meta":{"footnotes":""},"categories":[9452,48],"tags":[],"class_list":["post-32067","post","type-post","status-publish","format-standard","has-post-thumbnail","hentry","category-exposibram-2026","category-processamento-guia-itm"],"yoast_head":"<!-- This site is optimized with the Yoast SEO plugin v28.4 - https:\/\/yoast.com\/product\/yoast-seo-wordpress\/ -->\n<title>WEIR AMPLIA FRONTEIRAS NO SETOR COM AQUISI\u00c7\u00d5ES E TECNOLOGIA - Revista In The Mine<\/title>\n<meta name=\"description\" content=\"Diretor da Fastmine mostra como a nova frente tecnol\u00f3gica da Weir cobre toda a cadeia da minera\u00e7\u00e3o e projeta a Exposibram 2026\" \/>\n<meta name=\"robots\" content=\"index, follow, max-snippet:-1, max-image-preview:large, max-video-preview:-1\" \/>\n<link rel=\"canonical\" href=\"https:\/\/www.inthemine.com.br\/site\/weir-amplia-fronteiras-no-setor-com-aquisicoes-e-tecnologia\/\" \/>\n<meta property=\"og:locale\" content=\"pt_BR\" \/>\n<meta property=\"og:type\" content=\"article\" \/>\n<meta property=\"og:title\" content=\"WEIR AMPLIA FRONTEIRAS NO SETOR COM AQUISI\u00c7\u00d5ES E TECNOLOGIA - Revista In The Mine\" \/>\n<meta property=\"og:description\" content=\"Diretor da Fastmine mostra como a nova frente tecnol\u00f3gica da Weir cobre toda a cadeia da minera\u00e7\u00e3o e projeta a Exposibram 2026\" \/>\n<meta property=\"og:url\" content=\"https:\/\/www.inthemine.com.br\/site\/weir-amplia-fronteiras-no-setor-com-aquisicoes-e-tecnologia\/\" \/>\n<meta property=\"og:site_name\" content=\"Revista In The Mine\" \/>\n<meta property=\"article:publisher\" content=\"http:\/\/www.facebook.com\/inthemine\" \/>\n<meta property=\"article:published_time\" content=\"2026-09-02T18:25:57+00:00\" \/>\n<meta property=\"og:image\" content=\"https:\/\/www.inthemine.com.br\/site\/wp-content\/uploads\/2026\/09\/EXECUTIVO-WEIR-e1788373498260.jpg\" \/>\n\t<meta property=\"og:image:width\" content=\"800\" \/>\n\t<meta property=\"og:image:height\" content=\"834\" \/>\n\t<meta property=\"og:image:type\" content=\"image\/jpeg\" \/>\n<meta name=\"author\" content=\"Reda\u00e7\u00e3o ITM\" \/>\n<meta name=\"twitter:card\" content=\"summary_large_image\" \/>\n<meta name=\"twitter:creator\" content=\"@intheminet\" \/>\n<meta name=\"twitter:site\" content=\"@intheminet\" \/>\n<meta name=\"twitter:label1\" content=\"Escrito por\" \/>\n\t<meta name=\"twitter:data1\" content=\"Reda\u00e7\u00e3o ITM\" \/>\n\t<meta name=\"twitter:label2\" content=\"Est. tempo de leitura\" \/>\n\t<meta name=\"twitter:data2\" content=\"3 minutos\" \/>\n<script type=\"application\/ld+json\" class=\"yoast-schema-graph\">{\"@context\":\"https:\\\/\\\/schema.org\",\"@graph\":[{\"@type\":\"Article\",\"@id\":\"https:\\\/\\\/www.inthemine.com.br\\\/site\\\/weir-amplia-fronteiras-no-setor-com-aquisicoes-e-tecnologia\\\/#article\",\"isPartOf\":{\"@id\":\"https:\\\/\\\/www.inthemine.com.br\\\/site\\\/weir-amplia-fronteiras-no-setor-com-aquisicoes-e-tecnologia\\\/\"},\"author\":{\"name\":\"Reda\u00e7\u00e3o ITM\",\"@id\":\"https:\\\/\\\/www.inthemine.com.br\\\/site\\\/#\\\/schema\\\/person\\\/9eb77cece2cea253bb36c4b68c6a324c\"},\"headline\":\"WEIR AMPLIA FRONTEIRAS NO SETOR COM AQUISI\u00c7\u00d5ES E TECNOLOGIA\",\"datePublished\":\"2026-09-02T18:25:57+00:00\",\"mainEntityOfPage\":{\"@id\":\"https:\\\/\\\/www.inthemine.com.br\\\/site\\\/weir-amplia-fronteiras-no-setor-com-aquisicoes-e-tecnologia\\\/\"},\"wordCount\":434,\"commentCount\":0,\"publisher\":{\"@id\":\"https:\\\/\\\/www.inthemine.com.br\\\/site\\\/#organization\"},\"image\":{\"@id\":\"https:\\\/\\\/www.inthemine.com.br\\\/site\\\/weir-amplia-fronteiras-no-setor-com-aquisicoes-e-tecnologia\\\/#primaryimage\"},\"thumbnailUrl\":\"https:\\\/\\\/www.inthemine.com.br\\\/site\\\/wp-content\\\/uploads\\\/2026\\\/09\\\/EXECUTIVO-WEIR-e1788373498260.jpg\",\"articleSection\":[\"EXPOSIBRAM 2026\",\"PROCESSAMENTO\"],\"inLanguage\":\"pt-BR\",\"potentialAction\":[{\"@type\":\"CommentAction\",\"name\":\"Comment\",\"target\":[\"https:\\\/\\\/www.inthemine.com.br\\\/site\\\/weir-amplia-fronteiras-no-setor-com-aquisicoes-e-tecnologia\\\/#respond\"]}]},{\"@type\":\"WebPage\",\"@id\":\"https:\\\/\\\/www.inthemine.com.br\\\/site\\\/weir-amplia-fronteiras-no-setor-com-aquisicoes-e-tecnologia\\\/\",\"url\":\"https:\\\/\\\/www.inthemine.com.br\\\/site\\\/weir-amplia-fronteiras-no-setor-com-aquisicoes-e-tecnologia\\\/\",\"name\":\"WEIR AMPLIA FRONTEIRAS NO SETOR COM AQUISI\u00c7\u00d5ES E TECNOLOGIA - Revista In The Mine\",\"isPartOf\":{\"@id\":\"https:\\\/\\\/www.inthemine.com.br\\\/site\\\/#website\"},\"primaryImageOfPage\":{\"@id\":\"https:\\\/\\\/www.inthemine.com.br\\\/site\\\/weir-amplia-fronteiras-no-setor-com-aquisicoes-e-tecnologia\\\/#primaryimage\"},\"image\":{\"@id\":\"https:\\\/\\\/www.inthemine.com.br\\\/site\\\/weir-amplia-fronteiras-no-setor-com-aquisicoes-e-tecnologia\\\/#primaryimage\"},\"thumbnailUrl\":\"https:\\\/\\\/www.inthemine.com.br\\\/site\\\/wp-content\\\/uploads\\\/2026\\\/09\\\/EXECUTIVO-WEIR-e1788373498260.jpg\",\"datePublished\":\"2026-09-02T18:25:57+00:00\",\"description\":\"Diretor da Fastmine mostra como a nova frente tecnol\u00f3gica da Weir cobre toda a cadeia da minera\u00e7\u00e3o e projeta a Exposibram 2026\",\"breadcrumb\":{\"@id\":\"https:\\\/\\\/www.inthemine.com.br\\\/site\\\/weir-amplia-fronteiras-no-setor-com-aquisicoes-e-tecnologia\\\/#breadcrumb\"},\"inLanguage\":\"pt-BR\",\"potentialAction\":[{\"@type\":\"ReadAction\",\"target\":[\"https:\\\/\\\/www.inthemine.com.br\\\/site\\\/weir-amplia-fronteiras-no-setor-com-aquisicoes-e-tecnologia\\\/\"]}]},{\"@type\":\"ImageObject\",\"inLanguage\":\"pt-BR\",\"@id\":\"https:\\\/\\\/www.inthemine.com.br\\\/site\\\/weir-amplia-fronteiras-no-setor-com-aquisicoes-e-tecnologia\\\/#primaryimage\",\"url\":\"https:\\\/\\\/www.inthemine.com.br\\\/site\\\/wp-content\\\/uploads\\\/2026\\\/09\\\/EXECUTIVO-WEIR-e1788373498260.jpg\",\"contentUrl\":\"https:\\\/\\\/www.inthemine.com.br\\\/site\\\/wp-content\\\/uploads\\\/2026\\\/09\\\/EXECUTIVO-WEIR-e1788373498260.jpg\",\"width\":800,\"height\":834,\"caption\":\"Jeremias Azambuja\"},{\"@type\":\"BreadcrumbList\",\"@id\":\"https:\\\/\\\/www.inthemine.com.br\\\/site\\\/weir-amplia-fronteiras-no-setor-com-aquisicoes-e-tecnologia\\\/#breadcrumb\",\"itemListElement\":[{\"@type\":\"ListItem\",\"position\":1,\"name\":\"In\u00edcio\",\"item\":\"https:\\\/\\\/www.inthemine.com.br\\\/site\\\/\"},{\"@type\":\"ListItem\",\"position\":2,\"name\":\"WEIR AMPLIA FRONTEIRAS NO SETOR COM AQUISI\u00c7\u00d5ES E TECNOLOGIA\"}]},{\"@type\":\"WebSite\",\"@id\":\"https:\\\/\\\/www.inthemine.com.br\\\/site\\\/#website\",\"url\":\"https:\\\/\\\/www.inthemine.com.br\\\/site\\\/\",\"name\":\"Revista In The Mine\",\"description\":\"Minera\u00e7\u00e3o brasileira\",\"publisher\":{\"@id\":\"https:\\\/\\\/www.inthemine.com.br\\\/site\\\/#organization\"},\"potentialAction\":[{\"@type\":\"SearchAction\",\"target\":{\"@type\":\"EntryPoint\",\"urlTemplate\":\"https:\\\/\\\/www.inthemine.com.br\\\/site\\\/?s={search_term_string}\"},\"query-input\":{\"@type\":\"PropertyValueSpecification\",\"valueRequired\":true,\"valueName\":\"search_term_string\"}}],\"inLanguage\":\"pt-BR\"},{\"@type\":\"Organization\",\"@id\":\"https:\\\/\\\/www.inthemine.com.br\\\/site\\\/#organization\",\"name\":\"In The Mine magazine\",\"url\":\"https:\\\/\\\/www.inthemine.com.br\\\/site\\\/\",\"logo\":{\"@type\":\"ImageObject\",\"inLanguage\":\"pt-BR\",\"@id\":\"https:\\\/\\\/www.inthemine.com.br\\\/site\\\/#\\\/schema\\\/logo\\\/image\\\/\",\"url\":\"https:\\\/\\\/www.inthemine.com.br\\\/site\\\/wp-content\\\/uploads\\\/2014\\\/08\\\/parceiro_theinmine.png\",\"contentUrl\":\"https:\\\/\\\/www.inthemine.com.br\\\/site\\\/wp-content\\\/uploads\\\/2014\\\/08\\\/parceiro_theinmine.png\",\"width\":170,\"height\":120,\"caption\":\"In The Mine magazine\"},\"image\":{\"@id\":\"https:\\\/\\\/www.inthemine.com.br\\\/site\\\/#\\\/schema\\\/logo\\\/image\\\/\"},\"sameAs\":[\"http:\\\/\\\/www.facebook.com\\\/inthemine\",\"https:\\\/\\\/x.com\\\/intheminet\",\"https:\\\/\\\/www.instagram.com\\\/minegaleria\",\"https:\\\/\\\/www.linkedin.com\\\/company\\\/in-the-mine?trk=biz-companies-cym\",\"https:\\\/\\\/www.youtube.com\\\/user\\\/revistainthemine\"]},{\"@type\":\"Person\",\"@id\":\"https:\\\/\\\/www.inthemine.com.br\\\/site\\\/#\\\/schema\\\/person\\\/9eb77cece2cea253bb36c4b68c6a324c\",\"name\":\"Reda\u00e7\u00e3o ITM\",\"image\":{\"@type\":\"ImageObject\",\"inLanguage\":\"pt-BR\",\"@id\":\"https:\\\/\\\/secure.gravatar.com\\\/avatar\\\/0f7f41419befdee0feca08f9ea1e434cac9c04e0b8d28ab40cffb82628fcfdf1?s=96&d=mm&r=g\",\"url\":\"https:\\\/\\\/secure.gravatar.com\\\/avatar\\\/0f7f41419befdee0feca08f9ea1e434cac9c04e0b8d28ab40cffb82628fcfdf1?s=96&d=mm&r=g\",\"contentUrl\":\"https:\\\/\\\/secure.gravatar.com\\\/avatar\\\/0f7f41419befdee0feca08f9ea1e434cac9c04e0b8d28ab40cffb82628fcfdf1?s=96&d=mm&r=g\",\"caption\":\"Reda\u00e7\u00e3o ITM\"},\"url\":\"https:\\\/\\\/www.inthemine.com.br\\\/site\\\/author\\\/admin-itm\\\/\"}]}<\/script>\n<!-- \/ Yoast SEO plugin. -->","yoast_head_json":{"title":"WEIR AMPLIA FRONTEIRAS NO SETOR COM AQUISI\u00c7\u00d5ES E TECNOLOGIA - Revista In The Mine","description":"Diretor da Fastmine mostra como a nova frente tecnol\u00f3gica da Weir cobre toda a cadeia da minera\u00e7\u00e3o e projeta a Exposibram 2026","robots":{"index":"index","follow":"follow","max-snippet":"max-snippet:-1","max-image-preview":"max-image-preview:large","max-video-preview":"max-video-preview:-1"},"canonical":"https:\/\/www.inthemine.com.br\/site\/weir-amplia-fronteiras-no-setor-com-aquisicoes-e-tecnologia\/","og_locale":"pt_BR","og_type":"article","og_title":"WEIR AMPLIA FRONTEIRAS NO SETOR COM AQUISI\u00c7\u00d5ES E TECNOLOGIA - Revista In The Mine","og_description":"Diretor da Fastmine mostra como a nova frente tecnol\u00f3gica da Weir cobre toda a cadeia da minera\u00e7\u00e3o e projeta a Exposibram 2026","og_url":"https:\/\/www.inthemine.com.br\/site\/weir-amplia-fronteiras-no-setor-com-aquisicoes-e-tecnologia\/","og_site_name":"Revista In The Mine","article_publisher":"http:\/\/www.facebook.com\/inthemine","article_published_time":"2026-09-02T18:25:57+00:00","og_image":[{"width":800,"height":834,"url":"https:\/\/www.inthemine.com.br\/site\/wp-content\/uploads\/2026\/09\/EXECUTIVO-WEIR-e1788373498260.jpg","type":"image\/jpeg"}],"author":"Reda\u00e7\u00e3o ITM","twitter_card":"summary_large_image","twitter_creator":"@intheminet","twitter_site":"@intheminet","twitter_misc":{"Escrito por":"Reda\u00e7\u00e3o ITM","Est. tempo de leitura":"3 minutos"},"schema":{"@context":"https:\/\/schema.org","@graph":[{"@type":"Article","@id":"https:\/\/www.inthemine.com.br\/site\/weir-amplia-fronteiras-no-setor-com-aquisicoes-e-tecnologia\/#article","isPartOf":{"@id":"https:\/\/www.inthemine.com.br\/site\/weir-amplia-fronteiras-no-setor-com-aquisicoes-e-tecnologia\/"},"author":{"name":"Reda\u00e7\u00e3o ITM","@id":"https:\/\/www.inthemine.com.br\/site\/#\/schema\/person\/9eb77cece2cea253bb36c4b68c6a324c"},"headline":"WEIR AMPLIA FRONTEIRAS NO SETOR COM AQUISI\u00c7\u00d5ES E TECNOLOGIA","datePublished":"2026-09-02T18:25:57+00:00","mainEntityOfPage":{"@id":"https:\/\/www.inthemine.com.br\/site\/weir-amplia-fronteiras-no-setor-com-aquisicoes-e-tecnologia\/"},"wordCount":434,"commentCount":0,"publisher":{"@id":"https:\/\/www.inthemine.com.br\/site\/#organization"},"image":{"@id":"https:\/\/www.inthemine.com.br\/site\/weir-amplia-fronteiras-no-setor-com-aquisicoes-e-tecnologia\/#primaryimage"},"thumbnailUrl":"https:\/\/www.inthemine.com.br\/site\/wp-content\/uploads\/2026\/09\/EXECUTIVO-WEIR-e1788373498260.jpg","articleSection":["EXPOSIBRAM 2026","PROCESSAMENTO"],"inLanguage":"pt-BR","potentialAction":[{"@type":"CommentAction","name":"Comment","target":["https:\/\/www.inthemine.com.br\/site\/weir-amplia-fronteiras-no-setor-com-aquisicoes-e-tecnologia\/#respond"]}]},{"@type":"WebPage","@id":"https:\/\/www.inthemine.com.br\/site\/weir-amplia-fronteiras-no-setor-com-aquisicoes-e-tecnologia\/","url":"https:\/\/www.inthemine.com.br\/site\/weir-amplia-fronteiras-no-setor-com-aquisicoes-e-tecnologia\/","name":"WEIR AMPLIA FRONTEIRAS NO SETOR COM AQUISI\u00c7\u00d5ES E TECNOLOGIA - Revista In The Mine","isPartOf":{"@id":"https:\/\/www.inthemine.com.br\/site\/#website"},"primaryImageOfPage":{"@id":"https:\/\/www.inthemine.com.br\/site\/weir-amplia-fronteiras-no-setor-com-aquisicoes-e-tecnologia\/#primaryimage"},"image":{"@id":"https:\/\/www.inthemine.com.br\/site\/weir-amplia-fronteiras-no-setor-com-aquisicoes-e-tecnologia\/#primaryimage"},"thumbnailUrl":"https:\/\/www.inthemine.com.br\/site\/wp-content\/uploads\/2026\/09\/EXECUTIVO-WEIR-e1788373498260.jpg","datePublished":"2026-09-02T18:25:57+00:00","description":"Diretor da Fastmine mostra como a nova frente tecnol\u00f3gica da Weir cobre toda a cadeia da minera\u00e7\u00e3o e projeta a Exposibram 2026","breadcrumb":{"@id":"https:\/\/www.inthemine.com.br\/site\/weir-amplia-fronteiras-no-setor-com-aquisicoes-e-tecnologia\/#breadcrumb"},"inLanguage":"pt-BR","potentialAction":[{"@type":"ReadAction","target":["https:\/\/www.inthemine.com.br\/site\/weir-amplia-fronteiras-no-setor-com-aquisicoes-e-tecnologia\/"]}]},{"@type":"ImageObject","inLanguage":"pt-BR","@id":"https:\/\/www.inthemine.com.br\/site\/weir-amplia-fronteiras-no-setor-com-aquisicoes-e-tecnologia\/#primaryimage","url":"https:\/\/www.inthemine.com.br\/site\/wp-content\/uploads\/2026\/09\/EXECUTIVO-WEIR-e1788373498260.jpg","contentUrl":"https:\/\/www.inthemine.com.br\/site\/wp-content\/uploads\/2026\/09\/EXECUTIVO-WEIR-e1788373498260.jpg","width":800,"height":834,"caption":"Jeremias Azambuja"},{"@type":"BreadcrumbList","@id":"https:\/\/www.inthemine.com.br\/site\/weir-amplia-fronteiras-no-setor-com-aquisicoes-e-tecnologia\/#breadcrumb","itemListElement":[{"@type":"ListItem","position":1,"name":"In\u00edcio","item":"https:\/\/www.inthemine.com.br\/site\/"},{"@type":"ListItem","position":2,"name":"WEIR AMPLIA FRONTEIRAS NO SETOR COM AQUISI\u00c7\u00d5ES E TECNOLOGIA"}]},{"@type":"WebSite","@id":"https:\/\/www.inthemine.com.br\/site\/#website","url":"https:\/\/www.inthemine.com.br\/site\/","name":"Revista In The Mine","description":"Minera\u00e7\u00e3o brasileira","publisher":{"@id":"https:\/\/www.inthemine.com.br\/site\/#organization"},"potentialAction":[{"@type":"SearchAction","target":{"@type":"EntryPoint","urlTemplate":"https:\/\/www.inthemine.com.br\/site\/?s={search_term_string}"},"query-input":{"@type":"PropertyValueSpecification","valueRequired":true,"valueName":"search_term_string"}}],"inLanguage":"pt-BR"},{"@type":"Organization","@id":"https:\/\/www.inthemine.com.br\/site\/#organization","name":"In The Mine magazine","url":"https:\/\/www.inthemine.com.br\/site\/","logo":{"@type":"ImageObject","inLanguage":"pt-BR","@id":"https:\/\/www.inthemine.com.br\/site\/#\/schema\/logo\/image\/","url":"https:\/\/www.inthemine.com.br\/site\/wp-content\/uploads\/2014\/08\/parceiro_theinmine.png","contentUrl":"https:\/\/www.inthemine.com.br\/site\/wp-content\/uploads\/2014\/08\/parceiro_theinmine.png","width":170,"height":120,"caption":"In The Mine magazine"},"image":{"@id":"https:\/\/www.inthemine.com.br\/site\/#\/schema\/logo\/image\/"},"sameAs":["http:\/\/www.facebook.com\/inthemine","https:\/\/x.com\/intheminet","https:\/\/www.instagram.com\/minegaleria","https:\/\/www.linkedin.com\/company\/in-the-mine?trk=biz-companies-cym","https:\/\/www.youtube.com\/user\/revistainthemine"]},{"@type":"Person","@id":"https:\/\/www.inthemine.com.br\/site\/#\/schema\/person\/9eb77cece2cea253bb36c4b68c6a324c","name":"Reda\u00e7\u00e3o ITM","image":{"@type":"ImageObject","inLanguage":"pt-BR","@id":"https:\/\/secure.gravatar.com\/avatar\/0f7f41419befdee0feca08f9ea1e434cac9c04e0b8d28ab40cffb82628fcfdf1?s=96&d=mm&r=g","url":"https:\/\/secure.gravatar.com\/avatar\/0f7f41419befdee0feca08f9ea1e434cac9c04e0b8d28ab40cffb82628fcfdf1?s=96&d=mm&r=g","contentUrl":"https:\/\/secure.gravatar.com\/avatar\/0f7f41419befdee0feca08f9ea1e434cac9c04e0b8d28ab40cffb82628fcfdf1?s=96&d=mm&r=g","caption":"Reda\u00e7\u00e3o ITM"},"url":"https:\/\/www.inthemine.com.br\/site\/author\/admin-itm\/"}]}},"_links":{"self":[{"href":"https:\/\/www.inthemine.com.br\/site\/wp-json\/wp\/v2\/posts\/32067","targetHints":{"allow":["GET"]}}],"collection":[{"href":"https:\/\/www.inthemine.com.br\/site\/wp-json\/wp\/v2\/posts"}],"about":[{"href":"https:\/\/www.inthemine.com.br\/site\/wp-json\/wp\/v2\/types\/post"}],"author":[{"embeddable":true,"href":"https:\/\/www.inthemine.com.br\/site\/wp-json\/wp\/v2\/users\/3"}],"replies":[{"embeddable":true,"href":"https:\/\/www.inthemine.com.br\/site\/wp-json\/wp\/v2\/comments?post=32067"}],"version-history":[{"count":1,"href":"https:\/\/www.inthemine.com.br\/site\/wp-json\/wp\/v2\/posts\/32067\/revisions"}],"predecessor-version":[{"id":32070,"href":"https:\/\/www.inthemine.com.br\/site\/wp-json\/wp\/v2\/posts\/32067\/revisions\/32070"}],"wp:featuredmedia":[{"embeddable":true,"href":"https:\/\/www.inthemine.com.br\/site\/wp-json\/wp\/v2\/media\/32068"}],"wp:attachment":[{"href":"https:\/\/www.inthemine.com.br\/site\/wp-json\/wp\/v2\/media?parent=32067"}],"wp:term":[{"taxonomy":"category","embeddable":true,"href":"https:\/\/www.inthemine.com.br\/site\/wp-json\/wp\/v2\/categories?post=32067"},{"taxonomy":"post_tag","embeddable":true,"href":"https:\/\/www.inthemine.com.br\/site\/wp-json\/wp\/v2\/tags?post=32067"}],"curies":[{"name":"wp","href":"https:\/\/api.w.org\/{rel}","templated":true}]}}