{"id":32059,"date":"2026-09-02T15:11:59","date_gmt":"2026-09-02T18:11:59","guid":{"rendered":"https:\/\/www.inthemine.com.br\/site\/?p=32059"},"modified":"2026-09-02T15:55:05","modified_gmt":"2026-09-02T18:55:05","slug":"sany-do-canteiro-de-obras-a-vanguarda-no-setor-mineral","status":"publish","type":"post","link":"https:\/\/www.inthemine.com.br\/site\/sany-do-canteiro-de-obras-a-vanguarda-no-setor-mineral\/","title":{"rendered":"SANY: DO CANTEIRO DE OBRAS \u00c0 VANGUARDA NO SETOR MINERAL"},"content":{"rendered":"<p>Poucas empresas trocam de voca\u00e7\u00e3o sem perder identidade. A SANY conseguiu. Nasceu em 1989 na China para erguer canteiros de obra e hoje \u00e9 a minera\u00e7\u00e3o, \u00a0e n\u00e3o mais a constru\u00e7\u00e3o civil, que puxa a fila de investimento e inova\u00e7\u00e3o dentro do grupo. A guinada come\u00e7ou discreta, em 2019, quando a companhia desembarcou no Brasil com os primeiros equipamentos de mina. Bastou pouco mais de meia d\u00e9cada para virar protagonista.<\/p>\n<p>Quem administra esse avan\u00e7o na Am\u00e9rica Latina \u00e9 Thiago Brion, diretor de contas globais respons\u00e1vel por Brasil, Chile e Peru. Ele resume o pulo da SANY numa l\u00f3gica simples de decorar, mas que n\u00e3o \u00e9 de f\u00e1cil execu\u00e7\u00e3o: n\u00e3o adianta vender a m\u00e1quina mais barata se o cliente sangra dinheiro nos anos seguintes.<\/p>\n<p><a href=\"https:\/\/www.inthemine.com.br\/site\/wp-content\/uploads\/2026\/09\/sany-home-e1788375045435.jpg\"><img loading=\"lazy\" decoding=\"async\" class=\"aligncenter size-full wp-image-32060\" src=\"https:\/\/www.inthemine.com.br\/site\/wp-content\/uploads\/2026\/09\/sany-home-e1788375045435.jpg\" alt=\"sany-home\" width=\"700\" height=\"383\" \/><\/a><\/p>\n<p>Por isso a empresa monta filiais com estoque de pe\u00e7as, engenharia pr\u00f3pria e contratos em que literalmente assume a manuten\u00e7\u00e3o da frota do cliente. O comprador tem o ativo, mas n\u00e3o p\u00f5e a m\u00e3o nele. \u00c9 o Custo Total de Propriedade como argumento de venda, n\u00e3o como jarg\u00e3o de slide.<\/p>\n<p>O cap\u00edtulo mais ousado, por\u00e9m, \u00e9 el\u00e9trico. Em 2022, a SANY colocou para rodar na CSN os primeiros caminh\u00f5es fora de estrada 100% el\u00e9tricos do pa\u00eds, um pioneirismo que poucos fabricantes ousaram bancar. Sabendo que trocar diesel por bateria tamb\u00e9m \u00e9 trocar cultura operacional, a empresa criou uma vers\u00e3o h\u00edbrida como ponte: 30% menos combust\u00edvel, 30% menos CO2, para minas que ainda n\u00e3o est\u00e3o prontas para o salto completo.<\/p>\n<p><a href=\"https:\/\/www.inthemine.com.br\/site\/wp-content\/uploads\/2026\/09\/caminhao-sany.jpg\"><img loading=\"lazy\" decoding=\"async\" class=\"aligncenter wp-image-32061 size-full\" src=\"https:\/\/www.inthemine.com.br\/site\/wp-content\/uploads\/2026\/09\/caminhao-sany-e1788372703552.jpg\" alt=\"caminhao-sany\" width=\"700\" height=\"866\" srcset=\"https:\/\/www.inthemine.com.br\/site\/wp-content\/uploads\/2026\/09\/caminhao-sany-e1788372703552.jpg 700w, https:\/\/www.inthemine.com.br\/site\/wp-content\/uploads\/2026\/09\/caminhao-sany-e1788372703552-242x300.jpg 242w\" sizes=\"auto, (max-width: 700px) 100vw, 700px\" \/><\/a><\/p>\n<p>Energia e\u00f3lica, fotovoltaica, baterias estacion\u00e1rias e, agora, uma f\u00e1brica nova em Campinas (SP) dedicada a caminh\u00f5es rodovi\u00e1rios el\u00e9tricos completam um ecossistema que aponta para o futuro, e que a companhia constr\u00f3i pe\u00e7a por pe\u00e7a.<\/p>\n<p>O executivo comenta o cen\u00e1rio atual do setor mineral sem se render a ele: o ferro amoleceu de pre\u00e7o, sim, mas o Brasil segue rico o bastante para compensar, com cobre e ouro valorizados, n\u00edquel em ascens\u00e3o e a corrida global por terras raras \u2013 mineral que s\u00f3 existe em escala relevante aqui e na pr\u00f3pria China.<\/p>\n<p>Na Exposibram 2026, onde volta a montar um dos maiores estandes da feira, a SANY n\u00e3o quer s\u00f3 mostrar m\u00e1quina. Quer ouvir. A aposta de Brion \u00e9 que o futuro da minera\u00e7\u00e3o se escreve em conversa de corredor, entre ESG, produtividade e custo, e n\u00e3o em vitrine.<\/p>\n","protected":false},"excerpt":{"rendered":"<p>Empresa que nasceu construindo estradas hoje define o ritmo da minera\u00e7\u00e3o sustent\u00e1vel, com um ecossistema que aponta para o futuro<\/p>\n","protected":false},"author":3,"featured_media":32077,"comment_status":"open","ping_status":"open","sticky":false,"template":"","format":"standard","meta":{"footnotes":""},"categories":[6,9098,9452,42],"tags":[],"class_list":["post-32059","post","type-post","status-publish","format-standard","has-post-thumbnail","hentry","category-caminhoes","category-carregamento-guia-itm","category-exposibram-2026","category-lavra"],"yoast_head":"<!-- This site is optimized with the Yoast SEO plugin v28.4 - https:\/\/yoast.com\/product\/yoast-seo-wordpress\/ -->\n<title>SANY: DO CANTEIRO DE OBRAS \u00c0 VANGUARDA NO SETOR MINERAL - Revista In The Mine<\/title>\n<meta name=\"description\" content=\"Empresa que nasceu construindo estradas hoje define o ritmo da minera\u00e7\u00e3o sustent\u00e1vel, com um ecossistema que aponta para o futuro\" \/>\n<meta name=\"robots\" content=\"index, follow, max-snippet:-1, max-image-preview:large, max-video-preview:-1\" \/>\n<link rel=\"canonical\" href=\"https:\/\/www.inthemine.com.br\/site\/sany-do-canteiro-de-obras-a-vanguarda-no-setor-mineral\/\" \/>\n<meta property=\"og:locale\" content=\"pt_BR\" \/>\n<meta property=\"og:type\" content=\"article\" \/>\n<meta property=\"og:title\" content=\"SANY: DO CANTEIRO DE OBRAS \u00c0 VANGUARDA NO SETOR MINERAL - Revista In The Mine\" \/>\n<meta property=\"og:description\" content=\"Empresa que nasceu construindo estradas hoje define o ritmo da minera\u00e7\u00e3o sustent\u00e1vel, com um ecossistema que aponta para o futuro\" \/>\n<meta property=\"og:url\" content=\"https:\/\/www.inthemine.com.br\/site\/sany-do-canteiro-de-obras-a-vanguarda-no-setor-mineral\/\" \/>\n<meta property=\"og:site_name\" content=\"Revista In The Mine\" \/>\n<meta property=\"article:publisher\" content=\"http:\/\/www.facebook.com\/inthemine\" \/>\n<meta property=\"article:published_time\" content=\"2026-09-02T18:11:59+00:00\" \/>\n<meta property=\"article:modified_time\" content=\"2026-09-02T18:55:05+00:00\" \/>\n<meta property=\"og:image\" content=\"https:\/\/www.inthemine.com.br\/site\/wp-content\/uploads\/2026\/09\/Thiago-Brion.jpg\" \/>\n\t<meta property=\"og:image:width\" content=\"800\" \/>\n\t<meta property=\"og:image:height\" content=\"678\" \/>\n\t<meta property=\"og:image:type\" content=\"image\/jpeg\" \/>\n<meta name=\"author\" content=\"Reda\u00e7\u00e3o ITM\" \/>\n<meta name=\"twitter:card\" content=\"summary_large_image\" \/>\n<meta name=\"twitter:creator\" content=\"@intheminet\" \/>\n<meta name=\"twitter:site\" content=\"@intheminet\" \/>\n<meta name=\"twitter:label1\" content=\"Escrito por\" \/>\n\t<meta name=\"twitter:data1\" content=\"Reda\u00e7\u00e3o ITM\" \/>\n\t<meta name=\"twitter:label2\" content=\"Est. tempo de leitura\" \/>\n\t<meta name=\"twitter:data2\" content=\"3 minutos\" \/>\n<script type=\"application\/ld+json\" class=\"yoast-schema-graph\">{\"@context\":\"https:\\\/\\\/schema.org\",\"@graph\":[{\"@type\":\"Article\",\"@id\":\"https:\\\/\\\/www.inthemine.com.br\\\/site\\\/sany-do-canteiro-de-obras-a-vanguarda-no-setor-mineral\\\/#article\",\"isPartOf\":{\"@id\":\"https:\\\/\\\/www.inthemine.com.br\\\/site\\\/sany-do-canteiro-de-obras-a-vanguarda-no-setor-mineral\\\/\"},\"author\":{\"name\":\"Reda\u00e7\u00e3o ITM\",\"@id\":\"https:\\\/\\\/www.inthemine.com.br\\\/site\\\/#\\\/schema\\\/person\\\/9eb77cece2cea253bb36c4b68c6a324c\"},\"headline\":\"SANY: DO CANTEIRO DE OBRAS \u00c0 VANGUARDA NO SETOR MINERAL\",\"datePublished\":\"2026-09-02T18:11:59+00:00\",\"dateModified\":\"2026-09-02T18:55:05+00:00\",\"mainEntityOfPage\":{\"@id\":\"https:\\\/\\\/www.inthemine.com.br\\\/site\\\/sany-do-canteiro-de-obras-a-vanguarda-no-setor-mineral\\\/\"},\"wordCount\":428,\"commentCount\":0,\"publisher\":{\"@id\":\"https:\\\/\\\/www.inthemine.com.br\\\/site\\\/#organization\"},\"image\":{\"@id\":\"https:\\\/\\\/www.inthemine.com.br\\\/site\\\/sany-do-canteiro-de-obras-a-vanguarda-no-setor-mineral\\\/#primaryimage\"},\"thumbnailUrl\":\"https:\\\/\\\/www.inthemine.com.br\\\/site\\\/wp-content\\\/uploads\\\/2026\\\/09\\\/Thiago-Brion.jpg\",\"articleSection\":[\"CAMINH\u00d5ES\",\"CARREGAMENTO\",\"EXPOSIBRAM 2026\",\"LAVRA\"],\"inLanguage\":\"pt-BR\",\"potentialAction\":[{\"@type\":\"CommentAction\",\"name\":\"Comment\",\"target\":[\"https:\\\/\\\/www.inthemine.com.br\\\/site\\\/sany-do-canteiro-de-obras-a-vanguarda-no-setor-mineral\\\/#respond\"]}]},{\"@type\":\"WebPage\",\"@id\":\"https:\\\/\\\/www.inthemine.com.br\\\/site\\\/sany-do-canteiro-de-obras-a-vanguarda-no-setor-mineral\\\/\",\"url\":\"https:\\\/\\\/www.inthemine.com.br\\\/site\\\/sany-do-canteiro-de-obras-a-vanguarda-no-setor-mineral\\\/\",\"name\":\"SANY: DO CANTEIRO DE OBRAS \u00c0 VANGUARDA NO SETOR MINERAL - Revista In The Mine\",\"isPartOf\":{\"@id\":\"https:\\\/\\\/www.inthemine.com.br\\\/site\\\/#website\"},\"primaryImageOfPage\":{\"@id\":\"https:\\\/\\\/www.inthemine.com.br\\\/site\\\/sany-do-canteiro-de-obras-a-vanguarda-no-setor-mineral\\\/#primaryimage\"},\"image\":{\"@id\":\"https:\\\/\\\/www.inthemine.com.br\\\/site\\\/sany-do-canteiro-de-obras-a-vanguarda-no-setor-mineral\\\/#primaryimage\"},\"thumbnailUrl\":\"https:\\\/\\\/www.inthemine.com.br\\\/site\\\/wp-content\\\/uploads\\\/2026\\\/09\\\/Thiago-Brion.jpg\",\"datePublished\":\"2026-09-02T18:11:59+00:00\",\"dateModified\":\"2026-09-02T18:55:05+00:00\",\"description\":\"Empresa que nasceu construindo estradas hoje define o ritmo da minera\u00e7\u00e3o sustent\u00e1vel, com um ecossistema que aponta para o futuro\",\"breadcrumb\":{\"@id\":\"https:\\\/\\\/www.inthemine.com.br\\\/site\\\/sany-do-canteiro-de-obras-a-vanguarda-no-setor-mineral\\\/#breadcrumb\"},\"inLanguage\":\"pt-BR\",\"potentialAction\":[{\"@type\":\"ReadAction\",\"target\":[\"https:\\\/\\\/www.inthemine.com.br\\\/site\\\/sany-do-canteiro-de-obras-a-vanguarda-no-setor-mineral\\\/\"]}]},{\"@type\":\"ImageObject\",\"inLanguage\":\"pt-BR\",\"@id\":\"https:\\\/\\\/www.inthemine.com.br\\\/site\\\/sany-do-canteiro-de-obras-a-vanguarda-no-setor-mineral\\\/#primaryimage\",\"url\":\"https:\\\/\\\/www.inthemine.com.br\\\/site\\\/wp-content\\\/uploads\\\/2026\\\/09\\\/Thiago-Brion.jpg\",\"contentUrl\":\"https:\\\/\\\/www.inthemine.com.br\\\/site\\\/wp-content\\\/uploads\\\/2026\\\/09\\\/Thiago-Brion.jpg\",\"width\":800,\"height\":678,\"caption\":\"Thiago Brion\"},{\"@type\":\"BreadcrumbList\",\"@id\":\"https:\\\/\\\/www.inthemine.com.br\\\/site\\\/sany-do-canteiro-de-obras-a-vanguarda-no-setor-mineral\\\/#breadcrumb\",\"itemListElement\":[{\"@type\":\"ListItem\",\"position\":1,\"name\":\"In\u00edcio\",\"item\":\"https:\\\/\\\/www.inthemine.com.br\\\/site\\\/\"},{\"@type\":\"ListItem\",\"position\":2,\"name\":\"SANY: DO CANTEIRO DE OBRAS \u00c0 VANGUARDA NO SETOR MINERAL\"}]},{\"@type\":\"WebSite\",\"@id\":\"https:\\\/\\\/www.inthemine.com.br\\\/site\\\/#website\",\"url\":\"https:\\\/\\\/www.inthemine.com.br\\\/site\\\/\",\"name\":\"Revista In The Mine\",\"description\":\"Minera\u00e7\u00e3o brasileira\",\"publisher\":{\"@id\":\"https:\\\/\\\/www.inthemine.com.br\\\/site\\\/#organization\"},\"potentialAction\":[{\"@type\":\"SearchAction\",\"target\":{\"@type\":\"EntryPoint\",\"urlTemplate\":\"https:\\\/\\\/www.inthemine.com.br\\\/site\\\/?s={search_term_string}\"},\"query-input\":{\"@type\":\"PropertyValueSpecification\",\"valueRequired\":true,\"valueName\":\"search_term_string\"}}],\"inLanguage\":\"pt-BR\"},{\"@type\":\"Organization\",\"@id\":\"https:\\\/\\\/www.inthemine.com.br\\\/site\\\/#organization\",\"name\":\"In The Mine magazine\",\"url\":\"https:\\\/\\\/www.inthemine.com.br\\\/site\\\/\",\"logo\":{\"@type\":\"ImageObject\",\"inLanguage\":\"pt-BR\",\"@id\":\"https:\\\/\\\/www.inthemine.com.br\\\/site\\\/#\\\/schema\\\/logo\\\/image\\\/\",\"url\":\"https:\\\/\\\/www.inthemine.com.br\\\/site\\\/wp-content\\\/uploads\\\/2014\\\/08\\\/parceiro_theinmine.png\",\"contentUrl\":\"https:\\\/\\\/www.inthemine.com.br\\\/site\\\/wp-content\\\/uploads\\\/2014\\\/08\\\/parceiro_theinmine.png\",\"width\":170,\"height\":120,\"caption\":\"In The Mine magazine\"},\"image\":{\"@id\":\"https:\\\/\\\/www.inthemine.com.br\\\/site\\\/#\\\/schema\\\/logo\\\/image\\\/\"},\"sameAs\":[\"http:\\\/\\\/www.facebook.com\\\/inthemine\",\"https:\\\/\\\/x.com\\\/intheminet\",\"https:\\\/\\\/www.instagram.com\\\/minegaleria\",\"https:\\\/\\\/www.linkedin.com\\\/company\\\/in-the-mine?trk=biz-companies-cym\",\"https:\\\/\\\/www.youtube.com\\\/user\\\/revistainthemine\"]},{\"@type\":\"Person\",\"@id\":\"https:\\\/\\\/www.inthemine.com.br\\\/site\\\/#\\\/schema\\\/person\\\/9eb77cece2cea253bb36c4b68c6a324c\",\"name\":\"Reda\u00e7\u00e3o ITM\",\"image\":{\"@type\":\"ImageObject\",\"inLanguage\":\"pt-BR\",\"@id\":\"https:\\\/\\\/secure.gravatar.com\\\/avatar\\\/0f7f41419befdee0feca08f9ea1e434cac9c04e0b8d28ab40cffb82628fcfdf1?s=96&d=mm&r=g\",\"url\":\"https:\\\/\\\/secure.gravatar.com\\\/avatar\\\/0f7f41419befdee0feca08f9ea1e434cac9c04e0b8d28ab40cffb82628fcfdf1?s=96&d=mm&r=g\",\"contentUrl\":\"https:\\\/\\\/secure.gravatar.com\\\/avatar\\\/0f7f41419befdee0feca08f9ea1e434cac9c04e0b8d28ab40cffb82628fcfdf1?s=96&d=mm&r=g\",\"caption\":\"Reda\u00e7\u00e3o ITM\"},\"url\":\"https:\\\/\\\/www.inthemine.com.br\\\/site\\\/author\\\/admin-itm\\\/\"}]}<\/script>\n<!-- \/ Yoast SEO plugin. -->","yoast_head_json":{"title":"SANY: DO CANTEIRO DE OBRAS \u00c0 VANGUARDA NO SETOR MINERAL - Revista In The Mine","description":"Empresa que nasceu construindo estradas hoje define o ritmo da minera\u00e7\u00e3o sustent\u00e1vel, com um ecossistema que aponta para o futuro","robots":{"index":"index","follow":"follow","max-snippet":"max-snippet:-1","max-image-preview":"max-image-preview:large","max-video-preview":"max-video-preview:-1"},"canonical":"https:\/\/www.inthemine.com.br\/site\/sany-do-canteiro-de-obras-a-vanguarda-no-setor-mineral\/","og_locale":"pt_BR","og_type":"article","og_title":"SANY: DO CANTEIRO DE OBRAS \u00c0 VANGUARDA NO SETOR MINERAL - Revista In The Mine","og_description":"Empresa que nasceu construindo estradas hoje define o ritmo da minera\u00e7\u00e3o sustent\u00e1vel, com um ecossistema que aponta para o futuro","og_url":"https:\/\/www.inthemine.com.br\/site\/sany-do-canteiro-de-obras-a-vanguarda-no-setor-mineral\/","og_site_name":"Revista In The Mine","article_publisher":"http:\/\/www.facebook.com\/inthemine","article_published_time":"2026-09-02T18:11:59+00:00","article_modified_time":"2026-09-02T18:55:05+00:00","og_image":[{"width":800,"height":678,"url":"https:\/\/www.inthemine.com.br\/site\/wp-content\/uploads\/2026\/09\/Thiago-Brion.jpg","type":"image\/jpeg"}],"author":"Reda\u00e7\u00e3o ITM","twitter_card":"summary_large_image","twitter_creator":"@intheminet","twitter_site":"@intheminet","twitter_misc":{"Escrito por":"Reda\u00e7\u00e3o ITM","Est. tempo de leitura":"3 minutos"},"schema":{"@context":"https:\/\/schema.org","@graph":[{"@type":"Article","@id":"https:\/\/www.inthemine.com.br\/site\/sany-do-canteiro-de-obras-a-vanguarda-no-setor-mineral\/#article","isPartOf":{"@id":"https:\/\/www.inthemine.com.br\/site\/sany-do-canteiro-de-obras-a-vanguarda-no-setor-mineral\/"},"author":{"name":"Reda\u00e7\u00e3o ITM","@id":"https:\/\/www.inthemine.com.br\/site\/#\/schema\/person\/9eb77cece2cea253bb36c4b68c6a324c"},"headline":"SANY: DO CANTEIRO DE OBRAS \u00c0 VANGUARDA NO SETOR MINERAL","datePublished":"2026-09-02T18:11:59+00:00","dateModified":"2026-09-02T18:55:05+00:00","mainEntityOfPage":{"@id":"https:\/\/www.inthemine.com.br\/site\/sany-do-canteiro-de-obras-a-vanguarda-no-setor-mineral\/"},"wordCount":428,"commentCount":0,"publisher":{"@id":"https:\/\/www.inthemine.com.br\/site\/#organization"},"image":{"@id":"https:\/\/www.inthemine.com.br\/site\/sany-do-canteiro-de-obras-a-vanguarda-no-setor-mineral\/#primaryimage"},"thumbnailUrl":"https:\/\/www.inthemine.com.br\/site\/wp-content\/uploads\/2026\/09\/Thiago-Brion.jpg","articleSection":["CAMINH\u00d5ES","CARREGAMENTO","EXPOSIBRAM 2026","LAVRA"],"inLanguage":"pt-BR","potentialAction":[{"@type":"CommentAction","name":"Comment","target":["https:\/\/www.inthemine.com.br\/site\/sany-do-canteiro-de-obras-a-vanguarda-no-setor-mineral\/#respond"]}]},{"@type":"WebPage","@id":"https:\/\/www.inthemine.com.br\/site\/sany-do-canteiro-de-obras-a-vanguarda-no-setor-mineral\/","url":"https:\/\/www.inthemine.com.br\/site\/sany-do-canteiro-de-obras-a-vanguarda-no-setor-mineral\/","name":"SANY: DO CANTEIRO DE OBRAS \u00c0 VANGUARDA NO SETOR MINERAL - Revista In The Mine","isPartOf":{"@id":"https:\/\/www.inthemine.com.br\/site\/#website"},"primaryImageOfPage":{"@id":"https:\/\/www.inthemine.com.br\/site\/sany-do-canteiro-de-obras-a-vanguarda-no-setor-mineral\/#primaryimage"},"image":{"@id":"https:\/\/www.inthemine.com.br\/site\/sany-do-canteiro-de-obras-a-vanguarda-no-setor-mineral\/#primaryimage"},"thumbnailUrl":"https:\/\/www.inthemine.com.br\/site\/wp-content\/uploads\/2026\/09\/Thiago-Brion.jpg","datePublished":"2026-09-02T18:11:59+00:00","dateModified":"2026-09-02T18:55:05+00:00","description":"Empresa que nasceu construindo estradas hoje define o ritmo da minera\u00e7\u00e3o sustent\u00e1vel, com um ecossistema que aponta para o futuro","breadcrumb":{"@id":"https:\/\/www.inthemine.com.br\/site\/sany-do-canteiro-de-obras-a-vanguarda-no-setor-mineral\/#breadcrumb"},"inLanguage":"pt-BR","potentialAction":[{"@type":"ReadAction","target":["https:\/\/www.inthemine.com.br\/site\/sany-do-canteiro-de-obras-a-vanguarda-no-setor-mineral\/"]}]},{"@type":"ImageObject","inLanguage":"pt-BR","@id":"https:\/\/www.inthemine.com.br\/site\/sany-do-canteiro-de-obras-a-vanguarda-no-setor-mineral\/#primaryimage","url":"https:\/\/www.inthemine.com.br\/site\/wp-content\/uploads\/2026\/09\/Thiago-Brion.jpg","contentUrl":"https:\/\/www.inthemine.com.br\/site\/wp-content\/uploads\/2026\/09\/Thiago-Brion.jpg","width":800,"height":678,"caption":"Thiago Brion"},{"@type":"BreadcrumbList","@id":"https:\/\/www.inthemine.com.br\/site\/sany-do-canteiro-de-obras-a-vanguarda-no-setor-mineral\/#breadcrumb","itemListElement":[{"@type":"ListItem","position":1,"name":"In\u00edcio","item":"https:\/\/www.inthemine.com.br\/site\/"},{"@type":"ListItem","position":2,"name":"SANY: DO CANTEIRO DE OBRAS \u00c0 VANGUARDA NO SETOR MINERAL"}]},{"@type":"WebSite","@id":"https:\/\/www.inthemine.com.br\/site\/#website","url":"https:\/\/www.inthemine.com.br\/site\/","name":"Revista In The Mine","description":"Minera\u00e7\u00e3o brasileira","publisher":{"@id":"https:\/\/www.inthemine.com.br\/site\/#organization"},"potentialAction":[{"@type":"SearchAction","target":{"@type":"EntryPoint","urlTemplate":"https:\/\/www.inthemine.com.br\/site\/?s={search_term_string}"},"query-input":{"@type":"PropertyValueSpecification","valueRequired":true,"valueName":"search_term_string"}}],"inLanguage":"pt-BR"},{"@type":"Organization","@id":"https:\/\/www.inthemine.com.br\/site\/#organization","name":"In The Mine magazine","url":"https:\/\/www.inthemine.com.br\/site\/","logo":{"@type":"ImageObject","inLanguage":"pt-BR","@id":"https:\/\/www.inthemine.com.br\/site\/#\/schema\/logo\/image\/","url":"https:\/\/www.inthemine.com.br\/site\/wp-content\/uploads\/2014\/08\/parceiro_theinmine.png","contentUrl":"https:\/\/www.inthemine.com.br\/site\/wp-content\/uploads\/2014\/08\/parceiro_theinmine.png","width":170,"height":120,"caption":"In The Mine magazine"},"image":{"@id":"https:\/\/www.inthemine.com.br\/site\/#\/schema\/logo\/image\/"},"sameAs":["http:\/\/www.facebook.com\/inthemine","https:\/\/x.com\/intheminet","https:\/\/www.instagram.com\/minegaleria","https:\/\/www.linkedin.com\/company\/in-the-mine?trk=biz-companies-cym","https:\/\/www.youtube.com\/user\/revistainthemine"]},{"@type":"Person","@id":"https:\/\/www.inthemine.com.br\/site\/#\/schema\/person\/9eb77cece2cea253bb36c4b68c6a324c","name":"Reda\u00e7\u00e3o ITM","image":{"@type":"ImageObject","inLanguage":"pt-BR","@id":"https:\/\/secure.gravatar.com\/avatar\/0f7f41419befdee0feca08f9ea1e434cac9c04e0b8d28ab40cffb82628fcfdf1?s=96&d=mm&r=g","url":"https:\/\/secure.gravatar.com\/avatar\/0f7f41419befdee0feca08f9ea1e434cac9c04e0b8d28ab40cffb82628fcfdf1?s=96&d=mm&r=g","contentUrl":"https:\/\/secure.gravatar.com\/avatar\/0f7f41419befdee0feca08f9ea1e434cac9c04e0b8d28ab40cffb82628fcfdf1?s=96&d=mm&r=g","caption":"Reda\u00e7\u00e3o ITM"},"url":"https:\/\/www.inthemine.com.br\/site\/author\/admin-itm\/"}]}},"_links":{"self":[{"href":"https:\/\/www.inthemine.com.br\/site\/wp-json\/wp\/v2\/posts\/32059","targetHints":{"allow":["GET"]}}],"collection":[{"href":"https:\/\/www.inthemine.com.br\/site\/wp-json\/wp\/v2\/posts"}],"about":[{"href":"https:\/\/www.inthemine.com.br\/site\/wp-json\/wp\/v2\/types\/post"}],"author":[{"embeddable":true,"href":"https:\/\/www.inthemine.com.br\/site\/wp-json\/wp\/v2\/users\/3"}],"replies":[{"embeddable":true,"href":"https:\/\/www.inthemine.com.br\/site\/wp-json\/wp\/v2\/comments?post=32059"}],"version-history":[{"count":3,"href":"https:\/\/www.inthemine.com.br\/site\/wp-json\/wp\/v2\/posts\/32059\/revisions"}],"predecessor-version":[{"id":32078,"href":"https:\/\/www.inthemine.com.br\/site\/wp-json\/wp\/v2\/posts\/32059\/revisions\/32078"}],"wp:featuredmedia":[{"embeddable":true,"href":"https:\/\/www.inthemine.com.br\/site\/wp-json\/wp\/v2\/media\/32077"}],"wp:attachment":[{"href":"https:\/\/www.inthemine.com.br\/site\/wp-json\/wp\/v2\/media?parent=32059"}],"wp:term":[{"taxonomy":"category","embeddable":true,"href":"https:\/\/www.inthemine.com.br\/site\/wp-json\/wp\/v2\/categories?post=32059"},{"taxonomy":"post_tag","embeddable":true,"href":"https:\/\/www.inthemine.com.br\/site\/wp-json\/wp\/v2\/tags?post=32059"}],"curies":[{"name":"wp","href":"https:\/\/api.w.org\/{rel}","templated":true}]}}