{"id":32048,"date":"2026-09-02T14:47:58","date_gmt":"2026-09-02T17:47:58","guid":{"rendered":"https:\/\/www.inthemine.com.br\/site\/?p=32048"},"modified":"2026-09-02T14:49:31","modified_gmt":"2026-09-02T17:49:31","slug":"atendimento-e-autossuficiencia-reforcam-reputacao-da-progt","status":"publish","type":"post","link":"https:\/\/www.inthemine.com.br\/site\/atendimento-e-autossuficiencia-reforcam-reputacao-da-progt\/","title":{"rendered":"ATENDIMENTO E AUTOSSUFICI\u00caNCIA REFOR\u00c7AM REPUTA\u00c7\u00c3O DA PROGT"},"content":{"rendered":"<p>Enquanto boa parte do mercado ainda associa minera\u00e7\u00e3o \u00e0 imagem da picareta batendo na rocha, a ProGT trabalha na outra ponta do processo: aquela em que s\u00f3lido e l\u00edquido precisam se separar com precis\u00e3o, efici\u00eancia e o m\u00ednimo de desperd\u00edcio.<\/p>\n<p>Espessadores, clarificadores, adensadores, peneiras lineares e classificadores de arraste comp\u00f5em o portf\u00f3lio da empresa, que atua tanto no tratamento de concentrado quanto de rejeito e lama. \u00c9 nessa etapa, decisiva para a produtividade e para o descarte respons\u00e1vel de res\u00edduos, que a companhia construiu sua reputa\u00e7\u00e3o.<\/p>\n<p>O diferencial, de acordo com o diretor Jos\u00e9 \u00c1lvaro Ogando, \u00e9 a autossufici\u00eancia. A ProGT re\u00fane sob o mesmo teto os laborat\u00f3rios de ensaios de sedimenta\u00e7\u00e3o e filtra\u00e7\u00e3o, a engenharia pr\u00f3pria de dimensionamento, com uso de software por elemento finito. S\u00e3o duas f\u00e1bricas, em Paul\u00ednia e Araraquara, em S\u00e3o Paulo. Esta \u00faltima, com caldeiraria de 200 toneladas mensais, corte a laser, pontes rolantes de 50 toneladas e certifica\u00e7\u00e3o ISO 9001:2015 em fase final, sustenta uma cadeia que vai do projeto \u00e0 montagem em campo, passando por comissionamento e teste de partida. Sempre com equipe pr\u00f3pria, inclusive de seguran\u00e7a.<\/p>\n<p><a href=\"https:\/\/www.inthemine.com.br\/site\/wp-content\/uploads\/2026\/09\/PROGT.jpg\"><img loading=\"lazy\" decoding=\"async\" class=\"aligncenter size-full wp-image-32051\" src=\"https:\/\/www.inthemine.com.br\/site\/wp-content\/uploads\/2026\/09\/PROGT.jpg\" alt=\"PROGT\" width=\"700\" height=\"933\" srcset=\"https:\/\/www.inthemine.com.br\/site\/wp-content\/uploads\/2026\/09\/PROGT.jpg 700w, https:\/\/www.inthemine.com.br\/site\/wp-content\/uploads\/2026\/09\/PROGT-225x300.jpg 225w\" sizes=\"auto, (max-width: 700px) 100vw, 700px\" \/><\/a><\/p>\n<p>\u00c9 esse conceito de atendimento integral que a empresa resume na express\u00e3o &#8220;ProGT 360 graus&#8221;. Some-se a isso um detalhe raro no setor: a linha de secagem por infravermelho, que reduz a umidade da torta a n\u00edveis de 1% a 2%. De acordo com Ogando, essa \u00e9 uma exclusividade da companhia no Brasil.<\/p>\n<p>Em um mercado como o da minera\u00e7\u00e3o, extremamente competitivo, o diretor diz que a concorr\u00eancia qualificada obriga a empresa a se superar constantemente. Por isso a ProGT mant\u00e9m uma equipe de p\u00f3s-venda atuante, apontada por ele como um dos principais diferenciais da marca diante de nacionais e multinacionais.<\/p>\n<p><a href=\"https:\/\/www.inthemine.com.br\/site\/wp-content\/uploads\/2026\/09\/PROGT2.jpg\"><img loading=\"lazy\" decoding=\"async\" class=\"aligncenter size-full wp-image-32053\" src=\"https:\/\/www.inthemine.com.br\/site\/wp-content\/uploads\/2026\/09\/PROGT2.jpg\" alt=\"PROGT2\" width=\"700\" height=\"1172\" srcset=\"https:\/\/www.inthemine.com.br\/site\/wp-content\/uploads\/2026\/09\/PROGT2.jpg 700w, https:\/\/www.inthemine.com.br\/site\/wp-content\/uploads\/2026\/09\/PROGT2-179x300.jpg 179w, https:\/\/www.inthemine.com.br\/site\/wp-content\/uploads\/2026\/09\/PROGT2-612x1024.jpg 612w\" sizes=\"auto, (max-width: 700px) 100vw, 700px\" \/><\/a><\/p>\n<p>A expectativa para a Exposibram 2026 seguiu a mesma l\u00f3gica de relacionamento: reencontrar a carteira de clientes j\u00e1 consolidada, estreitar la\u00e7os e, ao mesmo tempo, abrir espa\u00e7o para novos neg\u00f3cios diante de um p\u00fablico que ainda n\u00e3o conhece de perto a opera\u00e7\u00e3o 360 graus da empresa.<\/p>\n<p>&nbsp;<\/p>\n","protected":false},"excerpt":{"rendered":"<p>Com f\u00e1bricas pr\u00f3prias e engenharia 360 graus, empresa aposta em p\u00f3s-venda atuante para se diferenciar em um mercado c\u00edclico<\/p>\n","protected":false},"author":3,"featured_media":32049,"comment_status":"open","ping_status":"open","sticky":false,"template":"","format":"standard","meta":{"footnotes":""},"categories":[9452,48],"tags":[],"class_list":["post-32048","post","type-post","status-publish","format-standard","has-post-thumbnail","hentry","category-exposibram-2026","category-processamento-guia-itm"],"yoast_head":"<!-- This site is optimized with the Yoast SEO plugin v28.4 - https:\/\/yoast.com\/product\/yoast-seo-wordpress\/ -->\n<title>ATENDIMENTO E AUTOSSUFICI\u00caNCIA REFOR\u00c7AM REPUTA\u00c7\u00c3O DA PROGT - Revista In The Mine<\/title>\n<meta name=\"description\" content=\"Com f\u00e1bricas pr\u00f3prias e engenharia 360 graus, empresa aposta em p\u00f3s-venda atuante para se diferenciar em um mercado c\u00edclico\" \/>\n<meta name=\"robots\" content=\"index, follow, max-snippet:-1, max-image-preview:large, max-video-preview:-1\" \/>\n<link rel=\"canonical\" href=\"https:\/\/www.inthemine.com.br\/site\/atendimento-e-autossuficiencia-reforcam-reputacao-da-progt\/\" \/>\n<meta property=\"og:locale\" content=\"pt_BR\" \/>\n<meta property=\"og:type\" content=\"article\" \/>\n<meta property=\"og:title\" content=\"ATENDIMENTO E AUTOSSUFICI\u00caNCIA REFOR\u00c7AM REPUTA\u00c7\u00c3O DA PROGT - Revista In The Mine\" \/>\n<meta property=\"og:description\" content=\"Com f\u00e1bricas pr\u00f3prias e engenharia 360 graus, empresa aposta em p\u00f3s-venda atuante para se diferenciar em um mercado c\u00edclico\" \/>\n<meta property=\"og:url\" content=\"https:\/\/www.inthemine.com.br\/site\/atendimento-e-autossuficiencia-reforcam-reputacao-da-progt\/\" \/>\n<meta property=\"og:site_name\" content=\"Revista In The Mine\" \/>\n<meta property=\"article:publisher\" content=\"http:\/\/www.facebook.com\/inthemine\" \/>\n<meta property=\"article:published_time\" content=\"2026-09-02T17:47:58+00:00\" \/>\n<meta property=\"article:modified_time\" content=\"2026-09-02T17:49:31+00:00\" \/>\n<meta property=\"og:image\" content=\"https:\/\/www.inthemine.com.br\/site\/wp-content\/uploads\/2026\/09\/PROGT-EXECUTIVO.jpg\" \/>\n\t<meta property=\"og:image:width\" content=\"800\" \/>\n\t<meta property=\"og:image:height\" content=\"1067\" \/>\n\t<meta property=\"og:image:type\" content=\"image\/jpeg\" \/>\n<meta name=\"author\" content=\"Reda\u00e7\u00e3o ITM\" \/>\n<meta name=\"twitter:card\" content=\"summary_large_image\" \/>\n<meta name=\"twitter:creator\" content=\"@intheminet\" \/>\n<meta name=\"twitter:site\" content=\"@intheminet\" \/>\n<meta name=\"twitter:label1\" content=\"Escrito por\" \/>\n\t<meta name=\"twitter:data1\" content=\"Reda\u00e7\u00e3o ITM\" \/>\n\t<meta name=\"twitter:label2\" content=\"Est. tempo de leitura\" \/>\n\t<meta name=\"twitter:data2\" content=\"3 minutos\" \/>\n<script type=\"application\/ld+json\" class=\"yoast-schema-graph\">{\"@context\":\"https:\\\/\\\/schema.org\",\"@graph\":[{\"@type\":\"Article\",\"@id\":\"https:\\\/\\\/www.inthemine.com.br\\\/site\\\/atendimento-e-autossuficiencia-reforcam-reputacao-da-progt\\\/#article\",\"isPartOf\":{\"@id\":\"https:\\\/\\\/www.inthemine.com.br\\\/site\\\/atendimento-e-autossuficiencia-reforcam-reputacao-da-progt\\\/\"},\"author\":{\"name\":\"Reda\u00e7\u00e3o ITM\",\"@id\":\"https:\\\/\\\/www.inthemine.com.br\\\/site\\\/#\\\/schema\\\/person\\\/9eb77cece2cea253bb36c4b68c6a324c\"},\"headline\":\"ATENDIMENTO E AUTOSSUFICI\u00caNCIA REFOR\u00c7AM REPUTA\u00c7\u00c3O DA PROGT\",\"datePublished\":\"2026-09-02T17:47:58+00:00\",\"dateModified\":\"2026-09-02T17:49:31+00:00\",\"mainEntityOfPage\":{\"@id\":\"https:\\\/\\\/www.inthemine.com.br\\\/site\\\/atendimento-e-autossuficiencia-reforcam-reputacao-da-progt\\\/\"},\"wordCount\":366,\"commentCount\":0,\"publisher\":{\"@id\":\"https:\\\/\\\/www.inthemine.com.br\\\/site\\\/#organization\"},\"image\":{\"@id\":\"https:\\\/\\\/www.inthemine.com.br\\\/site\\\/atendimento-e-autossuficiencia-reforcam-reputacao-da-progt\\\/#primaryimage\"},\"thumbnailUrl\":\"https:\\\/\\\/www.inthemine.com.br\\\/site\\\/wp-content\\\/uploads\\\/2026\\\/09\\\/PROGT-EXECUTIVO.jpg\",\"articleSection\":[\"EXPOSIBRAM 2026\",\"PROCESSAMENTO\"],\"inLanguage\":\"pt-BR\",\"potentialAction\":[{\"@type\":\"CommentAction\",\"name\":\"Comment\",\"target\":[\"https:\\\/\\\/www.inthemine.com.br\\\/site\\\/atendimento-e-autossuficiencia-reforcam-reputacao-da-progt\\\/#respond\"]}]},{\"@type\":\"WebPage\",\"@id\":\"https:\\\/\\\/www.inthemine.com.br\\\/site\\\/atendimento-e-autossuficiencia-reforcam-reputacao-da-progt\\\/\",\"url\":\"https:\\\/\\\/www.inthemine.com.br\\\/site\\\/atendimento-e-autossuficiencia-reforcam-reputacao-da-progt\\\/\",\"name\":\"ATENDIMENTO E AUTOSSUFICI\u00caNCIA REFOR\u00c7AM REPUTA\u00c7\u00c3O DA PROGT - Revista In The Mine\",\"isPartOf\":{\"@id\":\"https:\\\/\\\/www.inthemine.com.br\\\/site\\\/#website\"},\"primaryImageOfPage\":{\"@id\":\"https:\\\/\\\/www.inthemine.com.br\\\/site\\\/atendimento-e-autossuficiencia-reforcam-reputacao-da-progt\\\/#primaryimage\"},\"image\":{\"@id\":\"https:\\\/\\\/www.inthemine.com.br\\\/site\\\/atendimento-e-autossuficiencia-reforcam-reputacao-da-progt\\\/#primaryimage\"},\"thumbnailUrl\":\"https:\\\/\\\/www.inthemine.com.br\\\/site\\\/wp-content\\\/uploads\\\/2026\\\/09\\\/PROGT-EXECUTIVO.jpg\",\"datePublished\":\"2026-09-02T17:47:58+00:00\",\"dateModified\":\"2026-09-02T17:49:31+00:00\",\"description\":\"Com f\u00e1bricas pr\u00f3prias e engenharia 360 graus, empresa aposta em p\u00f3s-venda atuante para se diferenciar em um mercado c\u00edclico\",\"breadcrumb\":{\"@id\":\"https:\\\/\\\/www.inthemine.com.br\\\/site\\\/atendimento-e-autossuficiencia-reforcam-reputacao-da-progt\\\/#breadcrumb\"},\"inLanguage\":\"pt-BR\",\"potentialAction\":[{\"@type\":\"ReadAction\",\"target\":[\"https:\\\/\\\/www.inthemine.com.br\\\/site\\\/atendimento-e-autossuficiencia-reforcam-reputacao-da-progt\\\/\"]}]},{\"@type\":\"ImageObject\",\"inLanguage\":\"pt-BR\",\"@id\":\"https:\\\/\\\/www.inthemine.com.br\\\/site\\\/atendimento-e-autossuficiencia-reforcam-reputacao-da-progt\\\/#primaryimage\",\"url\":\"https:\\\/\\\/www.inthemine.com.br\\\/site\\\/wp-content\\\/uploads\\\/2026\\\/09\\\/PROGT-EXECUTIVO.jpg\",\"contentUrl\":\"https:\\\/\\\/www.inthemine.com.br\\\/site\\\/wp-content\\\/uploads\\\/2026\\\/09\\\/PROGT-EXECUTIVO.jpg\",\"width\":800,\"height\":1067,\"caption\":\"Jos\u00e9 \u00c1lvaro Ogando\"},{\"@type\":\"BreadcrumbList\",\"@id\":\"https:\\\/\\\/www.inthemine.com.br\\\/site\\\/atendimento-e-autossuficiencia-reforcam-reputacao-da-progt\\\/#breadcrumb\",\"itemListElement\":[{\"@type\":\"ListItem\",\"position\":1,\"name\":\"In\u00edcio\",\"item\":\"https:\\\/\\\/www.inthemine.com.br\\\/site\\\/\"},{\"@type\":\"ListItem\",\"position\":2,\"name\":\"ATENDIMENTO E AUTOSSUFICI\u00caNCIA REFOR\u00c7AM REPUTA\u00c7\u00c3O DA PROGT\"}]},{\"@type\":\"WebSite\",\"@id\":\"https:\\\/\\\/www.inthemine.com.br\\\/site\\\/#website\",\"url\":\"https:\\\/\\\/www.inthemine.com.br\\\/site\\\/\",\"name\":\"Revista In The Mine\",\"description\":\"Minera\u00e7\u00e3o brasileira\",\"publisher\":{\"@id\":\"https:\\\/\\\/www.inthemine.com.br\\\/site\\\/#organization\"},\"potentialAction\":[{\"@type\":\"SearchAction\",\"target\":{\"@type\":\"EntryPoint\",\"urlTemplate\":\"https:\\\/\\\/www.inthemine.com.br\\\/site\\\/?s={search_term_string}\"},\"query-input\":{\"@type\":\"PropertyValueSpecification\",\"valueRequired\":true,\"valueName\":\"search_term_string\"}}],\"inLanguage\":\"pt-BR\"},{\"@type\":\"Organization\",\"@id\":\"https:\\\/\\\/www.inthemine.com.br\\\/site\\\/#organization\",\"name\":\"In The Mine magazine\",\"url\":\"https:\\\/\\\/www.inthemine.com.br\\\/site\\\/\",\"logo\":{\"@type\":\"ImageObject\",\"inLanguage\":\"pt-BR\",\"@id\":\"https:\\\/\\\/www.inthemine.com.br\\\/site\\\/#\\\/schema\\\/logo\\\/image\\\/\",\"url\":\"https:\\\/\\\/www.inthemine.com.br\\\/site\\\/wp-content\\\/uploads\\\/2014\\\/08\\\/parceiro_theinmine.png\",\"contentUrl\":\"https:\\\/\\\/www.inthemine.com.br\\\/site\\\/wp-content\\\/uploads\\\/2014\\\/08\\\/parceiro_theinmine.png\",\"width\":170,\"height\":120,\"caption\":\"In The Mine magazine\"},\"image\":{\"@id\":\"https:\\\/\\\/www.inthemine.com.br\\\/site\\\/#\\\/schema\\\/logo\\\/image\\\/\"},\"sameAs\":[\"http:\\\/\\\/www.facebook.com\\\/inthemine\",\"https:\\\/\\\/x.com\\\/intheminet\",\"https:\\\/\\\/www.instagram.com\\\/minegaleria\",\"https:\\\/\\\/www.linkedin.com\\\/company\\\/in-the-mine?trk=biz-companies-cym\",\"https:\\\/\\\/www.youtube.com\\\/user\\\/revistainthemine\"]},{\"@type\":\"Person\",\"@id\":\"https:\\\/\\\/www.inthemine.com.br\\\/site\\\/#\\\/schema\\\/person\\\/9eb77cece2cea253bb36c4b68c6a324c\",\"name\":\"Reda\u00e7\u00e3o ITM\",\"image\":{\"@type\":\"ImageObject\",\"inLanguage\":\"pt-BR\",\"@id\":\"https:\\\/\\\/secure.gravatar.com\\\/avatar\\\/0f7f41419befdee0feca08f9ea1e434cac9c04e0b8d28ab40cffb82628fcfdf1?s=96&d=mm&r=g\",\"url\":\"https:\\\/\\\/secure.gravatar.com\\\/avatar\\\/0f7f41419befdee0feca08f9ea1e434cac9c04e0b8d28ab40cffb82628fcfdf1?s=96&d=mm&r=g\",\"contentUrl\":\"https:\\\/\\\/secure.gravatar.com\\\/avatar\\\/0f7f41419befdee0feca08f9ea1e434cac9c04e0b8d28ab40cffb82628fcfdf1?s=96&d=mm&r=g\",\"caption\":\"Reda\u00e7\u00e3o ITM\"},\"url\":\"https:\\\/\\\/www.inthemine.com.br\\\/site\\\/author\\\/admin-itm\\\/\"}]}<\/script>\n<!-- \/ Yoast SEO plugin. -->","yoast_head_json":{"title":"ATENDIMENTO E AUTOSSUFICI\u00caNCIA REFOR\u00c7AM REPUTA\u00c7\u00c3O DA PROGT - Revista In The Mine","description":"Com f\u00e1bricas pr\u00f3prias e engenharia 360 graus, empresa aposta em p\u00f3s-venda atuante para se diferenciar em um mercado c\u00edclico","robots":{"index":"index","follow":"follow","max-snippet":"max-snippet:-1","max-image-preview":"max-image-preview:large","max-video-preview":"max-video-preview:-1"},"canonical":"https:\/\/www.inthemine.com.br\/site\/atendimento-e-autossuficiencia-reforcam-reputacao-da-progt\/","og_locale":"pt_BR","og_type":"article","og_title":"ATENDIMENTO E AUTOSSUFICI\u00caNCIA REFOR\u00c7AM REPUTA\u00c7\u00c3O DA PROGT - Revista In The Mine","og_description":"Com f\u00e1bricas pr\u00f3prias e engenharia 360 graus, empresa aposta em p\u00f3s-venda atuante para se diferenciar em um mercado c\u00edclico","og_url":"https:\/\/www.inthemine.com.br\/site\/atendimento-e-autossuficiencia-reforcam-reputacao-da-progt\/","og_site_name":"Revista In The Mine","article_publisher":"http:\/\/www.facebook.com\/inthemine","article_published_time":"2026-09-02T17:47:58+00:00","article_modified_time":"2026-09-02T17:49:31+00:00","og_image":[{"width":800,"height":1067,"url":"https:\/\/www.inthemine.com.br\/site\/wp-content\/uploads\/2026\/09\/PROGT-EXECUTIVO.jpg","type":"image\/jpeg"}],"author":"Reda\u00e7\u00e3o ITM","twitter_card":"summary_large_image","twitter_creator":"@intheminet","twitter_site":"@intheminet","twitter_misc":{"Escrito por":"Reda\u00e7\u00e3o ITM","Est. tempo de leitura":"3 minutos"},"schema":{"@context":"https:\/\/schema.org","@graph":[{"@type":"Article","@id":"https:\/\/www.inthemine.com.br\/site\/atendimento-e-autossuficiencia-reforcam-reputacao-da-progt\/#article","isPartOf":{"@id":"https:\/\/www.inthemine.com.br\/site\/atendimento-e-autossuficiencia-reforcam-reputacao-da-progt\/"},"author":{"name":"Reda\u00e7\u00e3o ITM","@id":"https:\/\/www.inthemine.com.br\/site\/#\/schema\/person\/9eb77cece2cea253bb36c4b68c6a324c"},"headline":"ATENDIMENTO E AUTOSSUFICI\u00caNCIA REFOR\u00c7AM REPUTA\u00c7\u00c3O DA PROGT","datePublished":"2026-09-02T17:47:58+00:00","dateModified":"2026-09-02T17:49:31+00:00","mainEntityOfPage":{"@id":"https:\/\/www.inthemine.com.br\/site\/atendimento-e-autossuficiencia-reforcam-reputacao-da-progt\/"},"wordCount":366,"commentCount":0,"publisher":{"@id":"https:\/\/www.inthemine.com.br\/site\/#organization"},"image":{"@id":"https:\/\/www.inthemine.com.br\/site\/atendimento-e-autossuficiencia-reforcam-reputacao-da-progt\/#primaryimage"},"thumbnailUrl":"https:\/\/www.inthemine.com.br\/site\/wp-content\/uploads\/2026\/09\/PROGT-EXECUTIVO.jpg","articleSection":["EXPOSIBRAM 2026","PROCESSAMENTO"],"inLanguage":"pt-BR","potentialAction":[{"@type":"CommentAction","name":"Comment","target":["https:\/\/www.inthemine.com.br\/site\/atendimento-e-autossuficiencia-reforcam-reputacao-da-progt\/#respond"]}]},{"@type":"WebPage","@id":"https:\/\/www.inthemine.com.br\/site\/atendimento-e-autossuficiencia-reforcam-reputacao-da-progt\/","url":"https:\/\/www.inthemine.com.br\/site\/atendimento-e-autossuficiencia-reforcam-reputacao-da-progt\/","name":"ATENDIMENTO E AUTOSSUFICI\u00caNCIA REFOR\u00c7AM REPUTA\u00c7\u00c3O DA PROGT - Revista In The Mine","isPartOf":{"@id":"https:\/\/www.inthemine.com.br\/site\/#website"},"primaryImageOfPage":{"@id":"https:\/\/www.inthemine.com.br\/site\/atendimento-e-autossuficiencia-reforcam-reputacao-da-progt\/#primaryimage"},"image":{"@id":"https:\/\/www.inthemine.com.br\/site\/atendimento-e-autossuficiencia-reforcam-reputacao-da-progt\/#primaryimage"},"thumbnailUrl":"https:\/\/www.inthemine.com.br\/site\/wp-content\/uploads\/2026\/09\/PROGT-EXECUTIVO.jpg","datePublished":"2026-09-02T17:47:58+00:00","dateModified":"2026-09-02T17:49:31+00:00","description":"Com f\u00e1bricas pr\u00f3prias e engenharia 360 graus, empresa aposta em p\u00f3s-venda atuante para se diferenciar em um mercado c\u00edclico","breadcrumb":{"@id":"https:\/\/www.inthemine.com.br\/site\/atendimento-e-autossuficiencia-reforcam-reputacao-da-progt\/#breadcrumb"},"inLanguage":"pt-BR","potentialAction":[{"@type":"ReadAction","target":["https:\/\/www.inthemine.com.br\/site\/atendimento-e-autossuficiencia-reforcam-reputacao-da-progt\/"]}]},{"@type":"ImageObject","inLanguage":"pt-BR","@id":"https:\/\/www.inthemine.com.br\/site\/atendimento-e-autossuficiencia-reforcam-reputacao-da-progt\/#primaryimage","url":"https:\/\/www.inthemine.com.br\/site\/wp-content\/uploads\/2026\/09\/PROGT-EXECUTIVO.jpg","contentUrl":"https:\/\/www.inthemine.com.br\/site\/wp-content\/uploads\/2026\/09\/PROGT-EXECUTIVO.jpg","width":800,"height":1067,"caption":"Jos\u00e9 \u00c1lvaro Ogando"},{"@type":"BreadcrumbList","@id":"https:\/\/www.inthemine.com.br\/site\/atendimento-e-autossuficiencia-reforcam-reputacao-da-progt\/#breadcrumb","itemListElement":[{"@type":"ListItem","position":1,"name":"In\u00edcio","item":"https:\/\/www.inthemine.com.br\/site\/"},{"@type":"ListItem","position":2,"name":"ATENDIMENTO E AUTOSSUFICI\u00caNCIA REFOR\u00c7AM REPUTA\u00c7\u00c3O DA PROGT"}]},{"@type":"WebSite","@id":"https:\/\/www.inthemine.com.br\/site\/#website","url":"https:\/\/www.inthemine.com.br\/site\/","name":"Revista In The Mine","description":"Minera\u00e7\u00e3o brasileira","publisher":{"@id":"https:\/\/www.inthemine.com.br\/site\/#organization"},"potentialAction":[{"@type":"SearchAction","target":{"@type":"EntryPoint","urlTemplate":"https:\/\/www.inthemine.com.br\/site\/?s={search_term_string}"},"query-input":{"@type":"PropertyValueSpecification","valueRequired":true,"valueName":"search_term_string"}}],"inLanguage":"pt-BR"},{"@type":"Organization","@id":"https:\/\/www.inthemine.com.br\/site\/#organization","name":"In The Mine magazine","url":"https:\/\/www.inthemine.com.br\/site\/","logo":{"@type":"ImageObject","inLanguage":"pt-BR","@id":"https:\/\/www.inthemine.com.br\/site\/#\/schema\/logo\/image\/","url":"https:\/\/www.inthemine.com.br\/site\/wp-content\/uploads\/2014\/08\/parceiro_theinmine.png","contentUrl":"https:\/\/www.inthemine.com.br\/site\/wp-content\/uploads\/2014\/08\/parceiro_theinmine.png","width":170,"height":120,"caption":"In The Mine magazine"},"image":{"@id":"https:\/\/www.inthemine.com.br\/site\/#\/schema\/logo\/image\/"},"sameAs":["http:\/\/www.facebook.com\/inthemine","https:\/\/x.com\/intheminet","https:\/\/www.instagram.com\/minegaleria","https:\/\/www.linkedin.com\/company\/in-the-mine?trk=biz-companies-cym","https:\/\/www.youtube.com\/user\/revistainthemine"]},{"@type":"Person","@id":"https:\/\/www.inthemine.com.br\/site\/#\/schema\/person\/9eb77cece2cea253bb36c4b68c6a324c","name":"Reda\u00e7\u00e3o ITM","image":{"@type":"ImageObject","inLanguage":"pt-BR","@id":"https:\/\/secure.gravatar.com\/avatar\/0f7f41419befdee0feca08f9ea1e434cac9c04e0b8d28ab40cffb82628fcfdf1?s=96&d=mm&r=g","url":"https:\/\/secure.gravatar.com\/avatar\/0f7f41419befdee0feca08f9ea1e434cac9c04e0b8d28ab40cffb82628fcfdf1?s=96&d=mm&r=g","contentUrl":"https:\/\/secure.gravatar.com\/avatar\/0f7f41419befdee0feca08f9ea1e434cac9c04e0b8d28ab40cffb82628fcfdf1?s=96&d=mm&r=g","caption":"Reda\u00e7\u00e3o ITM"},"url":"https:\/\/www.inthemine.com.br\/site\/author\/admin-itm\/"}]}},"_links":{"self":[{"href":"https:\/\/www.inthemine.com.br\/site\/wp-json\/wp\/v2\/posts\/32048","targetHints":{"allow":["GET"]}}],"collection":[{"href":"https:\/\/www.inthemine.com.br\/site\/wp-json\/wp\/v2\/posts"}],"about":[{"href":"https:\/\/www.inthemine.com.br\/site\/wp-json\/wp\/v2\/types\/post"}],"author":[{"embeddable":true,"href":"https:\/\/www.inthemine.com.br\/site\/wp-json\/wp\/v2\/users\/3"}],"replies":[{"embeddable":true,"href":"https:\/\/www.inthemine.com.br\/site\/wp-json\/wp\/v2\/comments?post=32048"}],"version-history":[{"count":2,"href":"https:\/\/www.inthemine.com.br\/site\/wp-json\/wp\/v2\/posts\/32048\/revisions"}],"predecessor-version":[{"id":32054,"href":"https:\/\/www.inthemine.com.br\/site\/wp-json\/wp\/v2\/posts\/32048\/revisions\/32054"}],"wp:featuredmedia":[{"embeddable":true,"href":"https:\/\/www.inthemine.com.br\/site\/wp-json\/wp\/v2\/media\/32049"}],"wp:attachment":[{"href":"https:\/\/www.inthemine.com.br\/site\/wp-json\/wp\/v2\/media?parent=32048"}],"wp:term":[{"taxonomy":"category","embeddable":true,"href":"https:\/\/www.inthemine.com.br\/site\/wp-json\/wp\/v2\/categories?post=32048"},{"taxonomy":"post_tag","embeddable":true,"href":"https:\/\/www.inthemine.com.br\/site\/wp-json\/wp\/v2\/tags?post=32048"}],"curies":[{"name":"wp","href":"https:\/\/api.w.org\/{rel}","templated":true}]}}