{"id":31949,"date":"2026-08-31T18:05:05","date_gmt":"2026-08-31T21:05:05","guid":{"rendered":"https:\/\/www.inthemine.com.br\/site\/?p=31949"},"modified":"2026-08-31T18:05:05","modified_gmt":"2026-08-31T21:05:05","slug":"rhi-magnesita-nomeia-gustavo-franco-como-ceo","status":"publish","type":"post","link":"https:\/\/www.inthemine.com.br\/site\/rhi-magnesita-nomeia-gustavo-franco-como-ceo\/","title":{"rendered":"RHI MAGNESITA NOMEIA GUSTAVO FRANCO COMO CEO"},"content":{"rendered":"<p>A RHI Magnesita, l\u00edder global no fornecimento de produtos, sistemas e solu\u00e7\u00f5es refrat\u00e1rios de alta qualidade, anunciou a nomea\u00e7\u00e3o de Gustavo Franco como Chief Executive Officer (CEO), a partir de 1\u00ba de novembro de 2026, sucedendo Stefan Borgas, que deixar\u00e1 o cargo ap\u00f3s dez anos.<\/p>\n<p>A nomea\u00e7\u00e3o marca um novo cap\u00edtulo importante para a RHI Magnesita e ocorre ap\u00f3s um amplo processo de sucess\u00e3o conduzido pelo Comit\u00ea de Nomea\u00e7\u00e3o e Governan\u00e7a e pelo Conselho de Administra\u00e7\u00e3o. Gustavo foi selecionado pelo Conselho por ser um l\u00edder experiente da pr\u00f3pria RHI Magnesita, reunindo mais de duas d\u00e9cadas de experi\u00eancia no setor com profundo conhecimento do Grupo, de seus clientes, de seus colaboradores e de suas opera\u00e7\u00f5es globais.<\/p>\n<p>De acordo com Herbert Cordt, presidente do Conselho de Administra\u00e7\u00e3o, o Conselho est\u00e1 muito satisfeito em nomear Gustavo como Chief Executive Officer. \u201cSua ampla experi\u00eancia no setor, seu profundo conhecimento da RHI Magnesita e de seus clientes, al\u00e9m de seu s\u00f3lido hist\u00f3rico dentro do Grupo, fazem dele a pessoa ideal para liderar a empresa em sua pr\u00f3xima fase de desenvolvimento.\u201d<\/p>\n<p>Franco ingressou na Magnesita em 2001 e construiu sua carreira em fun\u00e7\u00f5es t\u00e9cnicas, comerciais e de lideran\u00e7a na Am\u00e9rica do Sul, Am\u00e9rica do Norte e Europa. Desempenhou um papel fundamental na bem-sucedida integra\u00e7\u00e3o comercial entre RHI e Magnesita ap\u00f3s a fus\u00e3o, em 2017, e \u00e9 membro da Equipe de Gest\u00e3o Executiva desde 2019.<\/p>\n<p>Como Chief Customer Officer (CCO), Gustavo atualmente lidera a organiza\u00e7\u00e3o comercial global da RHI Magnesita, sendo respons\u00e1vel pelo relacionamento com os clientes, pelo desempenho dos neg\u00f3cios nas diferentes regi\u00f5es e pelas fun\u00e7\u00f5es de compras e cadeia de suprimentos. Essa combina\u00e7\u00e3o de proximidade com os clientes, conhecimento operacional, experi\u00eancia internacional e conhecimento do Grupo oferece uma base s\u00f3lida para que ele se prepare para liderar a RHI Magnesita em sua pr\u00f3xima fase de desenvolvimento.<\/p>\n<p>\u201c\u00c9 um privil\u00e9gio ser nomeado Chief Executive Officer da RHI Magnesita. Temos uma estrat\u00e9gia s\u00f3lida, uma posi\u00e7\u00e3o global \u00fanica e uma equipe excepcional. Estou ansioso para desenvolver esses pontos fortes, trabalhando em estreita colabora\u00e7\u00e3o com nossos colaboradores e clientes em todo o mundo, e liderar a RHI Magnesita na pr\u00f3xima d\u00e9cada\u201d, afirma Franco.<\/p>\n<p>A transi\u00e7\u00e3o de lideran\u00e7a foi cuidadosamente planejada como parte do processo de sucess\u00e3o de longo prazo do Conselho. Stefan Borgas e Gustavo Franco trabalhar\u00e3o juntos durante um per\u00edodo estruturado de transi\u00e7\u00e3o antes da mudan\u00e7a, em 1\u00ba de novembro de 2026.<\/p>\n<p>\u201cLiderar a RHI Magnesita nos \u00faltimos dez anos foi um enorme privil\u00e9gio, e tenho imenso orgulho do que nossos colaboradores conquistaram juntos. Estou muito feliz que Gustavo ir\u00e1 me suceder. Ele conhece excepcionalmente bem nossa Companhia, nossos clientes e nosso setor, e espero trabalhar em estreita colabora\u00e7\u00e3o com ele para garantir uma transi\u00e7\u00e3o tranquila\u201d, afirma Stefan Borgas.<\/p>\n<p>Para Wagner Sampaio, Presidente Regional da Am\u00e9rica Latina, essa nomea\u00e7\u00e3o foi recebida com muito entusiasmo. \u201cA chegada de Gustavo \u00e0 posi\u00e7\u00e3o de CEO global acontece em um momento de importantes transforma\u00e7\u00f5es na ind\u00fastria. Tenho certeza de que seu profundo conhecimento do nosso neg\u00f3cio, dos diferentes mercados em que atuamos e, principalmente, das necessidades dos nossos clientes certamente contribuir\u00e1 para fortalecer ainda mais a atua\u00e7\u00e3o da RHI Magnesita globalmente. Estamos muito confiantes neste novo ciclo e tamb\u00e9m muito gratos ao Stefan Borgas por sua lideran\u00e7a e por toda a contribui\u00e7\u00e3o \u00e0 Companhia ao longo dos \u00faltimos anos.\u201d<\/p>\n<h5>Foto: Divulga\u00e7\u00e3o RHI Magnesita<\/h5>\n","protected":false},"excerpt":{"rendered":"<p>Executivo foi selecionado por ser um l\u00edder experiente da pr\u00f3pria RHI Magnesita, com mais de duas d\u00e9cadas de experi\u00eancia no setor <\/p>\n","protected":false},"author":3,"featured_media":31950,"comment_status":"open","ping_status":"open","sticky":false,"template":"","format":"standard","meta":{"footnotes":""},"categories":[7],"tags":[],"class_list":["post-31949","post","type-post","status-publish","format-standard","has-post-thumbnail","hentry","category-empresas"],"yoast_head":"<!-- This site is optimized with the Yoast SEO plugin v28.3 - https:\/\/yoast.com\/product\/yoast-seo-wordpress\/ -->\n<title>RHI MAGNESITA NOMEIA GUSTAVO FRANCO COMO CEO - Revista In The Mine<\/title>\n<meta name=\"description\" content=\"Executivo foi selecionado por ser um l\u00edder experiente da pr\u00f3pria RHI Magnesita, com mais de duas d\u00e9cadas de experi\u00eancia no setor\" \/>\n<meta name=\"robots\" content=\"index, follow, max-snippet:-1, max-image-preview:large, max-video-preview:-1\" \/>\n<link rel=\"canonical\" href=\"https:\/\/www.inthemine.com.br\/site\/rhi-magnesita-nomeia-gustavo-franco-como-ceo\/\" \/>\n<meta property=\"og:locale\" content=\"pt_BR\" \/>\n<meta property=\"og:type\" content=\"article\" \/>\n<meta property=\"og:title\" content=\"RHI MAGNESITA NOMEIA GUSTAVO FRANCO COMO CEO - Revista In The Mine\" \/>\n<meta property=\"og:description\" content=\"Executivo foi selecionado por ser um l\u00edder experiente da pr\u00f3pria RHI Magnesita, com mais de duas d\u00e9cadas de experi\u00eancia no setor\" \/>\n<meta property=\"og:url\" content=\"https:\/\/www.inthemine.com.br\/site\/rhi-magnesita-nomeia-gustavo-franco-como-ceo\/\" \/>\n<meta property=\"og:site_name\" content=\"Revista In The Mine\" \/>\n<meta property=\"article:publisher\" content=\"http:\/\/www.facebook.com\/inthemine\" \/>\n<meta property=\"article:published_time\" content=\"2026-08-31T21:05:05+00:00\" \/>\n<meta property=\"og:image\" content=\"https:\/\/www.inthemine.com.br\/site\/wp-content\/uploads\/2026\/08\/Gustavo-Franco-e-nomeado-CEO-da-RHI-Magnesita.jpg\" \/>\n\t<meta property=\"og:image:width\" content=\"800\" \/>\n\t<meta property=\"og:image:height\" content=\"534\" \/>\n\t<meta property=\"og:image:type\" content=\"image\/jpeg\" \/>\n<meta name=\"author\" content=\"Reda\u00e7\u00e3o ITM\" \/>\n<meta name=\"twitter:card\" content=\"summary_large_image\" \/>\n<meta name=\"twitter:creator\" content=\"@intheminet\" \/>\n<meta name=\"twitter:site\" content=\"@intheminet\" \/>\n<meta name=\"twitter:label1\" content=\"Escrito por\" \/>\n\t<meta name=\"twitter:data1\" content=\"Reda\u00e7\u00e3o ITM\" \/>\n\t<meta name=\"twitter:label2\" content=\"Est. tempo de leitura\" \/>\n\t<meta name=\"twitter:data2\" content=\"4 minutos\" \/>\n<script type=\"application\/ld+json\" class=\"yoast-schema-graph\">{\"@context\":\"https:\\\/\\\/schema.org\",\"@graph\":[{\"@type\":\"Article\",\"@id\":\"https:\\\/\\\/www.inthemine.com.br\\\/site\\\/rhi-magnesita-nomeia-gustavo-franco-como-ceo\\\/#article\",\"isPartOf\":{\"@id\":\"https:\\\/\\\/www.inthemine.com.br\\\/site\\\/rhi-magnesita-nomeia-gustavo-franco-como-ceo\\\/\"},\"author\":{\"name\":\"Reda\u00e7\u00e3o ITM\",\"@id\":\"https:\\\/\\\/www.inthemine.com.br\\\/site\\\/#\\\/schema\\\/person\\\/9eb77cece2cea253bb36c4b68c6a324c\"},\"headline\":\"RHI MAGNESITA NOMEIA GUSTAVO FRANCO COMO CEO\",\"datePublished\":\"2026-08-31T21:05:05+00:00\",\"mainEntityOfPage\":{\"@id\":\"https:\\\/\\\/www.inthemine.com.br\\\/site\\\/rhi-magnesita-nomeia-gustavo-franco-como-ceo\\\/\"},\"wordCount\":616,\"commentCount\":0,\"publisher\":{\"@id\":\"https:\\\/\\\/www.inthemine.com.br\\\/site\\\/#organization\"},\"image\":{\"@id\":\"https:\\\/\\\/www.inthemine.com.br\\\/site\\\/rhi-magnesita-nomeia-gustavo-franco-como-ceo\\\/#primaryimage\"},\"thumbnailUrl\":\"https:\\\/\\\/www.inthemine.com.br\\\/site\\\/wp-content\\\/uploads\\\/2026\\\/08\\\/Gustavo-Franco-e-nomeado-CEO-da-RHI-Magnesita.jpg\",\"articleSection\":[\"EMPRESAS\"],\"inLanguage\":\"pt-BR\",\"potentialAction\":[{\"@type\":\"CommentAction\",\"name\":\"Comment\",\"target\":[\"https:\\\/\\\/www.inthemine.com.br\\\/site\\\/rhi-magnesita-nomeia-gustavo-franco-como-ceo\\\/#respond\"]}]},{\"@type\":\"WebPage\",\"@id\":\"https:\\\/\\\/www.inthemine.com.br\\\/site\\\/rhi-magnesita-nomeia-gustavo-franco-como-ceo\\\/\",\"url\":\"https:\\\/\\\/www.inthemine.com.br\\\/site\\\/rhi-magnesita-nomeia-gustavo-franco-como-ceo\\\/\",\"name\":\"RHI MAGNESITA NOMEIA GUSTAVO FRANCO COMO CEO - Revista In The Mine\",\"isPartOf\":{\"@id\":\"https:\\\/\\\/www.inthemine.com.br\\\/site\\\/#website\"},\"primaryImageOfPage\":{\"@id\":\"https:\\\/\\\/www.inthemine.com.br\\\/site\\\/rhi-magnesita-nomeia-gustavo-franco-como-ceo\\\/#primaryimage\"},\"image\":{\"@id\":\"https:\\\/\\\/www.inthemine.com.br\\\/site\\\/rhi-magnesita-nomeia-gustavo-franco-como-ceo\\\/#primaryimage\"},\"thumbnailUrl\":\"https:\\\/\\\/www.inthemine.com.br\\\/site\\\/wp-content\\\/uploads\\\/2026\\\/08\\\/Gustavo-Franco-e-nomeado-CEO-da-RHI-Magnesita.jpg\",\"datePublished\":\"2026-08-31T21:05:05+00:00\",\"description\":\"Executivo foi selecionado por ser um l\u00edder experiente da pr\u00f3pria RHI Magnesita, com mais de duas d\u00e9cadas de experi\u00eancia no setor\",\"breadcrumb\":{\"@id\":\"https:\\\/\\\/www.inthemine.com.br\\\/site\\\/rhi-magnesita-nomeia-gustavo-franco-como-ceo\\\/#breadcrumb\"},\"inLanguage\":\"pt-BR\",\"potentialAction\":[{\"@type\":\"ReadAction\",\"target\":[\"https:\\\/\\\/www.inthemine.com.br\\\/site\\\/rhi-magnesita-nomeia-gustavo-franco-como-ceo\\\/\"]}]},{\"@type\":\"ImageObject\",\"inLanguage\":\"pt-BR\",\"@id\":\"https:\\\/\\\/www.inthemine.com.br\\\/site\\\/rhi-magnesita-nomeia-gustavo-franco-como-ceo\\\/#primaryimage\",\"url\":\"https:\\\/\\\/www.inthemine.com.br\\\/site\\\/wp-content\\\/uploads\\\/2026\\\/08\\\/Gustavo-Franco-e-nomeado-CEO-da-RHI-Magnesita.jpg\",\"contentUrl\":\"https:\\\/\\\/www.inthemine.com.br\\\/site\\\/wp-content\\\/uploads\\\/2026\\\/08\\\/Gustavo-Franco-e-nomeado-CEO-da-RHI-Magnesita.jpg\",\"width\":800,\"height\":534,\"caption\":\"Gustavo Franco \u00e9 nomeado CEO da RHI Magnesita\"},{\"@type\":\"BreadcrumbList\",\"@id\":\"https:\\\/\\\/www.inthemine.com.br\\\/site\\\/rhi-magnesita-nomeia-gustavo-franco-como-ceo\\\/#breadcrumb\",\"itemListElement\":[{\"@type\":\"ListItem\",\"position\":1,\"name\":\"In\u00edcio\",\"item\":\"https:\\\/\\\/www.inthemine.com.br\\\/site\\\/\"},{\"@type\":\"ListItem\",\"position\":2,\"name\":\"RHI MAGNESITA NOMEIA GUSTAVO FRANCO COMO CEO\"}]},{\"@type\":\"WebSite\",\"@id\":\"https:\\\/\\\/www.inthemine.com.br\\\/site\\\/#website\",\"url\":\"https:\\\/\\\/www.inthemine.com.br\\\/site\\\/\",\"name\":\"Revista In The Mine\",\"description\":\"Minera\u00e7\u00e3o brasileira\",\"publisher\":{\"@id\":\"https:\\\/\\\/www.inthemine.com.br\\\/site\\\/#organization\"},\"potentialAction\":[{\"@type\":\"SearchAction\",\"target\":{\"@type\":\"EntryPoint\",\"urlTemplate\":\"https:\\\/\\\/www.inthemine.com.br\\\/site\\\/?s={search_term_string}\"},\"query-input\":{\"@type\":\"PropertyValueSpecification\",\"valueRequired\":true,\"valueName\":\"search_term_string\"}}],\"inLanguage\":\"pt-BR\"},{\"@type\":\"Organization\",\"@id\":\"https:\\\/\\\/www.inthemine.com.br\\\/site\\\/#organization\",\"name\":\"In The Mine magazine\",\"url\":\"https:\\\/\\\/www.inthemine.com.br\\\/site\\\/\",\"logo\":{\"@type\":\"ImageObject\",\"inLanguage\":\"pt-BR\",\"@id\":\"https:\\\/\\\/www.inthemine.com.br\\\/site\\\/#\\\/schema\\\/logo\\\/image\\\/\",\"url\":\"https:\\\/\\\/www.inthemine.com.br\\\/site\\\/wp-content\\\/uploads\\\/2014\\\/08\\\/parceiro_theinmine.png\",\"contentUrl\":\"https:\\\/\\\/www.inthemine.com.br\\\/site\\\/wp-content\\\/uploads\\\/2014\\\/08\\\/parceiro_theinmine.png\",\"width\":170,\"height\":120,\"caption\":\"In The Mine magazine\"},\"image\":{\"@id\":\"https:\\\/\\\/www.inthemine.com.br\\\/site\\\/#\\\/schema\\\/logo\\\/image\\\/\"},\"sameAs\":[\"http:\\\/\\\/www.facebook.com\\\/inthemine\",\"https:\\\/\\\/x.com\\\/intheminet\",\"https:\\\/\\\/www.instagram.com\\\/minegaleria\",\"https:\\\/\\\/www.linkedin.com\\\/company\\\/in-the-mine?trk=biz-companies-cym\",\"https:\\\/\\\/www.youtube.com\\\/user\\\/revistainthemine\"]},{\"@type\":\"Person\",\"@id\":\"https:\\\/\\\/www.inthemine.com.br\\\/site\\\/#\\\/schema\\\/person\\\/9eb77cece2cea253bb36c4b68c6a324c\",\"name\":\"Reda\u00e7\u00e3o ITM\",\"image\":{\"@type\":\"ImageObject\",\"inLanguage\":\"pt-BR\",\"@id\":\"https:\\\/\\\/secure.gravatar.com\\\/avatar\\\/0f7f41419befdee0feca08f9ea1e434cac9c04e0b8d28ab40cffb82628fcfdf1?s=96&d=mm&r=g\",\"url\":\"https:\\\/\\\/secure.gravatar.com\\\/avatar\\\/0f7f41419befdee0feca08f9ea1e434cac9c04e0b8d28ab40cffb82628fcfdf1?s=96&d=mm&r=g\",\"contentUrl\":\"https:\\\/\\\/secure.gravatar.com\\\/avatar\\\/0f7f41419befdee0feca08f9ea1e434cac9c04e0b8d28ab40cffb82628fcfdf1?s=96&d=mm&r=g\",\"caption\":\"Reda\u00e7\u00e3o ITM\"},\"url\":\"https:\\\/\\\/www.inthemine.com.br\\\/site\\\/author\\\/admin-itm\\\/\"}]}<\/script>\n<!-- \/ Yoast SEO plugin. -->","yoast_head_json":{"title":"RHI MAGNESITA NOMEIA GUSTAVO FRANCO COMO CEO - Revista In The Mine","description":"Executivo foi selecionado por ser um l\u00edder experiente da pr\u00f3pria RHI Magnesita, com mais de duas d\u00e9cadas de experi\u00eancia no setor","robots":{"index":"index","follow":"follow","max-snippet":"max-snippet:-1","max-image-preview":"max-image-preview:large","max-video-preview":"max-video-preview:-1"},"canonical":"https:\/\/www.inthemine.com.br\/site\/rhi-magnesita-nomeia-gustavo-franco-como-ceo\/","og_locale":"pt_BR","og_type":"article","og_title":"RHI MAGNESITA NOMEIA GUSTAVO FRANCO COMO CEO - Revista In The Mine","og_description":"Executivo foi selecionado por ser um l\u00edder experiente da pr\u00f3pria RHI Magnesita, com mais de duas d\u00e9cadas de experi\u00eancia no setor","og_url":"https:\/\/www.inthemine.com.br\/site\/rhi-magnesita-nomeia-gustavo-franco-como-ceo\/","og_site_name":"Revista In The Mine","article_publisher":"http:\/\/www.facebook.com\/inthemine","article_published_time":"2026-08-31T21:05:05+00:00","og_image":[{"width":800,"height":534,"url":"https:\/\/www.inthemine.com.br\/site\/wp-content\/uploads\/2026\/08\/Gustavo-Franco-e-nomeado-CEO-da-RHI-Magnesita.jpg","type":"image\/jpeg"}],"author":"Reda\u00e7\u00e3o ITM","twitter_card":"summary_large_image","twitter_creator":"@intheminet","twitter_site":"@intheminet","twitter_misc":{"Escrito por":"Reda\u00e7\u00e3o ITM","Est. tempo de leitura":"4 minutos"},"schema":{"@context":"https:\/\/schema.org","@graph":[{"@type":"Article","@id":"https:\/\/www.inthemine.com.br\/site\/rhi-magnesita-nomeia-gustavo-franco-como-ceo\/#article","isPartOf":{"@id":"https:\/\/www.inthemine.com.br\/site\/rhi-magnesita-nomeia-gustavo-franco-como-ceo\/"},"author":{"name":"Reda\u00e7\u00e3o ITM","@id":"https:\/\/www.inthemine.com.br\/site\/#\/schema\/person\/9eb77cece2cea253bb36c4b68c6a324c"},"headline":"RHI MAGNESITA NOMEIA GUSTAVO FRANCO COMO CEO","datePublished":"2026-08-31T21:05:05+00:00","mainEntityOfPage":{"@id":"https:\/\/www.inthemine.com.br\/site\/rhi-magnesita-nomeia-gustavo-franco-como-ceo\/"},"wordCount":616,"commentCount":0,"publisher":{"@id":"https:\/\/www.inthemine.com.br\/site\/#organization"},"image":{"@id":"https:\/\/www.inthemine.com.br\/site\/rhi-magnesita-nomeia-gustavo-franco-como-ceo\/#primaryimage"},"thumbnailUrl":"https:\/\/www.inthemine.com.br\/site\/wp-content\/uploads\/2026\/08\/Gustavo-Franco-e-nomeado-CEO-da-RHI-Magnesita.jpg","articleSection":["EMPRESAS"],"inLanguage":"pt-BR","potentialAction":[{"@type":"CommentAction","name":"Comment","target":["https:\/\/www.inthemine.com.br\/site\/rhi-magnesita-nomeia-gustavo-franco-como-ceo\/#respond"]}]},{"@type":"WebPage","@id":"https:\/\/www.inthemine.com.br\/site\/rhi-magnesita-nomeia-gustavo-franco-como-ceo\/","url":"https:\/\/www.inthemine.com.br\/site\/rhi-magnesita-nomeia-gustavo-franco-como-ceo\/","name":"RHI MAGNESITA NOMEIA GUSTAVO FRANCO COMO CEO - Revista In The Mine","isPartOf":{"@id":"https:\/\/www.inthemine.com.br\/site\/#website"},"primaryImageOfPage":{"@id":"https:\/\/www.inthemine.com.br\/site\/rhi-magnesita-nomeia-gustavo-franco-como-ceo\/#primaryimage"},"image":{"@id":"https:\/\/www.inthemine.com.br\/site\/rhi-magnesita-nomeia-gustavo-franco-como-ceo\/#primaryimage"},"thumbnailUrl":"https:\/\/www.inthemine.com.br\/site\/wp-content\/uploads\/2026\/08\/Gustavo-Franco-e-nomeado-CEO-da-RHI-Magnesita.jpg","datePublished":"2026-08-31T21:05:05+00:00","description":"Executivo foi selecionado por ser um l\u00edder experiente da pr\u00f3pria RHI Magnesita, com mais de duas d\u00e9cadas de experi\u00eancia no setor","breadcrumb":{"@id":"https:\/\/www.inthemine.com.br\/site\/rhi-magnesita-nomeia-gustavo-franco-como-ceo\/#breadcrumb"},"inLanguage":"pt-BR","potentialAction":[{"@type":"ReadAction","target":["https:\/\/www.inthemine.com.br\/site\/rhi-magnesita-nomeia-gustavo-franco-como-ceo\/"]}]},{"@type":"ImageObject","inLanguage":"pt-BR","@id":"https:\/\/www.inthemine.com.br\/site\/rhi-magnesita-nomeia-gustavo-franco-como-ceo\/#primaryimage","url":"https:\/\/www.inthemine.com.br\/site\/wp-content\/uploads\/2026\/08\/Gustavo-Franco-e-nomeado-CEO-da-RHI-Magnesita.jpg","contentUrl":"https:\/\/www.inthemine.com.br\/site\/wp-content\/uploads\/2026\/08\/Gustavo-Franco-e-nomeado-CEO-da-RHI-Magnesita.jpg","width":800,"height":534,"caption":"Gustavo Franco \u00e9 nomeado CEO da RHI Magnesita"},{"@type":"BreadcrumbList","@id":"https:\/\/www.inthemine.com.br\/site\/rhi-magnesita-nomeia-gustavo-franco-como-ceo\/#breadcrumb","itemListElement":[{"@type":"ListItem","position":1,"name":"In\u00edcio","item":"https:\/\/www.inthemine.com.br\/site\/"},{"@type":"ListItem","position":2,"name":"RHI MAGNESITA NOMEIA GUSTAVO FRANCO COMO CEO"}]},{"@type":"WebSite","@id":"https:\/\/www.inthemine.com.br\/site\/#website","url":"https:\/\/www.inthemine.com.br\/site\/","name":"Revista In The Mine","description":"Minera\u00e7\u00e3o brasileira","publisher":{"@id":"https:\/\/www.inthemine.com.br\/site\/#organization"},"potentialAction":[{"@type":"SearchAction","target":{"@type":"EntryPoint","urlTemplate":"https:\/\/www.inthemine.com.br\/site\/?s={search_term_string}"},"query-input":{"@type":"PropertyValueSpecification","valueRequired":true,"valueName":"search_term_string"}}],"inLanguage":"pt-BR"},{"@type":"Organization","@id":"https:\/\/www.inthemine.com.br\/site\/#organization","name":"In The Mine magazine","url":"https:\/\/www.inthemine.com.br\/site\/","logo":{"@type":"ImageObject","inLanguage":"pt-BR","@id":"https:\/\/www.inthemine.com.br\/site\/#\/schema\/logo\/image\/","url":"https:\/\/www.inthemine.com.br\/site\/wp-content\/uploads\/2014\/08\/parceiro_theinmine.png","contentUrl":"https:\/\/www.inthemine.com.br\/site\/wp-content\/uploads\/2014\/08\/parceiro_theinmine.png","width":170,"height":120,"caption":"In The Mine magazine"},"image":{"@id":"https:\/\/www.inthemine.com.br\/site\/#\/schema\/logo\/image\/"},"sameAs":["http:\/\/www.facebook.com\/inthemine","https:\/\/x.com\/intheminet","https:\/\/www.instagram.com\/minegaleria","https:\/\/www.linkedin.com\/company\/in-the-mine?trk=biz-companies-cym","https:\/\/www.youtube.com\/user\/revistainthemine"]},{"@type":"Person","@id":"https:\/\/www.inthemine.com.br\/site\/#\/schema\/person\/9eb77cece2cea253bb36c4b68c6a324c","name":"Reda\u00e7\u00e3o ITM","image":{"@type":"ImageObject","inLanguage":"pt-BR","@id":"https:\/\/secure.gravatar.com\/avatar\/0f7f41419befdee0feca08f9ea1e434cac9c04e0b8d28ab40cffb82628fcfdf1?s=96&d=mm&r=g","url":"https:\/\/secure.gravatar.com\/avatar\/0f7f41419befdee0feca08f9ea1e434cac9c04e0b8d28ab40cffb82628fcfdf1?s=96&d=mm&r=g","contentUrl":"https:\/\/secure.gravatar.com\/avatar\/0f7f41419befdee0feca08f9ea1e434cac9c04e0b8d28ab40cffb82628fcfdf1?s=96&d=mm&r=g","caption":"Reda\u00e7\u00e3o ITM"},"url":"https:\/\/www.inthemine.com.br\/site\/author\/admin-itm\/"}]}},"_links":{"self":[{"href":"https:\/\/www.inthemine.com.br\/site\/wp-json\/wp\/v2\/posts\/31949","targetHints":{"allow":["GET"]}}],"collection":[{"href":"https:\/\/www.inthemine.com.br\/site\/wp-json\/wp\/v2\/posts"}],"about":[{"href":"https:\/\/www.inthemine.com.br\/site\/wp-json\/wp\/v2\/types\/post"}],"author":[{"embeddable":true,"href":"https:\/\/www.inthemine.com.br\/site\/wp-json\/wp\/v2\/users\/3"}],"replies":[{"embeddable":true,"href":"https:\/\/www.inthemine.com.br\/site\/wp-json\/wp\/v2\/comments?post=31949"}],"version-history":[{"count":1,"href":"https:\/\/www.inthemine.com.br\/site\/wp-json\/wp\/v2\/posts\/31949\/revisions"}],"predecessor-version":[{"id":31951,"href":"https:\/\/www.inthemine.com.br\/site\/wp-json\/wp\/v2\/posts\/31949\/revisions\/31951"}],"wp:featuredmedia":[{"embeddable":true,"href":"https:\/\/www.inthemine.com.br\/site\/wp-json\/wp\/v2\/media\/31950"}],"wp:attachment":[{"href":"https:\/\/www.inthemine.com.br\/site\/wp-json\/wp\/v2\/media?parent=31949"}],"wp:term":[{"taxonomy":"category","embeddable":true,"href":"https:\/\/www.inthemine.com.br\/site\/wp-json\/wp\/v2\/categories?post=31949"},{"taxonomy":"post_tag","embeddable":true,"href":"https:\/\/www.inthemine.com.br\/site\/wp-json\/wp\/v2\/tags?post=31949"}],"curies":[{"name":"wp","href":"https:\/\/api.w.org\/{rel}","templated":true}]}}