{"id":31904,"date":"2026-08-31T16:02:45","date_gmt":"2026-08-31T19:02:45","guid":{"rendered":"https:\/\/www.inthemine.com.br\/site\/?p=31904"},"modified":"2026-08-31T16:02:45","modified_gmt":"2026-08-31T19:02:45","slug":"dados-impulsionam-eficiencia-operacional","status":"publish","type":"post","link":"https:\/\/www.inthemine.com.br\/site\/dados-impulsionam-eficiencia-operacional\/","title":{"rendered":"DADOS IMPULSIONAM EFICI\u00caNCIA OPERACIONAL"},"content":{"rendered":"<p>Na AMG Brasil, produtora de concentrados de t\u00e2ntalo e espodum\u00eanio, estanho e feldspato, a transforma\u00e7\u00e3o digital est\u00e1 estruturada em um modelo de opera\u00e7\u00e3o conectada, baseado no monitoramento cont\u00ednuo da frota, na integra\u00e7\u00e3o de dados operacionais e na utiliza\u00e7\u00e3o de ferramentas anal\u00edticas para apoiar a tomada de decis\u00e3o. Segundo Frederico Gonzaga de Ara\u00fajo, gerente geral de Minera\u00e7\u00e3o, embora a mina ainda n\u00e3o seja aut\u00f4noma, o objetivo da empresa \u00e9 ampliar progressivamente o n\u00edvel de conectividade, rastreabilidade e intelig\u00eancia operacional em todas as etapas da lavra.<\/p>\n<figure id=\"attachment_31905\" aria-describedby=\"caption-attachment-31905\" style=\"width: 700px\" class=\"wp-caption aligncenter\"><a href=\"https:\/\/www.inthemine.com.br\/site\/wp-content\/uploads\/2026\/08\/Foto1-14.jpg\"><img loading=\"lazy\" decoding=\"async\" class=\"size-full wp-image-31905\" src=\"https:\/\/www.inthemine.com.br\/site\/wp-content\/uploads\/2026\/08\/Foto1-14.jpg\" alt=\"Frederico Gonzaga de Ara\u00fajo, gerente geral de Minera\u00e7\u00e3o da AMG Brasil (Foto: Fabr\u00edcio Guedes)\" width=\"700\" height=\"467\" srcset=\"https:\/\/www.inthemine.com.br\/site\/wp-content\/uploads\/2026\/08\/Foto1-14.jpg 700w, https:\/\/www.inthemine.com.br\/site\/wp-content\/uploads\/2026\/08\/Foto1-14-300x200.jpg 300w, https:\/\/www.inthemine.com.br\/site\/wp-content\/uploads\/2026\/08\/Foto1-14-600x400.jpg 600w\" sizes=\"auto, (max-width: 700px) 100vw, 700px\" \/><\/a><figcaption id=\"caption-attachment-31905\" class=\"wp-caption-text\">Frederico Gonzaga de Ara\u00fajo, gerente geral de Minera\u00e7\u00e3o da AMG Brasil (Foto: Fabr\u00edcio Guedes)<\/figcaption><\/figure>\n<p>Atualmente, os recursos digitais s\u00e3o aplicados no acompanhamento da frota m\u00f3vel pesada, na seguran\u00e7a operacional, na an\u00e1lise espacial da mina, na gera\u00e7\u00e3o de indicadores gerenciais, na automa\u00e7\u00e3o de processos administrativos e na consolida\u00e7\u00e3o das informa\u00e7\u00f5es operacionais. O sistema integra plataformas de telemetria, apontamento operacional e controle de produ\u00e7\u00e3o, permitindo acompanhar praticamente em tempo real o posicionamento dos equipamentos, sua produtividade, tempos de ciclo, disponibilidade f\u00edsica, utiliza\u00e7\u00e3o, consumo de combust\u00edvel, hor\u00edmetros e ocorr\u00eancias de parada.<\/p>\n<p>A seguran\u00e7a tamb\u00e9m passou a incorporar recursos avan\u00e7ados de Intelig\u00eancia Artificial (IA). Dispositivos embarcados utilizam vis\u00e3o computacional para identificar sinais de fadiga e distra\u00e7\u00e3o dos operadores, emitindo alertas autom\u00e1ticos \u00e0 central de controle e \u00e0s equipes de supervis\u00e3o sempre que s\u00e3o detectados comportamentos considerados de risco.<\/p>\n<figure id=\"attachment_31906\" aria-describedby=\"caption-attachment-31906\" style=\"width: 700px\" class=\"wp-caption aligncenter\"><a href=\"https:\/\/www.inthemine.com.br\/site\/wp-content\/uploads\/2026\/08\/Foto2-15.jpg\"><img loading=\"lazy\" decoding=\"async\" class=\"size-full wp-image-31906\" src=\"https:\/\/www.inthemine.com.br\/site\/wp-content\/uploads\/2026\/08\/Foto2-15.jpg\" alt=\"Foto 2: Painel do Business Intelligence para monitoramento da frota m\u00f3vel - AMG\/Divulga\u00e7\u00e3o\" width=\"700\" height=\"319\" srcset=\"https:\/\/www.inthemine.com.br\/site\/wp-content\/uploads\/2026\/08\/Foto2-15.jpg 700w, https:\/\/www.inthemine.com.br\/site\/wp-content\/uploads\/2026\/08\/Foto2-15-300x137.jpg 300w\" sizes=\"auto, (max-width: 700px) 100vw, 700px\" \/><\/a><figcaption id=\"caption-attachment-31906\" class=\"wp-caption-text\">Painel do Business Intelligence para monitoramento da frota m\u00f3vel &#8211; AMG\/Divulga\u00e7\u00e3o<\/figcaption><\/figure>\n<p>Outra frente de atua\u00e7\u00e3o envolve an\u00e1lises geoespaciais. Por meio de mapas de calor e processamento de dados espaciais, a empresa identifica gargalos log\u00edsticos, pontos cr\u00edticos de circula\u00e7\u00e3o e oportunidades para otimiza\u00e7\u00e3o das vias de transporte. As informa\u00e7\u00f5es provenientes das diferentes plataformas s\u00e3o integradas por APIs e disponibilizadas em pain\u00e9is anal\u00edticos desenvolvidos em Business Intelligence, permitindo que supervisores e gestores acompanhem o desempenho da opera\u00e7\u00e3o em ambiente \u00fanico.<\/p>\n<p>Como explica Ara\u00fajo, a evolu\u00e7\u00e3o desse modelo ocorreu de forma gradual. Inicialmente, foram utilizados os sistemas j\u00e1 existentes para controle de frota, telemetria e seguran\u00e7a embarcada. Em seguida, a empresa ampliou a integra\u00e7\u00e3o entre plataformas, incorporando ferramentas como Power Query, Power BI e APIs para automatizar o tratamento dos dados e elevar a confiabilidade das informa\u00e7\u00f5es utilizadas na gest\u00e3o operacional.<\/p>\n<h3><strong>Integra\u00e7\u00e3o<\/strong><\/h3>\n<p>A transforma\u00e7\u00e3o digital exigiu uma ampla revis\u00e3o dos processos internos. Entre as principais mudan\u00e7as est\u00e1 a cria\u00e7\u00e3o da Central de Controle Operacional, respons\u00e1vel por consolidar as informa\u00e7\u00f5es de produ\u00e7\u00e3o, manuten\u00e7\u00e3o, abastecimento, seguran\u00e7a e desempenho da frota em um \u00fanico ambiente de monitoramento.<\/p>\n<p>Tamb\u00e9m foi necess\u00e1rio padronizar as bases de dados provenientes de diferentes sistemas, uniformizando informa\u00e7\u00f5es relativas a equipamentos, turnos, litologias, estados operacionais, abastecimento, hor\u00edmetros e eventos de seguran\u00e7a. A integra\u00e7\u00e3o por APIs reduziu significativamente a utiliza\u00e7\u00e3o de planilhas manuais e automatizou a gera\u00e7\u00e3o de relat\u00f3rios, indicadores e an\u00e1lises gerenciais.<\/p>\n<p>A opera\u00e7\u00e3o conta atualmente com uma frota de 67 equipamentos monitorados continuamente. Entre eles est\u00e3o perfuratrizes FlexiROC D-65, carregadeiras Komatsu WA470, escavadeiras hidr\u00e1ulicas Komatsu PC350, PC500 e PC800, escavadeiras Sany SY980H, caminh\u00f5es r\u00edgidos Sany SKT110S, caminh\u00f5es rodovi\u00e1rios Scania XT 500 e XT 560, motoniveladoras, tratores de esteira, caminh\u00f5es-pipa, comboios e equipamentos de apoio.<\/p>\n<p>Todos os ativos s\u00e3o acompanhados por sistemas capazes de registrar produtividade, disponibilidade f\u00edsica, utiliza\u00e7\u00e3o, tempos de ciclo, deslocamentos, ader\u00eancia \u00e0s rotas, consumo de combust\u00edvel e eventos relacionados \u00e0 seguran\u00e7a operacional. Segundo a empresa, essas informa\u00e7\u00f5es permitem identificar rapidamente filas excessivas, deslocamentos improdutivos, desvios de rota e perdas de efici\u00eancia, possibilitando interven\u00e7\u00f5es mais r\u00e1pidas pelas equipes operacionais.<\/p>\n<figure id=\"attachment_31907\" aria-describedby=\"caption-attachment-31907\" style=\"width: 700px\" class=\"wp-caption aligncenter\"><a href=\"https:\/\/www.inthemine.com.br\/site\/wp-content\/uploads\/2026\/08\/Foto3-12-e1788202897692.jpg\"><img loading=\"lazy\" decoding=\"async\" class=\"size-full wp-image-31907\" src=\"https:\/\/www.inthemine.com.br\/site\/wp-content\/uploads\/2026\/08\/Foto3-12-e1788202897692.jpg\" alt=\"Foto 3: Ferramenta permite acompanhar desvios de rota, baixa produtividade, deslocamentos improdutivos e comportamentos de risco - AMG\/Divulga\u00e7\u00e3o\" width=\"700\" height=\"316\" \/><\/a><figcaption id=\"caption-attachment-31907\" class=\"wp-caption-text\">Foto 3: Ferramenta permite acompanhar desvios de rota, baixa produtividade, deslocamentos improdutivos e comportamentos de risco &#8211; AMG\/Divulga\u00e7\u00e3o<\/figcaption><\/figure>\n<p>A implanta\u00e7\u00e3o das novas tecnologias tamb\u00e9m demandou investimentos em conectividade, sensores, rastreadores, dispositivos embarcados e infraestrutura para armazenamento e processamento de grandes volumes de dados. Paralelamente, foram revisadas as rotinas de gest\u00e3o operacional, fortalecendo as reuni\u00f5es de acompanhamento, a an\u00e1lise de indicadores e a integra\u00e7\u00e3o entre as \u00e1reas de opera\u00e7\u00e3o, manuten\u00e7\u00e3o, planejamento e seguran\u00e7a.<\/p>\n<p>Outro aspecto relevante foi a capacita\u00e7\u00e3o das equipes. Os treinamentos abrangeram interpreta\u00e7\u00e3o de indicadores, utiliza\u00e7\u00e3o de dashboards, an\u00e1lise de dados, Power BI, comunica\u00e7\u00e3o operacional e gest\u00e3o de planos de a\u00e7\u00e3o, permitindo que os profissionais passassem a atuar com maior foco na interpreta\u00e7\u00e3o das informa\u00e7\u00f5es e na tomada de decis\u00e3o.<\/p>\n<h3><strong>Evolu\u00e7\u00e3o<\/strong><\/h3>\n<p>O avan\u00e7o da digitaliza\u00e7\u00e3o n\u00e3o teve como objetivo substituir operadores ou reduzir postos de trabalho, assegura Ara\u00fajo, mas permitiu absorver o crescimento da demanda por monitoramento e an\u00e1lise sem ampliar proporcionalmente a estrutura administrativa, liberando as equipes para atividades de maior valor agregado.<\/p>\n<p>Ferramentas digitais passaram a executar tarefas repetitivas, como consolida\u00e7\u00e3o de dados, elabora\u00e7\u00e3o de relat\u00f3rios, organiza\u00e7\u00e3o de indicadores e acompanhamento de eventos operacionais. Com isso, profissionais da opera\u00e7\u00e3o concentram seus esfor\u00e7os na an\u00e1lise cr\u00edtica das informa\u00e7\u00f5es, investiga\u00e7\u00e3o de desvios, defini\u00e7\u00e3o de a\u00e7\u00f5es corretivas e integra\u00e7\u00e3o entre os diversos setores da mina.<\/p>\n<p>Na manuten\u00e7\u00e3o, o monitoramento cont\u00ednuo favorece a identifica\u00e7\u00e3o antecipada de padr\u00f5es anormais de utiliza\u00e7\u00e3o, consumo de combust\u00edvel, disponibilidade e hor\u00edmetros, contribuindo para aumentar a previsibilidade das interven\u00e7\u00f5es e reduzir ocorr\u00eancias emergenciais. Os ganhos operacionais tamb\u00e9m se refletem na produtividade. O acompanhamento permanente dos indicadores permite reduzir tempos improdutivos, otimizar filas de carregamento e descarga, melhorar o dimensionamento da frota e aumentar a confiabilidade dos dados de produ\u00e7\u00e3o.<\/p>\n<p>Na seguran\u00e7a, os sistemas de vis\u00e3o computacional ampliam a capacidade preventiva da opera\u00e7\u00e3o ao identificar eventos de fadiga e distra\u00e7\u00e3o dos operadores antes que possam resultar em incidentes, fortalecendo o controle da velocidade dos equipamentos e a comunica\u00e7\u00e3o entre as equipes de campo e a central de opera\u00e7\u00f5es. J\u00e1 sob o aspecto ambiental, a maior efici\u00eancia operacional tende a reduzir deslocamentos desnecess\u00e1rios, otimizar as condi\u00e7\u00f5es das vias de mina e melhorar o controle do consumo de combust\u00edvel, contribuindo para diminuir o consumo espec\u00edfico de diesel e, consequentemente, as emiss\u00f5es de gases de efeito estufa (GEE) por tonelada movimentada.<\/p>\n<p>Para os pr\u00f3ximos anos, afirma Ara\u00fajo, o plano \u00e9 ampliar a integra\u00e7\u00e3o automatizada entre sistemas, expandir o uso de an\u00e1lises preditivas e incorporar novos recursos de IA voltados ao comportamento operacional, consolidando uma estrat\u00e9gia em que os dados assumem papel central na gest\u00e3o da produ\u00e7\u00e3o, da manuten\u00e7\u00e3o e da seguran\u00e7a das opera\u00e7\u00f5es minerais.<\/p>\n<h5>Foto em destaque: Sistema de gest\u00e3o de frota, telemetria e produ\u00e7\u00e3o<\/h5>\n","protected":false},"excerpt":{"rendered":"<p>Suporte de IA fornece indicadores para otimizar gest\u00e3o da produ\u00e7\u00e3o, manuten\u00e7\u00e3o, seguran\u00e7a e ambiental de todas as etapas da lavra<\/p>\n","protected":false},"author":3,"featured_media":31908,"comment_status":"open","ping_status":"open","sticky":false,"template":"","format":"standard","meta":{"footnotes":""},"categories":[4],"tags":[],"class_list":["post-31904","post","type-post","status-publish","format-standard","has-post-thumbnail","hentry","category-guia-itm"],"yoast_head":"<!-- This site is optimized with the Yoast SEO plugin v28.3 - https:\/\/yoast.com\/product\/yoast-seo-wordpress\/ -->\n<title>DADOS IMPULSIONAM EFICI\u00caNCIA OPERACIONAL - Revista In The Mine<\/title>\n<meta name=\"description\" content=\"Suporte de IA fornece indicadores para otimizar gest\u00e3o da produ\u00e7\u00e3o, manuten\u00e7\u00e3o, seguran\u00e7a e ambiental de todas as etapas da lavra\" \/>\n<meta name=\"robots\" content=\"index, follow, max-snippet:-1, max-image-preview:large, max-video-preview:-1\" \/>\n<link rel=\"canonical\" href=\"https:\/\/www.inthemine.com.br\/site\/dados-impulsionam-eficiencia-operacional\/\" \/>\n<meta property=\"og:locale\" content=\"pt_BR\" \/>\n<meta property=\"og:type\" content=\"article\" \/>\n<meta property=\"og:title\" content=\"DADOS IMPULSIONAM EFICI\u00caNCIA OPERACIONAL - Revista In The Mine\" \/>\n<meta property=\"og:description\" content=\"Suporte de IA fornece indicadores para otimizar gest\u00e3o da produ\u00e7\u00e3o, manuten\u00e7\u00e3o, seguran\u00e7a e ambiental de todas as etapas da lavra\" \/>\n<meta property=\"og:url\" content=\"https:\/\/www.inthemine.com.br\/site\/dados-impulsionam-eficiencia-operacional\/\" \/>\n<meta property=\"og:site_name\" content=\"Revista In The Mine\" \/>\n<meta property=\"article:publisher\" content=\"http:\/\/www.facebook.com\/inthemine\" \/>\n<meta property=\"article:published_time\" content=\"2026-08-31T19:02:45+00:00\" \/>\n<meta property=\"og:image\" content=\"https:\/\/www.inthemine.com.br\/site\/wp-content\/uploads\/2026\/08\/Foto4-3.jpg\" \/>\n\t<meta property=\"og:image:width\" content=\"800\" \/>\n\t<meta property=\"og:image:height\" content=\"690\" \/>\n\t<meta property=\"og:image:type\" content=\"image\/jpeg\" \/>\n<meta name=\"author\" content=\"Reda\u00e7\u00e3o ITM\" \/>\n<meta name=\"twitter:card\" content=\"summary_large_image\" \/>\n<meta name=\"twitter:creator\" content=\"@intheminet\" \/>\n<meta name=\"twitter:site\" content=\"@intheminet\" \/>\n<meta name=\"twitter:label1\" content=\"Escrito por\" \/>\n\t<meta name=\"twitter:data1\" content=\"Reda\u00e7\u00e3o ITM\" \/>\n\t<meta name=\"twitter:label2\" content=\"Est. tempo de leitura\" \/>\n\t<meta name=\"twitter:data2\" content=\"7 minutos\" \/>\n<script type=\"application\/ld+json\" class=\"yoast-schema-graph\">{\"@context\":\"https:\\\/\\\/schema.org\",\"@graph\":[{\"@type\":\"Article\",\"@id\":\"https:\\\/\\\/www.inthemine.com.br\\\/site\\\/dados-impulsionam-eficiencia-operacional\\\/#article\",\"isPartOf\":{\"@id\":\"https:\\\/\\\/www.inthemine.com.br\\\/site\\\/dados-impulsionam-eficiencia-operacional\\\/\"},\"author\":{\"name\":\"Reda\u00e7\u00e3o ITM\",\"@id\":\"https:\\\/\\\/www.inthemine.com.br\\\/site\\\/#\\\/schema\\\/person\\\/9eb77cece2cea253bb36c4b68c6a324c\"},\"headline\":\"DADOS IMPULSIONAM EFICI\u00caNCIA OPERACIONAL\",\"datePublished\":\"2026-08-31T19:02:45+00:00\",\"mainEntityOfPage\":{\"@id\":\"https:\\\/\\\/www.inthemine.com.br\\\/site\\\/dados-impulsionam-eficiencia-operacional\\\/\"},\"wordCount\":1194,\"commentCount\":0,\"publisher\":{\"@id\":\"https:\\\/\\\/www.inthemine.com.br\\\/site\\\/#organization\"},\"image\":{\"@id\":\"https:\\\/\\\/www.inthemine.com.br\\\/site\\\/dados-impulsionam-eficiencia-operacional\\\/#primaryimage\"},\"thumbnailUrl\":\"https:\\\/\\\/www.inthemine.com.br\\\/site\\\/wp-content\\\/uploads\\\/2026\\\/08\\\/Foto4-3.jpg\",\"articleSection\":[\"TECNOLOGIA\"],\"inLanguage\":\"pt-BR\",\"potentialAction\":[{\"@type\":\"CommentAction\",\"name\":\"Comment\",\"target\":[\"https:\\\/\\\/www.inthemine.com.br\\\/site\\\/dados-impulsionam-eficiencia-operacional\\\/#respond\"]}]},{\"@type\":\"WebPage\",\"@id\":\"https:\\\/\\\/www.inthemine.com.br\\\/site\\\/dados-impulsionam-eficiencia-operacional\\\/\",\"url\":\"https:\\\/\\\/www.inthemine.com.br\\\/site\\\/dados-impulsionam-eficiencia-operacional\\\/\",\"name\":\"DADOS IMPULSIONAM EFICI\u00caNCIA OPERACIONAL - Revista In The Mine\",\"isPartOf\":{\"@id\":\"https:\\\/\\\/www.inthemine.com.br\\\/site\\\/#website\"},\"primaryImageOfPage\":{\"@id\":\"https:\\\/\\\/www.inthemine.com.br\\\/site\\\/dados-impulsionam-eficiencia-operacional\\\/#primaryimage\"},\"image\":{\"@id\":\"https:\\\/\\\/www.inthemine.com.br\\\/site\\\/dados-impulsionam-eficiencia-operacional\\\/#primaryimage\"},\"thumbnailUrl\":\"https:\\\/\\\/www.inthemine.com.br\\\/site\\\/wp-content\\\/uploads\\\/2026\\\/08\\\/Foto4-3.jpg\",\"datePublished\":\"2026-08-31T19:02:45+00:00\",\"description\":\"Suporte de IA fornece indicadores para otimizar gest\u00e3o da produ\u00e7\u00e3o, manuten\u00e7\u00e3o, seguran\u00e7a e ambiental de todas as etapas da lavra\",\"breadcrumb\":{\"@id\":\"https:\\\/\\\/www.inthemine.com.br\\\/site\\\/dados-impulsionam-eficiencia-operacional\\\/#breadcrumb\"},\"inLanguage\":\"pt-BR\",\"potentialAction\":[{\"@type\":\"ReadAction\",\"target\":[\"https:\\\/\\\/www.inthemine.com.br\\\/site\\\/dados-impulsionam-eficiencia-operacional\\\/\"]}]},{\"@type\":\"ImageObject\",\"inLanguage\":\"pt-BR\",\"@id\":\"https:\\\/\\\/www.inthemine.com.br\\\/site\\\/dados-impulsionam-eficiencia-operacional\\\/#primaryimage\",\"url\":\"https:\\\/\\\/www.inthemine.com.br\\\/site\\\/wp-content\\\/uploads\\\/2026\\\/08\\\/Foto4-3.jpg\",\"contentUrl\":\"https:\\\/\\\/www.inthemine.com.br\\\/site\\\/wp-content\\\/uploads\\\/2026\\\/08\\\/Foto4-3.jpg\",\"width\":800,\"height\":690,\"caption\":\"Sistema de gest\u00e3o de frota, telemetria e produ\u00e7\u00e3o\"},{\"@type\":\"BreadcrumbList\",\"@id\":\"https:\\\/\\\/www.inthemine.com.br\\\/site\\\/dados-impulsionam-eficiencia-operacional\\\/#breadcrumb\",\"itemListElement\":[{\"@type\":\"ListItem\",\"position\":1,\"name\":\"In\u00edcio\",\"item\":\"https:\\\/\\\/www.inthemine.com.br\\\/site\\\/\"},{\"@type\":\"ListItem\",\"position\":2,\"name\":\"DADOS IMPULSIONAM EFICI\u00caNCIA OPERACIONAL\"}]},{\"@type\":\"WebSite\",\"@id\":\"https:\\\/\\\/www.inthemine.com.br\\\/site\\\/#website\",\"url\":\"https:\\\/\\\/www.inthemine.com.br\\\/site\\\/\",\"name\":\"Revista In The Mine\",\"description\":\"Minera\u00e7\u00e3o brasileira\",\"publisher\":{\"@id\":\"https:\\\/\\\/www.inthemine.com.br\\\/site\\\/#organization\"},\"potentialAction\":[{\"@type\":\"SearchAction\",\"target\":{\"@type\":\"EntryPoint\",\"urlTemplate\":\"https:\\\/\\\/www.inthemine.com.br\\\/site\\\/?s={search_term_string}\"},\"query-input\":{\"@type\":\"PropertyValueSpecification\",\"valueRequired\":true,\"valueName\":\"search_term_string\"}}],\"inLanguage\":\"pt-BR\"},{\"@type\":\"Organization\",\"@id\":\"https:\\\/\\\/www.inthemine.com.br\\\/site\\\/#organization\",\"name\":\"In The Mine magazine\",\"url\":\"https:\\\/\\\/www.inthemine.com.br\\\/site\\\/\",\"logo\":{\"@type\":\"ImageObject\",\"inLanguage\":\"pt-BR\",\"@id\":\"https:\\\/\\\/www.inthemine.com.br\\\/site\\\/#\\\/schema\\\/logo\\\/image\\\/\",\"url\":\"https:\\\/\\\/www.inthemine.com.br\\\/site\\\/wp-content\\\/uploads\\\/2014\\\/08\\\/parceiro_theinmine.png\",\"contentUrl\":\"https:\\\/\\\/www.inthemine.com.br\\\/site\\\/wp-content\\\/uploads\\\/2014\\\/08\\\/parceiro_theinmine.png\",\"width\":170,\"height\":120,\"caption\":\"In The Mine magazine\"},\"image\":{\"@id\":\"https:\\\/\\\/www.inthemine.com.br\\\/site\\\/#\\\/schema\\\/logo\\\/image\\\/\"},\"sameAs\":[\"http:\\\/\\\/www.facebook.com\\\/inthemine\",\"https:\\\/\\\/x.com\\\/intheminet\",\"https:\\\/\\\/www.instagram.com\\\/minegaleria\",\"https:\\\/\\\/www.linkedin.com\\\/company\\\/in-the-mine?trk=biz-companies-cym\",\"https:\\\/\\\/www.youtube.com\\\/user\\\/revistainthemine\"]},{\"@type\":\"Person\",\"@id\":\"https:\\\/\\\/www.inthemine.com.br\\\/site\\\/#\\\/schema\\\/person\\\/9eb77cece2cea253bb36c4b68c6a324c\",\"name\":\"Reda\u00e7\u00e3o ITM\",\"image\":{\"@type\":\"ImageObject\",\"inLanguage\":\"pt-BR\",\"@id\":\"https:\\\/\\\/secure.gravatar.com\\\/avatar\\\/0f7f41419befdee0feca08f9ea1e434cac9c04e0b8d28ab40cffb82628fcfdf1?s=96&d=mm&r=g\",\"url\":\"https:\\\/\\\/secure.gravatar.com\\\/avatar\\\/0f7f41419befdee0feca08f9ea1e434cac9c04e0b8d28ab40cffb82628fcfdf1?s=96&d=mm&r=g\",\"contentUrl\":\"https:\\\/\\\/secure.gravatar.com\\\/avatar\\\/0f7f41419befdee0feca08f9ea1e434cac9c04e0b8d28ab40cffb82628fcfdf1?s=96&d=mm&r=g\",\"caption\":\"Reda\u00e7\u00e3o ITM\"},\"url\":\"https:\\\/\\\/www.inthemine.com.br\\\/site\\\/author\\\/admin-itm\\\/\"}]}<\/script>\n<!-- \/ Yoast SEO plugin. -->","yoast_head_json":{"title":"DADOS IMPULSIONAM EFICI\u00caNCIA OPERACIONAL - Revista In The Mine","description":"Suporte de IA fornece indicadores para otimizar gest\u00e3o da produ\u00e7\u00e3o, manuten\u00e7\u00e3o, seguran\u00e7a e ambiental de todas as etapas da lavra","robots":{"index":"index","follow":"follow","max-snippet":"max-snippet:-1","max-image-preview":"max-image-preview:large","max-video-preview":"max-video-preview:-1"},"canonical":"https:\/\/www.inthemine.com.br\/site\/dados-impulsionam-eficiencia-operacional\/","og_locale":"pt_BR","og_type":"article","og_title":"DADOS IMPULSIONAM EFICI\u00caNCIA OPERACIONAL - Revista In The Mine","og_description":"Suporte de IA fornece indicadores para otimizar gest\u00e3o da produ\u00e7\u00e3o, manuten\u00e7\u00e3o, seguran\u00e7a e ambiental de todas as etapas da lavra","og_url":"https:\/\/www.inthemine.com.br\/site\/dados-impulsionam-eficiencia-operacional\/","og_site_name":"Revista In The Mine","article_publisher":"http:\/\/www.facebook.com\/inthemine","article_published_time":"2026-08-31T19:02:45+00:00","og_image":[{"width":800,"height":690,"url":"https:\/\/www.inthemine.com.br\/site\/wp-content\/uploads\/2026\/08\/Foto4-3.jpg","type":"image\/jpeg"}],"author":"Reda\u00e7\u00e3o ITM","twitter_card":"summary_large_image","twitter_creator":"@intheminet","twitter_site":"@intheminet","twitter_misc":{"Escrito por":"Reda\u00e7\u00e3o ITM","Est. tempo de leitura":"7 minutos"},"schema":{"@context":"https:\/\/schema.org","@graph":[{"@type":"Article","@id":"https:\/\/www.inthemine.com.br\/site\/dados-impulsionam-eficiencia-operacional\/#article","isPartOf":{"@id":"https:\/\/www.inthemine.com.br\/site\/dados-impulsionam-eficiencia-operacional\/"},"author":{"name":"Reda\u00e7\u00e3o ITM","@id":"https:\/\/www.inthemine.com.br\/site\/#\/schema\/person\/9eb77cece2cea253bb36c4b68c6a324c"},"headline":"DADOS IMPULSIONAM EFICI\u00caNCIA OPERACIONAL","datePublished":"2026-08-31T19:02:45+00:00","mainEntityOfPage":{"@id":"https:\/\/www.inthemine.com.br\/site\/dados-impulsionam-eficiencia-operacional\/"},"wordCount":1194,"commentCount":0,"publisher":{"@id":"https:\/\/www.inthemine.com.br\/site\/#organization"},"image":{"@id":"https:\/\/www.inthemine.com.br\/site\/dados-impulsionam-eficiencia-operacional\/#primaryimage"},"thumbnailUrl":"https:\/\/www.inthemine.com.br\/site\/wp-content\/uploads\/2026\/08\/Foto4-3.jpg","articleSection":["TECNOLOGIA"],"inLanguage":"pt-BR","potentialAction":[{"@type":"CommentAction","name":"Comment","target":["https:\/\/www.inthemine.com.br\/site\/dados-impulsionam-eficiencia-operacional\/#respond"]}]},{"@type":"WebPage","@id":"https:\/\/www.inthemine.com.br\/site\/dados-impulsionam-eficiencia-operacional\/","url":"https:\/\/www.inthemine.com.br\/site\/dados-impulsionam-eficiencia-operacional\/","name":"DADOS IMPULSIONAM EFICI\u00caNCIA OPERACIONAL - Revista In The Mine","isPartOf":{"@id":"https:\/\/www.inthemine.com.br\/site\/#website"},"primaryImageOfPage":{"@id":"https:\/\/www.inthemine.com.br\/site\/dados-impulsionam-eficiencia-operacional\/#primaryimage"},"image":{"@id":"https:\/\/www.inthemine.com.br\/site\/dados-impulsionam-eficiencia-operacional\/#primaryimage"},"thumbnailUrl":"https:\/\/www.inthemine.com.br\/site\/wp-content\/uploads\/2026\/08\/Foto4-3.jpg","datePublished":"2026-08-31T19:02:45+00:00","description":"Suporte de IA fornece indicadores para otimizar gest\u00e3o da produ\u00e7\u00e3o, manuten\u00e7\u00e3o, seguran\u00e7a e ambiental de todas as etapas da lavra","breadcrumb":{"@id":"https:\/\/www.inthemine.com.br\/site\/dados-impulsionam-eficiencia-operacional\/#breadcrumb"},"inLanguage":"pt-BR","potentialAction":[{"@type":"ReadAction","target":["https:\/\/www.inthemine.com.br\/site\/dados-impulsionam-eficiencia-operacional\/"]}]},{"@type":"ImageObject","inLanguage":"pt-BR","@id":"https:\/\/www.inthemine.com.br\/site\/dados-impulsionam-eficiencia-operacional\/#primaryimage","url":"https:\/\/www.inthemine.com.br\/site\/wp-content\/uploads\/2026\/08\/Foto4-3.jpg","contentUrl":"https:\/\/www.inthemine.com.br\/site\/wp-content\/uploads\/2026\/08\/Foto4-3.jpg","width":800,"height":690,"caption":"Sistema de gest\u00e3o de frota, telemetria e produ\u00e7\u00e3o"},{"@type":"BreadcrumbList","@id":"https:\/\/www.inthemine.com.br\/site\/dados-impulsionam-eficiencia-operacional\/#breadcrumb","itemListElement":[{"@type":"ListItem","position":1,"name":"In\u00edcio","item":"https:\/\/www.inthemine.com.br\/site\/"},{"@type":"ListItem","position":2,"name":"DADOS IMPULSIONAM EFICI\u00caNCIA OPERACIONAL"}]},{"@type":"WebSite","@id":"https:\/\/www.inthemine.com.br\/site\/#website","url":"https:\/\/www.inthemine.com.br\/site\/","name":"Revista In The Mine","description":"Minera\u00e7\u00e3o brasileira","publisher":{"@id":"https:\/\/www.inthemine.com.br\/site\/#organization"},"potentialAction":[{"@type":"SearchAction","target":{"@type":"EntryPoint","urlTemplate":"https:\/\/www.inthemine.com.br\/site\/?s={search_term_string}"},"query-input":{"@type":"PropertyValueSpecification","valueRequired":true,"valueName":"search_term_string"}}],"inLanguage":"pt-BR"},{"@type":"Organization","@id":"https:\/\/www.inthemine.com.br\/site\/#organization","name":"In The Mine magazine","url":"https:\/\/www.inthemine.com.br\/site\/","logo":{"@type":"ImageObject","inLanguage":"pt-BR","@id":"https:\/\/www.inthemine.com.br\/site\/#\/schema\/logo\/image\/","url":"https:\/\/www.inthemine.com.br\/site\/wp-content\/uploads\/2014\/08\/parceiro_theinmine.png","contentUrl":"https:\/\/www.inthemine.com.br\/site\/wp-content\/uploads\/2014\/08\/parceiro_theinmine.png","width":170,"height":120,"caption":"In The Mine magazine"},"image":{"@id":"https:\/\/www.inthemine.com.br\/site\/#\/schema\/logo\/image\/"},"sameAs":["http:\/\/www.facebook.com\/inthemine","https:\/\/x.com\/intheminet","https:\/\/www.instagram.com\/minegaleria","https:\/\/www.linkedin.com\/company\/in-the-mine?trk=biz-companies-cym","https:\/\/www.youtube.com\/user\/revistainthemine"]},{"@type":"Person","@id":"https:\/\/www.inthemine.com.br\/site\/#\/schema\/person\/9eb77cece2cea253bb36c4b68c6a324c","name":"Reda\u00e7\u00e3o ITM","image":{"@type":"ImageObject","inLanguage":"pt-BR","@id":"https:\/\/secure.gravatar.com\/avatar\/0f7f41419befdee0feca08f9ea1e434cac9c04e0b8d28ab40cffb82628fcfdf1?s=96&d=mm&r=g","url":"https:\/\/secure.gravatar.com\/avatar\/0f7f41419befdee0feca08f9ea1e434cac9c04e0b8d28ab40cffb82628fcfdf1?s=96&d=mm&r=g","contentUrl":"https:\/\/secure.gravatar.com\/avatar\/0f7f41419befdee0feca08f9ea1e434cac9c04e0b8d28ab40cffb82628fcfdf1?s=96&d=mm&r=g","caption":"Reda\u00e7\u00e3o ITM"},"url":"https:\/\/www.inthemine.com.br\/site\/author\/admin-itm\/"}]}},"_links":{"self":[{"href":"https:\/\/www.inthemine.com.br\/site\/wp-json\/wp\/v2\/posts\/31904","targetHints":{"allow":["GET"]}}],"collection":[{"href":"https:\/\/www.inthemine.com.br\/site\/wp-json\/wp\/v2\/posts"}],"about":[{"href":"https:\/\/www.inthemine.com.br\/site\/wp-json\/wp\/v2\/types\/post"}],"author":[{"embeddable":true,"href":"https:\/\/www.inthemine.com.br\/site\/wp-json\/wp\/v2\/users\/3"}],"replies":[{"embeddable":true,"href":"https:\/\/www.inthemine.com.br\/site\/wp-json\/wp\/v2\/comments?post=31904"}],"version-history":[{"count":1,"href":"https:\/\/www.inthemine.com.br\/site\/wp-json\/wp\/v2\/posts\/31904\/revisions"}],"predecessor-version":[{"id":31909,"href":"https:\/\/www.inthemine.com.br\/site\/wp-json\/wp\/v2\/posts\/31904\/revisions\/31909"}],"wp:featuredmedia":[{"embeddable":true,"href":"https:\/\/www.inthemine.com.br\/site\/wp-json\/wp\/v2\/media\/31908"}],"wp:attachment":[{"href":"https:\/\/www.inthemine.com.br\/site\/wp-json\/wp\/v2\/media?parent=31904"}],"wp:term":[{"taxonomy":"category","embeddable":true,"href":"https:\/\/www.inthemine.com.br\/site\/wp-json\/wp\/v2\/categories?post=31904"},{"taxonomy":"post_tag","embeddable":true,"href":"https:\/\/www.inthemine.com.br\/site\/wp-json\/wp\/v2\/tags?post=31904"}],"curies":[{"name":"wp","href":"https:\/\/api.w.org\/{rel}","templated":true}]}}