{"id":31889,"date":"2026-08-31T15:36:05","date_gmt":"2026-08-31T18:36:05","guid":{"rendered":"https:\/\/www.inthemine.com.br\/site\/?p=31889"},"modified":"2026-08-31T15:36:55","modified_gmt":"2026-08-31T18:36:55","slug":"agua-tratada-move-mina-na-regiao-do-serido","status":"publish","type":"post","link":"https:\/\/www.inthemine.com.br\/site\/agua-tratada-move-mina-na-regiao-do-serido\/","title":{"rendered":"\u00c1GUA TRATADA MOVE MINA NA REGI\u00c3O DO SERID\u00d3"},"content":{"rendered":"<p>Projetar uma mina de ouro para operar em uma das regi\u00f5es mais secas do pa\u00eds sem captar \u00e1gua de rios, a\u00e7udes ou aqu\u00edferos para o beneficiamento mineral representa um dos maiores desafios da engenharia h\u00eddrica aplicada \u00e0 minera\u00e7\u00e3o. Essa foi a premissa adotada pela Aura Borborema, em Currais Novos (RN), onde toda a opera\u00e7\u00e3o foi concebida para funcionar com \u00e1gua de reuso proveniente do tratamento de efluentes sanit\u00e1rios e do aproveitamento das \u00e1guas pluviais, reduzindo a press\u00e3o sobre os recursos naturais do semi\u00e1rido. Segundo Frederico Silva, diretor de Opera\u00e7\u00f5es da Aura Borborema, o sistema opera em circuito fechado, priorizando a recircula\u00e7\u00e3o integral da \u00e1gua e eliminando o descarte de efluentes no meio ambiente.<\/p>\n<figure id=\"attachment_31890\" aria-describedby=\"caption-attachment-31890\" style=\"width: 700px\" class=\"wp-caption aligncenter\"><a href=\"https:\/\/www.inthemine.com.br\/site\/wp-content\/uploads\/2026\/08\/Foto1-12-e1788200271977.jpg\"><img loading=\"lazy\" decoding=\"async\" class=\"wp-image-31890 size-full\" src=\"https:\/\/www.inthemine.com.br\/site\/wp-content\/uploads\/2026\/08\/Foto1-12-e1788200271977.jpg\" alt=\"Opera\u00e7\u00f5es da Aura Borborema\" width=\"700\" height=\"394\" \/><\/a><figcaption id=\"caption-attachment-31890\" class=\"wp-caption-text\">ETE trata 1680 m\u00b3\/dia de esgoto bruto para reuso no beneficiamento<\/figcaption><\/figure>\n<p>A solu\u00e7\u00e3o foi viabilizada por uma parceria entre a mineradora, a Companhia de \u00c1guas e Esgotos do Rio Grande do Norte (Caern) e a Prefeitura de Currais Novos. Diariamente, cerca de 1.680 m\u00b3 de esgoto bruto \u2014 aproximadamente 65% do volume gerado pelo munic\u00edpio \u2014 s\u00e3o captados na Esta\u00e7\u00e3o Elevat\u00f3ria Ca\u00e7a e Pesca e transportados por uma adutora de 27 km at\u00e9 a unidade miner\u00e1ria.<\/p>\n<p>Na Esta\u00e7\u00e3o de Tratamento de Efluentes (ETE) constru\u00edda pela Aura, o material passa por sucessivas etapas de tratamento, incluindo processos f\u00edsico-qu\u00edmicos, flota\u00e7\u00e3o, filtragem e dessaliniza\u00e7\u00e3o por osmose reversa. Ap\u00f3s atingir os par\u00e2metros exigidos para o processo hidrometal\u00fargico, a \u00e1gua abastece integralmente a planta de beneficiamento do ouro. O modelo permitiu que Borborema alcan\u00e7asse um indicador raro na minera\u00e7\u00e3o: 100% da \u00e1gua utilizada no processo produtivo prov\u00e9m de fontes de reuso, sem qualquer necessidade de capta\u00e7\u00e3o em mananciais naturais.<\/p>\n<p>A ETE registra efici\u00eancia de 82,9% na remo\u00e7\u00e3o da Demanda Bioqu\u00edmica de Oxig\u00eanio (DBO), enquanto o volume de efluentes descartados no meio ambiente \u00e9 zero. Al\u00e9m dos ganhos ambientais, a solu\u00e7\u00e3o elimina a competi\u00e7\u00e3o pelo uso da \u00e1gua pot\u00e1vel com as comunidades locais e transforma um passivo sanit\u00e1rio urbano em insumo estrat\u00e9gico para a produ\u00e7\u00e3o mineral, fortalecendo tamb\u00e9m a infraestrutura de saneamento de Currais Novos.<\/p>\n<figure id=\"attachment_31892\" aria-describedby=\"caption-attachment-31892\" style=\"width: 700px\" class=\"wp-caption aligncenter\"><a href=\"https:\/\/www.inthemine.com.br\/site\/wp-content\/uploads\/2026\/08\/Foto3-10.jpg\"><img loading=\"lazy\" decoding=\"async\" class=\"wp-image-31892 size-full\" src=\"https:\/\/www.inthemine.com.br\/site\/wp-content\/uploads\/2026\/08\/Foto3-10.jpg\" alt=\"Foto 3: Espessador industrial separa s\u00f3lidos de l\u00edquidos na ETE\" width=\"700\" height=\"394\" srcset=\"https:\/\/www.inthemine.com.br\/site\/wp-content\/uploads\/2026\/08\/Foto3-10.jpg 700w, https:\/\/www.inthemine.com.br\/site\/wp-content\/uploads\/2026\/08\/Foto3-10-300x169.jpg 300w\" sizes=\"auto, (max-width: 700px) 100vw, 700px\" \/><\/a><figcaption id=\"caption-attachment-31892\" class=\"wp-caption-text\">Tanque com \u00e1gua de reuso j\u00e1 tratada e sistema de bombeamento<\/figcaption><\/figure>\n<h3><strong>Monitoramento<\/strong><\/h3>\n<p>Operar integralmente com \u00e1gua de reuso exige um sistema de controle permanente e altamente rastre\u00e1vel de todas as etapas do circuito. De acordo com Silva, estudos hidrogeol\u00f3gicos acompanham o comportamento das \u00e1guas superficiais e subterr\u00e2neas no entorno da mina, permitindo avaliar tend\u00eancias, atender \u00e0s condicionantes ambientais e garantir seguran\u00e7a operacional ao longo de todo o ciclo de vida do empreendimento.<\/p>\n<p>O controle tamb\u00e9m abrange o desempenho da ETE, cuja opera\u00e7\u00e3o \u00e9 monitorada continuamente para assegurar que a \u00e1gua atenda aos requisitos do beneficiamento mineral. Toda a \u00e1gua que entra em contato com o min\u00e9rio permanece confinada nas estruturas operacionais, passa por an\u00e1lises f\u00edsico-qu\u00edmicas e retorna ao circuito produtivo.<\/p>\n<h3><strong>Solu\u00e7\u00f5es<\/strong><\/h3>\n<p>A estrat\u00e9gia h\u00eddrica da Aura integra diferentes tecnologias destinadas a maximizar a recupera\u00e7\u00e3o da \u00e1gua e reduzir perdas ao longo do processo produtivo. Um dos principais diferenciais \u00e9 a ado\u00e7\u00e3o do sistema de rejeitos filtrados e disposi\u00e7\u00e3o a seco. Ap\u00f3s o beneficiamento, a \u00e1gua contida nos rejeitos \u00e9 recuperada por filtragem e retorna imediatamente ao circuito industrial, enquanto o material s\u00f3lido \u00e9 disposto em pilhas, eliminando a necessidade de barragens convencionais com l\u00e2mina d&#8217;\u00e1gua e reduzindo significativamente os riscos associados ao armazenamento de rejeitos.<\/p>\n<p>Outro destaque \u00e9 a pr\u00f3pria Esta\u00e7\u00e3o de Tratamento de Efluentes, equipada com reatores anaer\u00f3bios, sistemas de flocula\u00e7\u00e3o, flota\u00e7\u00e3o por ar dissolvido, filtros de carv\u00e3o ativado e membranas de osmose reversa. Essa combina\u00e7\u00e3o garante elevada efici\u00eancia na remo\u00e7\u00e3o de contaminantes e produz \u00e1gua compat\u00edvel com os elevados padr\u00f5es exigidos pelo processo de extra\u00e7\u00e3o de ouro.<\/p>\n<p>As solu\u00e7\u00f5es incluem ainda coberturas flutuantes instaladas em reservat\u00f3rios e diques para reduzir perdas por evapora\u00e7\u00e3o, aspecto especialmente relevante nas condi\u00e7\u00f5es clim\u00e1ticas do semi\u00e1rido. Somam-se a isso o reaproveitamento de \u00e1gua proveniente de sistemas de climatiza\u00e7\u00e3o, a utiliza\u00e7\u00e3o de dispositivos autom\u00e1ticos para redu\u00e7\u00e3o do consumo e a moderniza\u00e7\u00e3o dos sistemas de umecta\u00e7\u00e3o de vias, todos abastecidos com \u00e1gua de reuso.<\/p>\n<p>Na avalia\u00e7\u00e3o do diretor de Opera\u00e7\u00f5es, o conjunto dessas tecnologias transforma Borborema em um dos projetos mais avan\u00e7ados do setor em efici\u00eancia h\u00eddrica aplicada \u00e0 minera\u00e7\u00e3o, demonstrando que \u00e9 poss\u00edvel combinar elevada produtividade com baixo consumo de recursos naturais.<\/p>\n<h3><strong>Expans\u00e3o<\/strong><\/h3>\n<p>A inova\u00e7\u00e3o h\u00eddrica faz parte de um projeto mais amplo de moderniza\u00e7\u00e3o da unidade. Com a perspectiva de incorpora\u00e7\u00e3o de novas reservas minerais ap\u00f3s a realoca\u00e7\u00e3o da BR-226, a Aura iniciou estudos para ampliar a capacidade de processamento da planta de 2 Mtpa para at\u00e9 4 Mtpa. Essa expans\u00e3o, explica Silva, ser\u00e1 acompanhada por novos investimentos em efici\u00eancia h\u00eddrica, engenharia de processos e digitaliza\u00e7\u00e3o da opera\u00e7\u00e3o. Entre as iniciativas em avalia\u00e7\u00e3o est\u00e3o melhorias tecnol\u00f3gicas no circuito de \u00e1gua, cuja conclus\u00e3o dos estudos est\u00e1 prevista para 2026.<\/p>\n<p>A estrat\u00e9gia tamb\u00e9m contempla a cria\u00e7\u00e3o de um hub de intelig\u00eancia artificial para apoiar an\u00e1lises preditivas, identifica\u00e7\u00e3o de padr\u00f5es operacionais e tomada de decis\u00e3o em tempo real. Paralelamente, a companhia avan\u00e7a na automa\u00e7\u00e3o dos processos industriais, integra\u00e7\u00e3o remota das opera\u00e7\u00f5es e moderniza\u00e7\u00e3o dos sistemas de moagem, refor\u00e7ando o conceito de mina altamente digital.<\/p>\n<p>Outra frente priorizada envolve a efici\u00eancia energ\u00e9tica, com automa\u00e7\u00e3o do consumo, otimiza\u00e7\u00e3o dos equipamentos e redu\u00e7\u00e3o de desperd\u00edcios, fortalecendo a competitividade da opera\u00e7\u00e3o em um ambiente de elevada restri\u00e7\u00e3o h\u00eddrica.<\/p>\n<p>O compromisso ambiental tamb\u00e9m ultrapassa os limites da planta industrial. Na Fazenda Jesus Maria, \u00e1rea de 513 ha mantida pela companhia, est\u00e1 em andamento um amplo programa de recupera\u00e7\u00e3o da Caatinga. A meta para 2026 \u00e9 plantar mais de 105 mil mudas de esp\u00e9cies nativas, contribuindo para combater a desertifica\u00e7\u00e3o, proteger o solo, conservar nascentes e fortalecer o equil\u00edbrio h\u00eddrico regional.<\/p>\n<p>Para Silva, a experi\u00eancia desenvolvida em Borborema demonstra que a minera\u00e7\u00e3o pode atuar como agente de inova\u00e7\u00e3o ambiental ao integrar engenharia, saneamento, digitaliza\u00e7\u00e3o e sustentabilidade em um \u00fanico modelo operacional. \u201cAo transformar efluentes sanit\u00e1rios em insumo produtivo e operar sem captar \u00e1gua de mananciais naturais para o beneficiamento mineral, estabelecemos um novo paradigma para empreendimentos miner\u00e1rios instalados em regi\u00f5es de elevada vulnerabilidade h\u00eddrica, conciliando efici\u00eancia operacional, seguran\u00e7a ambiental e benef\u00edcios permanentes para o territ\u00f3rio onde atuamos\u201d, conclui o diretor.<\/p>\n<h5>Foto em destaque:\u00a0<span style=\"font-size: 16px;\">Espessador industrial separa s\u00f3lidos de l\u00edquidos na ETE<\/span><\/h5>\n<h5>Fotos: Aura\/Divulga\u00e7\u00e3o<\/h5>\n","protected":false},"excerpt":{"rendered":"<p>Solu\u00e7\u00e3o da Aura concilia efici\u00eancia operacional, seguran\u00e7a ambiental e benef\u00edcios permanentes para territ\u00f3rio com vulnerabilidade h\u00eddrica<\/p>\n","protected":false},"author":3,"featured_media":31891,"comment_status":"open","ping_status":"open","sticky":false,"template":"","format":"standard","meta":{"footnotes":""},"categories":[9],"tags":[],"class_list":["post-31889","post","type-post","status-publish","format-standard","has-post-thumbnail","hentry","category-meio-ambiente"],"yoast_head":"<!-- This site is optimized with the Yoast SEO plugin v28.3 - https:\/\/yoast.com\/product\/yoast-seo-wordpress\/ -->\n<title>\u00c1GUA TRATADA MOVE MINA NA REGI\u00c3O DO SERID\u00d3 - Revista In The Mine<\/title>\n<meta name=\"description\" content=\"Solu\u00e7\u00e3o da Aura concilia efici\u00eancia operacional, seguran\u00e7a ambiental e benef\u00edcios permanentes para territ\u00f3rio com vulnerabilidade h\u00eddrica\" \/>\n<meta name=\"robots\" content=\"index, follow, max-snippet:-1, max-image-preview:large, max-video-preview:-1\" \/>\n<link rel=\"canonical\" href=\"https:\/\/www.inthemine.com.br\/site\/agua-tratada-move-mina-na-regiao-do-serido\/\" \/>\n<meta property=\"og:locale\" content=\"pt_BR\" \/>\n<meta property=\"og:type\" content=\"article\" \/>\n<meta property=\"og:title\" content=\"\u00c1GUA TRATADA MOVE MINA NA REGI\u00c3O DO SERID\u00d3 - Revista In The Mine\" \/>\n<meta property=\"og:description\" content=\"Solu\u00e7\u00e3o da Aura concilia efici\u00eancia operacional, seguran\u00e7a ambiental e benef\u00edcios permanentes para territ\u00f3rio com vulnerabilidade h\u00eddrica\" \/>\n<meta property=\"og:url\" content=\"https:\/\/www.inthemine.com.br\/site\/agua-tratada-move-mina-na-regiao-do-serido\/\" \/>\n<meta property=\"og:site_name\" content=\"Revista In The Mine\" \/>\n<meta property=\"article:publisher\" content=\"http:\/\/www.facebook.com\/inthemine\" \/>\n<meta property=\"article:published_time\" content=\"2026-08-31T18:36:05+00:00\" \/>\n<meta property=\"article:modified_time\" content=\"2026-08-31T18:36:55+00:00\" \/>\n<meta property=\"og:image\" content=\"https:\/\/www.inthemine.com.br\/site\/wp-content\/uploads\/2026\/08\/Foto2-13.jpg\" \/>\n\t<meta property=\"og:image:width\" content=\"800\" \/>\n\t<meta property=\"og:image:height\" content=\"450\" \/>\n\t<meta property=\"og:image:type\" content=\"image\/jpeg\" \/>\n<meta name=\"author\" content=\"Reda\u00e7\u00e3o ITM\" \/>\n<meta name=\"twitter:card\" content=\"summary_large_image\" \/>\n<meta name=\"twitter:creator\" content=\"@intheminet\" \/>\n<meta name=\"twitter:site\" content=\"@intheminet\" \/>\n<meta name=\"twitter:label1\" content=\"Escrito por\" \/>\n\t<meta name=\"twitter:data1\" content=\"Reda\u00e7\u00e3o ITM\" \/>\n\t<meta name=\"twitter:label2\" content=\"Est. tempo de leitura\" \/>\n\t<meta name=\"twitter:data2\" content=\"7 minutos\" \/>\n<script type=\"application\/ld+json\" class=\"yoast-schema-graph\">{\"@context\":\"https:\\\/\\\/schema.org\",\"@graph\":[{\"@type\":\"Article\",\"@id\":\"https:\\\/\\\/www.inthemine.com.br\\\/site\\\/agua-tratada-move-mina-na-regiao-do-serido\\\/#article\",\"isPartOf\":{\"@id\":\"https:\\\/\\\/www.inthemine.com.br\\\/site\\\/agua-tratada-move-mina-na-regiao-do-serido\\\/\"},\"author\":{\"name\":\"Reda\u00e7\u00e3o ITM\",\"@id\":\"https:\\\/\\\/www.inthemine.com.br\\\/site\\\/#\\\/schema\\\/person\\\/9eb77cece2cea253bb36c4b68c6a324c\"},\"headline\":\"\u00c1GUA TRATADA MOVE MINA NA REGI\u00c3O DO SERID\u00d3\",\"datePublished\":\"2026-08-31T18:36:05+00:00\",\"dateModified\":\"2026-08-31T18:36:55+00:00\",\"mainEntityOfPage\":{\"@id\":\"https:\\\/\\\/www.inthemine.com.br\\\/site\\\/agua-tratada-move-mina-na-regiao-do-serido\\\/\"},\"wordCount\":1170,\"commentCount\":0,\"publisher\":{\"@id\":\"https:\\\/\\\/www.inthemine.com.br\\\/site\\\/#organization\"},\"image\":{\"@id\":\"https:\\\/\\\/www.inthemine.com.br\\\/site\\\/agua-tratada-move-mina-na-regiao-do-serido\\\/#primaryimage\"},\"thumbnailUrl\":\"https:\\\/\\\/www.inthemine.com.br\\\/site\\\/wp-content\\\/uploads\\\/2026\\\/08\\\/Foto2-13.jpg\",\"articleSection\":[\"SUSTENTABILIDADE\"],\"inLanguage\":\"pt-BR\",\"potentialAction\":[{\"@type\":\"CommentAction\",\"name\":\"Comment\",\"target\":[\"https:\\\/\\\/www.inthemine.com.br\\\/site\\\/agua-tratada-move-mina-na-regiao-do-serido\\\/#respond\"]}]},{\"@type\":\"WebPage\",\"@id\":\"https:\\\/\\\/www.inthemine.com.br\\\/site\\\/agua-tratada-move-mina-na-regiao-do-serido\\\/\",\"url\":\"https:\\\/\\\/www.inthemine.com.br\\\/site\\\/agua-tratada-move-mina-na-regiao-do-serido\\\/\",\"name\":\"\u00c1GUA TRATADA MOVE MINA NA REGI\u00c3O DO SERID\u00d3 - Revista In The Mine\",\"isPartOf\":{\"@id\":\"https:\\\/\\\/www.inthemine.com.br\\\/site\\\/#website\"},\"primaryImageOfPage\":{\"@id\":\"https:\\\/\\\/www.inthemine.com.br\\\/site\\\/agua-tratada-move-mina-na-regiao-do-serido\\\/#primaryimage\"},\"image\":{\"@id\":\"https:\\\/\\\/www.inthemine.com.br\\\/site\\\/agua-tratada-move-mina-na-regiao-do-serido\\\/#primaryimage\"},\"thumbnailUrl\":\"https:\\\/\\\/www.inthemine.com.br\\\/site\\\/wp-content\\\/uploads\\\/2026\\\/08\\\/Foto2-13.jpg\",\"datePublished\":\"2026-08-31T18:36:05+00:00\",\"dateModified\":\"2026-08-31T18:36:55+00:00\",\"description\":\"Solu\u00e7\u00e3o da Aura concilia efici\u00eancia operacional, seguran\u00e7a ambiental e benef\u00edcios permanentes para territ\u00f3rio com vulnerabilidade h\u00eddrica\",\"breadcrumb\":{\"@id\":\"https:\\\/\\\/www.inthemine.com.br\\\/site\\\/agua-tratada-move-mina-na-regiao-do-serido\\\/#breadcrumb\"},\"inLanguage\":\"pt-BR\",\"potentialAction\":[{\"@type\":\"ReadAction\",\"target\":[\"https:\\\/\\\/www.inthemine.com.br\\\/site\\\/agua-tratada-move-mina-na-regiao-do-serido\\\/\"]}]},{\"@type\":\"ImageObject\",\"inLanguage\":\"pt-BR\",\"@id\":\"https:\\\/\\\/www.inthemine.com.br\\\/site\\\/agua-tratada-move-mina-na-regiao-do-serido\\\/#primaryimage\",\"url\":\"https:\\\/\\\/www.inthemine.com.br\\\/site\\\/wp-content\\\/uploads\\\/2026\\\/08\\\/Foto2-13.jpg\",\"contentUrl\":\"https:\\\/\\\/www.inthemine.com.br\\\/site\\\/wp-content\\\/uploads\\\/2026\\\/08\\\/Foto2-13.jpg\",\"width\":800,\"height\":450,\"caption\":\"Foto 2: ETE trata 1.680 m\u00b3\\\/dia de esgoto bruto para reuso no beneficiamento\"},{\"@type\":\"BreadcrumbList\",\"@id\":\"https:\\\/\\\/www.inthemine.com.br\\\/site\\\/agua-tratada-move-mina-na-regiao-do-serido\\\/#breadcrumb\",\"itemListElement\":[{\"@type\":\"ListItem\",\"position\":1,\"name\":\"In\u00edcio\",\"item\":\"https:\\\/\\\/www.inthemine.com.br\\\/site\\\/\"},{\"@type\":\"ListItem\",\"position\":2,\"name\":\"\u00c1GUA TRATADA MOVE MINA NA REGI\u00c3O DO SERID\u00d3\"}]},{\"@type\":\"WebSite\",\"@id\":\"https:\\\/\\\/www.inthemine.com.br\\\/site\\\/#website\",\"url\":\"https:\\\/\\\/www.inthemine.com.br\\\/site\\\/\",\"name\":\"Revista In The Mine\",\"description\":\"Minera\u00e7\u00e3o brasileira\",\"publisher\":{\"@id\":\"https:\\\/\\\/www.inthemine.com.br\\\/site\\\/#organization\"},\"potentialAction\":[{\"@type\":\"SearchAction\",\"target\":{\"@type\":\"EntryPoint\",\"urlTemplate\":\"https:\\\/\\\/www.inthemine.com.br\\\/site\\\/?s={search_term_string}\"},\"query-input\":{\"@type\":\"PropertyValueSpecification\",\"valueRequired\":true,\"valueName\":\"search_term_string\"}}],\"inLanguage\":\"pt-BR\"},{\"@type\":\"Organization\",\"@id\":\"https:\\\/\\\/www.inthemine.com.br\\\/site\\\/#organization\",\"name\":\"In The Mine magazine\",\"url\":\"https:\\\/\\\/www.inthemine.com.br\\\/site\\\/\",\"logo\":{\"@type\":\"ImageObject\",\"inLanguage\":\"pt-BR\",\"@id\":\"https:\\\/\\\/www.inthemine.com.br\\\/site\\\/#\\\/schema\\\/logo\\\/image\\\/\",\"url\":\"https:\\\/\\\/www.inthemine.com.br\\\/site\\\/wp-content\\\/uploads\\\/2014\\\/08\\\/parceiro_theinmine.png\",\"contentUrl\":\"https:\\\/\\\/www.inthemine.com.br\\\/site\\\/wp-content\\\/uploads\\\/2014\\\/08\\\/parceiro_theinmine.png\",\"width\":170,\"height\":120,\"caption\":\"In The Mine magazine\"},\"image\":{\"@id\":\"https:\\\/\\\/www.inthemine.com.br\\\/site\\\/#\\\/schema\\\/logo\\\/image\\\/\"},\"sameAs\":[\"http:\\\/\\\/www.facebook.com\\\/inthemine\",\"https:\\\/\\\/x.com\\\/intheminet\",\"https:\\\/\\\/www.instagram.com\\\/minegaleria\",\"https:\\\/\\\/www.linkedin.com\\\/company\\\/in-the-mine?trk=biz-companies-cym\",\"https:\\\/\\\/www.youtube.com\\\/user\\\/revistainthemine\"]},{\"@type\":\"Person\",\"@id\":\"https:\\\/\\\/www.inthemine.com.br\\\/site\\\/#\\\/schema\\\/person\\\/9eb77cece2cea253bb36c4b68c6a324c\",\"name\":\"Reda\u00e7\u00e3o ITM\",\"image\":{\"@type\":\"ImageObject\",\"inLanguage\":\"pt-BR\",\"@id\":\"https:\\\/\\\/secure.gravatar.com\\\/avatar\\\/0f7f41419befdee0feca08f9ea1e434cac9c04e0b8d28ab40cffb82628fcfdf1?s=96&d=mm&r=g\",\"url\":\"https:\\\/\\\/secure.gravatar.com\\\/avatar\\\/0f7f41419befdee0feca08f9ea1e434cac9c04e0b8d28ab40cffb82628fcfdf1?s=96&d=mm&r=g\",\"contentUrl\":\"https:\\\/\\\/secure.gravatar.com\\\/avatar\\\/0f7f41419befdee0feca08f9ea1e434cac9c04e0b8d28ab40cffb82628fcfdf1?s=96&d=mm&r=g\",\"caption\":\"Reda\u00e7\u00e3o ITM\"},\"url\":\"https:\\\/\\\/www.inthemine.com.br\\\/site\\\/author\\\/admin-itm\\\/\"}]}<\/script>\n<!-- \/ Yoast SEO plugin. -->","yoast_head_json":{"title":"\u00c1GUA TRATADA MOVE MINA NA REGI\u00c3O DO SERID\u00d3 - Revista In The Mine","description":"Solu\u00e7\u00e3o da Aura concilia efici\u00eancia operacional, seguran\u00e7a ambiental e benef\u00edcios permanentes para territ\u00f3rio com vulnerabilidade h\u00eddrica","robots":{"index":"index","follow":"follow","max-snippet":"max-snippet:-1","max-image-preview":"max-image-preview:large","max-video-preview":"max-video-preview:-1"},"canonical":"https:\/\/www.inthemine.com.br\/site\/agua-tratada-move-mina-na-regiao-do-serido\/","og_locale":"pt_BR","og_type":"article","og_title":"\u00c1GUA TRATADA MOVE MINA NA REGI\u00c3O DO SERID\u00d3 - Revista In The Mine","og_description":"Solu\u00e7\u00e3o da Aura concilia efici\u00eancia operacional, seguran\u00e7a ambiental e benef\u00edcios permanentes para territ\u00f3rio com vulnerabilidade h\u00eddrica","og_url":"https:\/\/www.inthemine.com.br\/site\/agua-tratada-move-mina-na-regiao-do-serido\/","og_site_name":"Revista In The Mine","article_publisher":"http:\/\/www.facebook.com\/inthemine","article_published_time":"2026-08-31T18:36:05+00:00","article_modified_time":"2026-08-31T18:36:55+00:00","og_image":[{"width":800,"height":450,"url":"https:\/\/www.inthemine.com.br\/site\/wp-content\/uploads\/2026\/08\/Foto2-13.jpg","type":"image\/jpeg"}],"author":"Reda\u00e7\u00e3o ITM","twitter_card":"summary_large_image","twitter_creator":"@intheminet","twitter_site":"@intheminet","twitter_misc":{"Escrito por":"Reda\u00e7\u00e3o ITM","Est. tempo de leitura":"7 minutos"},"schema":{"@context":"https:\/\/schema.org","@graph":[{"@type":"Article","@id":"https:\/\/www.inthemine.com.br\/site\/agua-tratada-move-mina-na-regiao-do-serido\/#article","isPartOf":{"@id":"https:\/\/www.inthemine.com.br\/site\/agua-tratada-move-mina-na-regiao-do-serido\/"},"author":{"name":"Reda\u00e7\u00e3o ITM","@id":"https:\/\/www.inthemine.com.br\/site\/#\/schema\/person\/9eb77cece2cea253bb36c4b68c6a324c"},"headline":"\u00c1GUA TRATADA MOVE MINA NA REGI\u00c3O DO SERID\u00d3","datePublished":"2026-08-31T18:36:05+00:00","dateModified":"2026-08-31T18:36:55+00:00","mainEntityOfPage":{"@id":"https:\/\/www.inthemine.com.br\/site\/agua-tratada-move-mina-na-regiao-do-serido\/"},"wordCount":1170,"commentCount":0,"publisher":{"@id":"https:\/\/www.inthemine.com.br\/site\/#organization"},"image":{"@id":"https:\/\/www.inthemine.com.br\/site\/agua-tratada-move-mina-na-regiao-do-serido\/#primaryimage"},"thumbnailUrl":"https:\/\/www.inthemine.com.br\/site\/wp-content\/uploads\/2026\/08\/Foto2-13.jpg","articleSection":["SUSTENTABILIDADE"],"inLanguage":"pt-BR","potentialAction":[{"@type":"CommentAction","name":"Comment","target":["https:\/\/www.inthemine.com.br\/site\/agua-tratada-move-mina-na-regiao-do-serido\/#respond"]}]},{"@type":"WebPage","@id":"https:\/\/www.inthemine.com.br\/site\/agua-tratada-move-mina-na-regiao-do-serido\/","url":"https:\/\/www.inthemine.com.br\/site\/agua-tratada-move-mina-na-regiao-do-serido\/","name":"\u00c1GUA TRATADA MOVE MINA NA REGI\u00c3O DO SERID\u00d3 - Revista In The Mine","isPartOf":{"@id":"https:\/\/www.inthemine.com.br\/site\/#website"},"primaryImageOfPage":{"@id":"https:\/\/www.inthemine.com.br\/site\/agua-tratada-move-mina-na-regiao-do-serido\/#primaryimage"},"image":{"@id":"https:\/\/www.inthemine.com.br\/site\/agua-tratada-move-mina-na-regiao-do-serido\/#primaryimage"},"thumbnailUrl":"https:\/\/www.inthemine.com.br\/site\/wp-content\/uploads\/2026\/08\/Foto2-13.jpg","datePublished":"2026-08-31T18:36:05+00:00","dateModified":"2026-08-31T18:36:55+00:00","description":"Solu\u00e7\u00e3o da Aura concilia efici\u00eancia operacional, seguran\u00e7a ambiental e benef\u00edcios permanentes para territ\u00f3rio com vulnerabilidade h\u00eddrica","breadcrumb":{"@id":"https:\/\/www.inthemine.com.br\/site\/agua-tratada-move-mina-na-regiao-do-serido\/#breadcrumb"},"inLanguage":"pt-BR","potentialAction":[{"@type":"ReadAction","target":["https:\/\/www.inthemine.com.br\/site\/agua-tratada-move-mina-na-regiao-do-serido\/"]}]},{"@type":"ImageObject","inLanguage":"pt-BR","@id":"https:\/\/www.inthemine.com.br\/site\/agua-tratada-move-mina-na-regiao-do-serido\/#primaryimage","url":"https:\/\/www.inthemine.com.br\/site\/wp-content\/uploads\/2026\/08\/Foto2-13.jpg","contentUrl":"https:\/\/www.inthemine.com.br\/site\/wp-content\/uploads\/2026\/08\/Foto2-13.jpg","width":800,"height":450,"caption":"Foto 2: ETE trata 1.680 m\u00b3\/dia de esgoto bruto para reuso no beneficiamento"},{"@type":"BreadcrumbList","@id":"https:\/\/www.inthemine.com.br\/site\/agua-tratada-move-mina-na-regiao-do-serido\/#breadcrumb","itemListElement":[{"@type":"ListItem","position":1,"name":"In\u00edcio","item":"https:\/\/www.inthemine.com.br\/site\/"},{"@type":"ListItem","position":2,"name":"\u00c1GUA TRATADA MOVE MINA NA REGI\u00c3O DO SERID\u00d3"}]},{"@type":"WebSite","@id":"https:\/\/www.inthemine.com.br\/site\/#website","url":"https:\/\/www.inthemine.com.br\/site\/","name":"Revista In The Mine","description":"Minera\u00e7\u00e3o brasileira","publisher":{"@id":"https:\/\/www.inthemine.com.br\/site\/#organization"},"potentialAction":[{"@type":"SearchAction","target":{"@type":"EntryPoint","urlTemplate":"https:\/\/www.inthemine.com.br\/site\/?s={search_term_string}"},"query-input":{"@type":"PropertyValueSpecification","valueRequired":true,"valueName":"search_term_string"}}],"inLanguage":"pt-BR"},{"@type":"Organization","@id":"https:\/\/www.inthemine.com.br\/site\/#organization","name":"In The Mine magazine","url":"https:\/\/www.inthemine.com.br\/site\/","logo":{"@type":"ImageObject","inLanguage":"pt-BR","@id":"https:\/\/www.inthemine.com.br\/site\/#\/schema\/logo\/image\/","url":"https:\/\/www.inthemine.com.br\/site\/wp-content\/uploads\/2014\/08\/parceiro_theinmine.png","contentUrl":"https:\/\/www.inthemine.com.br\/site\/wp-content\/uploads\/2014\/08\/parceiro_theinmine.png","width":170,"height":120,"caption":"In The Mine magazine"},"image":{"@id":"https:\/\/www.inthemine.com.br\/site\/#\/schema\/logo\/image\/"},"sameAs":["http:\/\/www.facebook.com\/inthemine","https:\/\/x.com\/intheminet","https:\/\/www.instagram.com\/minegaleria","https:\/\/www.linkedin.com\/company\/in-the-mine?trk=biz-companies-cym","https:\/\/www.youtube.com\/user\/revistainthemine"]},{"@type":"Person","@id":"https:\/\/www.inthemine.com.br\/site\/#\/schema\/person\/9eb77cece2cea253bb36c4b68c6a324c","name":"Reda\u00e7\u00e3o ITM","image":{"@type":"ImageObject","inLanguage":"pt-BR","@id":"https:\/\/secure.gravatar.com\/avatar\/0f7f41419befdee0feca08f9ea1e434cac9c04e0b8d28ab40cffb82628fcfdf1?s=96&d=mm&r=g","url":"https:\/\/secure.gravatar.com\/avatar\/0f7f41419befdee0feca08f9ea1e434cac9c04e0b8d28ab40cffb82628fcfdf1?s=96&d=mm&r=g","contentUrl":"https:\/\/secure.gravatar.com\/avatar\/0f7f41419befdee0feca08f9ea1e434cac9c04e0b8d28ab40cffb82628fcfdf1?s=96&d=mm&r=g","caption":"Reda\u00e7\u00e3o ITM"},"url":"https:\/\/www.inthemine.com.br\/site\/author\/admin-itm\/"}]}},"_links":{"self":[{"href":"https:\/\/www.inthemine.com.br\/site\/wp-json\/wp\/v2\/posts\/31889","targetHints":{"allow":["GET"]}}],"collection":[{"href":"https:\/\/www.inthemine.com.br\/site\/wp-json\/wp\/v2\/posts"}],"about":[{"href":"https:\/\/www.inthemine.com.br\/site\/wp-json\/wp\/v2\/types\/post"}],"author":[{"embeddable":true,"href":"https:\/\/www.inthemine.com.br\/site\/wp-json\/wp\/v2\/users\/3"}],"replies":[{"embeddable":true,"href":"https:\/\/www.inthemine.com.br\/site\/wp-json\/wp\/v2\/comments?post=31889"}],"version-history":[{"count":1,"href":"https:\/\/www.inthemine.com.br\/site\/wp-json\/wp\/v2\/posts\/31889\/revisions"}],"predecessor-version":[{"id":31894,"href":"https:\/\/www.inthemine.com.br\/site\/wp-json\/wp\/v2\/posts\/31889\/revisions\/31894"}],"wp:featuredmedia":[{"embeddable":true,"href":"https:\/\/www.inthemine.com.br\/site\/wp-json\/wp\/v2\/media\/31891"}],"wp:attachment":[{"href":"https:\/\/www.inthemine.com.br\/site\/wp-json\/wp\/v2\/media?parent=31889"}],"wp:term":[{"taxonomy":"category","embeddable":true,"href":"https:\/\/www.inthemine.com.br\/site\/wp-json\/wp\/v2\/categories?post=31889"},{"taxonomy":"post_tag","embeddable":true,"href":"https:\/\/www.inthemine.com.br\/site\/wp-json\/wp\/v2\/tags?post=31889"}],"curies":[{"name":"wp","href":"https:\/\/api.w.org\/{rel}","templated":true}]}}