{"id":31871,"date":"2026-08-31T14:17:42","date_gmt":"2026-08-31T17:17:42","guid":{"rendered":"https:\/\/www.inthemine.com.br\/site\/?p=31871"},"modified":"2026-08-31T14:52:11","modified_gmt":"2026-08-31T17:52:11","slug":"minas-rio-amplia-eficiencia-no-uso-da-agua","status":"publish","type":"post","link":"https:\/\/www.inthemine.com.br\/site\/minas-rio-amplia-eficiencia-no-uso-da-agua\/","title":{"rendered":"MINAS-RIO AMPLIA EFICI\u00caNCIA NO USO DA \u00c1GUA"},"content":{"rendered":"<p>No Sistema Minas-Rio, da Anglo American, investimentos em recircula\u00e7\u00e3o, novas tecnologias de beneficiamento e programas de conserva\u00e7\u00e3o ambiental v\u00eam ampliando a efici\u00eancia h\u00eddrica da opera\u00e7\u00e3o, reduzindo a necessidade de capta\u00e7\u00e3o de \u00e1gua nova e fortalecendo a seguran\u00e7a do abastecimento da regi\u00e3o. Em 2025, o empreendimento captou 58,3 Mm<sup>3<\/sup> de \u00e1gua, dos quais 38,5 Mm<sup>3<\/sup> tiveram origem na barragem de rejeitos, evidenciando o elevado \u00edndice de reaproveitamento da \u00e1gua utilizada no beneficiamento mineral. No per\u00edodo, a efici\u00eancia h\u00eddrica da opera\u00e7\u00e3o atingiu 78,8%, resultado sustentado pela recircula\u00e7\u00e3o da \u00e1gua de processo e por tecnologias voltadas \u00e0 recupera\u00e7\u00e3o desse recurso.<\/p>\n<p>A principal fonte de \u00e1gua nova do Minas-Rio \u00e9 o Rio do Peixe, em Dom Joaquim (MG), cuja \u00e1gua \u00e9 transportada por uma adutora de aproximadamente 32 km at\u00e9 o complexo miner\u00e1rio. O sistema tamb\u00e9m utiliza \u00e1gua proveniente dos po\u00e7os de rebaixamento da mina, da barragem de rejeitos e de capta\u00e7\u00f5es superficiais e subterr\u00e2neas destinadas ao beneficiamento mineral, controle de poeira e abastecimento humano.<\/p>\n<figure id=\"attachment_31873\" aria-describedby=\"caption-attachment-31873\" style=\"width: 700px\" class=\"wp-caption aligncenter\"><a href=\"https:\/\/www.inthemine.com.br\/site\/wp-content\/uploads\/2026\/08\/Foto1-9-e1788198551148.jpg\"><img loading=\"lazy\" decoding=\"async\" class=\"size-full wp-image-31873\" src=\"https:\/\/www.inthemine.com.br\/site\/wp-content\/uploads\/2026\/08\/Foto1-9-e1788198551148.jpg\" alt=\"Equipe de monitoramento h\u00eddrico realiza medi\u00e7\u00f5es e coletas em campo (Foto: L\u00edgia Girnius\/Anglo American)\" width=\"700\" height=\"467\" \/><\/a><figcaption id=\"caption-attachment-31873\" class=\"wp-caption-text\">Equipe de monitoramento h\u00eddrico realiza medi\u00e7\u00f5es e coletas em campo (Foto: L\u00edgia Girnius\/Anglo American)<\/figcaption><\/figure>\n<p>Mesmo com o aumento gradual da produ\u00e7\u00e3o, a Anglo American registra evolu\u00e7\u00e3o cont\u00ednua dos indicadores de efici\u00eancia h\u00eddrica. A companhia ressalta, entretanto, que fatores externos, como a varia\u00e7\u00e3o do regime de chuvas, influenciam diretamente o desempenho do balan\u00e7o h\u00eddrico. Em paralelo \u00e0 gest\u00e3o operacional, a empresa desenvolve programas de preserva\u00e7\u00e3o e recupera\u00e7\u00e3o de nascentes nas bacias hidrogr\u00e1ficas onde atua. As iniciativas integram sua estrat\u00e9gia global de sustentabilidade, baseada nos princ\u00edpios do programa FutureSmart Mining, com foco na resili\u00eancia h\u00eddrica e na conserva\u00e7\u00e3o dos recursos naturais.<\/p>\n<h3><strong>Controle<\/strong><\/h3>\n<p>A gest\u00e3o dos recursos h\u00eddricos do Minas-Rio \u00e9 apoiada por um amplo sistema de monitoramento das capta\u00e7\u00f5es superficiais e subterr\u00e2neas, garantindo o cumprimento das condi\u00e7\u00f5es estabelecidas nas outorgas e a manuten\u00e7\u00e3o da disponibilidade de \u00e1gua para os demais usu\u00e1rios das bacias hidrogr\u00e1ficas. Esse acompanhamento abrange rios, nascentes, aqu\u00edferos, efluentes e estruturas de conten\u00e7\u00e3o, contemplando tanto aspectos quantitativos quanto qualitativos. As atividades abrangem defini\u00e7\u00e3o dos pontos de coleta, frequ\u00eancia de amostragem, par\u00e2metros anal\u00edticos e envio de amostras para laborat\u00f3rios certificados, conforme planos previamente aprovados pelos \u00f3rg\u00e3os ambientais.<\/p>\n<p>Os resultados dessas an\u00e1lises subsidiam a avalia\u00e7\u00e3o da efici\u00eancia das medidas de controle ambiental e asseguram o atendimento aos requisitos legais. O Programa de Gest\u00e3o de Recursos H\u00eddricos da empresa busca conciliar o uso racional da \u00e1gua com a preserva\u00e7\u00e3o ambiental, adotando crit\u00e9rios t\u00e9cnicos para garantir a sustentabilidade das opera\u00e7\u00f5es no longo prazo.<\/p>\n<figure id=\"attachment_31875\" aria-describedby=\"caption-attachment-31875\" style=\"width: 700px\" class=\"wp-caption aligncenter\"><a href=\"https:\/\/www.inthemine.com.br\/site\/wp-content\/uploads\/2026\/08\/Foto3-7-scaled-e1788198717487.jpg\"><img loading=\"lazy\" decoding=\"async\" class=\"size-full wp-image-31875\" src=\"https:\/\/www.inthemine.com.br\/site\/wp-content\/uploads\/2026\/08\/Foto3-7-scaled-e1788198717487.jpg\" alt=\"Foto 3: Plantio e revegeta\u00e7\u00e3o j\u00e1 recuperaram mais de 3 mil ha de \u00e1reas (Anglo American\/Divulga\u00e7\u00e3o)\" width=\"700\" height=\"467\" \/><\/a><figcaption id=\"caption-attachment-31875\" class=\"wp-caption-text\">Plantio e revegeta\u00e7\u00e3o j\u00e1 recuperaram mais de 3 mil ha de \u00e1reas (Anglo American\/Divulga\u00e7\u00e3o)<\/figcaption><\/figure>\n<h3><strong>Reuso<\/strong><\/h3>\n<p>O aumento da recupera\u00e7\u00e3o de \u00e1gua est\u00e1 diretamente associado \u00e0s tecnologias empregadas no beneficiamento mineral. Entre elas destacam-se os sistemas de espessamento e filtragem de rejeitos, que promovem a separa\u00e7\u00e3o entre s\u00f3lidos e \u00e1gua, permitindo sua recircula\u00e7\u00e3o na planta industrial e reduzindo a necessidade de novas capta\u00e7\u00f5es.<\/p>\n<p>Um dos principais investimentos nessa \u00e1rea foi a instala\u00e7\u00e3o da planta de filtragem de rejeitos, que entrou em opera\u00e7\u00e3o no in\u00edcio de 2026 ap\u00f3s investimento aproximado de R$ 5 bilh\u00f5es. Utilizando tecnologia de filtragem a v\u00e1cuo, o sistema amplia a recupera\u00e7\u00e3o da \u00e1gua contida nos rejeitos e reduz significativamente o volume destinado \u00e0 barragem, contribuindo tamb\u00e9m para o aumento da vida \u00fatil da estrutura.<\/p>\n<p>Complementarmente, parte da \u00e1gua encaminhada \u00e0 barragem retorna ao processo por meio de sistemas de bombeamento. Na mina, a utiliza\u00e7\u00e3o de pol\u00edmeros supressores de poeira diminui a demanda por \u00e1gua na aspers\u00e3o de vias, enquanto no Porto do A\u00e7u (RJ), onde \u00e9 feito o embarque do min\u00e9rio para exporta\u00e7\u00e3o, a empresa opera uma esta\u00e7\u00e3o de tratamento para reuso da \u00e1gua utilizada no mineroduto e desenvolve projetos-piloto em parceria com outras ind\u00fastrias do complexo portu\u00e1rio para ampliar o reaproveitamento h\u00eddrico.<\/p>\n<p>Segundo a Anglo American, estudos em desenvolvimento avaliam novas solu\u00e7\u00f5es para gest\u00e3o de rejeitos e otimiza\u00e7\u00e3o do balan\u00e7o h\u00eddrico, refor\u00e7ando a estrat\u00e9gia de redu\u00e7\u00e3o cont\u00ednua da depend\u00eancia de \u00e1gua nova.<\/p>\n<h3><strong>\u00a0<\/strong><strong>Nascentes<\/strong><\/h3>\n<p>A conserva\u00e7\u00e3o dos recursos h\u00eddricos tamb\u00e9m integra a estrat\u00e9gia ambiental do Minas-Rio. A empresa mant\u00e9m mais de 27 mil ha destinados \u00e0 conserva\u00e7\u00e3o ambiental, abrangendo \u00c1reas de Preserva\u00e7\u00e3o Permanente (APPs), Reservas Legais (RLs), compensa\u00e7\u00f5es florestais e corredores ecol\u00f3gicos. Nessas \u00e1reas est\u00e3o protegidas mais de 500 nascentes da bacia do Rio Santo Ant\u00f4nio. Al\u00e9m disso, mais de 3 mil ha j\u00e1 foram recuperados por meio de revegeta\u00e7\u00e3o e plantio de esp\u00e9cies nativas em \u00e1reas anteriormente ocupadas por pastagens.<\/p>\n<p>Em parceria com o Centro Brasileiro para Conserva\u00e7\u00e3o da Natureza e Desenvolvimento Sustent\u00e1vel (CBCN) e o Instituto Serra do Espinha\u00e7o, a Anglo American concluiu a recupera\u00e7\u00e3o de 23 nascentes em projeto reconhecido pela Unesco como iniciativa demonstrativa em ecohidrologia.<\/p>\n<p>As a\u00e7\u00f5es tamb\u00e9m envolvem comunidades locais. O projeto Rota Viva Sustent\u00e1vel promove solu\u00e7\u00f5es de saneamento ecol\u00f3gico e educa\u00e7\u00e3o ambiental em \u00e1reas rurais pr\u00f3ximas ao empreendimento. Ap\u00f3s beneficiar moradores da comunidade do Tabuleiro, a iniciativa foi ampliada em 2026 para a localidade de Parauninha, em Concei\u00e7\u00e3o do Mato Dentro (MG).<\/p>\n<p>Como parte das metas futuras, a companhia prev\u00ea recuperar outros 80 hectares de \u00e1reas de preserva\u00e7\u00e3o permanente at\u00e9 2030 na bacia do Rio Santo Ant\u00f4nio, fortalecendo a prote\u00e7\u00e3o dos recursos h\u00eddricos e ampliando a resili\u00eancia ambiental da regi\u00e3o.<\/p>\n<h5>Foto em destaque: Planta de filtragem de rejeitos entrou em opera\u00e7\u00e3o no in\u00edcio de 2026 (Anglo American\/Divulga\u00e7\u00e3o)<\/h5>\n","protected":false},"excerpt":{"rendered":"<p>Reaproveitamento da \u00e1gua contida na barragem de rejeitos para o beneficiamento mineral equivaleu a 66% da capta\u00e7\u00e3o em 2025<\/p>\n","protected":false},"author":3,"featured_media":31874,"comment_status":"open","ping_status":"open","sticky":false,"template":"","format":"standard","meta":{"footnotes":""},"categories":[9],"tags":[],"class_list":["post-31871","post","type-post","status-publish","format-standard","has-post-thumbnail","hentry","category-meio-ambiente"],"yoast_head":"<!-- This site is optimized with the Yoast SEO plugin v28.3 - https:\/\/yoast.com\/product\/yoast-seo-wordpress\/ -->\n<title>MINAS-RIO AMPLIA EFICI\u00caNCIA NO USO DA \u00c1GUA - Revista In The Mine<\/title>\n<meta name=\"description\" content=\"Reaproveitamento da \u00e1gua contida na barragem de rejeitos para o beneficiamento mineral equivaleu a 66% da capta\u00e7\u00e3o em 2025\" \/>\n<meta name=\"robots\" content=\"index, follow, max-snippet:-1, max-image-preview:large, max-video-preview:-1\" \/>\n<link rel=\"canonical\" href=\"https:\/\/www.inthemine.com.br\/site\/minas-rio-amplia-eficiencia-no-uso-da-agua\/\" \/>\n<meta property=\"og:locale\" content=\"pt_BR\" \/>\n<meta property=\"og:type\" content=\"article\" \/>\n<meta property=\"og:title\" content=\"MINAS-RIO AMPLIA EFICI\u00caNCIA NO USO DA \u00c1GUA - Revista In The Mine\" \/>\n<meta property=\"og:description\" content=\"Reaproveitamento da \u00e1gua contida na barragem de rejeitos para o beneficiamento mineral equivaleu a 66% da capta\u00e7\u00e3o em 2025\" \/>\n<meta property=\"og:url\" content=\"https:\/\/www.inthemine.com.br\/site\/minas-rio-amplia-eficiencia-no-uso-da-agua\/\" \/>\n<meta property=\"og:site_name\" content=\"Revista In The Mine\" \/>\n<meta property=\"article:publisher\" content=\"http:\/\/www.facebook.com\/inthemine\" \/>\n<meta property=\"article:published_time\" content=\"2026-08-31T17:17:42+00:00\" \/>\n<meta property=\"article:modified_time\" content=\"2026-08-31T17:52:11+00:00\" \/>\n<meta property=\"og:image\" content=\"https:\/\/www.inthemine.com.br\/site\/wp-content\/uploads\/2026\/08\/Foto2-10-e1788198646161.jpg\" \/>\n\t<meta property=\"og:image:width\" content=\"800\" \/>\n\t<meta property=\"og:image:height\" content=\"450\" \/>\n\t<meta property=\"og:image:type\" content=\"image\/jpeg\" \/>\n<meta name=\"author\" content=\"Reda\u00e7\u00e3o ITM\" \/>\n<meta name=\"twitter:card\" content=\"summary_large_image\" \/>\n<meta name=\"twitter:creator\" content=\"@intheminet\" \/>\n<meta name=\"twitter:site\" content=\"@intheminet\" \/>\n<meta name=\"twitter:label1\" content=\"Escrito por\" \/>\n\t<meta name=\"twitter:data1\" content=\"Reda\u00e7\u00e3o ITM\" \/>\n\t<meta name=\"twitter:label2\" content=\"Est. tempo de leitura\" \/>\n\t<meta name=\"twitter:data2\" content=\"6 minutos\" \/>\n<script type=\"application\/ld+json\" class=\"yoast-schema-graph\">{\"@context\":\"https:\\\/\\\/schema.org\",\"@graph\":[{\"@type\":\"Article\",\"@id\":\"https:\\\/\\\/www.inthemine.com.br\\\/site\\\/minas-rio-amplia-eficiencia-no-uso-da-agua\\\/#article\",\"isPartOf\":{\"@id\":\"https:\\\/\\\/www.inthemine.com.br\\\/site\\\/minas-rio-amplia-eficiencia-no-uso-da-agua\\\/\"},\"author\":{\"name\":\"Reda\u00e7\u00e3o ITM\",\"@id\":\"https:\\\/\\\/www.inthemine.com.br\\\/site\\\/#\\\/schema\\\/person\\\/9eb77cece2cea253bb36c4b68c6a324c\"},\"headline\":\"MINAS-RIO AMPLIA EFICI\u00caNCIA NO USO DA \u00c1GUA\",\"datePublished\":\"2026-08-31T17:17:42+00:00\",\"dateModified\":\"2026-08-31T17:52:11+00:00\",\"mainEntityOfPage\":{\"@id\":\"https:\\\/\\\/www.inthemine.com.br\\\/site\\\/minas-rio-amplia-eficiencia-no-uso-da-agua\\\/\"},\"wordCount\":992,\"commentCount\":0,\"publisher\":{\"@id\":\"https:\\\/\\\/www.inthemine.com.br\\\/site\\\/#organization\"},\"image\":{\"@id\":\"https:\\\/\\\/www.inthemine.com.br\\\/site\\\/minas-rio-amplia-eficiencia-no-uso-da-agua\\\/#primaryimage\"},\"thumbnailUrl\":\"https:\\\/\\\/www.inthemine.com.br\\\/site\\\/wp-content\\\/uploads\\\/2026\\\/08\\\/Foto2-10-e1788198646161.jpg\",\"articleSection\":[\"SUSTENTABILIDADE\"],\"inLanguage\":\"pt-BR\",\"potentialAction\":[{\"@type\":\"CommentAction\",\"name\":\"Comment\",\"target\":[\"https:\\\/\\\/www.inthemine.com.br\\\/site\\\/minas-rio-amplia-eficiencia-no-uso-da-agua\\\/#respond\"]}]},{\"@type\":\"WebPage\",\"@id\":\"https:\\\/\\\/www.inthemine.com.br\\\/site\\\/minas-rio-amplia-eficiencia-no-uso-da-agua\\\/\",\"url\":\"https:\\\/\\\/www.inthemine.com.br\\\/site\\\/minas-rio-amplia-eficiencia-no-uso-da-agua\\\/\",\"name\":\"MINAS-RIO AMPLIA EFICI\u00caNCIA NO USO DA \u00c1GUA - Revista In The Mine\",\"isPartOf\":{\"@id\":\"https:\\\/\\\/www.inthemine.com.br\\\/site\\\/#website\"},\"primaryImageOfPage\":{\"@id\":\"https:\\\/\\\/www.inthemine.com.br\\\/site\\\/minas-rio-amplia-eficiencia-no-uso-da-agua\\\/#primaryimage\"},\"image\":{\"@id\":\"https:\\\/\\\/www.inthemine.com.br\\\/site\\\/minas-rio-amplia-eficiencia-no-uso-da-agua\\\/#primaryimage\"},\"thumbnailUrl\":\"https:\\\/\\\/www.inthemine.com.br\\\/site\\\/wp-content\\\/uploads\\\/2026\\\/08\\\/Foto2-10-e1788198646161.jpg\",\"datePublished\":\"2026-08-31T17:17:42+00:00\",\"dateModified\":\"2026-08-31T17:52:11+00:00\",\"description\":\"Reaproveitamento da \u00e1gua contida na barragem de rejeitos para o beneficiamento mineral equivaleu a 66% da capta\u00e7\u00e3o em 2025\",\"breadcrumb\":{\"@id\":\"https:\\\/\\\/www.inthemine.com.br\\\/site\\\/minas-rio-amplia-eficiencia-no-uso-da-agua\\\/#breadcrumb\"},\"inLanguage\":\"pt-BR\",\"potentialAction\":[{\"@type\":\"ReadAction\",\"target\":[\"https:\\\/\\\/www.inthemine.com.br\\\/site\\\/minas-rio-amplia-eficiencia-no-uso-da-agua\\\/\"]}]},{\"@type\":\"ImageObject\",\"inLanguage\":\"pt-BR\",\"@id\":\"https:\\\/\\\/www.inthemine.com.br\\\/site\\\/minas-rio-amplia-eficiencia-no-uso-da-agua\\\/#primaryimage\",\"url\":\"https:\\\/\\\/www.inthemine.com.br\\\/site\\\/wp-content\\\/uploads\\\/2026\\\/08\\\/Foto2-10-e1788198646161.jpg\",\"contentUrl\":\"https:\\\/\\\/www.inthemine.com.br\\\/site\\\/wp-content\\\/uploads\\\/2026\\\/08\\\/Foto2-10-e1788198646161.jpg\",\"width\":800,\"height\":450,\"caption\":\"Foto em destaque: Planta de filtragem de rejeitos entrou em opera\u00e7\u00e3o no in\u00edcio de 2026 (Anglo American\\\/Divulga\u00e7\u00e3o)\"},{\"@type\":\"BreadcrumbList\",\"@id\":\"https:\\\/\\\/www.inthemine.com.br\\\/site\\\/minas-rio-amplia-eficiencia-no-uso-da-agua\\\/#breadcrumb\",\"itemListElement\":[{\"@type\":\"ListItem\",\"position\":1,\"name\":\"In\u00edcio\",\"item\":\"https:\\\/\\\/www.inthemine.com.br\\\/site\\\/\"},{\"@type\":\"ListItem\",\"position\":2,\"name\":\"MINAS-RIO AMPLIA EFICI\u00caNCIA NO USO DA \u00c1GUA\"}]},{\"@type\":\"WebSite\",\"@id\":\"https:\\\/\\\/www.inthemine.com.br\\\/site\\\/#website\",\"url\":\"https:\\\/\\\/www.inthemine.com.br\\\/site\\\/\",\"name\":\"Revista In The Mine\",\"description\":\"Minera\u00e7\u00e3o brasileira\",\"publisher\":{\"@id\":\"https:\\\/\\\/www.inthemine.com.br\\\/site\\\/#organization\"},\"potentialAction\":[{\"@type\":\"SearchAction\",\"target\":{\"@type\":\"EntryPoint\",\"urlTemplate\":\"https:\\\/\\\/www.inthemine.com.br\\\/site\\\/?s={search_term_string}\"},\"query-input\":{\"@type\":\"PropertyValueSpecification\",\"valueRequired\":true,\"valueName\":\"search_term_string\"}}],\"inLanguage\":\"pt-BR\"},{\"@type\":\"Organization\",\"@id\":\"https:\\\/\\\/www.inthemine.com.br\\\/site\\\/#organization\",\"name\":\"In The Mine magazine\",\"url\":\"https:\\\/\\\/www.inthemine.com.br\\\/site\\\/\",\"logo\":{\"@type\":\"ImageObject\",\"inLanguage\":\"pt-BR\",\"@id\":\"https:\\\/\\\/www.inthemine.com.br\\\/site\\\/#\\\/schema\\\/logo\\\/image\\\/\",\"url\":\"https:\\\/\\\/www.inthemine.com.br\\\/site\\\/wp-content\\\/uploads\\\/2014\\\/08\\\/parceiro_theinmine.png\",\"contentUrl\":\"https:\\\/\\\/www.inthemine.com.br\\\/site\\\/wp-content\\\/uploads\\\/2014\\\/08\\\/parceiro_theinmine.png\",\"width\":170,\"height\":120,\"caption\":\"In The Mine magazine\"},\"image\":{\"@id\":\"https:\\\/\\\/www.inthemine.com.br\\\/site\\\/#\\\/schema\\\/logo\\\/image\\\/\"},\"sameAs\":[\"http:\\\/\\\/www.facebook.com\\\/inthemine\",\"https:\\\/\\\/x.com\\\/intheminet\",\"https:\\\/\\\/www.instagram.com\\\/minegaleria\",\"https:\\\/\\\/www.linkedin.com\\\/company\\\/in-the-mine?trk=biz-companies-cym\",\"https:\\\/\\\/www.youtube.com\\\/user\\\/revistainthemine\"]},{\"@type\":\"Person\",\"@id\":\"https:\\\/\\\/www.inthemine.com.br\\\/site\\\/#\\\/schema\\\/person\\\/9eb77cece2cea253bb36c4b68c6a324c\",\"name\":\"Reda\u00e7\u00e3o ITM\",\"image\":{\"@type\":\"ImageObject\",\"inLanguage\":\"pt-BR\",\"@id\":\"https:\\\/\\\/secure.gravatar.com\\\/avatar\\\/0f7f41419befdee0feca08f9ea1e434cac9c04e0b8d28ab40cffb82628fcfdf1?s=96&d=mm&r=g\",\"url\":\"https:\\\/\\\/secure.gravatar.com\\\/avatar\\\/0f7f41419befdee0feca08f9ea1e434cac9c04e0b8d28ab40cffb82628fcfdf1?s=96&d=mm&r=g\",\"contentUrl\":\"https:\\\/\\\/secure.gravatar.com\\\/avatar\\\/0f7f41419befdee0feca08f9ea1e434cac9c04e0b8d28ab40cffb82628fcfdf1?s=96&d=mm&r=g\",\"caption\":\"Reda\u00e7\u00e3o ITM\"},\"url\":\"https:\\\/\\\/www.inthemine.com.br\\\/site\\\/author\\\/admin-itm\\\/\"}]}<\/script>\n<!-- \/ Yoast SEO plugin. -->","yoast_head_json":{"title":"MINAS-RIO AMPLIA EFICI\u00caNCIA NO USO DA \u00c1GUA - Revista In The Mine","description":"Reaproveitamento da \u00e1gua contida na barragem de rejeitos para o beneficiamento mineral equivaleu a 66% da capta\u00e7\u00e3o em 2025","robots":{"index":"index","follow":"follow","max-snippet":"max-snippet:-1","max-image-preview":"max-image-preview:large","max-video-preview":"max-video-preview:-1"},"canonical":"https:\/\/www.inthemine.com.br\/site\/minas-rio-amplia-eficiencia-no-uso-da-agua\/","og_locale":"pt_BR","og_type":"article","og_title":"MINAS-RIO AMPLIA EFICI\u00caNCIA NO USO DA \u00c1GUA - Revista In The Mine","og_description":"Reaproveitamento da \u00e1gua contida na barragem de rejeitos para o beneficiamento mineral equivaleu a 66% da capta\u00e7\u00e3o em 2025","og_url":"https:\/\/www.inthemine.com.br\/site\/minas-rio-amplia-eficiencia-no-uso-da-agua\/","og_site_name":"Revista In The Mine","article_publisher":"http:\/\/www.facebook.com\/inthemine","article_published_time":"2026-08-31T17:17:42+00:00","article_modified_time":"2026-08-31T17:52:11+00:00","og_image":[{"width":800,"height":450,"url":"https:\/\/www.inthemine.com.br\/site\/wp-content\/uploads\/2026\/08\/Foto2-10-e1788198646161.jpg","type":"image\/jpeg"}],"author":"Reda\u00e7\u00e3o ITM","twitter_card":"summary_large_image","twitter_creator":"@intheminet","twitter_site":"@intheminet","twitter_misc":{"Escrito por":"Reda\u00e7\u00e3o ITM","Est. tempo de leitura":"6 minutos"},"schema":{"@context":"https:\/\/schema.org","@graph":[{"@type":"Article","@id":"https:\/\/www.inthemine.com.br\/site\/minas-rio-amplia-eficiencia-no-uso-da-agua\/#article","isPartOf":{"@id":"https:\/\/www.inthemine.com.br\/site\/minas-rio-amplia-eficiencia-no-uso-da-agua\/"},"author":{"name":"Reda\u00e7\u00e3o ITM","@id":"https:\/\/www.inthemine.com.br\/site\/#\/schema\/person\/9eb77cece2cea253bb36c4b68c6a324c"},"headline":"MINAS-RIO AMPLIA EFICI\u00caNCIA NO USO DA \u00c1GUA","datePublished":"2026-08-31T17:17:42+00:00","dateModified":"2026-08-31T17:52:11+00:00","mainEntityOfPage":{"@id":"https:\/\/www.inthemine.com.br\/site\/minas-rio-amplia-eficiencia-no-uso-da-agua\/"},"wordCount":992,"commentCount":0,"publisher":{"@id":"https:\/\/www.inthemine.com.br\/site\/#organization"},"image":{"@id":"https:\/\/www.inthemine.com.br\/site\/minas-rio-amplia-eficiencia-no-uso-da-agua\/#primaryimage"},"thumbnailUrl":"https:\/\/www.inthemine.com.br\/site\/wp-content\/uploads\/2026\/08\/Foto2-10-e1788198646161.jpg","articleSection":["SUSTENTABILIDADE"],"inLanguage":"pt-BR","potentialAction":[{"@type":"CommentAction","name":"Comment","target":["https:\/\/www.inthemine.com.br\/site\/minas-rio-amplia-eficiencia-no-uso-da-agua\/#respond"]}]},{"@type":"WebPage","@id":"https:\/\/www.inthemine.com.br\/site\/minas-rio-amplia-eficiencia-no-uso-da-agua\/","url":"https:\/\/www.inthemine.com.br\/site\/minas-rio-amplia-eficiencia-no-uso-da-agua\/","name":"MINAS-RIO AMPLIA EFICI\u00caNCIA NO USO DA \u00c1GUA - Revista In The Mine","isPartOf":{"@id":"https:\/\/www.inthemine.com.br\/site\/#website"},"primaryImageOfPage":{"@id":"https:\/\/www.inthemine.com.br\/site\/minas-rio-amplia-eficiencia-no-uso-da-agua\/#primaryimage"},"image":{"@id":"https:\/\/www.inthemine.com.br\/site\/minas-rio-amplia-eficiencia-no-uso-da-agua\/#primaryimage"},"thumbnailUrl":"https:\/\/www.inthemine.com.br\/site\/wp-content\/uploads\/2026\/08\/Foto2-10-e1788198646161.jpg","datePublished":"2026-08-31T17:17:42+00:00","dateModified":"2026-08-31T17:52:11+00:00","description":"Reaproveitamento da \u00e1gua contida na barragem de rejeitos para o beneficiamento mineral equivaleu a 66% da capta\u00e7\u00e3o em 2025","breadcrumb":{"@id":"https:\/\/www.inthemine.com.br\/site\/minas-rio-amplia-eficiencia-no-uso-da-agua\/#breadcrumb"},"inLanguage":"pt-BR","potentialAction":[{"@type":"ReadAction","target":["https:\/\/www.inthemine.com.br\/site\/minas-rio-amplia-eficiencia-no-uso-da-agua\/"]}]},{"@type":"ImageObject","inLanguage":"pt-BR","@id":"https:\/\/www.inthemine.com.br\/site\/minas-rio-amplia-eficiencia-no-uso-da-agua\/#primaryimage","url":"https:\/\/www.inthemine.com.br\/site\/wp-content\/uploads\/2026\/08\/Foto2-10-e1788198646161.jpg","contentUrl":"https:\/\/www.inthemine.com.br\/site\/wp-content\/uploads\/2026\/08\/Foto2-10-e1788198646161.jpg","width":800,"height":450,"caption":"Foto em destaque: Planta de filtragem de rejeitos entrou em opera\u00e7\u00e3o no in\u00edcio de 2026 (Anglo American\/Divulga\u00e7\u00e3o)"},{"@type":"BreadcrumbList","@id":"https:\/\/www.inthemine.com.br\/site\/minas-rio-amplia-eficiencia-no-uso-da-agua\/#breadcrumb","itemListElement":[{"@type":"ListItem","position":1,"name":"In\u00edcio","item":"https:\/\/www.inthemine.com.br\/site\/"},{"@type":"ListItem","position":2,"name":"MINAS-RIO AMPLIA EFICI\u00caNCIA NO USO DA \u00c1GUA"}]},{"@type":"WebSite","@id":"https:\/\/www.inthemine.com.br\/site\/#website","url":"https:\/\/www.inthemine.com.br\/site\/","name":"Revista In The Mine","description":"Minera\u00e7\u00e3o brasileira","publisher":{"@id":"https:\/\/www.inthemine.com.br\/site\/#organization"},"potentialAction":[{"@type":"SearchAction","target":{"@type":"EntryPoint","urlTemplate":"https:\/\/www.inthemine.com.br\/site\/?s={search_term_string}"},"query-input":{"@type":"PropertyValueSpecification","valueRequired":true,"valueName":"search_term_string"}}],"inLanguage":"pt-BR"},{"@type":"Organization","@id":"https:\/\/www.inthemine.com.br\/site\/#organization","name":"In The Mine magazine","url":"https:\/\/www.inthemine.com.br\/site\/","logo":{"@type":"ImageObject","inLanguage":"pt-BR","@id":"https:\/\/www.inthemine.com.br\/site\/#\/schema\/logo\/image\/","url":"https:\/\/www.inthemine.com.br\/site\/wp-content\/uploads\/2014\/08\/parceiro_theinmine.png","contentUrl":"https:\/\/www.inthemine.com.br\/site\/wp-content\/uploads\/2014\/08\/parceiro_theinmine.png","width":170,"height":120,"caption":"In The Mine magazine"},"image":{"@id":"https:\/\/www.inthemine.com.br\/site\/#\/schema\/logo\/image\/"},"sameAs":["http:\/\/www.facebook.com\/inthemine","https:\/\/x.com\/intheminet","https:\/\/www.instagram.com\/minegaleria","https:\/\/www.linkedin.com\/company\/in-the-mine?trk=biz-companies-cym","https:\/\/www.youtube.com\/user\/revistainthemine"]},{"@type":"Person","@id":"https:\/\/www.inthemine.com.br\/site\/#\/schema\/person\/9eb77cece2cea253bb36c4b68c6a324c","name":"Reda\u00e7\u00e3o ITM","image":{"@type":"ImageObject","inLanguage":"pt-BR","@id":"https:\/\/secure.gravatar.com\/avatar\/0f7f41419befdee0feca08f9ea1e434cac9c04e0b8d28ab40cffb82628fcfdf1?s=96&d=mm&r=g","url":"https:\/\/secure.gravatar.com\/avatar\/0f7f41419befdee0feca08f9ea1e434cac9c04e0b8d28ab40cffb82628fcfdf1?s=96&d=mm&r=g","contentUrl":"https:\/\/secure.gravatar.com\/avatar\/0f7f41419befdee0feca08f9ea1e434cac9c04e0b8d28ab40cffb82628fcfdf1?s=96&d=mm&r=g","caption":"Reda\u00e7\u00e3o ITM"},"url":"https:\/\/www.inthemine.com.br\/site\/author\/admin-itm\/"}]}},"_links":{"self":[{"href":"https:\/\/www.inthemine.com.br\/site\/wp-json\/wp\/v2\/posts\/31871","targetHints":{"allow":["GET"]}}],"collection":[{"href":"https:\/\/www.inthemine.com.br\/site\/wp-json\/wp\/v2\/posts"}],"about":[{"href":"https:\/\/www.inthemine.com.br\/site\/wp-json\/wp\/v2\/types\/post"}],"author":[{"embeddable":true,"href":"https:\/\/www.inthemine.com.br\/site\/wp-json\/wp\/v2\/users\/3"}],"replies":[{"embeddable":true,"href":"https:\/\/www.inthemine.com.br\/site\/wp-json\/wp\/v2\/comments?post=31871"}],"version-history":[{"count":2,"href":"https:\/\/www.inthemine.com.br\/site\/wp-json\/wp\/v2\/posts\/31871\/revisions"}],"predecessor-version":[{"id":31876,"href":"https:\/\/www.inthemine.com.br\/site\/wp-json\/wp\/v2\/posts\/31871\/revisions\/31876"}],"wp:featuredmedia":[{"embeddable":true,"href":"https:\/\/www.inthemine.com.br\/site\/wp-json\/wp\/v2\/media\/31874"}],"wp:attachment":[{"href":"https:\/\/www.inthemine.com.br\/site\/wp-json\/wp\/v2\/media?parent=31871"}],"wp:term":[{"taxonomy":"category","embeddable":true,"href":"https:\/\/www.inthemine.com.br\/site\/wp-json\/wp\/v2\/categories?post=31871"},{"taxonomy":"post_tag","embeddable":true,"href":"https:\/\/www.inthemine.com.br\/site\/wp-json\/wp\/v2\/tags?post=31871"}],"curies":[{"name":"wp","href":"https:\/\/api.w.org\/{rel}","templated":true}]}}