{"id":31848,"date":"2026-08-31T13:34:00","date_gmt":"2026-08-31T16:34:00","guid":{"rendered":"https:\/\/www.inthemine.com.br\/site\/?p=31848"},"modified":"2026-08-31T13:34:00","modified_gmt":"2026-08-31T16:34:00","slug":"maior-projeto-de-infraestrutura-energetica","status":"publish","type":"post","link":"https:\/\/www.inthemine.com.br\/site\/maior-projeto-de-infraestrutura-energetica\/","title":{"rendered":"MAIOR PROJETO DE INFRAESTRUTURA ENERG\u00c9TICA"},"content":{"rendered":"<p>A Minera\u00e7\u00e3o Rio do Norte (MRN) conduz a implanta\u00e7\u00e3o do Projeto Linha de Transmiss\u00e3o, empreendimento que representa um marco para a companhia e um dos principais vetores de sua estrat\u00e9gia de descarboniza\u00e7\u00e3o. A iniciativa permitir\u00e1 a conex\u00e3o das opera\u00e7\u00f5es de minera\u00e7\u00e3o e beneficiamento de bauxita, bem como da infraestrutura de Porto Trombetas, ao Sistema Interligado Nacional (SIN), substituindo gradualmente o modelo baseado em gera\u00e7\u00e3o termel\u00e9trica pr\u00f3pria por uma matriz energ\u00e9tica de menor intensidade de carbono.<\/p>\n<p>Atualmente, o suprimento el\u00e9trico da MRN \u00e9 assegurado por uma usina termel\u00e9trica (UTE) movida a \u00f3leo combust\u00edvel, respons\u00e1vel pelo abastecimento das unidades operacionais e da vila residencial. Embora o sistema atenda aos requisitos de confiabilidade operacional, explica Yanto Ara\u00fajo, gerente geral de Projetos da mineradora, a depend\u00eancia de combust\u00edvel f\u00f3ssil imp\u00f5e desafios relacionados \u00e0s emiss\u00f5es de gases de efeito estufa (GEE), aos custos de gera\u00e7\u00e3o e \u00e0 transi\u00e7\u00e3o para uma minera\u00e7\u00e3o de baixo carbono.<\/p>\n<figure id=\"attachment_31849\" aria-describedby=\"caption-attachment-31849\" style=\"width: 700px\" class=\"wp-caption aligncenter\"><a href=\"https:\/\/www.inthemine.com.br\/site\/wp-content\/uploads\/2026\/08\/Foto1-6.jpg\"><img loading=\"lazy\" decoding=\"async\" class=\"size-full wp-image-31849\" src=\"https:\/\/www.inthemine.com.br\/site\/wp-content\/uploads\/2026\/08\/Foto1-6.jpg\" alt=\"Foto 1: Yanto Ara\u00fajo, gerente geral de Projetos da MRN\" width=\"700\" height=\"467\" srcset=\"https:\/\/www.inthemine.com.br\/site\/wp-content\/uploads\/2026\/08\/Foto1-6.jpg 700w, https:\/\/www.inthemine.com.br\/site\/wp-content\/uploads\/2026\/08\/Foto1-6-300x200.jpg 300w, https:\/\/www.inthemine.com.br\/site\/wp-content\/uploads\/2026\/08\/Foto1-6-600x400.jpg 600w\" sizes=\"auto, (max-width: 700px) 100vw, 700px\" \/><\/a><figcaption id=\"caption-attachment-31849\" class=\"wp-caption-text\">Yanto Ara\u00fajo, gerente geral de Projetos da MRN<\/figcaption><\/figure>\n<p>At\u00e9 a entrada em opera\u00e7\u00e3o da Linha de Transmiss\u00e3o, a companhia mant\u00e9m um conjunto de controles operacionais e ambientais voltados \u00e0 mitiga\u00e7\u00e3o dos impactos associados \u00e0 gera\u00e7\u00e3o t\u00e9rmica. As medidas incluem o monitoramento cont\u00ednuo do desempenho energ\u00e9tico, a consolida\u00e7\u00e3o sistem\u00e1tica de indicadores de consumo, a gest\u00e3o da efici\u00eancia operacional dos ativos de gera\u00e7\u00e3o e a implementa\u00e7\u00e3o de melhorias destinadas \u00e0 otimiza\u00e7\u00e3o do uso de energia.<\/p>\n<p>Em 2025, o consumo energ\u00e9tico da MRN totalizou 3.654.361 GJ (Gigajoules), correspondentes a uma gera\u00e7\u00e3o aproximada de 229.002 MWh (Megawatts-hora). Esses indicadores integram o sistema de gest\u00e3o energ\u00e9tica da empresa e subsidiam a\u00e7\u00f5es voltadas ao aumento da efici\u00eancia operacional e \u00e0 redu\u00e7\u00e3o da intensidade energ\u00e9tica por tonelada de bauxita produzida.<\/p>\n<p>A conex\u00e3o ao SIN constitui uma das prioridades estrat\u00e9gicas da MRN no \u00e2mbito de sua agenda clim\u00e1tica, que dever\u00e1 reduzir significativamente as emiss\u00f5es diretas associadas ao consumo de combust\u00edveis f\u00f3sseis, contribuindo para as metas corporativas de descarboniza\u00e7\u00e3o, transi\u00e7\u00e3o energ\u00e9tica e adapta\u00e7\u00e3o \u00e0s mudan\u00e7as clim\u00e1ticas.<\/p>\n<h3><strong>\u00a0<\/strong><strong>Transforma\u00e7\u00e3o<\/strong><\/h3>\n<p>Os benef\u00edcios esperados com a nova infraestrutura v\u00e3o al\u00e9m da redu\u00e7\u00e3o da pegada de carbono. A integra\u00e7\u00e3o ao SIN proporcionar\u00e1 maior robustez ao suprimento el\u00e9trico, aumento da confiabilidade operacional e acesso a uma matriz predominantemente renov\u00e1vel, fatores que tendem a elevar a efici\u00eancia energ\u00e9tica e a competitividade das opera\u00e7\u00f5es da companhia.<\/p>\n<p>De acordo com Ara\u00fajo, a iniciativa consolida uma transforma\u00e7\u00e3o estrutural na gest\u00e3o energ\u00e9tica da empresa e refor\u00e7a seu alinhamento \u00e0s melhores pr\u00e1ticas internacionais de sustentabilidade aplicadas ao setor mineral.<\/p>\n<figure id=\"attachment_31851\" aria-describedby=\"caption-attachment-31851\" style=\"width: 700px\" class=\"wp-caption aligncenter\"><a href=\"https:\/\/www.inthemine.com.br\/site\/wp-content\/uploads\/2026\/08\/Foto3-5-e1788194024760.jpg\"><img loading=\"lazy\" decoding=\"async\" class=\"size-full wp-image-31851\" src=\"https:\/\/www.inthemine.com.br\/site\/wp-content\/uploads\/2026\/08\/Foto3-5-e1788194024760.jpg\" alt=\"Foto 3: Terminal fluvial da MRN em Porto Trombetas, no Par\u00e1\" width=\"700\" height=\"466\" \/><\/a><figcaption id=\"caption-attachment-31851\" class=\"wp-caption-text\">\u00a0Terminal fluvial da MRN em Porto Trombetas, no Par\u00e1<\/figcaption><\/figure>\n<p>Nesse contexto, a efici\u00eancia energ\u00e9tica \u00e9 tratada como um componente estrat\u00e9gico da excel\u00eancia operacional. A empresa vem ampliando investimentos na moderniza\u00e7\u00e3o de ativos industriais, incluindo a substitui\u00e7\u00e3o de motores por equipamentos de maior rendimento, o aperfei\u00e7oamento dos sistemas de monitoramento de desempenho energ\u00e9tico e a ado\u00e7\u00e3o de indicadores que permitem identificar oportunidades de otimiza\u00e7\u00e3o dos processos produtivos.<\/p>\n<p>\u201cA efici\u00eancia energ\u00e9tica deve ser compreendida como a capacidade de produzir mais valor com menor consumo espec\u00edfico de energia, combinando inova\u00e7\u00e3o tecnol\u00f3gica, racionaliza\u00e7\u00e3o operacional e redu\u00e7\u00e3o dos impactos ambientais\u201d, define o gerente. Para ele, essa abordagem fortalece a competitividade da opera\u00e7\u00e3o e contribui para o atendimento das crescentes exig\u00eancias de desempenho ambiental impostas ao setor mineral.<\/p>\n<p>A implanta\u00e7\u00e3o da Linha de Transmiss\u00e3o posiciona a MRN entre as empresas que v\u00eam acelerando a transi\u00e7\u00e3o energ\u00e9tica na minera\u00e7\u00e3o brasileira. Al\u00e9m de ampliar a seguran\u00e7a do abastecimento el\u00e9trico, o projeto estabelece uma base tecnol\u00f3gica para futuras iniciativas de eletrifica\u00e7\u00e3o de processos, redu\u00e7\u00e3o das emiss\u00f5es de carbono e incorpora\u00e7\u00e3o de solu\u00e7\u00f5es voltadas \u00e0 minera\u00e7\u00e3o sustent\u00e1vel, refor\u00e7ando a resili\u00eancia operacional da companhia frente aos desafios das pr\u00f3ximas d\u00e9cadas.<\/p>\n<h5>Imagem em destaque:\u00a0 Torres de travessia do Projeto Linha de Transmiss\u00e3o<\/h5>\n<h5>Fotos: MRN\/Divulga\u00e7\u00e3o<\/h5>\n","protected":false},"excerpt":{"rendered":"<p>Nova linha de transmiss\u00e3o \u00e9 uma das prioridades da MRN e estabelece uma base tecnol\u00f3gica para futuras iniciativas sustent\u00e1veis<\/p>\n","protected":false},"author":3,"featured_media":31850,"comment_status":"open","ping_status":"open","sticky":false,"template":"","format":"standard","meta":{"footnotes":""},"categories":[9],"tags":[],"class_list":["post-31848","post","type-post","status-publish","format-standard","has-post-thumbnail","hentry","category-meio-ambiente"],"yoast_head":"<!-- This site is optimized with the Yoast SEO plugin v28.3 - https:\/\/yoast.com\/product\/yoast-seo-wordpress\/ -->\n<title>MAIOR PROJETO DE INFRAESTRUTURA ENERG\u00c9TICA - Revista In The Mine<\/title>\n<meta name=\"description\" content=\"Nova linha de transmiss\u00e3o \u00e9 uma das prioridades da MRN e estabelece uma base tecnol\u00f3gica para futuras iniciativas sustent\u00e1veis\" \/>\n<meta name=\"robots\" content=\"index, follow, max-snippet:-1, max-image-preview:large, max-video-preview:-1\" \/>\n<link rel=\"canonical\" href=\"https:\/\/www.inthemine.com.br\/site\/maior-projeto-de-infraestrutura-energetica\/\" \/>\n<meta property=\"og:locale\" content=\"pt_BR\" \/>\n<meta property=\"og:type\" content=\"article\" \/>\n<meta property=\"og:title\" content=\"MAIOR PROJETO DE INFRAESTRUTURA ENERG\u00c9TICA - Revista In The Mine\" \/>\n<meta property=\"og:description\" content=\"Nova linha de transmiss\u00e3o \u00e9 uma das prioridades da MRN e estabelece uma base tecnol\u00f3gica para futuras iniciativas sustent\u00e1veis\" \/>\n<meta property=\"og:url\" content=\"https:\/\/www.inthemine.com.br\/site\/maior-projeto-de-infraestrutura-energetica\/\" \/>\n<meta property=\"og:site_name\" content=\"Revista In The Mine\" \/>\n<meta property=\"article:publisher\" content=\"http:\/\/www.facebook.com\/inthemine\" \/>\n<meta property=\"article:published_time\" content=\"2026-08-31T16:34:00+00:00\" \/>\n<meta property=\"og:image\" content=\"https:\/\/www.inthemine.com.br\/site\/wp-content\/uploads\/2026\/08\/Foto2-6.jpg\" \/>\n\t<meta property=\"og:image:width\" content=\"800\" \/>\n\t<meta property=\"og:image:height\" content=\"450\" \/>\n\t<meta property=\"og:image:type\" content=\"image\/jpeg\" \/>\n<meta name=\"author\" content=\"Reda\u00e7\u00e3o ITM\" \/>\n<meta name=\"twitter:card\" content=\"summary_large_image\" \/>\n<meta name=\"twitter:creator\" content=\"@intheminet\" \/>\n<meta name=\"twitter:site\" content=\"@intheminet\" \/>\n<meta name=\"twitter:label1\" content=\"Escrito por\" \/>\n\t<meta name=\"twitter:data1\" content=\"Reda\u00e7\u00e3o ITM\" \/>\n\t<meta name=\"twitter:label2\" content=\"Est. tempo de leitura\" \/>\n\t<meta name=\"twitter:data2\" content=\"4 minutos\" \/>\n<script type=\"application\/ld+json\" class=\"yoast-schema-graph\">{\"@context\":\"https:\\\/\\\/schema.org\",\"@graph\":[{\"@type\":\"Article\",\"@id\":\"https:\\\/\\\/www.inthemine.com.br\\\/site\\\/maior-projeto-de-infraestrutura-energetica\\\/#article\",\"isPartOf\":{\"@id\":\"https:\\\/\\\/www.inthemine.com.br\\\/site\\\/maior-projeto-de-infraestrutura-energetica\\\/\"},\"author\":{\"name\":\"Reda\u00e7\u00e3o ITM\",\"@id\":\"https:\\\/\\\/www.inthemine.com.br\\\/site\\\/#\\\/schema\\\/person\\\/9eb77cece2cea253bb36c4b68c6a324c\"},\"headline\":\"MAIOR PROJETO DE INFRAESTRUTURA ENERG\u00c9TICA\",\"datePublished\":\"2026-08-31T16:34:00+00:00\",\"mainEntityOfPage\":{\"@id\":\"https:\\\/\\\/www.inthemine.com.br\\\/site\\\/maior-projeto-de-infraestrutura-energetica\\\/\"},\"wordCount\":729,\"commentCount\":0,\"publisher\":{\"@id\":\"https:\\\/\\\/www.inthemine.com.br\\\/site\\\/#organization\"},\"image\":{\"@id\":\"https:\\\/\\\/www.inthemine.com.br\\\/site\\\/maior-projeto-de-infraestrutura-energetica\\\/#primaryimage\"},\"thumbnailUrl\":\"https:\\\/\\\/www.inthemine.com.br\\\/site\\\/wp-content\\\/uploads\\\/2026\\\/08\\\/Foto2-6.jpg\",\"articleSection\":[\"SUSTENTABILIDADE\"],\"inLanguage\":\"pt-BR\",\"potentialAction\":[{\"@type\":\"CommentAction\",\"name\":\"Comment\",\"target\":[\"https:\\\/\\\/www.inthemine.com.br\\\/site\\\/maior-projeto-de-infraestrutura-energetica\\\/#respond\"]}]},{\"@type\":\"WebPage\",\"@id\":\"https:\\\/\\\/www.inthemine.com.br\\\/site\\\/maior-projeto-de-infraestrutura-energetica\\\/\",\"url\":\"https:\\\/\\\/www.inthemine.com.br\\\/site\\\/maior-projeto-de-infraestrutura-energetica\\\/\",\"name\":\"MAIOR PROJETO DE INFRAESTRUTURA ENERG\u00c9TICA - Revista In The Mine\",\"isPartOf\":{\"@id\":\"https:\\\/\\\/www.inthemine.com.br\\\/site\\\/#website\"},\"primaryImageOfPage\":{\"@id\":\"https:\\\/\\\/www.inthemine.com.br\\\/site\\\/maior-projeto-de-infraestrutura-energetica\\\/#primaryimage\"},\"image\":{\"@id\":\"https:\\\/\\\/www.inthemine.com.br\\\/site\\\/maior-projeto-de-infraestrutura-energetica\\\/#primaryimage\"},\"thumbnailUrl\":\"https:\\\/\\\/www.inthemine.com.br\\\/site\\\/wp-content\\\/uploads\\\/2026\\\/08\\\/Foto2-6.jpg\",\"datePublished\":\"2026-08-31T16:34:00+00:00\",\"description\":\"Nova linha de transmiss\u00e3o \u00e9 uma das prioridades da MRN e estabelece uma base tecnol\u00f3gica para futuras iniciativas sustent\u00e1veis\",\"breadcrumb\":{\"@id\":\"https:\\\/\\\/www.inthemine.com.br\\\/site\\\/maior-projeto-de-infraestrutura-energetica\\\/#breadcrumb\"},\"inLanguage\":\"pt-BR\",\"potentialAction\":[{\"@type\":\"ReadAction\",\"target\":[\"https:\\\/\\\/www.inthemine.com.br\\\/site\\\/maior-projeto-de-infraestrutura-energetica\\\/\"]}]},{\"@type\":\"ImageObject\",\"inLanguage\":\"pt-BR\",\"@id\":\"https:\\\/\\\/www.inthemine.com.br\\\/site\\\/maior-projeto-de-infraestrutura-energetica\\\/#primaryimage\",\"url\":\"https:\\\/\\\/www.inthemine.com.br\\\/site\\\/wp-content\\\/uploads\\\/2026\\\/08\\\/Foto2-6.jpg\",\"contentUrl\":\"https:\\\/\\\/www.inthemine.com.br\\\/site\\\/wp-content\\\/uploads\\\/2026\\\/08\\\/Foto2-6.jpg\",\"width\":800,\"height\":450,\"caption\":\"Foto 2: Torres de travessia do Projeto Linha de Transmiss\u00e3o\"},{\"@type\":\"BreadcrumbList\",\"@id\":\"https:\\\/\\\/www.inthemine.com.br\\\/site\\\/maior-projeto-de-infraestrutura-energetica\\\/#breadcrumb\",\"itemListElement\":[{\"@type\":\"ListItem\",\"position\":1,\"name\":\"In\u00edcio\",\"item\":\"https:\\\/\\\/www.inthemine.com.br\\\/site\\\/\"},{\"@type\":\"ListItem\",\"position\":2,\"name\":\"MAIOR PROJETO DE INFRAESTRUTURA ENERG\u00c9TICA\"}]},{\"@type\":\"WebSite\",\"@id\":\"https:\\\/\\\/www.inthemine.com.br\\\/site\\\/#website\",\"url\":\"https:\\\/\\\/www.inthemine.com.br\\\/site\\\/\",\"name\":\"Revista In The Mine\",\"description\":\"Minera\u00e7\u00e3o brasileira\",\"publisher\":{\"@id\":\"https:\\\/\\\/www.inthemine.com.br\\\/site\\\/#organization\"},\"potentialAction\":[{\"@type\":\"SearchAction\",\"target\":{\"@type\":\"EntryPoint\",\"urlTemplate\":\"https:\\\/\\\/www.inthemine.com.br\\\/site\\\/?s={search_term_string}\"},\"query-input\":{\"@type\":\"PropertyValueSpecification\",\"valueRequired\":true,\"valueName\":\"search_term_string\"}}],\"inLanguage\":\"pt-BR\"},{\"@type\":\"Organization\",\"@id\":\"https:\\\/\\\/www.inthemine.com.br\\\/site\\\/#organization\",\"name\":\"In The Mine magazine\",\"url\":\"https:\\\/\\\/www.inthemine.com.br\\\/site\\\/\",\"logo\":{\"@type\":\"ImageObject\",\"inLanguage\":\"pt-BR\",\"@id\":\"https:\\\/\\\/www.inthemine.com.br\\\/site\\\/#\\\/schema\\\/logo\\\/image\\\/\",\"url\":\"https:\\\/\\\/www.inthemine.com.br\\\/site\\\/wp-content\\\/uploads\\\/2014\\\/08\\\/parceiro_theinmine.png\",\"contentUrl\":\"https:\\\/\\\/www.inthemine.com.br\\\/site\\\/wp-content\\\/uploads\\\/2014\\\/08\\\/parceiro_theinmine.png\",\"width\":170,\"height\":120,\"caption\":\"In The Mine magazine\"},\"image\":{\"@id\":\"https:\\\/\\\/www.inthemine.com.br\\\/site\\\/#\\\/schema\\\/logo\\\/image\\\/\"},\"sameAs\":[\"http:\\\/\\\/www.facebook.com\\\/inthemine\",\"https:\\\/\\\/x.com\\\/intheminet\",\"https:\\\/\\\/www.instagram.com\\\/minegaleria\",\"https:\\\/\\\/www.linkedin.com\\\/company\\\/in-the-mine?trk=biz-companies-cym\",\"https:\\\/\\\/www.youtube.com\\\/user\\\/revistainthemine\"]},{\"@type\":\"Person\",\"@id\":\"https:\\\/\\\/www.inthemine.com.br\\\/site\\\/#\\\/schema\\\/person\\\/9eb77cece2cea253bb36c4b68c6a324c\",\"name\":\"Reda\u00e7\u00e3o ITM\",\"image\":{\"@type\":\"ImageObject\",\"inLanguage\":\"pt-BR\",\"@id\":\"https:\\\/\\\/secure.gravatar.com\\\/avatar\\\/0f7f41419befdee0feca08f9ea1e434cac9c04e0b8d28ab40cffb82628fcfdf1?s=96&d=mm&r=g\",\"url\":\"https:\\\/\\\/secure.gravatar.com\\\/avatar\\\/0f7f41419befdee0feca08f9ea1e434cac9c04e0b8d28ab40cffb82628fcfdf1?s=96&d=mm&r=g\",\"contentUrl\":\"https:\\\/\\\/secure.gravatar.com\\\/avatar\\\/0f7f41419befdee0feca08f9ea1e434cac9c04e0b8d28ab40cffb82628fcfdf1?s=96&d=mm&r=g\",\"caption\":\"Reda\u00e7\u00e3o ITM\"},\"url\":\"https:\\\/\\\/www.inthemine.com.br\\\/site\\\/author\\\/admin-itm\\\/\"}]}<\/script>\n<!-- \/ Yoast SEO plugin. -->","yoast_head_json":{"title":"MAIOR PROJETO DE INFRAESTRUTURA ENERG\u00c9TICA - Revista In The Mine","description":"Nova linha de transmiss\u00e3o \u00e9 uma das prioridades da MRN e estabelece uma base tecnol\u00f3gica para futuras iniciativas sustent\u00e1veis","robots":{"index":"index","follow":"follow","max-snippet":"max-snippet:-1","max-image-preview":"max-image-preview:large","max-video-preview":"max-video-preview:-1"},"canonical":"https:\/\/www.inthemine.com.br\/site\/maior-projeto-de-infraestrutura-energetica\/","og_locale":"pt_BR","og_type":"article","og_title":"MAIOR PROJETO DE INFRAESTRUTURA ENERG\u00c9TICA - Revista In The Mine","og_description":"Nova linha de transmiss\u00e3o \u00e9 uma das prioridades da MRN e estabelece uma base tecnol\u00f3gica para futuras iniciativas sustent\u00e1veis","og_url":"https:\/\/www.inthemine.com.br\/site\/maior-projeto-de-infraestrutura-energetica\/","og_site_name":"Revista In The Mine","article_publisher":"http:\/\/www.facebook.com\/inthemine","article_published_time":"2026-08-31T16:34:00+00:00","og_image":[{"width":800,"height":450,"url":"https:\/\/www.inthemine.com.br\/site\/wp-content\/uploads\/2026\/08\/Foto2-6.jpg","type":"image\/jpeg"}],"author":"Reda\u00e7\u00e3o ITM","twitter_card":"summary_large_image","twitter_creator":"@intheminet","twitter_site":"@intheminet","twitter_misc":{"Escrito por":"Reda\u00e7\u00e3o ITM","Est. tempo de leitura":"4 minutos"},"schema":{"@context":"https:\/\/schema.org","@graph":[{"@type":"Article","@id":"https:\/\/www.inthemine.com.br\/site\/maior-projeto-de-infraestrutura-energetica\/#article","isPartOf":{"@id":"https:\/\/www.inthemine.com.br\/site\/maior-projeto-de-infraestrutura-energetica\/"},"author":{"name":"Reda\u00e7\u00e3o ITM","@id":"https:\/\/www.inthemine.com.br\/site\/#\/schema\/person\/9eb77cece2cea253bb36c4b68c6a324c"},"headline":"MAIOR PROJETO DE INFRAESTRUTURA ENERG\u00c9TICA","datePublished":"2026-08-31T16:34:00+00:00","mainEntityOfPage":{"@id":"https:\/\/www.inthemine.com.br\/site\/maior-projeto-de-infraestrutura-energetica\/"},"wordCount":729,"commentCount":0,"publisher":{"@id":"https:\/\/www.inthemine.com.br\/site\/#organization"},"image":{"@id":"https:\/\/www.inthemine.com.br\/site\/maior-projeto-de-infraestrutura-energetica\/#primaryimage"},"thumbnailUrl":"https:\/\/www.inthemine.com.br\/site\/wp-content\/uploads\/2026\/08\/Foto2-6.jpg","articleSection":["SUSTENTABILIDADE"],"inLanguage":"pt-BR","potentialAction":[{"@type":"CommentAction","name":"Comment","target":["https:\/\/www.inthemine.com.br\/site\/maior-projeto-de-infraestrutura-energetica\/#respond"]}]},{"@type":"WebPage","@id":"https:\/\/www.inthemine.com.br\/site\/maior-projeto-de-infraestrutura-energetica\/","url":"https:\/\/www.inthemine.com.br\/site\/maior-projeto-de-infraestrutura-energetica\/","name":"MAIOR PROJETO DE INFRAESTRUTURA ENERG\u00c9TICA - Revista In The Mine","isPartOf":{"@id":"https:\/\/www.inthemine.com.br\/site\/#website"},"primaryImageOfPage":{"@id":"https:\/\/www.inthemine.com.br\/site\/maior-projeto-de-infraestrutura-energetica\/#primaryimage"},"image":{"@id":"https:\/\/www.inthemine.com.br\/site\/maior-projeto-de-infraestrutura-energetica\/#primaryimage"},"thumbnailUrl":"https:\/\/www.inthemine.com.br\/site\/wp-content\/uploads\/2026\/08\/Foto2-6.jpg","datePublished":"2026-08-31T16:34:00+00:00","description":"Nova linha de transmiss\u00e3o \u00e9 uma das prioridades da MRN e estabelece uma base tecnol\u00f3gica para futuras iniciativas sustent\u00e1veis","breadcrumb":{"@id":"https:\/\/www.inthemine.com.br\/site\/maior-projeto-de-infraestrutura-energetica\/#breadcrumb"},"inLanguage":"pt-BR","potentialAction":[{"@type":"ReadAction","target":["https:\/\/www.inthemine.com.br\/site\/maior-projeto-de-infraestrutura-energetica\/"]}]},{"@type":"ImageObject","inLanguage":"pt-BR","@id":"https:\/\/www.inthemine.com.br\/site\/maior-projeto-de-infraestrutura-energetica\/#primaryimage","url":"https:\/\/www.inthemine.com.br\/site\/wp-content\/uploads\/2026\/08\/Foto2-6.jpg","contentUrl":"https:\/\/www.inthemine.com.br\/site\/wp-content\/uploads\/2026\/08\/Foto2-6.jpg","width":800,"height":450,"caption":"Foto 2: Torres de travessia do Projeto Linha de Transmiss\u00e3o"},{"@type":"BreadcrumbList","@id":"https:\/\/www.inthemine.com.br\/site\/maior-projeto-de-infraestrutura-energetica\/#breadcrumb","itemListElement":[{"@type":"ListItem","position":1,"name":"In\u00edcio","item":"https:\/\/www.inthemine.com.br\/site\/"},{"@type":"ListItem","position":2,"name":"MAIOR PROJETO DE INFRAESTRUTURA ENERG\u00c9TICA"}]},{"@type":"WebSite","@id":"https:\/\/www.inthemine.com.br\/site\/#website","url":"https:\/\/www.inthemine.com.br\/site\/","name":"Revista In The Mine","description":"Minera\u00e7\u00e3o brasileira","publisher":{"@id":"https:\/\/www.inthemine.com.br\/site\/#organization"},"potentialAction":[{"@type":"SearchAction","target":{"@type":"EntryPoint","urlTemplate":"https:\/\/www.inthemine.com.br\/site\/?s={search_term_string}"},"query-input":{"@type":"PropertyValueSpecification","valueRequired":true,"valueName":"search_term_string"}}],"inLanguage":"pt-BR"},{"@type":"Organization","@id":"https:\/\/www.inthemine.com.br\/site\/#organization","name":"In The Mine magazine","url":"https:\/\/www.inthemine.com.br\/site\/","logo":{"@type":"ImageObject","inLanguage":"pt-BR","@id":"https:\/\/www.inthemine.com.br\/site\/#\/schema\/logo\/image\/","url":"https:\/\/www.inthemine.com.br\/site\/wp-content\/uploads\/2014\/08\/parceiro_theinmine.png","contentUrl":"https:\/\/www.inthemine.com.br\/site\/wp-content\/uploads\/2014\/08\/parceiro_theinmine.png","width":170,"height":120,"caption":"In The Mine magazine"},"image":{"@id":"https:\/\/www.inthemine.com.br\/site\/#\/schema\/logo\/image\/"},"sameAs":["http:\/\/www.facebook.com\/inthemine","https:\/\/x.com\/intheminet","https:\/\/www.instagram.com\/minegaleria","https:\/\/www.linkedin.com\/company\/in-the-mine?trk=biz-companies-cym","https:\/\/www.youtube.com\/user\/revistainthemine"]},{"@type":"Person","@id":"https:\/\/www.inthemine.com.br\/site\/#\/schema\/person\/9eb77cece2cea253bb36c4b68c6a324c","name":"Reda\u00e7\u00e3o ITM","image":{"@type":"ImageObject","inLanguage":"pt-BR","@id":"https:\/\/secure.gravatar.com\/avatar\/0f7f41419befdee0feca08f9ea1e434cac9c04e0b8d28ab40cffb82628fcfdf1?s=96&d=mm&r=g","url":"https:\/\/secure.gravatar.com\/avatar\/0f7f41419befdee0feca08f9ea1e434cac9c04e0b8d28ab40cffb82628fcfdf1?s=96&d=mm&r=g","contentUrl":"https:\/\/secure.gravatar.com\/avatar\/0f7f41419befdee0feca08f9ea1e434cac9c04e0b8d28ab40cffb82628fcfdf1?s=96&d=mm&r=g","caption":"Reda\u00e7\u00e3o ITM"},"url":"https:\/\/www.inthemine.com.br\/site\/author\/admin-itm\/"}]}},"_links":{"self":[{"href":"https:\/\/www.inthemine.com.br\/site\/wp-json\/wp\/v2\/posts\/31848","targetHints":{"allow":["GET"]}}],"collection":[{"href":"https:\/\/www.inthemine.com.br\/site\/wp-json\/wp\/v2\/posts"}],"about":[{"href":"https:\/\/www.inthemine.com.br\/site\/wp-json\/wp\/v2\/types\/post"}],"author":[{"embeddable":true,"href":"https:\/\/www.inthemine.com.br\/site\/wp-json\/wp\/v2\/users\/3"}],"replies":[{"embeddable":true,"href":"https:\/\/www.inthemine.com.br\/site\/wp-json\/wp\/v2\/comments?post=31848"}],"version-history":[{"count":1,"href":"https:\/\/www.inthemine.com.br\/site\/wp-json\/wp\/v2\/posts\/31848\/revisions"}],"predecessor-version":[{"id":31852,"href":"https:\/\/www.inthemine.com.br\/site\/wp-json\/wp\/v2\/posts\/31848\/revisions\/31852"}],"wp:featuredmedia":[{"embeddable":true,"href":"https:\/\/www.inthemine.com.br\/site\/wp-json\/wp\/v2\/media\/31850"}],"wp:attachment":[{"href":"https:\/\/www.inthemine.com.br\/site\/wp-json\/wp\/v2\/media?parent=31848"}],"wp:term":[{"taxonomy":"category","embeddable":true,"href":"https:\/\/www.inthemine.com.br\/site\/wp-json\/wp\/v2\/categories?post=31848"},{"taxonomy":"post_tag","embeddable":true,"href":"https:\/\/www.inthemine.com.br\/site\/wp-json\/wp\/v2\/tags?post=31848"}],"curies":[{"name":"wp","href":"https:\/\/api.w.org\/{rel}","templated":true}]}}