{"id":31843,"date":"2026-08-31T13:27:59","date_gmt":"2026-08-31T16:27:59","guid":{"rendered":"https:\/\/www.inthemine.com.br\/site\/?p=31843"},"modified":"2026-08-31T13:27:59","modified_gmt":"2026-08-31T16:27:59","slug":"investimentos-em-toda-a-cadeia-de-operacoes","status":"publish","type":"post","link":"https:\/\/www.inthemine.com.br\/site\/investimentos-em-toda-a-cadeia-de-operacoes\/","title":{"rendered":"INVESTIMENTOS EM TODA A CADEIA DE OPERA\u00c7\u00d5ES"},"content":{"rendered":"<p>A estrat\u00e9gia de descarboniza\u00e7\u00e3o das opera\u00e7\u00f5es da Hydro no Brasil tem se materializado ao longo de toda a cadeia integrada da bauxita e da alumina, atrav\u00e9s da amplia\u00e7\u00e3o do uso de fontes renov\u00e1veis, da redu\u00e7\u00e3o da depend\u00eancia de combust\u00edveis f\u00f3sseis e da incorpora\u00e7\u00e3o de tecnologias voltadas \u00e0 redu\u00e7\u00e3o das emiss\u00f5es de carbono. Para tanto, a empresa tem realizado investimentos simult\u00e2neos em efici\u00eancia energ\u00e9tica, eletrifica\u00e7\u00e3o, inova\u00e7\u00e3o e rastreabilidade ambiental.<\/p>\n<figure id=\"attachment_31844\" aria-describedby=\"caption-attachment-31844\" style=\"width: 700px\" class=\"wp-caption aligncenter\"><a href=\"https:\/\/www.inthemine.com.br\/site\/wp-content\/uploads\/2026\/08\/Foto1-5-e1788193499261.jpg\"><img loading=\"lazy\" decoding=\"async\" class=\"size-full wp-image-31844\" src=\"https:\/\/www.inthemine.com.br\/site\/wp-content\/uploads\/2026\/08\/Foto1-5-e1788193499261.jpg\" alt=\"Foto 1: Carlos Neves, vice-presidente s\u00eanior de Opera\u00e7\u00f5es da Hydro Bauxita e Alumina\" width=\"700\" height=\"311\" srcset=\"https:\/\/www.inthemine.com.br\/site\/wp-content\/uploads\/2026\/08\/Foto1-5-e1788193499261.jpg 700w, https:\/\/www.inthemine.com.br\/site\/wp-content\/uploads\/2026\/08\/Foto1-5-e1788193499261-300x133.jpg 300w\" sizes=\"auto, (max-width: 700px) 100vw, 700px\" \/><\/a><figcaption id=\"caption-attachment-31844\" class=\"wp-caption-text\">Carlos Neves, vice-presidente s\u00eanior de Opera\u00e7\u00f5es da Hydro Bauxita e Alumina<\/figcaption><\/figure>\n<p>Segundo Carlos Neves, vice-presidente s\u00eanior de Opera\u00e7\u00f5es (COO) da Hydro Bauxita e Alumina, o Brasil ocupa posi\u00e7\u00e3o estrat\u00e9gica para o grupo por concentrar uma cadeia de valor totalmente integrada. Atualmente, 90% da energia el\u00e9trica consumida pela Minera\u00e7\u00e3o Paragominas prov\u00e9m de fontes renov\u00e1veis, \u00edndice viabilizado por contratos de longo prazo firmados pela Hydro Rein com o Parque E\u00f3lico Ventos de S\u00e3o Zacarias, localizado entre os estados do Piau\u00ed e Pernambuco. O modelo tamb\u00e9m abastece outras opera\u00e7\u00f5es da companhia, como a refinaria Alunorte, cuja matriz el\u00e9trica \u00e9 87% renov\u00e1vel, e a Albras, que opera integralmente com energia renov\u00e1vel.<\/p>\n<p>Na frente operacional, a empresa avan\u00e7a na eletrifica\u00e7\u00e3o da mina com a substitui\u00e7\u00e3o gradual da frota movida a diesel. Atualmente, quatro caminh\u00f5es totalmente el\u00e9tricos j\u00e1 atuam na movimenta\u00e7\u00e3o de min\u00e9rio e rejeitos em Paragominas. A meta \u00e9 que esses equipamentos representem 20% da frota de transporte da mineradora ainda este ano. Cada unidade evita a emiss\u00e3o de aproximadamente 190 tCO\u2082 (toneladas de carbono) por ano, al\u00e9m de reduzir significativamente os n\u00edveis de ru\u00eddo nas \u00e1reas de opera\u00e7\u00e3o.<\/p>\n<p>A iniciativa integra o compromisso clim\u00e1tico global da Hydro, que prev\u00ea reduzir em 30% as emiss\u00f5es de carbono at\u00e9 2030, em rela\u00e7\u00e3o a 2017, e alcan\u00e7ar emiss\u00f5es l\u00edquidas zero (Net Zero) at\u00e9 2050. Em Paragominas, a agenda ambiental tamb\u00e9m contempla o compromisso de No Net Loss, voltado \u00e0 manuten\u00e7\u00e3o do balan\u00e7o de biodiversidade.<\/p>\n<h3><strong>Diferenciais<\/strong><\/h3>\n<p>De acordo com Neves, a gest\u00e3o energ\u00e9tica da Hydro \u00e9 sustentada por sistemas de monitoramento em tempo real e pela integra\u00e7\u00e3o de dados operacionais. Na Minera\u00e7\u00e3o Paragominas, uma central de controle re\u00fane informa\u00e7\u00f5es de equipamentos de opera\u00e7\u00e3o remota (veja mat\u00e9ria no Especial IA\/Automa\u00e7\u00e3o desta edi\u00e7\u00e3o), incluindo tratores, empilhadeiras, recuperadoras, al\u00e9m da frota de caminh\u00f5es el\u00e9tricos, permitindo acompanhamento cont\u00ednuo do desempenho operacional e do consumo energ\u00e9tico. Esse acompanhamento permanente confere confiabilidade aos invent\u00e1rios de emiss\u00f5es e tem garantido \u00e0 Paragominas, Alunorte e Albras a certifica\u00e7\u00e3o Selo Ouro do Programa Brasileiro GHG Protocol, concedida \u00e0s empresas com elevado padr\u00e3o de qualidade na contabiliza\u00e7\u00e3o e rastreabilidade das emiss\u00f5es de gases de efeito estufa (GEE).<\/p>\n<p>Entre os principais diferenciais operacionais da Hydro destaca-se o transporte da polpa de bauxita por mineroduto subterr\u00e2neo. O sistema percorre 244 km entre a mina e a refinaria em aproximadamente 40 h, eliminando a necessidade de milhares de viagens rodovi\u00e1rias e reduzindo cerca de 33 mil tCO\u2082e (toneladas de carbono equivalente) por ano em compara\u00e7\u00e3o aos modais convencionais.<\/p>\n<p>Outro avan\u00e7o tecnol\u00f3gico \u00e9 a ado\u00e7\u00e3o do m\u00e9todo Tailings Dry Backfill (TDB), que realiza a secagem dos rejeitos de bauxita e seu retorno \u00e0s cavas mineradas. Al\u00e9m de otimizar as rotas de transporte, a tecnologia elimina a necessidade de novas \u00e1reas permanentes de disposi\u00e7\u00e3o de rejeitos, contribuindo para ganhos operacionais, energ\u00e9ticos e ambientais.<\/p>\n<figure id=\"attachment_31845\" aria-describedby=\"caption-attachment-31845\" style=\"width: 700px\" class=\"wp-caption aligncenter\"><a href=\"https:\/\/www.inthemine.com.br\/site\/wp-content\/uploads\/2026\/08\/Foto2-5.jpg\"><img loading=\"lazy\" decoding=\"async\" class=\"wp-image-31845\" src=\"https:\/\/www.inthemine.com.br\/site\/wp-content\/uploads\/2026\/08\/Foto2-5.jpg\" alt=\"Foto 2: Caminh\u00e3o 100% el\u00e9trico em atividade na Minera\u00e7\u00e3o Paragominas\" width=\"700\" height=\"466\" srcset=\"https:\/\/www.inthemine.com.br\/site\/wp-content\/uploads\/2026\/08\/Foto2-5.jpg 800w, https:\/\/www.inthemine.com.br\/site\/wp-content\/uploads\/2026\/08\/Foto2-5-300x200.jpg 300w, https:\/\/www.inthemine.com.br\/site\/wp-content\/uploads\/2026\/08\/Foto2-5-768x512.jpg 768w, https:\/\/www.inthemine.com.br\/site\/wp-content\/uploads\/2026\/08\/Foto2-5-600x400.jpg 600w\" sizes=\"auto, (max-width: 700px) 100vw, 700px\" \/><\/a><figcaption id=\"caption-attachment-31845\" class=\"wp-caption-text\">Caminh\u00e3o 100% el\u00e9trico em atividade na Minera\u00e7\u00e3o Paragominas<\/figcaption><\/figure>\n<p><strong>Investimentos<\/strong><\/p>\n<p>Atualmente, os maiores aportes em descarboniza\u00e7\u00e3o da Hydro concentram-se na refinaria Alunorte, onde est\u00e3o em andamento projetos estruturantes voltados \u00e0 transi\u00e7\u00e3o energ\u00e9tica. Entre eles, a substitui\u00e7\u00e3o integral do \u00f3leo combust\u00edvel por g\u00e1s natural, a instala\u00e7\u00e3o de tr\u00eas caldeiras el\u00e9tricas de \u00faltima gera\u00e7\u00e3o abastecidas por energia renov\u00e1vel e os testes para substitui\u00e7\u00e3o gradual do carv\u00e3o mineral por biomassa produzida a partir do caro\u00e7o de a\u00e7a\u00ed.<\/p>\n<p>Desenvolvida em parceria com a Universidade Federal do Par\u00e1 (UFPA), a utiliza\u00e7\u00e3o do res\u00edduo do a\u00e7a\u00ed insere princ\u00edpios da bioeconomia na matriz energ\u00e9tica da refinaria. Somente no \u00faltimo ano foram consumidas 104 mil toneladas do insumo, volume mais de quatro vezes superior ao registrado em 2023. Segundo a empresa, cada caldeira convertida possui potencial para reduzir cerca de 400 mil tCO\u2082 por ano.<\/p>\n<p>Ainda conforme Neves, os projetos de substitui\u00e7\u00e3o do \u00f3leo combust\u00edvel por g\u00e1s natural e de implanta\u00e7\u00e3o das caldeiras el\u00e9tricas evitar\u00e3o, conjuntamente, a emiss\u00e3o de aproximadamente 1,4 milh\u00e3o tCO\u2082 por ano. Paralelamente, a Minera\u00e7\u00e3o Paragominas segue ampliando investimentos em eletrifica\u00e7\u00e3o, automa\u00e7\u00e3o, equipamentos de opera\u00e7\u00e3o remota e tecnologias de gest\u00e3o de rejeitos.<\/p>\n<p>Para o executivo, ao integrar gera\u00e7\u00e3o renov\u00e1vel, log\u00edstica de baixa emiss\u00e3o, eletrifica\u00e7\u00e3o da frota, inova\u00e7\u00e3o em processos industriais e monitoramento digital, a Hydro consolida uma estrat\u00e9gia de longo prazo voltada \u00e0 redu\u00e7\u00e3o da intensidade de carbono na produ\u00e7\u00e3o mineral, alinhando ganhos operacionais aos compromissos globais de sustentabilidade da companhia.<\/p>\n<h5>(Fotos: Hydro\/Divulga\u00e7\u00e3o)<\/h5>\n","protected":false},"excerpt":{"rendered":"<p>Construindo estrat\u00e9gia para a redu\u00e7\u00e3o da intensidade de carbono em sua cadeia produtiva, Hydro alinha ganhos operacionais \u00e0 sustentabilidade<\/p>\n","protected":false},"author":3,"featured_media":31846,"comment_status":"open","ping_status":"open","sticky":false,"template":"","format":"standard","meta":{"footnotes":""},"categories":[9],"tags":[],"class_list":["post-31843","post","type-post","status-publish","format-standard","has-post-thumbnail","hentry","category-meio-ambiente"],"yoast_head":"<!-- This site is optimized with the Yoast SEO plugin v28.3 - https:\/\/yoast.com\/product\/yoast-seo-wordpress\/ -->\n<title>INVESTIMENTOS EM TODA A CADEIA DE OPERA\u00c7\u00d5ES - Revista In The Mine<\/title>\n<meta name=\"description\" content=\"Construindo estrat\u00e9gia para a redu\u00e7\u00e3o da intensidade de carbono em sua cadeia produtiva, Hydro alinha ganhos operacionais \u00e0 sustentabilidade\" \/>\n<meta name=\"robots\" content=\"index, follow, max-snippet:-1, max-image-preview:large, max-video-preview:-1\" \/>\n<link rel=\"canonical\" href=\"https:\/\/www.inthemine.com.br\/site\/investimentos-em-toda-a-cadeia-de-operacoes\/\" \/>\n<meta property=\"og:locale\" content=\"pt_BR\" \/>\n<meta property=\"og:type\" content=\"article\" \/>\n<meta property=\"og:title\" content=\"INVESTIMENTOS EM TODA A CADEIA DE OPERA\u00c7\u00d5ES - Revista In The Mine\" \/>\n<meta property=\"og:description\" content=\"Construindo estrat\u00e9gia para a redu\u00e7\u00e3o da intensidade de carbono em sua cadeia produtiva, Hydro alinha ganhos operacionais \u00e0 sustentabilidade\" \/>\n<meta property=\"og:url\" content=\"https:\/\/www.inthemine.com.br\/site\/investimentos-em-toda-a-cadeia-de-operacoes\/\" \/>\n<meta property=\"og:site_name\" content=\"Revista In The Mine\" \/>\n<meta property=\"article:publisher\" content=\"http:\/\/www.facebook.com\/inthemine\" \/>\n<meta property=\"article:published_time\" content=\"2026-08-31T16:27:59+00:00\" \/>\n<meta property=\"og:image\" content=\"https:\/\/www.inthemine.com.br\/site\/wp-content\/uploads\/2026\/08\/Foto3-4.jpg\" \/>\n\t<meta property=\"og:image:width\" content=\"800\" \/>\n\t<meta property=\"og:image:height\" content=\"450\" \/>\n\t<meta property=\"og:image:type\" content=\"image\/jpeg\" \/>\n<meta name=\"author\" content=\"Reda\u00e7\u00e3o ITM\" \/>\n<meta name=\"twitter:card\" content=\"summary_large_image\" \/>\n<meta name=\"twitter:creator\" content=\"@intheminet\" \/>\n<meta name=\"twitter:site\" content=\"@intheminet\" \/>\n<meta name=\"twitter:label1\" content=\"Escrito por\" \/>\n\t<meta name=\"twitter:data1\" content=\"Reda\u00e7\u00e3o ITM\" \/>\n\t<meta name=\"twitter:label2\" content=\"Est. tempo de leitura\" \/>\n\t<meta name=\"twitter:data2\" content=\"5 minutos\" \/>\n<script type=\"application\/ld+json\" class=\"yoast-schema-graph\">{\"@context\":\"https:\\\/\\\/schema.org\",\"@graph\":[{\"@type\":\"Article\",\"@id\":\"https:\\\/\\\/www.inthemine.com.br\\\/site\\\/investimentos-em-toda-a-cadeia-de-operacoes\\\/#article\",\"isPartOf\":{\"@id\":\"https:\\\/\\\/www.inthemine.com.br\\\/site\\\/investimentos-em-toda-a-cadeia-de-operacoes\\\/\"},\"author\":{\"name\":\"Reda\u00e7\u00e3o ITM\",\"@id\":\"https:\\\/\\\/www.inthemine.com.br\\\/site\\\/#\\\/schema\\\/person\\\/9eb77cece2cea253bb36c4b68c6a324c\"},\"headline\":\"INVESTIMENTOS EM TODA A CADEIA DE OPERA\u00c7\u00d5ES\",\"datePublished\":\"2026-08-31T16:27:59+00:00\",\"mainEntityOfPage\":{\"@id\":\"https:\\\/\\\/www.inthemine.com.br\\\/site\\\/investimentos-em-toda-a-cadeia-de-operacoes\\\/\"},\"wordCount\":899,\"commentCount\":0,\"publisher\":{\"@id\":\"https:\\\/\\\/www.inthemine.com.br\\\/site\\\/#organization\"},\"image\":{\"@id\":\"https:\\\/\\\/www.inthemine.com.br\\\/site\\\/investimentos-em-toda-a-cadeia-de-operacoes\\\/#primaryimage\"},\"thumbnailUrl\":\"https:\\\/\\\/www.inthemine.com.br\\\/site\\\/wp-content\\\/uploads\\\/2026\\\/08\\\/Foto3-4.jpg\",\"articleSection\":[\"SUSTENTABILIDADE\"],\"inLanguage\":\"pt-BR\",\"potentialAction\":[{\"@type\":\"CommentAction\",\"name\":\"Comment\",\"target\":[\"https:\\\/\\\/www.inthemine.com.br\\\/site\\\/investimentos-em-toda-a-cadeia-de-operacoes\\\/#respond\"]}]},{\"@type\":\"WebPage\",\"@id\":\"https:\\\/\\\/www.inthemine.com.br\\\/site\\\/investimentos-em-toda-a-cadeia-de-operacoes\\\/\",\"url\":\"https:\\\/\\\/www.inthemine.com.br\\\/site\\\/investimentos-em-toda-a-cadeia-de-operacoes\\\/\",\"name\":\"INVESTIMENTOS EM TODA A CADEIA DE OPERA\u00c7\u00d5ES - Revista In The Mine\",\"isPartOf\":{\"@id\":\"https:\\\/\\\/www.inthemine.com.br\\\/site\\\/#website\"},\"primaryImageOfPage\":{\"@id\":\"https:\\\/\\\/www.inthemine.com.br\\\/site\\\/investimentos-em-toda-a-cadeia-de-operacoes\\\/#primaryimage\"},\"image\":{\"@id\":\"https:\\\/\\\/www.inthemine.com.br\\\/site\\\/investimentos-em-toda-a-cadeia-de-operacoes\\\/#primaryimage\"},\"thumbnailUrl\":\"https:\\\/\\\/www.inthemine.com.br\\\/site\\\/wp-content\\\/uploads\\\/2026\\\/08\\\/Foto3-4.jpg\",\"datePublished\":\"2026-08-31T16:27:59+00:00\",\"description\":\"Construindo estrat\u00e9gia para a redu\u00e7\u00e3o da intensidade de carbono em sua cadeia produtiva, Hydro alinha ganhos operacionais \u00e0 sustentabilidade\",\"breadcrumb\":{\"@id\":\"https:\\\/\\\/www.inthemine.com.br\\\/site\\\/investimentos-em-toda-a-cadeia-de-operacoes\\\/#breadcrumb\"},\"inLanguage\":\"pt-BR\",\"potentialAction\":[{\"@type\":\"ReadAction\",\"target\":[\"https:\\\/\\\/www.inthemine.com.br\\\/site\\\/investimentos-em-toda-a-cadeia-de-operacoes\\\/\"]}]},{\"@type\":\"ImageObject\",\"inLanguage\":\"pt-BR\",\"@id\":\"https:\\\/\\\/www.inthemine.com.br\\\/site\\\/investimentos-em-toda-a-cadeia-de-operacoes\\\/#primaryimage\",\"url\":\"https:\\\/\\\/www.inthemine.com.br\\\/site\\\/wp-content\\\/uploads\\\/2026\\\/08\\\/Foto3-4.jpg\",\"contentUrl\":\"https:\\\/\\\/www.inthemine.com.br\\\/site\\\/wp-content\\\/uploads\\\/2026\\\/08\\\/Foto3-4.jpg\",\"width\":800,\"height\":450,\"caption\":\"Foto 3: Refinaria Alunorte substituiu \u00f3leo combust\u00edvel por g\u00e1s natural e adotou caldeiras el\u00e9tricas\"},{\"@type\":\"BreadcrumbList\",\"@id\":\"https:\\\/\\\/www.inthemine.com.br\\\/site\\\/investimentos-em-toda-a-cadeia-de-operacoes\\\/#breadcrumb\",\"itemListElement\":[{\"@type\":\"ListItem\",\"position\":1,\"name\":\"In\u00edcio\",\"item\":\"https:\\\/\\\/www.inthemine.com.br\\\/site\\\/\"},{\"@type\":\"ListItem\",\"position\":2,\"name\":\"INVESTIMENTOS EM TODA A CADEIA DE OPERA\u00c7\u00d5ES\"}]},{\"@type\":\"WebSite\",\"@id\":\"https:\\\/\\\/www.inthemine.com.br\\\/site\\\/#website\",\"url\":\"https:\\\/\\\/www.inthemine.com.br\\\/site\\\/\",\"name\":\"Revista In The Mine\",\"description\":\"Minera\u00e7\u00e3o brasileira\",\"publisher\":{\"@id\":\"https:\\\/\\\/www.inthemine.com.br\\\/site\\\/#organization\"},\"potentialAction\":[{\"@type\":\"SearchAction\",\"target\":{\"@type\":\"EntryPoint\",\"urlTemplate\":\"https:\\\/\\\/www.inthemine.com.br\\\/site\\\/?s={search_term_string}\"},\"query-input\":{\"@type\":\"PropertyValueSpecification\",\"valueRequired\":true,\"valueName\":\"search_term_string\"}}],\"inLanguage\":\"pt-BR\"},{\"@type\":\"Organization\",\"@id\":\"https:\\\/\\\/www.inthemine.com.br\\\/site\\\/#organization\",\"name\":\"In The Mine magazine\",\"url\":\"https:\\\/\\\/www.inthemine.com.br\\\/site\\\/\",\"logo\":{\"@type\":\"ImageObject\",\"inLanguage\":\"pt-BR\",\"@id\":\"https:\\\/\\\/www.inthemine.com.br\\\/site\\\/#\\\/schema\\\/logo\\\/image\\\/\",\"url\":\"https:\\\/\\\/www.inthemine.com.br\\\/site\\\/wp-content\\\/uploads\\\/2014\\\/08\\\/parceiro_theinmine.png\",\"contentUrl\":\"https:\\\/\\\/www.inthemine.com.br\\\/site\\\/wp-content\\\/uploads\\\/2014\\\/08\\\/parceiro_theinmine.png\",\"width\":170,\"height\":120,\"caption\":\"In The Mine magazine\"},\"image\":{\"@id\":\"https:\\\/\\\/www.inthemine.com.br\\\/site\\\/#\\\/schema\\\/logo\\\/image\\\/\"},\"sameAs\":[\"http:\\\/\\\/www.facebook.com\\\/inthemine\",\"https:\\\/\\\/x.com\\\/intheminet\",\"https:\\\/\\\/www.instagram.com\\\/minegaleria\",\"https:\\\/\\\/www.linkedin.com\\\/company\\\/in-the-mine?trk=biz-companies-cym\",\"https:\\\/\\\/www.youtube.com\\\/user\\\/revistainthemine\"]},{\"@type\":\"Person\",\"@id\":\"https:\\\/\\\/www.inthemine.com.br\\\/site\\\/#\\\/schema\\\/person\\\/9eb77cece2cea253bb36c4b68c6a324c\",\"name\":\"Reda\u00e7\u00e3o ITM\",\"image\":{\"@type\":\"ImageObject\",\"inLanguage\":\"pt-BR\",\"@id\":\"https:\\\/\\\/secure.gravatar.com\\\/avatar\\\/0f7f41419befdee0feca08f9ea1e434cac9c04e0b8d28ab40cffb82628fcfdf1?s=96&d=mm&r=g\",\"url\":\"https:\\\/\\\/secure.gravatar.com\\\/avatar\\\/0f7f41419befdee0feca08f9ea1e434cac9c04e0b8d28ab40cffb82628fcfdf1?s=96&d=mm&r=g\",\"contentUrl\":\"https:\\\/\\\/secure.gravatar.com\\\/avatar\\\/0f7f41419befdee0feca08f9ea1e434cac9c04e0b8d28ab40cffb82628fcfdf1?s=96&d=mm&r=g\",\"caption\":\"Reda\u00e7\u00e3o ITM\"},\"url\":\"https:\\\/\\\/www.inthemine.com.br\\\/site\\\/author\\\/admin-itm\\\/\"}]}<\/script>\n<!-- \/ Yoast SEO plugin. -->","yoast_head_json":{"title":"INVESTIMENTOS EM TODA A CADEIA DE OPERA\u00c7\u00d5ES - Revista In The Mine","description":"Construindo estrat\u00e9gia para a redu\u00e7\u00e3o da intensidade de carbono em sua cadeia produtiva, Hydro alinha ganhos operacionais \u00e0 sustentabilidade","robots":{"index":"index","follow":"follow","max-snippet":"max-snippet:-1","max-image-preview":"max-image-preview:large","max-video-preview":"max-video-preview:-1"},"canonical":"https:\/\/www.inthemine.com.br\/site\/investimentos-em-toda-a-cadeia-de-operacoes\/","og_locale":"pt_BR","og_type":"article","og_title":"INVESTIMENTOS EM TODA A CADEIA DE OPERA\u00c7\u00d5ES - Revista In The Mine","og_description":"Construindo estrat\u00e9gia para a redu\u00e7\u00e3o da intensidade de carbono em sua cadeia produtiva, Hydro alinha ganhos operacionais \u00e0 sustentabilidade","og_url":"https:\/\/www.inthemine.com.br\/site\/investimentos-em-toda-a-cadeia-de-operacoes\/","og_site_name":"Revista In The Mine","article_publisher":"http:\/\/www.facebook.com\/inthemine","article_published_time":"2026-08-31T16:27:59+00:00","og_image":[{"width":800,"height":450,"url":"https:\/\/www.inthemine.com.br\/site\/wp-content\/uploads\/2026\/08\/Foto3-4.jpg","type":"image\/jpeg"}],"author":"Reda\u00e7\u00e3o ITM","twitter_card":"summary_large_image","twitter_creator":"@intheminet","twitter_site":"@intheminet","twitter_misc":{"Escrito por":"Reda\u00e7\u00e3o ITM","Est. tempo de leitura":"5 minutos"},"schema":{"@context":"https:\/\/schema.org","@graph":[{"@type":"Article","@id":"https:\/\/www.inthemine.com.br\/site\/investimentos-em-toda-a-cadeia-de-operacoes\/#article","isPartOf":{"@id":"https:\/\/www.inthemine.com.br\/site\/investimentos-em-toda-a-cadeia-de-operacoes\/"},"author":{"name":"Reda\u00e7\u00e3o ITM","@id":"https:\/\/www.inthemine.com.br\/site\/#\/schema\/person\/9eb77cece2cea253bb36c4b68c6a324c"},"headline":"INVESTIMENTOS EM TODA A CADEIA DE OPERA\u00c7\u00d5ES","datePublished":"2026-08-31T16:27:59+00:00","mainEntityOfPage":{"@id":"https:\/\/www.inthemine.com.br\/site\/investimentos-em-toda-a-cadeia-de-operacoes\/"},"wordCount":899,"commentCount":0,"publisher":{"@id":"https:\/\/www.inthemine.com.br\/site\/#organization"},"image":{"@id":"https:\/\/www.inthemine.com.br\/site\/investimentos-em-toda-a-cadeia-de-operacoes\/#primaryimage"},"thumbnailUrl":"https:\/\/www.inthemine.com.br\/site\/wp-content\/uploads\/2026\/08\/Foto3-4.jpg","articleSection":["SUSTENTABILIDADE"],"inLanguage":"pt-BR","potentialAction":[{"@type":"CommentAction","name":"Comment","target":["https:\/\/www.inthemine.com.br\/site\/investimentos-em-toda-a-cadeia-de-operacoes\/#respond"]}]},{"@type":"WebPage","@id":"https:\/\/www.inthemine.com.br\/site\/investimentos-em-toda-a-cadeia-de-operacoes\/","url":"https:\/\/www.inthemine.com.br\/site\/investimentos-em-toda-a-cadeia-de-operacoes\/","name":"INVESTIMENTOS EM TODA A CADEIA DE OPERA\u00c7\u00d5ES - Revista In The Mine","isPartOf":{"@id":"https:\/\/www.inthemine.com.br\/site\/#website"},"primaryImageOfPage":{"@id":"https:\/\/www.inthemine.com.br\/site\/investimentos-em-toda-a-cadeia-de-operacoes\/#primaryimage"},"image":{"@id":"https:\/\/www.inthemine.com.br\/site\/investimentos-em-toda-a-cadeia-de-operacoes\/#primaryimage"},"thumbnailUrl":"https:\/\/www.inthemine.com.br\/site\/wp-content\/uploads\/2026\/08\/Foto3-4.jpg","datePublished":"2026-08-31T16:27:59+00:00","description":"Construindo estrat\u00e9gia para a redu\u00e7\u00e3o da intensidade de carbono em sua cadeia produtiva, Hydro alinha ganhos operacionais \u00e0 sustentabilidade","breadcrumb":{"@id":"https:\/\/www.inthemine.com.br\/site\/investimentos-em-toda-a-cadeia-de-operacoes\/#breadcrumb"},"inLanguage":"pt-BR","potentialAction":[{"@type":"ReadAction","target":["https:\/\/www.inthemine.com.br\/site\/investimentos-em-toda-a-cadeia-de-operacoes\/"]}]},{"@type":"ImageObject","inLanguage":"pt-BR","@id":"https:\/\/www.inthemine.com.br\/site\/investimentos-em-toda-a-cadeia-de-operacoes\/#primaryimage","url":"https:\/\/www.inthemine.com.br\/site\/wp-content\/uploads\/2026\/08\/Foto3-4.jpg","contentUrl":"https:\/\/www.inthemine.com.br\/site\/wp-content\/uploads\/2026\/08\/Foto3-4.jpg","width":800,"height":450,"caption":"Foto 3: Refinaria Alunorte substituiu \u00f3leo combust\u00edvel por g\u00e1s natural e adotou caldeiras el\u00e9tricas"},{"@type":"BreadcrumbList","@id":"https:\/\/www.inthemine.com.br\/site\/investimentos-em-toda-a-cadeia-de-operacoes\/#breadcrumb","itemListElement":[{"@type":"ListItem","position":1,"name":"In\u00edcio","item":"https:\/\/www.inthemine.com.br\/site\/"},{"@type":"ListItem","position":2,"name":"INVESTIMENTOS EM TODA A CADEIA DE OPERA\u00c7\u00d5ES"}]},{"@type":"WebSite","@id":"https:\/\/www.inthemine.com.br\/site\/#website","url":"https:\/\/www.inthemine.com.br\/site\/","name":"Revista In The Mine","description":"Minera\u00e7\u00e3o brasileira","publisher":{"@id":"https:\/\/www.inthemine.com.br\/site\/#organization"},"potentialAction":[{"@type":"SearchAction","target":{"@type":"EntryPoint","urlTemplate":"https:\/\/www.inthemine.com.br\/site\/?s={search_term_string}"},"query-input":{"@type":"PropertyValueSpecification","valueRequired":true,"valueName":"search_term_string"}}],"inLanguage":"pt-BR"},{"@type":"Organization","@id":"https:\/\/www.inthemine.com.br\/site\/#organization","name":"In The Mine magazine","url":"https:\/\/www.inthemine.com.br\/site\/","logo":{"@type":"ImageObject","inLanguage":"pt-BR","@id":"https:\/\/www.inthemine.com.br\/site\/#\/schema\/logo\/image\/","url":"https:\/\/www.inthemine.com.br\/site\/wp-content\/uploads\/2014\/08\/parceiro_theinmine.png","contentUrl":"https:\/\/www.inthemine.com.br\/site\/wp-content\/uploads\/2014\/08\/parceiro_theinmine.png","width":170,"height":120,"caption":"In The Mine magazine"},"image":{"@id":"https:\/\/www.inthemine.com.br\/site\/#\/schema\/logo\/image\/"},"sameAs":["http:\/\/www.facebook.com\/inthemine","https:\/\/x.com\/intheminet","https:\/\/www.instagram.com\/minegaleria","https:\/\/www.linkedin.com\/company\/in-the-mine?trk=biz-companies-cym","https:\/\/www.youtube.com\/user\/revistainthemine"]},{"@type":"Person","@id":"https:\/\/www.inthemine.com.br\/site\/#\/schema\/person\/9eb77cece2cea253bb36c4b68c6a324c","name":"Reda\u00e7\u00e3o ITM","image":{"@type":"ImageObject","inLanguage":"pt-BR","@id":"https:\/\/secure.gravatar.com\/avatar\/0f7f41419befdee0feca08f9ea1e434cac9c04e0b8d28ab40cffb82628fcfdf1?s=96&d=mm&r=g","url":"https:\/\/secure.gravatar.com\/avatar\/0f7f41419befdee0feca08f9ea1e434cac9c04e0b8d28ab40cffb82628fcfdf1?s=96&d=mm&r=g","contentUrl":"https:\/\/secure.gravatar.com\/avatar\/0f7f41419befdee0feca08f9ea1e434cac9c04e0b8d28ab40cffb82628fcfdf1?s=96&d=mm&r=g","caption":"Reda\u00e7\u00e3o ITM"},"url":"https:\/\/www.inthemine.com.br\/site\/author\/admin-itm\/"}]}},"_links":{"self":[{"href":"https:\/\/www.inthemine.com.br\/site\/wp-json\/wp\/v2\/posts\/31843","targetHints":{"allow":["GET"]}}],"collection":[{"href":"https:\/\/www.inthemine.com.br\/site\/wp-json\/wp\/v2\/posts"}],"about":[{"href":"https:\/\/www.inthemine.com.br\/site\/wp-json\/wp\/v2\/types\/post"}],"author":[{"embeddable":true,"href":"https:\/\/www.inthemine.com.br\/site\/wp-json\/wp\/v2\/users\/3"}],"replies":[{"embeddable":true,"href":"https:\/\/www.inthemine.com.br\/site\/wp-json\/wp\/v2\/comments?post=31843"}],"version-history":[{"count":1,"href":"https:\/\/www.inthemine.com.br\/site\/wp-json\/wp\/v2\/posts\/31843\/revisions"}],"predecessor-version":[{"id":31847,"href":"https:\/\/www.inthemine.com.br\/site\/wp-json\/wp\/v2\/posts\/31843\/revisions\/31847"}],"wp:featuredmedia":[{"embeddable":true,"href":"https:\/\/www.inthemine.com.br\/site\/wp-json\/wp\/v2\/media\/31846"}],"wp:attachment":[{"href":"https:\/\/www.inthemine.com.br\/site\/wp-json\/wp\/v2\/media?parent=31843"}],"wp:term":[{"taxonomy":"category","embeddable":true,"href":"https:\/\/www.inthemine.com.br\/site\/wp-json\/wp\/v2\/categories?post=31843"},{"taxonomy":"post_tag","embeddable":true,"href":"https:\/\/www.inthemine.com.br\/site\/wp-json\/wp\/v2\/tags?post=31843"}],"curies":[{"name":"wp","href":"https:\/\/api.w.org\/{rel}","templated":true}]}}