{"id":31838,"date":"2026-08-31T13:21:36","date_gmt":"2026-08-31T16:21:36","guid":{"rendered":"https:\/\/www.inthemine.com.br\/site\/?p=31838"},"modified":"2026-08-31T13:21:36","modified_gmt":"2026-08-31T16:21:36","slug":"producao-mineral-integrada-e-de-baixo-carbono","status":"publish","type":"post","link":"https:\/\/www.inthemine.com.br\/site\/producao-mineral-integrada-e-de-baixo-carbono\/","title":{"rendered":"PRODU\u00c7\u00c3O MINERAL INTEGRADA E DE BAIXO CARBONO"},"content":{"rendered":"<p>Em 2025, a Galvani consolidou um dos principais marcos de sua estrat\u00e9gia de sustentabilidade ao certificar, por meio do padr\u00e3o International Renewable Energy Certificate (I-REC), toda a energia el\u00e9trica consumida pela Fosnor \u2013 Fosfatados Norte-Nordeste, subsidi\u00e1ria da companhia. A certifica\u00e7\u00e3o abrangeu 24.665 MWh (Megawatts-hora) de energia proveniente de fontes renov\u00e1veis, dos quais 18.085 MWh abasteceram o Complexo Industrial Lu\u00eds Eduardo Magalh\u00e3es (CILEM), em Lu\u00eds Eduardo Magalh\u00e3es (BA), e 6.580 MWh foram destinados \u00e0 Unidade de Minera\u00e7\u00e3o de Angico dos Dias (UMA), localizada entre a Bahia e o Piau\u00ed.<\/p>\n<figure id=\"attachment_31839\" aria-describedby=\"caption-attachment-31839\" style=\"width: 700px\" class=\"wp-caption aligncenter\"><a href=\"https:\/\/www.inthemine.com.br\/site\/wp-content\/uploads\/2026\/08\/Foto1-4.jpg\"><img loading=\"lazy\" decoding=\"async\" class=\"wp-image-31839 size-full\" src=\"https:\/\/www.inthemine.com.br\/site\/wp-content\/uploads\/2026\/08\/Foto1-4-e1788193114576.jpg\" alt=\"Sylvia Tabarin, diretora de Rela\u00e7\u00f5es Institucionais e Sustentabilidade da Galvani\" width=\"700\" height=\"772\" srcset=\"https:\/\/www.inthemine.com.br\/site\/wp-content\/uploads\/2026\/08\/Foto1-4-e1788193114576.jpg 700w, https:\/\/www.inthemine.com.br\/site\/wp-content\/uploads\/2026\/08\/Foto1-4-e1788193114576-272x300.jpg 272w\" sizes=\"auto, (max-width: 700px) 100vw, 700px\" \/><\/a><figcaption id=\"caption-attachment-31839\" class=\"wp-caption-text\">Sylvia Tabarin, diretora de Rela\u00e7\u00f5es Institucionais e Sustentabilidade da Galvani<\/figcaption><\/figure>\n<p>Segundo Sylvia Tabarin, diretora de Rela\u00e7\u00f5es Institucionais e Sustentabilidade da empresa, a iniciativa refor\u00e7a a estrat\u00e9gia corporativa de ampliar a efici\u00eancia operacional, reduzir emiss\u00f5es de gases de efeito estufa (GEE) e fortalecer a seguran\u00e7a energ\u00e9tica das opera\u00e7\u00f5es. Toda a eletricidade consumida pela empresa \u00e9 adquirida no mercado livre e proveniente de pequenas centrais hidrel\u00e9tricas (PCHs), usinas solares e parques e\u00f3licos. Com isso, a companhia zerou, em 2025, as emiss\u00f5es de Escopo 2 pelo m\u00e9todo market-based, refer\u00eancia internacional para contabiliza\u00e7\u00e3o das emiss\u00f5es associadas ao consumo de energia el\u00e9trica.<\/p>\n<h3><strong>Evolu\u00e7\u00e3o<\/strong><\/h3>\n<p>A gest\u00e3o energ\u00e9tica da Galvani \u00e9 resultado de uma estrat\u00e9gia constru\u00edda ao longo da \u00faltima d\u00e9cada. O CILEM passou a operar exclusivamente com energia renov\u00e1vel adquirida no mercado livre em 2013, enquanto a UMA adotou esse modelo em 2016. A certifica\u00e7\u00e3o integral da energia consumida representa a consolida\u00e7\u00e3o desse processo. Na unidade, cerca de 60% da eletricidade utilizada \u00e9 produzida pela pr\u00f3pria planta industrial por meio da recupera\u00e7\u00e3o do calor gerado durante a fabrica\u00e7\u00e3o de \u00e1cido sulf\u00farico. A convers\u00e3o dessa energia t\u00e9rmica em eletricidade reduz a depend\u00eancia da rede externa, melhora a efici\u00eancia energ\u00e9tica do processo industrial e diminui as emiss\u00f5es indiretas de carbono.<\/p>\n<p>O monitoramento energ\u00e9tico integra a rotina operacional das unidades industriais e de minera\u00e7\u00e3o. Indicadores relacionados ao consumo de energia, desempenho dos equipamentos, disponibilidade dos ativos, estabilidade operacional e emiss\u00f5es atmosf\u00e9ricas s\u00e3o acompanhados continuamente, permitindo identificar perdas energ\u00e9ticas, antecipar falhas e orientar a\u00e7\u00f5es corretivas e preventivas.<\/p>\n<figure id=\"attachment_31841\" aria-describedby=\"caption-attachment-31841\" style=\"width: 700px\" class=\"wp-caption aligncenter\"><a href=\"https:\/\/www.inthemine.com.br\/site\/wp-content\/uploads\/2026\/08\/Foto3-3.jpg\"><img loading=\"lazy\" decoding=\"async\" class=\"wp-image-31841 size-full\" src=\"https:\/\/www.inthemine.com.br\/site\/wp-content\/uploads\/2026\/08\/Foto3-3.jpg\" alt=\"Foto 3: UMA, contemplada com certifica\u00e7\u00e3o I-REC obtida pela Fosnor\" width=\"700\" height=\"467\" srcset=\"https:\/\/www.inthemine.com.br\/site\/wp-content\/uploads\/2026\/08\/Foto3-3.jpg 700w, https:\/\/www.inthemine.com.br\/site\/wp-content\/uploads\/2026\/08\/Foto3-3-300x200.jpg 300w, https:\/\/www.inthemine.com.br\/site\/wp-content\/uploads\/2026\/08\/Foto3-3-600x400.jpg 600w\" sizes=\"auto, (max-width: 700px) 100vw, 700px\" \/><\/a><figcaption id=\"caption-attachment-31841\" class=\"wp-caption-text\">UMA, contemplada com certifica\u00e7\u00e3o I-REC obtida pela Fosnor<\/figcaption><\/figure>\n<p>Como parte desse processo, a companhia investe na integra\u00e7\u00e3o entre sistemas industriais e corporativos, digitaliza\u00e7\u00e3o das opera\u00e7\u00f5es, an\u00e1lise de dados e aplica\u00e7\u00e3o da metodologia Lean Six Sigma. \u201cEssas iniciativas j\u00e1 proporcionaram ganhos superiores a R$ 10,5 milh\u00f5es, al\u00e9m da redu\u00e7\u00e3o de desperd\u00edcios de energia e mat\u00e9rias-primas, aumento da disponibilidade dos equipamentos e maior confiabilidade dos processos produtivos\u201d, afirma Sylvia.<\/p>\n<p>O plano de sustentabilidade tamb\u00e9m estabelece metas para ampliar a participa\u00e7\u00e3o de fontes renov\u00e1veis nos projetos de expans\u00e3o at\u00e9 2030, manter a certifica\u00e7\u00e3o I-REC em todas as unidades abastecidas por energia limpa e reduzir progressivamente a depend\u00eancia de insumos energ\u00e9ticos externos.<\/p>\n<p>Na \u00e1rea florestal, a empresa prev\u00ea concluir, at\u00e9 2026, o plantio de 1.200 ha de eucalipto, al\u00e9m dos 917,96 ha plantados entre 2024 e 2025. A expectativa \u00e9 produzir, a partir de 2029, cerca de 44 mtpa de biomassa destinada ao suprimento energ\u00e9tico das opera\u00e7\u00f5es, contribuindo para reduzir impactos ambientais relacionados ao transporte e \u00e0 cadeia de suprimentos.<\/p>\n<h3><strong>\u00a0<\/strong><strong>Tecnologias<\/strong><\/h3>\n<p>A Galvani prev\u00ea aportes superiores a R$ 1 bilh\u00e3o em moderniza\u00e7\u00e3o tecnol\u00f3gica at\u00e9 2027. No CILEM j\u00e1 foram implementadas solu\u00e7\u00f5es de integra\u00e7\u00e3o entre sistemas industriais e corporativos, ampliando a disponibilidade de dados operacionais em tempo real e fortalecendo a tomada de decis\u00e3o. Os investimentos resultaram em maior estabilidade operacional, redu\u00e7\u00e3o de paradas n\u00e3o programadas, melhor aproveitamento da energia el\u00e9trica e aumento da disponibilidade dos ativos cr\u00edticos. Est\u00e1 prevista ainda a implanta\u00e7\u00e3o de tecnologias de manuten\u00e7\u00e3o preditiva, monitoramento inteligente de equipamentos e aplica\u00e7\u00f5es de Intelig\u00eancia Artificial (IA) voltadas \u00e0 an\u00e1lise de dados operacionais e capazes de identificar falhas mec\u00e2nicas e ambientais em equipamentos cr\u00edticos, elevando a confiabilidade das opera\u00e7\u00f5es e a efici\u00eancia energ\u00e9tica.<\/p>\n<p>Outro destaque, diz Sylvia, \u00e9 a UMI (Unidade de Minera\u00e7\u00e3o de Irec\u00ea), atualmente em implanta\u00e7\u00e3o na cidade baiana hom\u00f4nima, que ter\u00e1 uma rota tecnol\u00f3gica in\u00e9dita no Brasil baseada na calcina\u00e7\u00e3o do min\u00e9rio fosf\u00e1tico. \u201cEm compara\u00e7\u00e3o aos processos convencionais de beneficiamento, a tecnologia permitir\u00e1 o aproveitamento integral do recurso mineral, eliminar\u00e1 a gera\u00e7\u00e3o de rejeitos e operar\u00e1 em circuito fechado de \u00e1gua, reduzindo simultaneamente o consumo h\u00eddrico e a demanda energ\u00e9tica\u201d, explica a diretora.<\/p>\n<h5>Foto em destaque: CILEM, complexo industrial da Fosnor na Bahia<\/h5>\n<h5>Fotos: Galvani\/Divulga\u00e7\u00e3o<\/h5>\n","protected":false},"excerpt":{"rendered":"<p>Galvani combina energia renov\u00e1vel certificada, autogera\u00e7\u00e3o de eletricidade, produ\u00e7\u00e3o pr\u00f3pria de biomassa e moderniza\u00e7\u00e3o industrial<\/p>\n","protected":false},"author":3,"featured_media":31840,"comment_status":"open","ping_status":"open","sticky":false,"template":"","format":"standard","meta":{"footnotes":""},"categories":[9],"tags":[],"class_list":["post-31838","post","type-post","status-publish","format-standard","has-post-thumbnail","hentry","category-meio-ambiente"],"yoast_head":"<!-- This site is optimized with the Yoast SEO plugin v28.3 - https:\/\/yoast.com\/product\/yoast-seo-wordpress\/ -->\n<title>PRODU\u00c7\u00c3O MINERAL INTEGRADA E DE BAIXO CARBONO - Revista In The Mine<\/title>\n<meta name=\"description\" content=\"Galvani combina energia renov\u00e1vel certificada, autogera\u00e7\u00e3o de eletricidade, produ\u00e7\u00e3o pr\u00f3pria de biomassa e moderniza\u00e7\u00e3o industrial\" \/>\n<meta name=\"robots\" content=\"index, follow, max-snippet:-1, max-image-preview:large, max-video-preview:-1\" \/>\n<link rel=\"canonical\" href=\"https:\/\/www.inthemine.com.br\/site\/producao-mineral-integrada-e-de-baixo-carbono\/\" \/>\n<meta property=\"og:locale\" content=\"pt_BR\" \/>\n<meta property=\"og:type\" content=\"article\" \/>\n<meta property=\"og:title\" content=\"PRODU\u00c7\u00c3O MINERAL INTEGRADA E DE BAIXO CARBONO - Revista In The Mine\" \/>\n<meta property=\"og:description\" content=\"Galvani combina energia renov\u00e1vel certificada, autogera\u00e7\u00e3o de eletricidade, produ\u00e7\u00e3o pr\u00f3pria de biomassa e moderniza\u00e7\u00e3o industrial\" \/>\n<meta property=\"og:url\" content=\"https:\/\/www.inthemine.com.br\/site\/producao-mineral-integrada-e-de-baixo-carbono\/\" \/>\n<meta property=\"og:site_name\" content=\"Revista In The Mine\" \/>\n<meta property=\"article:publisher\" content=\"http:\/\/www.facebook.com\/inthemine\" \/>\n<meta property=\"article:published_time\" content=\"2026-08-31T16:21:36+00:00\" \/>\n<meta property=\"og:image\" content=\"https:\/\/www.inthemine.com.br\/site\/wp-content\/uploads\/2026\/08\/Foto2-4.jpg\" \/>\n\t<meta property=\"og:image:width\" content=\"800\" \/>\n\t<meta property=\"og:image:height\" content=\"450\" \/>\n\t<meta property=\"og:image:type\" content=\"image\/jpeg\" \/>\n<meta name=\"author\" content=\"Reda\u00e7\u00e3o ITM\" \/>\n<meta name=\"twitter:card\" content=\"summary_large_image\" \/>\n<meta name=\"twitter:creator\" content=\"@intheminet\" \/>\n<meta name=\"twitter:site\" content=\"@intheminet\" \/>\n<meta name=\"twitter:label1\" content=\"Escrito por\" \/>\n\t<meta name=\"twitter:data1\" content=\"Reda\u00e7\u00e3o ITM\" \/>\n\t<meta name=\"twitter:label2\" content=\"Est. tempo de leitura\" \/>\n\t<meta name=\"twitter:data2\" content=\"5 minutos\" \/>\n<script type=\"application\/ld+json\" class=\"yoast-schema-graph\">{\"@context\":\"https:\\\/\\\/schema.org\",\"@graph\":[{\"@type\":\"Article\",\"@id\":\"https:\\\/\\\/www.inthemine.com.br\\\/site\\\/producao-mineral-integrada-e-de-baixo-carbono\\\/#article\",\"isPartOf\":{\"@id\":\"https:\\\/\\\/www.inthemine.com.br\\\/site\\\/producao-mineral-integrada-e-de-baixo-carbono\\\/\"},\"author\":{\"name\":\"Reda\u00e7\u00e3o ITM\",\"@id\":\"https:\\\/\\\/www.inthemine.com.br\\\/site\\\/#\\\/schema\\\/person\\\/9eb77cece2cea253bb36c4b68c6a324c\"},\"headline\":\"PRODU\u00c7\u00c3O MINERAL INTEGRADA E DE BAIXO CARBONO\",\"datePublished\":\"2026-08-31T16:21:36+00:00\",\"mainEntityOfPage\":{\"@id\":\"https:\\\/\\\/www.inthemine.com.br\\\/site\\\/producao-mineral-integrada-e-de-baixo-carbono\\\/\"},\"wordCount\":801,\"commentCount\":0,\"publisher\":{\"@id\":\"https:\\\/\\\/www.inthemine.com.br\\\/site\\\/#organization\"},\"image\":{\"@id\":\"https:\\\/\\\/www.inthemine.com.br\\\/site\\\/producao-mineral-integrada-e-de-baixo-carbono\\\/#primaryimage\"},\"thumbnailUrl\":\"https:\\\/\\\/www.inthemine.com.br\\\/site\\\/wp-content\\\/uploads\\\/2026\\\/08\\\/Foto2-4.jpg\",\"articleSection\":[\"SUSTENTABILIDADE\"],\"inLanguage\":\"pt-BR\",\"potentialAction\":[{\"@type\":\"CommentAction\",\"name\":\"Comment\",\"target\":[\"https:\\\/\\\/www.inthemine.com.br\\\/site\\\/producao-mineral-integrada-e-de-baixo-carbono\\\/#respond\"]}]},{\"@type\":\"WebPage\",\"@id\":\"https:\\\/\\\/www.inthemine.com.br\\\/site\\\/producao-mineral-integrada-e-de-baixo-carbono\\\/\",\"url\":\"https:\\\/\\\/www.inthemine.com.br\\\/site\\\/producao-mineral-integrada-e-de-baixo-carbono\\\/\",\"name\":\"PRODU\u00c7\u00c3O MINERAL INTEGRADA E DE BAIXO CARBONO - Revista In The Mine\",\"isPartOf\":{\"@id\":\"https:\\\/\\\/www.inthemine.com.br\\\/site\\\/#website\"},\"primaryImageOfPage\":{\"@id\":\"https:\\\/\\\/www.inthemine.com.br\\\/site\\\/producao-mineral-integrada-e-de-baixo-carbono\\\/#primaryimage\"},\"image\":{\"@id\":\"https:\\\/\\\/www.inthemine.com.br\\\/site\\\/producao-mineral-integrada-e-de-baixo-carbono\\\/#primaryimage\"},\"thumbnailUrl\":\"https:\\\/\\\/www.inthemine.com.br\\\/site\\\/wp-content\\\/uploads\\\/2026\\\/08\\\/Foto2-4.jpg\",\"datePublished\":\"2026-08-31T16:21:36+00:00\",\"description\":\"Galvani combina energia renov\u00e1vel certificada, autogera\u00e7\u00e3o de eletricidade, produ\u00e7\u00e3o pr\u00f3pria de biomassa e moderniza\u00e7\u00e3o industrial\",\"breadcrumb\":{\"@id\":\"https:\\\/\\\/www.inthemine.com.br\\\/site\\\/producao-mineral-integrada-e-de-baixo-carbono\\\/#breadcrumb\"},\"inLanguage\":\"pt-BR\",\"potentialAction\":[{\"@type\":\"ReadAction\",\"target\":[\"https:\\\/\\\/www.inthemine.com.br\\\/site\\\/producao-mineral-integrada-e-de-baixo-carbono\\\/\"]}]},{\"@type\":\"ImageObject\",\"inLanguage\":\"pt-BR\",\"@id\":\"https:\\\/\\\/www.inthemine.com.br\\\/site\\\/producao-mineral-integrada-e-de-baixo-carbono\\\/#primaryimage\",\"url\":\"https:\\\/\\\/www.inthemine.com.br\\\/site\\\/wp-content\\\/uploads\\\/2026\\\/08\\\/Foto2-4.jpg\",\"contentUrl\":\"https:\\\/\\\/www.inthemine.com.br\\\/site\\\/wp-content\\\/uploads\\\/2026\\\/08\\\/Foto2-4.jpg\",\"width\":800,\"height\":450,\"caption\":\"Foto 2: CILEM, complexo industrial da Fosnor na Bahia\"},{\"@type\":\"BreadcrumbList\",\"@id\":\"https:\\\/\\\/www.inthemine.com.br\\\/site\\\/producao-mineral-integrada-e-de-baixo-carbono\\\/#breadcrumb\",\"itemListElement\":[{\"@type\":\"ListItem\",\"position\":1,\"name\":\"In\u00edcio\",\"item\":\"https:\\\/\\\/www.inthemine.com.br\\\/site\\\/\"},{\"@type\":\"ListItem\",\"position\":2,\"name\":\"PRODU\u00c7\u00c3O MINERAL INTEGRADA E DE BAIXO CARBONO\"}]},{\"@type\":\"WebSite\",\"@id\":\"https:\\\/\\\/www.inthemine.com.br\\\/site\\\/#website\",\"url\":\"https:\\\/\\\/www.inthemine.com.br\\\/site\\\/\",\"name\":\"Revista In The Mine\",\"description\":\"Minera\u00e7\u00e3o brasileira\",\"publisher\":{\"@id\":\"https:\\\/\\\/www.inthemine.com.br\\\/site\\\/#organization\"},\"potentialAction\":[{\"@type\":\"SearchAction\",\"target\":{\"@type\":\"EntryPoint\",\"urlTemplate\":\"https:\\\/\\\/www.inthemine.com.br\\\/site\\\/?s={search_term_string}\"},\"query-input\":{\"@type\":\"PropertyValueSpecification\",\"valueRequired\":true,\"valueName\":\"search_term_string\"}}],\"inLanguage\":\"pt-BR\"},{\"@type\":\"Organization\",\"@id\":\"https:\\\/\\\/www.inthemine.com.br\\\/site\\\/#organization\",\"name\":\"In The Mine magazine\",\"url\":\"https:\\\/\\\/www.inthemine.com.br\\\/site\\\/\",\"logo\":{\"@type\":\"ImageObject\",\"inLanguage\":\"pt-BR\",\"@id\":\"https:\\\/\\\/www.inthemine.com.br\\\/site\\\/#\\\/schema\\\/logo\\\/image\\\/\",\"url\":\"https:\\\/\\\/www.inthemine.com.br\\\/site\\\/wp-content\\\/uploads\\\/2014\\\/08\\\/parceiro_theinmine.png\",\"contentUrl\":\"https:\\\/\\\/www.inthemine.com.br\\\/site\\\/wp-content\\\/uploads\\\/2014\\\/08\\\/parceiro_theinmine.png\",\"width\":170,\"height\":120,\"caption\":\"In The Mine magazine\"},\"image\":{\"@id\":\"https:\\\/\\\/www.inthemine.com.br\\\/site\\\/#\\\/schema\\\/logo\\\/image\\\/\"},\"sameAs\":[\"http:\\\/\\\/www.facebook.com\\\/inthemine\",\"https:\\\/\\\/x.com\\\/intheminet\",\"https:\\\/\\\/www.instagram.com\\\/minegaleria\",\"https:\\\/\\\/www.linkedin.com\\\/company\\\/in-the-mine?trk=biz-companies-cym\",\"https:\\\/\\\/www.youtube.com\\\/user\\\/revistainthemine\"]},{\"@type\":\"Person\",\"@id\":\"https:\\\/\\\/www.inthemine.com.br\\\/site\\\/#\\\/schema\\\/person\\\/9eb77cece2cea253bb36c4b68c6a324c\",\"name\":\"Reda\u00e7\u00e3o ITM\",\"image\":{\"@type\":\"ImageObject\",\"inLanguage\":\"pt-BR\",\"@id\":\"https:\\\/\\\/secure.gravatar.com\\\/avatar\\\/0f7f41419befdee0feca08f9ea1e434cac9c04e0b8d28ab40cffb82628fcfdf1?s=96&d=mm&r=g\",\"url\":\"https:\\\/\\\/secure.gravatar.com\\\/avatar\\\/0f7f41419befdee0feca08f9ea1e434cac9c04e0b8d28ab40cffb82628fcfdf1?s=96&d=mm&r=g\",\"contentUrl\":\"https:\\\/\\\/secure.gravatar.com\\\/avatar\\\/0f7f41419befdee0feca08f9ea1e434cac9c04e0b8d28ab40cffb82628fcfdf1?s=96&d=mm&r=g\",\"caption\":\"Reda\u00e7\u00e3o ITM\"},\"url\":\"https:\\\/\\\/www.inthemine.com.br\\\/site\\\/author\\\/admin-itm\\\/\"}]}<\/script>\n<!-- \/ Yoast SEO plugin. -->","yoast_head_json":{"title":"PRODU\u00c7\u00c3O MINERAL INTEGRADA E DE BAIXO CARBONO - Revista In The Mine","description":"Galvani combina energia renov\u00e1vel certificada, autogera\u00e7\u00e3o de eletricidade, produ\u00e7\u00e3o pr\u00f3pria de biomassa e moderniza\u00e7\u00e3o industrial","robots":{"index":"index","follow":"follow","max-snippet":"max-snippet:-1","max-image-preview":"max-image-preview:large","max-video-preview":"max-video-preview:-1"},"canonical":"https:\/\/www.inthemine.com.br\/site\/producao-mineral-integrada-e-de-baixo-carbono\/","og_locale":"pt_BR","og_type":"article","og_title":"PRODU\u00c7\u00c3O MINERAL INTEGRADA E DE BAIXO CARBONO - Revista In The Mine","og_description":"Galvani combina energia renov\u00e1vel certificada, autogera\u00e7\u00e3o de eletricidade, produ\u00e7\u00e3o pr\u00f3pria de biomassa e moderniza\u00e7\u00e3o industrial","og_url":"https:\/\/www.inthemine.com.br\/site\/producao-mineral-integrada-e-de-baixo-carbono\/","og_site_name":"Revista In The Mine","article_publisher":"http:\/\/www.facebook.com\/inthemine","article_published_time":"2026-08-31T16:21:36+00:00","og_image":[{"width":800,"height":450,"url":"https:\/\/www.inthemine.com.br\/site\/wp-content\/uploads\/2026\/08\/Foto2-4.jpg","type":"image\/jpeg"}],"author":"Reda\u00e7\u00e3o ITM","twitter_card":"summary_large_image","twitter_creator":"@intheminet","twitter_site":"@intheminet","twitter_misc":{"Escrito por":"Reda\u00e7\u00e3o ITM","Est. tempo de leitura":"5 minutos"},"schema":{"@context":"https:\/\/schema.org","@graph":[{"@type":"Article","@id":"https:\/\/www.inthemine.com.br\/site\/producao-mineral-integrada-e-de-baixo-carbono\/#article","isPartOf":{"@id":"https:\/\/www.inthemine.com.br\/site\/producao-mineral-integrada-e-de-baixo-carbono\/"},"author":{"name":"Reda\u00e7\u00e3o ITM","@id":"https:\/\/www.inthemine.com.br\/site\/#\/schema\/person\/9eb77cece2cea253bb36c4b68c6a324c"},"headline":"PRODU\u00c7\u00c3O MINERAL INTEGRADA E DE BAIXO CARBONO","datePublished":"2026-08-31T16:21:36+00:00","mainEntityOfPage":{"@id":"https:\/\/www.inthemine.com.br\/site\/producao-mineral-integrada-e-de-baixo-carbono\/"},"wordCount":801,"commentCount":0,"publisher":{"@id":"https:\/\/www.inthemine.com.br\/site\/#organization"},"image":{"@id":"https:\/\/www.inthemine.com.br\/site\/producao-mineral-integrada-e-de-baixo-carbono\/#primaryimage"},"thumbnailUrl":"https:\/\/www.inthemine.com.br\/site\/wp-content\/uploads\/2026\/08\/Foto2-4.jpg","articleSection":["SUSTENTABILIDADE"],"inLanguage":"pt-BR","potentialAction":[{"@type":"CommentAction","name":"Comment","target":["https:\/\/www.inthemine.com.br\/site\/producao-mineral-integrada-e-de-baixo-carbono\/#respond"]}]},{"@type":"WebPage","@id":"https:\/\/www.inthemine.com.br\/site\/producao-mineral-integrada-e-de-baixo-carbono\/","url":"https:\/\/www.inthemine.com.br\/site\/producao-mineral-integrada-e-de-baixo-carbono\/","name":"PRODU\u00c7\u00c3O MINERAL INTEGRADA E DE BAIXO CARBONO - Revista In The Mine","isPartOf":{"@id":"https:\/\/www.inthemine.com.br\/site\/#website"},"primaryImageOfPage":{"@id":"https:\/\/www.inthemine.com.br\/site\/producao-mineral-integrada-e-de-baixo-carbono\/#primaryimage"},"image":{"@id":"https:\/\/www.inthemine.com.br\/site\/producao-mineral-integrada-e-de-baixo-carbono\/#primaryimage"},"thumbnailUrl":"https:\/\/www.inthemine.com.br\/site\/wp-content\/uploads\/2026\/08\/Foto2-4.jpg","datePublished":"2026-08-31T16:21:36+00:00","description":"Galvani combina energia renov\u00e1vel certificada, autogera\u00e7\u00e3o de eletricidade, produ\u00e7\u00e3o pr\u00f3pria de biomassa e moderniza\u00e7\u00e3o industrial","breadcrumb":{"@id":"https:\/\/www.inthemine.com.br\/site\/producao-mineral-integrada-e-de-baixo-carbono\/#breadcrumb"},"inLanguage":"pt-BR","potentialAction":[{"@type":"ReadAction","target":["https:\/\/www.inthemine.com.br\/site\/producao-mineral-integrada-e-de-baixo-carbono\/"]}]},{"@type":"ImageObject","inLanguage":"pt-BR","@id":"https:\/\/www.inthemine.com.br\/site\/producao-mineral-integrada-e-de-baixo-carbono\/#primaryimage","url":"https:\/\/www.inthemine.com.br\/site\/wp-content\/uploads\/2026\/08\/Foto2-4.jpg","contentUrl":"https:\/\/www.inthemine.com.br\/site\/wp-content\/uploads\/2026\/08\/Foto2-4.jpg","width":800,"height":450,"caption":"Foto 2: CILEM, complexo industrial da Fosnor na Bahia"},{"@type":"BreadcrumbList","@id":"https:\/\/www.inthemine.com.br\/site\/producao-mineral-integrada-e-de-baixo-carbono\/#breadcrumb","itemListElement":[{"@type":"ListItem","position":1,"name":"In\u00edcio","item":"https:\/\/www.inthemine.com.br\/site\/"},{"@type":"ListItem","position":2,"name":"PRODU\u00c7\u00c3O MINERAL INTEGRADA E DE BAIXO CARBONO"}]},{"@type":"WebSite","@id":"https:\/\/www.inthemine.com.br\/site\/#website","url":"https:\/\/www.inthemine.com.br\/site\/","name":"Revista In The Mine","description":"Minera\u00e7\u00e3o brasileira","publisher":{"@id":"https:\/\/www.inthemine.com.br\/site\/#organization"},"potentialAction":[{"@type":"SearchAction","target":{"@type":"EntryPoint","urlTemplate":"https:\/\/www.inthemine.com.br\/site\/?s={search_term_string}"},"query-input":{"@type":"PropertyValueSpecification","valueRequired":true,"valueName":"search_term_string"}}],"inLanguage":"pt-BR"},{"@type":"Organization","@id":"https:\/\/www.inthemine.com.br\/site\/#organization","name":"In The Mine magazine","url":"https:\/\/www.inthemine.com.br\/site\/","logo":{"@type":"ImageObject","inLanguage":"pt-BR","@id":"https:\/\/www.inthemine.com.br\/site\/#\/schema\/logo\/image\/","url":"https:\/\/www.inthemine.com.br\/site\/wp-content\/uploads\/2014\/08\/parceiro_theinmine.png","contentUrl":"https:\/\/www.inthemine.com.br\/site\/wp-content\/uploads\/2014\/08\/parceiro_theinmine.png","width":170,"height":120,"caption":"In The Mine magazine"},"image":{"@id":"https:\/\/www.inthemine.com.br\/site\/#\/schema\/logo\/image\/"},"sameAs":["http:\/\/www.facebook.com\/inthemine","https:\/\/x.com\/intheminet","https:\/\/www.instagram.com\/minegaleria","https:\/\/www.linkedin.com\/company\/in-the-mine?trk=biz-companies-cym","https:\/\/www.youtube.com\/user\/revistainthemine"]},{"@type":"Person","@id":"https:\/\/www.inthemine.com.br\/site\/#\/schema\/person\/9eb77cece2cea253bb36c4b68c6a324c","name":"Reda\u00e7\u00e3o ITM","image":{"@type":"ImageObject","inLanguage":"pt-BR","@id":"https:\/\/secure.gravatar.com\/avatar\/0f7f41419befdee0feca08f9ea1e434cac9c04e0b8d28ab40cffb82628fcfdf1?s=96&d=mm&r=g","url":"https:\/\/secure.gravatar.com\/avatar\/0f7f41419befdee0feca08f9ea1e434cac9c04e0b8d28ab40cffb82628fcfdf1?s=96&d=mm&r=g","contentUrl":"https:\/\/secure.gravatar.com\/avatar\/0f7f41419befdee0feca08f9ea1e434cac9c04e0b8d28ab40cffb82628fcfdf1?s=96&d=mm&r=g","caption":"Reda\u00e7\u00e3o ITM"},"url":"https:\/\/www.inthemine.com.br\/site\/author\/admin-itm\/"}]}},"_links":{"self":[{"href":"https:\/\/www.inthemine.com.br\/site\/wp-json\/wp\/v2\/posts\/31838","targetHints":{"allow":["GET"]}}],"collection":[{"href":"https:\/\/www.inthemine.com.br\/site\/wp-json\/wp\/v2\/posts"}],"about":[{"href":"https:\/\/www.inthemine.com.br\/site\/wp-json\/wp\/v2\/types\/post"}],"author":[{"embeddable":true,"href":"https:\/\/www.inthemine.com.br\/site\/wp-json\/wp\/v2\/users\/3"}],"replies":[{"embeddable":true,"href":"https:\/\/www.inthemine.com.br\/site\/wp-json\/wp\/v2\/comments?post=31838"}],"version-history":[{"count":1,"href":"https:\/\/www.inthemine.com.br\/site\/wp-json\/wp\/v2\/posts\/31838\/revisions"}],"predecessor-version":[{"id":31842,"href":"https:\/\/www.inthemine.com.br\/site\/wp-json\/wp\/v2\/posts\/31838\/revisions\/31842"}],"wp:featuredmedia":[{"embeddable":true,"href":"https:\/\/www.inthemine.com.br\/site\/wp-json\/wp\/v2\/media\/31840"}],"wp:attachment":[{"href":"https:\/\/www.inthemine.com.br\/site\/wp-json\/wp\/v2\/media?parent=31838"}],"wp:term":[{"taxonomy":"category","embeddable":true,"href":"https:\/\/www.inthemine.com.br\/site\/wp-json\/wp\/v2\/categories?post=31838"},{"taxonomy":"post_tag","embeddable":true,"href":"https:\/\/www.inthemine.com.br\/site\/wp-json\/wp\/v2\/tags?post=31838"}],"curies":[{"name":"wp","href":"https:\/\/api.w.org\/{rel}","templated":true}]}}