{"id":31832,"date":"2026-08-31T13:15:16","date_gmt":"2026-08-31T16:15:16","guid":{"rendered":"https:\/\/www.inthemine.com.br\/site\/?p=31832"},"modified":"2026-08-31T13:15:16","modified_gmt":"2026-08-31T16:15:16","slug":"mais-de-70-anos-em-autossuficiencia-energetica","status":"publish","type":"post","link":"https:\/\/www.inthemine.com.br\/site\/mais-de-70-anos-em-autossuficiencia-energetica\/","title":{"rendered":"MAIS DE 70 ANOS EM AUTOSSUFICI\u00caNCIA ENERG\u00c9TICA"},"content":{"rendered":"<p>Com um modelo de produ\u00e7\u00e3o integrado que inclui a autoprodu\u00e7\u00e3o de energia el\u00e9trica desde o in\u00edcio de suas atividades, h\u00e1 mais de 70 anos, a Companhia Brasileira de Alum\u00ednio (CBA) obteve autossufici\u00eancia para garantir o atendimento da demanda intensiva do insumo por suas opera\u00e7\u00f5es de bauxita e alum\u00ednio, garantindo a sustentabilidade e viabilidade econ\u00f4mica do neg\u00f3cio. Atualmente, a matriz el\u00e9trica da empresa \u00e9 composta por 21 usinas hidrel\u00e9tricas (UHEs), 15 delas pr\u00f3prias e outras seis em participa\u00e7\u00e3o societ\u00e1ria direta ou por meio de cons\u00f3rcios com outras operadoras, al\u00e9m de quatro complexos e\u00f3licos \u2013 no Piau\u00ed, Rio Grande do Norte e em Pernambuco \u2013, totalizando uma capacidade de gera\u00e7\u00e3o de 1,8 GW (Gigawatts) e gerando perto de 6,4 GWh (Gigawatts-hora) de energia el\u00e9trica renov\u00e1vel em 2025.<\/p>\n<figure id=\"attachment_31833\" aria-describedby=\"caption-attachment-31833\" style=\"width: 700px\" class=\"wp-caption aligncenter\"><a href=\"https:\/\/www.inthemine.com.br\/site\/wp-content\/uploads\/2026\/08\/Foto1-3.jpg\"><img loading=\"lazy\" decoding=\"async\" class=\"size-full wp-image-31833\" src=\"https:\/\/www.inthemine.com.br\/site\/wp-content\/uploads\/2026\/08\/Foto1-3.jpg\" alt=\"Foto 1: Leandro Faria, gerente geral de Sustentabilidade, Seguran\u00e7a e Meio Ambiente da CBA (CBA\/Divulga\u00e7\u00e3o)\" width=\"700\" height=\"664\" srcset=\"https:\/\/www.inthemine.com.br\/site\/wp-content\/uploads\/2026\/08\/Foto1-3.jpg 700w, https:\/\/www.inthemine.com.br\/site\/wp-content\/uploads\/2026\/08\/Foto1-3-300x285.jpg 300w\" sizes=\"auto, (max-width: 700px) 100vw, 700px\" \/><\/a><figcaption id=\"caption-attachment-31833\" class=\"wp-caption-text\">Leandro Faria, gerente geral de Sustentabilidade, Seguran\u00e7a e Meio Ambiente da CBA (CBA\/Divulga\u00e7\u00e3o)<\/figcaption><\/figure>\n<p>Considerada uma refer\u00eancia global na produ\u00e7\u00e3o de alum\u00ednio de baixo carbono, a CBA decidiu diversificar sua matriz el\u00e9trica com a aquisi\u00e7\u00e3o de ativos e\u00f3licos para ampliar a seguran\u00e7a do abastecimento de energia para suas unidades de minera\u00e7\u00e3o e industriais. Al\u00e9m disso, explica Leandro Campos\u00a0de\u00a0Faria, gerente geral\u00a0de\u00a0Sustentabilidade, Seguran\u00e7a e Meio Ambiente da empresa, a energia e\u00f3lica e a hidrel\u00e9trica se complementam, pois os per\u00edodos de estiagem que afetam as represas da regi\u00e3o Sudeste do pa\u00eds coincidem com a \u00e9poca de maior ocorr\u00eancia de ventos na regi\u00e3o Nordeste.<\/p>\n<p><strong>\u00a0<\/strong><\/p>\n<p>Com base em sua Estrat\u00e9gia ESG 2030, as principais metas da CBA s\u00e3o de contar com fontes totalmente renov\u00e1veis de energia el\u00e9trica nos processos produtivos e ampliar sua capacidade instalada de gera\u00e7\u00e3o com fontes diversas das UHEs, al\u00e9m de reduzir a intensidade energ\u00e9tica, representada por energia el\u00e9trica e combust\u00edveis, de suas opera\u00e7\u00f5es. Outras metas s\u00e3o de reduzir em 40% as emiss\u00f5es de produtos fundidos (da minera\u00e7\u00e3o \u00e0 fundi\u00e7\u00e3o) at\u00e9 2030, incluindo emiss\u00f5es de escopos 1 e 2, al\u00e9m de emiss\u00f5es de escopo 3 da categoria 1 (compra de lingotes de alum\u00ednio). Desde 2019, j\u00e1 houve redu\u00e7\u00e3o de 33% nas emiss\u00f5es da empresa.<\/p>\n<figure id=\"attachment_31835\" aria-describedby=\"caption-attachment-31835\" style=\"width: 700px\" class=\"wp-caption aligncenter\"><a href=\"https:\/\/www.inthemine.com.br\/site\/wp-content\/uploads\/2026\/08\/Foto3-2-e1788192831991.jpg\"><img loading=\"lazy\" decoding=\"async\" class=\"size-full wp-image-31835\" src=\"https:\/\/www.inthemine.com.br\/site\/wp-content\/uploads\/2026\/08\/Foto3-2-e1788192831991.jpg\" alt=\"Foto 3: Caldeira da refinaria de Alumina operada com biomassa (CBA\/Divulga\u00e7\u00e3o)\" width=\"700\" height=\"524\" \/><\/a><figcaption id=\"caption-attachment-31835\" class=\"wp-caption-text\">Caldeira da refinaria de Alumina operada com biomassa (CBA\/Divulga\u00e7\u00e3o)<\/figcaption><\/figure>\n<h3><strong>Otimiza\u00e7\u00e3o<\/strong><\/h3>\n<p>O modelo de gest\u00e3o energ\u00e9tica da CBA inclui pr\u00e1ticas de efici\u00eancia na produ\u00e7\u00e3o de energia, como a manuten\u00e7\u00e3o preditiva de seus ativos pr\u00f3prios e a otimiza\u00e7\u00e3o de gera\u00e7\u00e3o e consumo, adaptando-se \u00e0s condi\u00e7\u00f5es h\u00eddricas e demandas das suas unidades. A empresa tamb\u00e9m substituiu fontes n\u00e3o renov\u00e1veis, como \u00f3leo combust\u00edvel e g\u00e1s natural, por biomassa na alimenta\u00e7\u00e3o das caldeiras na refinaria de Alumina (SP), reduzindo em mais de 60% (mais de 1 milh\u00e3o de tCO\u2082e \u2013 toneladas de carbono equivalente) as emiss\u00f5es de gases de efeito estufa (GEE) nessa etapa de produ\u00e7\u00e3o desde 2020. Nas unidades Alux e Metalex (SP) e em Itapissuma (PE), o consumo de eletricidade foi reduzido em 96 mil MWh (Megawatts-hora) em 2025, em rela\u00e7\u00e3o a 2024, com a identifica\u00e7\u00e3o e corre\u00e7\u00e3o de vazamentos de ar comprimido nas redes e sistemas, a instala\u00e7\u00e3o de inversores de frequ\u00eancia em motores el\u00e9tricos e melhorias na ilumina\u00e7\u00e3o das \u00e1reas industriais.<\/p>\n<p>Na \u00e1rea log\u00edstica, diz Faria, a companhia disp\u00f5e da avalia\u00e7\u00e3o das melhores rotas para diminuir o consumo de combust\u00edvel. Um dos exemplos \u00e9 a parceria com a concession\u00e1ria Rumo Log\u00edstica para o transporte de bauxita da mina, em de Barro Alto (GO), at\u00e9 a f\u00e1brica em Alum\u00ednio (SP). De Barro Alto, o min\u00e9rio \u00e9 levado em caminh\u00f5es at\u00e9 um terminal multimodal em Santa Isabel, tamb\u00e9m em Goi\u00e1s. Segue, ent\u00e3o, embarcado em trens compostos por quatro locomotivas pelas ferrovias Norte-Sul e Malha Paulista at\u00e9 a f\u00e1brica. Para implementar essa rota, a Rumo desenvolveu 250 vag\u00f5es g\u00f4ndola (modelo GDT) e adquiriu locomotivas, enquanto a CBA investiu em adequa\u00e7\u00f5es estruturais para descarregar os trens. A opera\u00e7\u00e3o reduziu em 40% as emiss\u00f5es de carbono em compara\u00e7\u00e3o ao transporte exclusivamente rodovi\u00e1rio.<\/p>\n<figure id=\"attachment_31836\" aria-describedby=\"caption-attachment-31836\" style=\"width: 700px\" class=\"wp-caption aligncenter\"><a href=\"https:\/\/www.inthemine.com.br\/site\/wp-content\/uploads\/2026\/08\/Foto4-1.jpg\"><img loading=\"lazy\" decoding=\"async\" class=\"size-full wp-image-31836\" src=\"https:\/\/www.inthemine.com.br\/site\/wp-content\/uploads\/2026\/08\/Foto4-1.jpg\" alt=\"Transporte de bauxita em parceria da CBA com a Rumo Log\u00edstica (CBA\/Divulga\u00e7\u00e3o)\" width=\"700\" height=\"467\" srcset=\"https:\/\/www.inthemine.com.br\/site\/wp-content\/uploads\/2026\/08\/Foto4-1.jpg 700w, https:\/\/www.inthemine.com.br\/site\/wp-content\/uploads\/2026\/08\/Foto4-1-300x200.jpg 300w, https:\/\/www.inthemine.com.br\/site\/wp-content\/uploads\/2026\/08\/Foto4-1-600x400.jpg 600w\" sizes=\"auto, (max-width: 700px) 100vw, 700px\" \/><\/a><figcaption id=\"caption-attachment-31836\" class=\"wp-caption-text\">Transporte de bauxita em parceria da CBA com a Rumo Log\u00edstica (CBA\/Divulga\u00e7\u00e3o)<\/figcaption><\/figure>\n<p>Na ind\u00fastria global do alum\u00ednio, ali\u00e1s, a empresa tem um dos menores \u00edndices de emiss\u00e3o de GEE por usar fontes totalmente renov\u00e1veis &#8211; cerca de 3,6 vezes abaixo da m\u00e9dia mundial na etapa de eletr\u00f3lise. S\u00e3o 2,8 tCO2e por tonelada de alum\u00ednio l\u00edquido prim\u00e1rio produzido, enquanto a m\u00e9dia mundial \u00e9 10,5, segundo o International Aluminum Institute). J\u00e1 na cadeia da minera\u00e7\u00e3o \u00e0 fundi\u00e7\u00e3o, detalha Faria, o indicador cai para 2,56 tCO2e\/t Al, considerando as emiss\u00f5es de escopos 1 e 2 de Minera\u00e7\u00e3o, Refinaria, Salas Fornos, Fundi\u00e7\u00f5es e \u00e1reas de apoio, al\u00e9m de emiss\u00f5es de escopo 3 da categoria 1.<\/p>\n<h5>Foto em destaque: UHE de Ituparanga, uma das 15 geradoras pr\u00f3prias da CBA (CBA\/Divulga\u00e7\u00e3o)<\/h5>\n","protected":false},"excerpt":{"rendered":"<p>CBA assume vanguarda na ind\u00fastria de alum\u00ednio com fontes renov\u00e1veis, gest\u00e3o e redu\u00e7\u00e3o de consumo de energia e de emiss\u00f5es<\/p>\n","protected":false},"author":3,"featured_media":31834,"comment_status":"open","ping_status":"open","sticky":false,"template":"","format":"standard","meta":{"footnotes":""},"categories":[9],"tags":[],"class_list":["post-31832","post","type-post","status-publish","format-standard","has-post-thumbnail","hentry","category-meio-ambiente"],"yoast_head":"<!-- This site is optimized with the Yoast SEO plugin v28.3 - https:\/\/yoast.com\/product\/yoast-seo-wordpress\/ -->\n<title>MAIS DE 70 ANOS EM AUTOSSUFICI\u00caNCIA ENERG\u00c9TICA - Revista In The Mine<\/title>\n<meta name=\"description\" content=\"CBA assume vanguarda na ind\u00fastria de alum\u00ednio com fontes renov\u00e1veis, gest\u00e3o e redu\u00e7\u00e3o de consumo de energia e de emiss\u00f5es\" \/>\n<meta name=\"robots\" content=\"index, follow, max-snippet:-1, max-image-preview:large, max-video-preview:-1\" \/>\n<link rel=\"canonical\" href=\"https:\/\/www.inthemine.com.br\/site\/mais-de-70-anos-em-autossuficiencia-energetica\/\" \/>\n<meta property=\"og:locale\" content=\"pt_BR\" \/>\n<meta property=\"og:type\" content=\"article\" \/>\n<meta property=\"og:title\" content=\"MAIS DE 70 ANOS EM AUTOSSUFICI\u00caNCIA ENERG\u00c9TICA - Revista In The Mine\" \/>\n<meta property=\"og:description\" content=\"CBA assume vanguarda na ind\u00fastria de alum\u00ednio com fontes renov\u00e1veis, gest\u00e3o e redu\u00e7\u00e3o de consumo de energia e de emiss\u00f5es\" \/>\n<meta property=\"og:url\" content=\"https:\/\/www.inthemine.com.br\/site\/mais-de-70-anos-em-autossuficiencia-energetica\/\" \/>\n<meta property=\"og:site_name\" content=\"Revista In The Mine\" \/>\n<meta property=\"article:publisher\" content=\"http:\/\/www.facebook.com\/inthemine\" \/>\n<meta property=\"article:published_time\" content=\"2026-08-31T16:15:16+00:00\" \/>\n<meta property=\"og:image\" content=\"https:\/\/www.inthemine.com.br\/site\/wp-content\/uploads\/2026\/08\/Foto2-3.jpg\" \/>\n\t<meta property=\"og:image:width\" content=\"800\" \/>\n\t<meta property=\"og:image:height\" content=\"600\" \/>\n\t<meta property=\"og:image:type\" content=\"image\/jpeg\" \/>\n<meta name=\"author\" content=\"Reda\u00e7\u00e3o ITM\" \/>\n<meta name=\"twitter:card\" content=\"summary_large_image\" \/>\n<meta name=\"twitter:creator\" content=\"@intheminet\" \/>\n<meta name=\"twitter:site\" content=\"@intheminet\" \/>\n<meta name=\"twitter:label1\" content=\"Escrito por\" \/>\n\t<meta name=\"twitter:data1\" content=\"Reda\u00e7\u00e3o ITM\" \/>\n\t<meta name=\"twitter:label2\" content=\"Est. tempo de leitura\" \/>\n\t<meta name=\"twitter:data2\" content=\"5 minutos\" \/>\n<script type=\"application\/ld+json\" class=\"yoast-schema-graph\">{\"@context\":\"https:\\\/\\\/schema.org\",\"@graph\":[{\"@type\":\"Article\",\"@id\":\"https:\\\/\\\/www.inthemine.com.br\\\/site\\\/mais-de-70-anos-em-autossuficiencia-energetica\\\/#article\",\"isPartOf\":{\"@id\":\"https:\\\/\\\/www.inthemine.com.br\\\/site\\\/mais-de-70-anos-em-autossuficiencia-energetica\\\/\"},\"author\":{\"name\":\"Reda\u00e7\u00e3o ITM\",\"@id\":\"https:\\\/\\\/www.inthemine.com.br\\\/site\\\/#\\\/schema\\\/person\\\/9eb77cece2cea253bb36c4b68c6a324c\"},\"headline\":\"MAIS DE 70 ANOS EM AUTOSSUFICI\u00caNCIA ENERG\u00c9TICA\",\"datePublished\":\"2026-08-31T16:15:16+00:00\",\"mainEntityOfPage\":{\"@id\":\"https:\\\/\\\/www.inthemine.com.br\\\/site\\\/mais-de-70-anos-em-autossuficiencia-energetica\\\/\"},\"wordCount\":870,\"commentCount\":0,\"publisher\":{\"@id\":\"https:\\\/\\\/www.inthemine.com.br\\\/site\\\/#organization\"},\"image\":{\"@id\":\"https:\\\/\\\/www.inthemine.com.br\\\/site\\\/mais-de-70-anos-em-autossuficiencia-energetica\\\/#primaryimage\"},\"thumbnailUrl\":\"https:\\\/\\\/www.inthemine.com.br\\\/site\\\/wp-content\\\/uploads\\\/2026\\\/08\\\/Foto2-3.jpg\",\"articleSection\":[\"SUSTENTABILIDADE\"],\"inLanguage\":\"pt-BR\",\"potentialAction\":[{\"@type\":\"CommentAction\",\"name\":\"Comment\",\"target\":[\"https:\\\/\\\/www.inthemine.com.br\\\/site\\\/mais-de-70-anos-em-autossuficiencia-energetica\\\/#respond\"]}]},{\"@type\":\"WebPage\",\"@id\":\"https:\\\/\\\/www.inthemine.com.br\\\/site\\\/mais-de-70-anos-em-autossuficiencia-energetica\\\/\",\"url\":\"https:\\\/\\\/www.inthemine.com.br\\\/site\\\/mais-de-70-anos-em-autossuficiencia-energetica\\\/\",\"name\":\"MAIS DE 70 ANOS EM AUTOSSUFICI\u00caNCIA ENERG\u00c9TICA - Revista In The Mine\",\"isPartOf\":{\"@id\":\"https:\\\/\\\/www.inthemine.com.br\\\/site\\\/#website\"},\"primaryImageOfPage\":{\"@id\":\"https:\\\/\\\/www.inthemine.com.br\\\/site\\\/mais-de-70-anos-em-autossuficiencia-energetica\\\/#primaryimage\"},\"image\":{\"@id\":\"https:\\\/\\\/www.inthemine.com.br\\\/site\\\/mais-de-70-anos-em-autossuficiencia-energetica\\\/#primaryimage\"},\"thumbnailUrl\":\"https:\\\/\\\/www.inthemine.com.br\\\/site\\\/wp-content\\\/uploads\\\/2026\\\/08\\\/Foto2-3.jpg\",\"datePublished\":\"2026-08-31T16:15:16+00:00\",\"description\":\"CBA assume vanguarda na ind\u00fastria de alum\u00ednio com fontes renov\u00e1veis, gest\u00e3o e redu\u00e7\u00e3o de consumo de energia e de emiss\u00f5es\",\"breadcrumb\":{\"@id\":\"https:\\\/\\\/www.inthemine.com.br\\\/site\\\/mais-de-70-anos-em-autossuficiencia-energetica\\\/#breadcrumb\"},\"inLanguage\":\"pt-BR\",\"potentialAction\":[{\"@type\":\"ReadAction\",\"target\":[\"https:\\\/\\\/www.inthemine.com.br\\\/site\\\/mais-de-70-anos-em-autossuficiencia-energetica\\\/\"]}]},{\"@type\":\"ImageObject\",\"inLanguage\":\"pt-BR\",\"@id\":\"https:\\\/\\\/www.inthemine.com.br\\\/site\\\/mais-de-70-anos-em-autossuficiencia-energetica\\\/#primaryimage\",\"url\":\"https:\\\/\\\/www.inthemine.com.br\\\/site\\\/wp-content\\\/uploads\\\/2026\\\/08\\\/Foto2-3.jpg\",\"contentUrl\":\"https:\\\/\\\/www.inthemine.com.br\\\/site\\\/wp-content\\\/uploads\\\/2026\\\/08\\\/Foto2-3.jpg\",\"width\":800,\"height\":600,\"caption\":\"Foto 2: UHE de Ituparanga, uma das 15 geradoras pr\u00f3prias da CBA (CBA\\\/Divulga\u00e7\u00e3o)\"},{\"@type\":\"BreadcrumbList\",\"@id\":\"https:\\\/\\\/www.inthemine.com.br\\\/site\\\/mais-de-70-anos-em-autossuficiencia-energetica\\\/#breadcrumb\",\"itemListElement\":[{\"@type\":\"ListItem\",\"position\":1,\"name\":\"In\u00edcio\",\"item\":\"https:\\\/\\\/www.inthemine.com.br\\\/site\\\/\"},{\"@type\":\"ListItem\",\"position\":2,\"name\":\"MAIS DE 70 ANOS EM AUTOSSUFICI\u00caNCIA ENERG\u00c9TICA\"}]},{\"@type\":\"WebSite\",\"@id\":\"https:\\\/\\\/www.inthemine.com.br\\\/site\\\/#website\",\"url\":\"https:\\\/\\\/www.inthemine.com.br\\\/site\\\/\",\"name\":\"Revista In The Mine\",\"description\":\"Minera\u00e7\u00e3o brasileira\",\"publisher\":{\"@id\":\"https:\\\/\\\/www.inthemine.com.br\\\/site\\\/#organization\"},\"potentialAction\":[{\"@type\":\"SearchAction\",\"target\":{\"@type\":\"EntryPoint\",\"urlTemplate\":\"https:\\\/\\\/www.inthemine.com.br\\\/site\\\/?s={search_term_string}\"},\"query-input\":{\"@type\":\"PropertyValueSpecification\",\"valueRequired\":true,\"valueName\":\"search_term_string\"}}],\"inLanguage\":\"pt-BR\"},{\"@type\":\"Organization\",\"@id\":\"https:\\\/\\\/www.inthemine.com.br\\\/site\\\/#organization\",\"name\":\"In The Mine magazine\",\"url\":\"https:\\\/\\\/www.inthemine.com.br\\\/site\\\/\",\"logo\":{\"@type\":\"ImageObject\",\"inLanguage\":\"pt-BR\",\"@id\":\"https:\\\/\\\/www.inthemine.com.br\\\/site\\\/#\\\/schema\\\/logo\\\/image\\\/\",\"url\":\"https:\\\/\\\/www.inthemine.com.br\\\/site\\\/wp-content\\\/uploads\\\/2014\\\/08\\\/parceiro_theinmine.png\",\"contentUrl\":\"https:\\\/\\\/www.inthemine.com.br\\\/site\\\/wp-content\\\/uploads\\\/2014\\\/08\\\/parceiro_theinmine.png\",\"width\":170,\"height\":120,\"caption\":\"In The Mine magazine\"},\"image\":{\"@id\":\"https:\\\/\\\/www.inthemine.com.br\\\/site\\\/#\\\/schema\\\/logo\\\/image\\\/\"},\"sameAs\":[\"http:\\\/\\\/www.facebook.com\\\/inthemine\",\"https:\\\/\\\/x.com\\\/intheminet\",\"https:\\\/\\\/www.instagram.com\\\/minegaleria\",\"https:\\\/\\\/www.linkedin.com\\\/company\\\/in-the-mine?trk=biz-companies-cym\",\"https:\\\/\\\/www.youtube.com\\\/user\\\/revistainthemine\"]},{\"@type\":\"Person\",\"@id\":\"https:\\\/\\\/www.inthemine.com.br\\\/site\\\/#\\\/schema\\\/person\\\/9eb77cece2cea253bb36c4b68c6a324c\",\"name\":\"Reda\u00e7\u00e3o ITM\",\"image\":{\"@type\":\"ImageObject\",\"inLanguage\":\"pt-BR\",\"@id\":\"https:\\\/\\\/secure.gravatar.com\\\/avatar\\\/0f7f41419befdee0feca08f9ea1e434cac9c04e0b8d28ab40cffb82628fcfdf1?s=96&d=mm&r=g\",\"url\":\"https:\\\/\\\/secure.gravatar.com\\\/avatar\\\/0f7f41419befdee0feca08f9ea1e434cac9c04e0b8d28ab40cffb82628fcfdf1?s=96&d=mm&r=g\",\"contentUrl\":\"https:\\\/\\\/secure.gravatar.com\\\/avatar\\\/0f7f41419befdee0feca08f9ea1e434cac9c04e0b8d28ab40cffb82628fcfdf1?s=96&d=mm&r=g\",\"caption\":\"Reda\u00e7\u00e3o ITM\"},\"url\":\"https:\\\/\\\/www.inthemine.com.br\\\/site\\\/author\\\/admin-itm\\\/\"}]}<\/script>\n<!-- \/ Yoast SEO plugin. -->","yoast_head_json":{"title":"MAIS DE 70 ANOS EM AUTOSSUFICI\u00caNCIA ENERG\u00c9TICA - Revista In The Mine","description":"CBA assume vanguarda na ind\u00fastria de alum\u00ednio com fontes renov\u00e1veis, gest\u00e3o e redu\u00e7\u00e3o de consumo de energia e de emiss\u00f5es","robots":{"index":"index","follow":"follow","max-snippet":"max-snippet:-1","max-image-preview":"max-image-preview:large","max-video-preview":"max-video-preview:-1"},"canonical":"https:\/\/www.inthemine.com.br\/site\/mais-de-70-anos-em-autossuficiencia-energetica\/","og_locale":"pt_BR","og_type":"article","og_title":"MAIS DE 70 ANOS EM AUTOSSUFICI\u00caNCIA ENERG\u00c9TICA - Revista In The Mine","og_description":"CBA assume vanguarda na ind\u00fastria de alum\u00ednio com fontes renov\u00e1veis, gest\u00e3o e redu\u00e7\u00e3o de consumo de energia e de emiss\u00f5es","og_url":"https:\/\/www.inthemine.com.br\/site\/mais-de-70-anos-em-autossuficiencia-energetica\/","og_site_name":"Revista In The Mine","article_publisher":"http:\/\/www.facebook.com\/inthemine","article_published_time":"2026-08-31T16:15:16+00:00","og_image":[{"width":800,"height":600,"url":"https:\/\/www.inthemine.com.br\/site\/wp-content\/uploads\/2026\/08\/Foto2-3.jpg","type":"image\/jpeg"}],"author":"Reda\u00e7\u00e3o ITM","twitter_card":"summary_large_image","twitter_creator":"@intheminet","twitter_site":"@intheminet","twitter_misc":{"Escrito por":"Reda\u00e7\u00e3o ITM","Est. tempo de leitura":"5 minutos"},"schema":{"@context":"https:\/\/schema.org","@graph":[{"@type":"Article","@id":"https:\/\/www.inthemine.com.br\/site\/mais-de-70-anos-em-autossuficiencia-energetica\/#article","isPartOf":{"@id":"https:\/\/www.inthemine.com.br\/site\/mais-de-70-anos-em-autossuficiencia-energetica\/"},"author":{"name":"Reda\u00e7\u00e3o ITM","@id":"https:\/\/www.inthemine.com.br\/site\/#\/schema\/person\/9eb77cece2cea253bb36c4b68c6a324c"},"headline":"MAIS DE 70 ANOS EM AUTOSSUFICI\u00caNCIA ENERG\u00c9TICA","datePublished":"2026-08-31T16:15:16+00:00","mainEntityOfPage":{"@id":"https:\/\/www.inthemine.com.br\/site\/mais-de-70-anos-em-autossuficiencia-energetica\/"},"wordCount":870,"commentCount":0,"publisher":{"@id":"https:\/\/www.inthemine.com.br\/site\/#organization"},"image":{"@id":"https:\/\/www.inthemine.com.br\/site\/mais-de-70-anos-em-autossuficiencia-energetica\/#primaryimage"},"thumbnailUrl":"https:\/\/www.inthemine.com.br\/site\/wp-content\/uploads\/2026\/08\/Foto2-3.jpg","articleSection":["SUSTENTABILIDADE"],"inLanguage":"pt-BR","potentialAction":[{"@type":"CommentAction","name":"Comment","target":["https:\/\/www.inthemine.com.br\/site\/mais-de-70-anos-em-autossuficiencia-energetica\/#respond"]}]},{"@type":"WebPage","@id":"https:\/\/www.inthemine.com.br\/site\/mais-de-70-anos-em-autossuficiencia-energetica\/","url":"https:\/\/www.inthemine.com.br\/site\/mais-de-70-anos-em-autossuficiencia-energetica\/","name":"MAIS DE 70 ANOS EM AUTOSSUFICI\u00caNCIA ENERG\u00c9TICA - Revista In The Mine","isPartOf":{"@id":"https:\/\/www.inthemine.com.br\/site\/#website"},"primaryImageOfPage":{"@id":"https:\/\/www.inthemine.com.br\/site\/mais-de-70-anos-em-autossuficiencia-energetica\/#primaryimage"},"image":{"@id":"https:\/\/www.inthemine.com.br\/site\/mais-de-70-anos-em-autossuficiencia-energetica\/#primaryimage"},"thumbnailUrl":"https:\/\/www.inthemine.com.br\/site\/wp-content\/uploads\/2026\/08\/Foto2-3.jpg","datePublished":"2026-08-31T16:15:16+00:00","description":"CBA assume vanguarda na ind\u00fastria de alum\u00ednio com fontes renov\u00e1veis, gest\u00e3o e redu\u00e7\u00e3o de consumo de energia e de emiss\u00f5es","breadcrumb":{"@id":"https:\/\/www.inthemine.com.br\/site\/mais-de-70-anos-em-autossuficiencia-energetica\/#breadcrumb"},"inLanguage":"pt-BR","potentialAction":[{"@type":"ReadAction","target":["https:\/\/www.inthemine.com.br\/site\/mais-de-70-anos-em-autossuficiencia-energetica\/"]}]},{"@type":"ImageObject","inLanguage":"pt-BR","@id":"https:\/\/www.inthemine.com.br\/site\/mais-de-70-anos-em-autossuficiencia-energetica\/#primaryimage","url":"https:\/\/www.inthemine.com.br\/site\/wp-content\/uploads\/2026\/08\/Foto2-3.jpg","contentUrl":"https:\/\/www.inthemine.com.br\/site\/wp-content\/uploads\/2026\/08\/Foto2-3.jpg","width":800,"height":600,"caption":"Foto 2: UHE de Ituparanga, uma das 15 geradoras pr\u00f3prias da CBA (CBA\/Divulga\u00e7\u00e3o)"},{"@type":"BreadcrumbList","@id":"https:\/\/www.inthemine.com.br\/site\/mais-de-70-anos-em-autossuficiencia-energetica\/#breadcrumb","itemListElement":[{"@type":"ListItem","position":1,"name":"In\u00edcio","item":"https:\/\/www.inthemine.com.br\/site\/"},{"@type":"ListItem","position":2,"name":"MAIS DE 70 ANOS EM AUTOSSUFICI\u00caNCIA ENERG\u00c9TICA"}]},{"@type":"WebSite","@id":"https:\/\/www.inthemine.com.br\/site\/#website","url":"https:\/\/www.inthemine.com.br\/site\/","name":"Revista In The Mine","description":"Minera\u00e7\u00e3o brasileira","publisher":{"@id":"https:\/\/www.inthemine.com.br\/site\/#organization"},"potentialAction":[{"@type":"SearchAction","target":{"@type":"EntryPoint","urlTemplate":"https:\/\/www.inthemine.com.br\/site\/?s={search_term_string}"},"query-input":{"@type":"PropertyValueSpecification","valueRequired":true,"valueName":"search_term_string"}}],"inLanguage":"pt-BR"},{"@type":"Organization","@id":"https:\/\/www.inthemine.com.br\/site\/#organization","name":"In The Mine magazine","url":"https:\/\/www.inthemine.com.br\/site\/","logo":{"@type":"ImageObject","inLanguage":"pt-BR","@id":"https:\/\/www.inthemine.com.br\/site\/#\/schema\/logo\/image\/","url":"https:\/\/www.inthemine.com.br\/site\/wp-content\/uploads\/2014\/08\/parceiro_theinmine.png","contentUrl":"https:\/\/www.inthemine.com.br\/site\/wp-content\/uploads\/2014\/08\/parceiro_theinmine.png","width":170,"height":120,"caption":"In The Mine magazine"},"image":{"@id":"https:\/\/www.inthemine.com.br\/site\/#\/schema\/logo\/image\/"},"sameAs":["http:\/\/www.facebook.com\/inthemine","https:\/\/x.com\/intheminet","https:\/\/www.instagram.com\/minegaleria","https:\/\/www.linkedin.com\/company\/in-the-mine?trk=biz-companies-cym","https:\/\/www.youtube.com\/user\/revistainthemine"]},{"@type":"Person","@id":"https:\/\/www.inthemine.com.br\/site\/#\/schema\/person\/9eb77cece2cea253bb36c4b68c6a324c","name":"Reda\u00e7\u00e3o ITM","image":{"@type":"ImageObject","inLanguage":"pt-BR","@id":"https:\/\/secure.gravatar.com\/avatar\/0f7f41419befdee0feca08f9ea1e434cac9c04e0b8d28ab40cffb82628fcfdf1?s=96&d=mm&r=g","url":"https:\/\/secure.gravatar.com\/avatar\/0f7f41419befdee0feca08f9ea1e434cac9c04e0b8d28ab40cffb82628fcfdf1?s=96&d=mm&r=g","contentUrl":"https:\/\/secure.gravatar.com\/avatar\/0f7f41419befdee0feca08f9ea1e434cac9c04e0b8d28ab40cffb82628fcfdf1?s=96&d=mm&r=g","caption":"Reda\u00e7\u00e3o ITM"},"url":"https:\/\/www.inthemine.com.br\/site\/author\/admin-itm\/"}]}},"_links":{"self":[{"href":"https:\/\/www.inthemine.com.br\/site\/wp-json\/wp\/v2\/posts\/31832","targetHints":{"allow":["GET"]}}],"collection":[{"href":"https:\/\/www.inthemine.com.br\/site\/wp-json\/wp\/v2\/posts"}],"about":[{"href":"https:\/\/www.inthemine.com.br\/site\/wp-json\/wp\/v2\/types\/post"}],"author":[{"embeddable":true,"href":"https:\/\/www.inthemine.com.br\/site\/wp-json\/wp\/v2\/users\/3"}],"replies":[{"embeddable":true,"href":"https:\/\/www.inthemine.com.br\/site\/wp-json\/wp\/v2\/comments?post=31832"}],"version-history":[{"count":1,"href":"https:\/\/www.inthemine.com.br\/site\/wp-json\/wp\/v2\/posts\/31832\/revisions"}],"predecessor-version":[{"id":31837,"href":"https:\/\/www.inthemine.com.br\/site\/wp-json\/wp\/v2\/posts\/31832\/revisions\/31837"}],"wp:featuredmedia":[{"embeddable":true,"href":"https:\/\/www.inthemine.com.br\/site\/wp-json\/wp\/v2\/media\/31834"}],"wp:attachment":[{"href":"https:\/\/www.inthemine.com.br\/site\/wp-json\/wp\/v2\/media?parent=31832"}],"wp:term":[{"taxonomy":"category","embeddable":true,"href":"https:\/\/www.inthemine.com.br\/site\/wp-json\/wp\/v2\/categories?post=31832"},{"taxonomy":"post_tag","embeddable":true,"href":"https:\/\/www.inthemine.com.br\/site\/wp-json\/wp\/v2\/tags?post=31832"}],"curies":[{"name":"wp","href":"https:\/\/api.w.org\/{rel}","templated":true}]}}