{"id":31826,"date":"2026-08-31T13:03:11","date_gmt":"2026-08-31T16:03:11","guid":{"rendered":"https:\/\/www.inthemine.com.br\/site\/?p=31826"},"modified":"2026-08-31T13:07:20","modified_gmt":"2026-08-31T16:07:20","slug":"fontes-renovaveis-e-consumo-sob-demanda","status":"publish","type":"post","link":"https:\/\/www.inthemine.com.br\/site\/fontes-renovaveis-e-consumo-sob-demanda\/","title":{"rendered":"FONTES RENOV\u00c1VEIS E CONSUMO SOB DEMANDA"},"content":{"rendered":"<p>Na Appian Capital Brazil, a Atlantic Nickel opera a mina Santa Rita, em Itagib\u00e1 (BA), com uma matriz energ\u00e9tica majoritariamente limpa, aproveitando o potencial renov\u00e1vel do Brasil. O consumo m\u00e9dio de energia el\u00e9trica da opera\u00e7\u00e3o de produ\u00e7\u00e3o de n\u00edquel \u00e9 de 200 GWh (Gigawatt-hora) por ano. A totalidade dessa energia \u00e9 fornecida pelo Sistema Integrado Nacional (SIN), o que garante que cerca de 85% do consumo venha de fontes renov\u00e1veis. Atualmente, a empresa est\u00e1 consolidando seu Plano de Descarboniza\u00e7\u00e3o, que inclui a defini\u00e7\u00e3o das metas oficiais de efici\u00eancia energ\u00e9tica e de redu\u00e7\u00e3o de emiss\u00f5es com os respectivos prazos de cumprimento e tecnologias a serem adotadas nos pr\u00f3ximos anos.<\/p>\n<figure id=\"attachment_31827\" aria-describedby=\"caption-attachment-31827\" style=\"width: 700px\" class=\"wp-caption aligncenter\"><a href=\"https:\/\/www.inthemine.com.br\/site\/wp-content\/uploads\/2026\/08\/Foto1-2-e1788192151401.jpg\"><img loading=\"lazy\" decoding=\"async\" class=\"size-full wp-image-31827\" src=\"https:\/\/www.inthemine.com.br\/site\/wp-content\/uploads\/2026\/08\/Foto1-2-e1788192151401.jpg\" alt=\"Foto 1: Gilcimar de Oliveira, diretor de ESG e Pessoas da Appian Capital Brazil (Cr\u00e9dito: Carolina Vilela)\" width=\"700\" height=\"600\" srcset=\"https:\/\/www.inthemine.com.br\/site\/wp-content\/uploads\/2026\/08\/Foto1-2-e1788192151401.jpg 700w, https:\/\/www.inthemine.com.br\/site\/wp-content\/uploads\/2026\/08\/Foto1-2-e1788192151401-300x257.jpg 300w, https:\/\/www.inthemine.com.br\/site\/wp-content\/uploads\/2026\/08\/Foto1-2-e1788192151401-150x130.jpg 150w\" sizes=\"auto, (max-width: 700px) 100vw, 700px\" \/><\/a><figcaption id=\"caption-attachment-31827\" class=\"wp-caption-text\">Gilcimar de Oliveira, diretor de ESG e Pessoas da Appian Capital Brazil (Foto: Carolina Vilela)<\/figcaption><\/figure>\n<p>Por sua vez, na Graphcoa, tamb\u00e9m subsidi\u00e1ria do grupo e \u00a0produtora de grafite para a fabrica\u00e7\u00e3o de \u00e2nodos de baterias de ve\u00edculos el\u00e9tricos (EVs), a mina Boa Sorte, sediada em Itagimirim (BA), adotou uma solu\u00e7\u00e3o tempor\u00e1ria para enfrentar defici\u00eancias da infraestrutura de energia regional, enquanto planejava uma matriz robusta e sustent\u00e1vel para a opera\u00e7\u00e3o definitiva. Segundo Gilcimar Oliveira, diretor de ESG e Pessoas da Appian, devido \u00e0 indisponibilidade f\u00edsica da rede da concession\u00e1ria local (Neoenergia), entre janeiro e dezembro de 2025, o abastecimento de energia da unidade, durante o per\u00edodo de testes e ramp up de sua planta piloto de beneficiamento, foi realizado por uma usina termoel\u00e9trica (UTE) pr\u00f3pria, composta por 5 geradores a diesel, totalizando um consumo de 365 MWh (Megawatts-hora).<\/p>\n<p>\u201cJ\u00e1 na futura usina de beneficiamento da Graphcoa, em Jord\u00e2nia (MG), a alimenta\u00e7\u00e3o se dar\u00e1 atrav\u00e9s da CEMIG (Cia.Energ\u00e9tica de Minas Gerais), abrindo a possibilidade de compra de energia no Mercado Livre, preferencialmente de fontes renov\u00e1veis ou parceiras do grupo. Nossa estimativa \u00e9 de um consumo de energia altamente eficiente, de forma limpa e sustent\u00e1vel, de 525 kWh (quilowatts-hora) por tonelada de grafite produzida\u201d, antecipa o executivo.<\/p>\n<figure id=\"attachment_31829\" aria-describedby=\"caption-attachment-31829\" style=\"width: 800px\" class=\"wp-caption aligncenter\"><a href=\"https:\/\/www.inthemine.com.br\/site\/wp-content\/uploads\/2026\/08\/Foto2-2.jpg\"><img loading=\"lazy\" decoding=\"async\" class=\"size-full wp-image-31829\" src=\"https:\/\/www.inthemine.com.br\/site\/wp-content\/uploads\/2026\/08\/Foto2-2.jpg\" alt=\"Foto 2: Opera\u00e7\u00e3o da Atlantic Nickel, na mina Santa Rita, em Itagib\u00e1 (Graphcoa\/Divulga\u00e7\u00e3o)\" width=\"800\" height=\"533\" srcset=\"https:\/\/www.inthemine.com.br\/site\/wp-content\/uploads\/2026\/08\/Foto2-2.jpg 800w, https:\/\/www.inthemine.com.br\/site\/wp-content\/uploads\/2026\/08\/Foto2-2-300x200.jpg 300w, https:\/\/www.inthemine.com.br\/site\/wp-content\/uploads\/2026\/08\/Foto2-2-768x512.jpg 768w, https:\/\/www.inthemine.com.br\/site\/wp-content\/uploads\/2026\/08\/Foto2-2-600x400.jpg 600w\" sizes=\"auto, (max-width: 800px) 100vw, 800px\" \/><\/a><figcaption id=\"caption-attachment-31829\" class=\"wp-caption-text\">Opera\u00e7\u00e3o da Atlantic Nickel, na mina Santa Rita, em Itagib\u00e1 (Graphcoa\/Divulga\u00e7\u00e3o)<\/figcaption><\/figure>\n<h3><strong>Monitoramento<\/strong><\/h3>\n<p>Na Atlantic Nickel, o principal mecanismo de monitoramento macro e presta\u00e7\u00e3o de contas \u00e9 o Invent\u00e1rio anual de Gases de Efeito Estufa (GEE), j\u00e1 que essas emiss\u00f5es s\u00e3o diretamente impactadas pelo consumo energ\u00e9tico. As informa\u00e7\u00f5es do relat\u00f3rio s\u00e3o auditadas e publicadas no Registro P\u00fablico de Emiss\u00f5es da FGV (Funda\u00e7\u00e3o Getulio Vargas). \u201cAtrav\u00e9s desse acompanhamento cont\u00ednuo, identificamos que as \u00e1reas com maior potencial e oportunidades de melhoria energ\u00e9tica s\u00e3o a opera\u00e7\u00e3o de mina, em particular na movimenta\u00e7\u00e3o de min\u00e9rio, e a planta de beneficiamento. \u00c9 nessas frentes que concentramos nossos estudos de otimiza\u00e7\u00e3o\u201d, explica Oliveira.<\/p>\n<p>Na mina Boa Sorte, da Graphcoa, o sistema \u00e9 totalmente digitalizado. Nas subesta\u00e7\u00f5es, o painel geral de baixa tens\u00e3o conta com multimedidores el\u00e9tricos que monitoram a energia de toda a usina e de \u00e1reas auxiliares da mina Boa Sorte, realizando a leitura instant\u00e2nea e o armazenamento de par\u00e2metros cr\u00edticos como tens\u00e3o, corrente, fator de pot\u00eancia e distor\u00e7\u00f5es harm\u00f4nicas. Todos os equipamentos de maior pot\u00eancia s\u00e3o acionados por sistemas inteligentes (inversores de frequ\u00eancia e rel\u00e9s), interligados ao sistema de controle central, operando continuamente apenas para os fluxos de processo cr\u00edtico, enquanto os sistemas auxiliares s\u00e3o acionados exclusivamente sob demanda via instrumenta\u00e7\u00e3o, evitando desperd\u00edcios de consumo.<\/p>\n<p>\u201cOs principais ganhos dessa infraestrutura de inversores e medidores inteligentes s\u00e3o a elimina\u00e7\u00e3o do desperd\u00edcio operacional, pelo acionamento dos equipamentos apenas sob demanda, e a gera\u00e7\u00e3o de dados robustos de seu consumo individual. Essa intelig\u00eancia operacional garantir\u00e1 que a futura planta de Jord\u00e2nia j\u00e1 nas\u00e7a com a m\u00e1xima efici\u00eancia energ\u00e9tica poss\u00edvel\u201d, afirma o executivo.<\/p>\n<h3><strong>Inova\u00e7\u00f5es<\/strong><\/h3>\n<p>Outra tecnologia de automa\u00e7\u00e3o adotada em Boa Sorte foi a de ilumina\u00e7\u00e3o industrial em LED, possibilitando uma redu\u00e7\u00e3o significativa no consumo da carga de ilumina\u00e7\u00e3o, com menor necessidade de manuten\u00e7\u00e3o. Atualmente, a planta conta com v\u00e1rias frentes simult\u00e2neas de melhoria e otimiza\u00e7\u00e3o de processos mec\u00e2nicos e el\u00e9tricos, visando seu ajuste fino, em termos de comissionamento e automa\u00e7\u00e3o.<\/p>\n<p>Na Atlantic Nickel, o principal investimento em moderniza\u00e7\u00e3o foi direcionado para aumentar a taxa de recupera\u00e7\u00e3o metal\u00fargica da planta de beneficiamento. A amplia\u00e7\u00e3o do rendimento do processo tornou a planta mais eficiente, permitindo uma maior produ\u00e7\u00e3o de n\u00edquel com a mesma base de energia gasta, o que otimiza significativamente seu consumo espec\u00edfico. Para Oliveira, a otimiza\u00e7\u00e3o da taxa de recupera\u00e7\u00e3o metal\u00fargica e da efici\u00eancia energ\u00e9tica da planta impactou na melhoria direta do KPI (indicador-chave de desempenho) ambiental mais importante para a empresa: a redu\u00e7\u00e3o das emiss\u00f5es de toneladas de CO2e (carbono equivalente) por tonelada de n\u00edquel produzida. \u201cEm 2025, essa redu\u00e7\u00e3o foi de 13% em compara\u00e7\u00e3o a 2024, o que torna nosso n\u00edquel ainda mais sustent\u00e1vel para o mercado global\u201d, avalia o diretor.<\/p>\n<h5>Foto em destaque: Opera\u00e7\u00e3o da Atlantic Nickel, na mina Santa Rita, em Itagib\u00e1 (Graphcoa\/Divulga\u00e7\u00e3o)<\/h5>\n<p><strong>\u00a0<\/strong><\/p>\n","protected":false},"excerpt":{"rendered":"<p>Melhorias na recupera\u00e7\u00e3o de min\u00e9rio pela Atlantic Nickel e digitaliza\u00e7\u00e3o de sistemas na Graphcoa resultam em ganhos ambientais e evitam desperd\u00edcios<\/p>\n","protected":false},"author":3,"featured_media":0,"comment_status":"open","ping_status":"open","sticky":false,"template":"","format":"standard","meta":{"footnotes":""},"categories":[9],"tags":[],"class_list":["post-31826","post","type-post","status-publish","format-standard","hentry","category-meio-ambiente"],"yoast_head":"<!-- This site is optimized with the Yoast SEO plugin v28.3 - https:\/\/yoast.com\/product\/yoast-seo-wordpress\/ -->\n<title>FONTES RENOV\u00c1VEIS E CONSUMO SOB DEMANDA - Revista In The Mine<\/title>\n<meta name=\"description\" content=\"Melhorias na recupera\u00e7\u00e3o de min\u00e9rio pela Atlantic Nickel e digitaliza\u00e7\u00e3o de sistemas na Graphcoa resultam em ganhos ambientais e evitam desperd\u00edcios\" \/>\n<meta name=\"robots\" content=\"index, follow, max-snippet:-1, max-image-preview:large, max-video-preview:-1\" \/>\n<link rel=\"canonical\" href=\"https:\/\/www.inthemine.com.br\/site\/fontes-renovaveis-e-consumo-sob-demanda\/\" \/>\n<meta property=\"og:locale\" content=\"pt_BR\" \/>\n<meta property=\"og:type\" content=\"article\" \/>\n<meta property=\"og:title\" content=\"FONTES RENOV\u00c1VEIS E CONSUMO SOB DEMANDA - Revista In The Mine\" \/>\n<meta property=\"og:description\" content=\"Melhorias na recupera\u00e7\u00e3o de min\u00e9rio pela Atlantic Nickel e digitaliza\u00e7\u00e3o de sistemas na Graphcoa resultam em ganhos ambientais e evitam desperd\u00edcios\" \/>\n<meta property=\"og:url\" content=\"https:\/\/www.inthemine.com.br\/site\/fontes-renovaveis-e-consumo-sob-demanda\/\" \/>\n<meta property=\"og:site_name\" content=\"Revista In The Mine\" \/>\n<meta property=\"article:publisher\" content=\"http:\/\/www.facebook.com\/inthemine\" \/>\n<meta property=\"article:published_time\" content=\"2026-08-31T16:03:11+00:00\" \/>\n<meta property=\"article:modified_time\" content=\"2026-08-31T16:07:20+00:00\" \/>\n<meta property=\"og:image\" content=\"https:\/\/www.inthemine.com.br\/site\/wp-content\/uploads\/2026\/08\/Foto1-2-e1788192151401.jpg\" \/>\n\t<meta property=\"og:image:width\" content=\"700\" \/>\n\t<meta property=\"og:image:height\" content=\"600\" \/>\n\t<meta property=\"og:image:type\" content=\"image\/jpeg\" \/>\n<meta name=\"author\" content=\"Reda\u00e7\u00e3o ITM\" \/>\n<meta name=\"twitter:card\" content=\"summary_large_image\" \/>\n<meta name=\"twitter:creator\" content=\"@intheminet\" \/>\n<meta name=\"twitter:site\" content=\"@intheminet\" \/>\n<meta name=\"twitter:label1\" content=\"Escrito por\" \/>\n\t<meta name=\"twitter:data1\" content=\"Reda\u00e7\u00e3o ITM\" \/>\n\t<meta name=\"twitter:label2\" content=\"Est. tempo de leitura\" \/>\n\t<meta name=\"twitter:data2\" content=\"5 minutos\" \/>\n<script type=\"application\/ld+json\" class=\"yoast-schema-graph\">{\"@context\":\"https:\\\/\\\/schema.org\",\"@graph\":[{\"@type\":\"Article\",\"@id\":\"https:\\\/\\\/www.inthemine.com.br\\\/site\\\/fontes-renovaveis-e-consumo-sob-demanda\\\/#article\",\"isPartOf\":{\"@id\":\"https:\\\/\\\/www.inthemine.com.br\\\/site\\\/fontes-renovaveis-e-consumo-sob-demanda\\\/\"},\"author\":{\"name\":\"Reda\u00e7\u00e3o ITM\",\"@id\":\"https:\\\/\\\/www.inthemine.com.br\\\/site\\\/#\\\/schema\\\/person\\\/9eb77cece2cea253bb36c4b68c6a324c\"},\"headline\":\"FONTES RENOV\u00c1VEIS E CONSUMO SOB DEMANDA\",\"datePublished\":\"2026-08-31T16:03:11+00:00\",\"dateModified\":\"2026-08-31T16:07:20+00:00\",\"mainEntityOfPage\":{\"@id\":\"https:\\\/\\\/www.inthemine.com.br\\\/site\\\/fontes-renovaveis-e-consumo-sob-demanda\\\/\"},\"wordCount\":899,\"commentCount\":0,\"publisher\":{\"@id\":\"https:\\\/\\\/www.inthemine.com.br\\\/site\\\/#organization\"},\"image\":{\"@id\":\"https:\\\/\\\/www.inthemine.com.br\\\/site\\\/fontes-renovaveis-e-consumo-sob-demanda\\\/#primaryimage\"},\"thumbnailUrl\":\"https:\\\/\\\/www.inthemine.com.br\\\/site\\\/wp-content\\\/uploads\\\/2026\\\/08\\\/Foto1-2-e1788192151401.jpg\",\"articleSection\":[\"SUSTENTABILIDADE\"],\"inLanguage\":\"pt-BR\",\"potentialAction\":[{\"@type\":\"CommentAction\",\"name\":\"Comment\",\"target\":[\"https:\\\/\\\/www.inthemine.com.br\\\/site\\\/fontes-renovaveis-e-consumo-sob-demanda\\\/#respond\"]}]},{\"@type\":\"WebPage\",\"@id\":\"https:\\\/\\\/www.inthemine.com.br\\\/site\\\/fontes-renovaveis-e-consumo-sob-demanda\\\/\",\"url\":\"https:\\\/\\\/www.inthemine.com.br\\\/site\\\/fontes-renovaveis-e-consumo-sob-demanda\\\/\",\"name\":\"FONTES RENOV\u00c1VEIS E CONSUMO SOB DEMANDA - Revista In The Mine\",\"isPartOf\":{\"@id\":\"https:\\\/\\\/www.inthemine.com.br\\\/site\\\/#website\"},\"primaryImageOfPage\":{\"@id\":\"https:\\\/\\\/www.inthemine.com.br\\\/site\\\/fontes-renovaveis-e-consumo-sob-demanda\\\/#primaryimage\"},\"image\":{\"@id\":\"https:\\\/\\\/www.inthemine.com.br\\\/site\\\/fontes-renovaveis-e-consumo-sob-demanda\\\/#primaryimage\"},\"thumbnailUrl\":\"https:\\\/\\\/www.inthemine.com.br\\\/site\\\/wp-content\\\/uploads\\\/2026\\\/08\\\/Foto1-2-e1788192151401.jpg\",\"datePublished\":\"2026-08-31T16:03:11+00:00\",\"dateModified\":\"2026-08-31T16:07:20+00:00\",\"description\":\"Melhorias na recupera\u00e7\u00e3o de min\u00e9rio pela Atlantic Nickel e digitaliza\u00e7\u00e3o de sistemas na Graphcoa resultam em ganhos ambientais e evitam desperd\u00edcios\",\"breadcrumb\":{\"@id\":\"https:\\\/\\\/www.inthemine.com.br\\\/site\\\/fontes-renovaveis-e-consumo-sob-demanda\\\/#breadcrumb\"},\"inLanguage\":\"pt-BR\",\"potentialAction\":[{\"@type\":\"ReadAction\",\"target\":[\"https:\\\/\\\/www.inthemine.com.br\\\/site\\\/fontes-renovaveis-e-consumo-sob-demanda\\\/\"]}]},{\"@type\":\"ImageObject\",\"inLanguage\":\"pt-BR\",\"@id\":\"https:\\\/\\\/www.inthemine.com.br\\\/site\\\/fontes-renovaveis-e-consumo-sob-demanda\\\/#primaryimage\",\"url\":\"https:\\\/\\\/www.inthemine.com.br\\\/site\\\/wp-content\\\/uploads\\\/2026\\\/08\\\/Foto1-2-e1788192151401.jpg\",\"contentUrl\":\"https:\\\/\\\/www.inthemine.com.br\\\/site\\\/wp-content\\\/uploads\\\/2026\\\/08\\\/Foto1-2-e1788192151401.jpg\"},{\"@type\":\"BreadcrumbList\",\"@id\":\"https:\\\/\\\/www.inthemine.com.br\\\/site\\\/fontes-renovaveis-e-consumo-sob-demanda\\\/#breadcrumb\",\"itemListElement\":[{\"@type\":\"ListItem\",\"position\":1,\"name\":\"In\u00edcio\",\"item\":\"https:\\\/\\\/www.inthemine.com.br\\\/site\\\/\"},{\"@type\":\"ListItem\",\"position\":2,\"name\":\"FONTES RENOV\u00c1VEIS E CONSUMO SOB DEMANDA\"}]},{\"@type\":\"WebSite\",\"@id\":\"https:\\\/\\\/www.inthemine.com.br\\\/site\\\/#website\",\"url\":\"https:\\\/\\\/www.inthemine.com.br\\\/site\\\/\",\"name\":\"Revista In The Mine\",\"description\":\"Minera\u00e7\u00e3o brasileira\",\"publisher\":{\"@id\":\"https:\\\/\\\/www.inthemine.com.br\\\/site\\\/#organization\"},\"potentialAction\":[{\"@type\":\"SearchAction\",\"target\":{\"@type\":\"EntryPoint\",\"urlTemplate\":\"https:\\\/\\\/www.inthemine.com.br\\\/site\\\/?s={search_term_string}\"},\"query-input\":{\"@type\":\"PropertyValueSpecification\",\"valueRequired\":true,\"valueName\":\"search_term_string\"}}],\"inLanguage\":\"pt-BR\"},{\"@type\":\"Organization\",\"@id\":\"https:\\\/\\\/www.inthemine.com.br\\\/site\\\/#organization\",\"name\":\"In The Mine magazine\",\"url\":\"https:\\\/\\\/www.inthemine.com.br\\\/site\\\/\",\"logo\":{\"@type\":\"ImageObject\",\"inLanguage\":\"pt-BR\",\"@id\":\"https:\\\/\\\/www.inthemine.com.br\\\/site\\\/#\\\/schema\\\/logo\\\/image\\\/\",\"url\":\"https:\\\/\\\/www.inthemine.com.br\\\/site\\\/wp-content\\\/uploads\\\/2014\\\/08\\\/parceiro_theinmine.png\",\"contentUrl\":\"https:\\\/\\\/www.inthemine.com.br\\\/site\\\/wp-content\\\/uploads\\\/2014\\\/08\\\/parceiro_theinmine.png\",\"width\":170,\"height\":120,\"caption\":\"In The Mine magazine\"},\"image\":{\"@id\":\"https:\\\/\\\/www.inthemine.com.br\\\/site\\\/#\\\/schema\\\/logo\\\/image\\\/\"},\"sameAs\":[\"http:\\\/\\\/www.facebook.com\\\/inthemine\",\"https:\\\/\\\/x.com\\\/intheminet\",\"https:\\\/\\\/www.instagram.com\\\/minegaleria\",\"https:\\\/\\\/www.linkedin.com\\\/company\\\/in-the-mine?trk=biz-companies-cym\",\"https:\\\/\\\/www.youtube.com\\\/user\\\/revistainthemine\"]},{\"@type\":\"Person\",\"@id\":\"https:\\\/\\\/www.inthemine.com.br\\\/site\\\/#\\\/schema\\\/person\\\/9eb77cece2cea253bb36c4b68c6a324c\",\"name\":\"Reda\u00e7\u00e3o ITM\",\"image\":{\"@type\":\"ImageObject\",\"inLanguage\":\"pt-BR\",\"@id\":\"https:\\\/\\\/secure.gravatar.com\\\/avatar\\\/0f7f41419befdee0feca08f9ea1e434cac9c04e0b8d28ab40cffb82628fcfdf1?s=96&d=mm&r=g\",\"url\":\"https:\\\/\\\/secure.gravatar.com\\\/avatar\\\/0f7f41419befdee0feca08f9ea1e434cac9c04e0b8d28ab40cffb82628fcfdf1?s=96&d=mm&r=g\",\"contentUrl\":\"https:\\\/\\\/secure.gravatar.com\\\/avatar\\\/0f7f41419befdee0feca08f9ea1e434cac9c04e0b8d28ab40cffb82628fcfdf1?s=96&d=mm&r=g\",\"caption\":\"Reda\u00e7\u00e3o ITM\"},\"url\":\"https:\\\/\\\/www.inthemine.com.br\\\/site\\\/author\\\/admin-itm\\\/\"}]}<\/script>\n<!-- \/ Yoast SEO plugin. -->","yoast_head_json":{"title":"FONTES RENOV\u00c1VEIS E CONSUMO SOB DEMANDA - Revista In The Mine","description":"Melhorias na recupera\u00e7\u00e3o de min\u00e9rio pela Atlantic Nickel e digitaliza\u00e7\u00e3o de sistemas na Graphcoa resultam em ganhos ambientais e evitam desperd\u00edcios","robots":{"index":"index","follow":"follow","max-snippet":"max-snippet:-1","max-image-preview":"max-image-preview:large","max-video-preview":"max-video-preview:-1"},"canonical":"https:\/\/www.inthemine.com.br\/site\/fontes-renovaveis-e-consumo-sob-demanda\/","og_locale":"pt_BR","og_type":"article","og_title":"FONTES RENOV\u00c1VEIS E CONSUMO SOB DEMANDA - Revista In The Mine","og_description":"Melhorias na recupera\u00e7\u00e3o de min\u00e9rio pela Atlantic Nickel e digitaliza\u00e7\u00e3o de sistemas na Graphcoa resultam em ganhos ambientais e evitam desperd\u00edcios","og_url":"https:\/\/www.inthemine.com.br\/site\/fontes-renovaveis-e-consumo-sob-demanda\/","og_site_name":"Revista In The Mine","article_publisher":"http:\/\/www.facebook.com\/inthemine","article_published_time":"2026-08-31T16:03:11+00:00","article_modified_time":"2026-08-31T16:07:20+00:00","og_image":[{"width":700,"height":600,"url":"https:\/\/www.inthemine.com.br\/site\/wp-content\/uploads\/2026\/08\/Foto1-2-e1788192151401.jpg","type":"image\/jpeg"}],"author":"Reda\u00e7\u00e3o ITM","twitter_card":"summary_large_image","twitter_creator":"@intheminet","twitter_site":"@intheminet","twitter_misc":{"Escrito por":"Reda\u00e7\u00e3o ITM","Est. tempo de leitura":"5 minutos"},"schema":{"@context":"https:\/\/schema.org","@graph":[{"@type":"Article","@id":"https:\/\/www.inthemine.com.br\/site\/fontes-renovaveis-e-consumo-sob-demanda\/#article","isPartOf":{"@id":"https:\/\/www.inthemine.com.br\/site\/fontes-renovaveis-e-consumo-sob-demanda\/"},"author":{"name":"Reda\u00e7\u00e3o ITM","@id":"https:\/\/www.inthemine.com.br\/site\/#\/schema\/person\/9eb77cece2cea253bb36c4b68c6a324c"},"headline":"FONTES RENOV\u00c1VEIS E CONSUMO SOB DEMANDA","datePublished":"2026-08-31T16:03:11+00:00","dateModified":"2026-08-31T16:07:20+00:00","mainEntityOfPage":{"@id":"https:\/\/www.inthemine.com.br\/site\/fontes-renovaveis-e-consumo-sob-demanda\/"},"wordCount":899,"commentCount":0,"publisher":{"@id":"https:\/\/www.inthemine.com.br\/site\/#organization"},"image":{"@id":"https:\/\/www.inthemine.com.br\/site\/fontes-renovaveis-e-consumo-sob-demanda\/#primaryimage"},"thumbnailUrl":"https:\/\/www.inthemine.com.br\/site\/wp-content\/uploads\/2026\/08\/Foto1-2-e1788192151401.jpg","articleSection":["SUSTENTABILIDADE"],"inLanguage":"pt-BR","potentialAction":[{"@type":"CommentAction","name":"Comment","target":["https:\/\/www.inthemine.com.br\/site\/fontes-renovaveis-e-consumo-sob-demanda\/#respond"]}]},{"@type":"WebPage","@id":"https:\/\/www.inthemine.com.br\/site\/fontes-renovaveis-e-consumo-sob-demanda\/","url":"https:\/\/www.inthemine.com.br\/site\/fontes-renovaveis-e-consumo-sob-demanda\/","name":"FONTES RENOV\u00c1VEIS E CONSUMO SOB DEMANDA - Revista In The Mine","isPartOf":{"@id":"https:\/\/www.inthemine.com.br\/site\/#website"},"primaryImageOfPage":{"@id":"https:\/\/www.inthemine.com.br\/site\/fontes-renovaveis-e-consumo-sob-demanda\/#primaryimage"},"image":{"@id":"https:\/\/www.inthemine.com.br\/site\/fontes-renovaveis-e-consumo-sob-demanda\/#primaryimage"},"thumbnailUrl":"https:\/\/www.inthemine.com.br\/site\/wp-content\/uploads\/2026\/08\/Foto1-2-e1788192151401.jpg","datePublished":"2026-08-31T16:03:11+00:00","dateModified":"2026-08-31T16:07:20+00:00","description":"Melhorias na recupera\u00e7\u00e3o de min\u00e9rio pela Atlantic Nickel e digitaliza\u00e7\u00e3o de sistemas na Graphcoa resultam em ganhos ambientais e evitam desperd\u00edcios","breadcrumb":{"@id":"https:\/\/www.inthemine.com.br\/site\/fontes-renovaveis-e-consumo-sob-demanda\/#breadcrumb"},"inLanguage":"pt-BR","potentialAction":[{"@type":"ReadAction","target":["https:\/\/www.inthemine.com.br\/site\/fontes-renovaveis-e-consumo-sob-demanda\/"]}]},{"@type":"ImageObject","inLanguage":"pt-BR","@id":"https:\/\/www.inthemine.com.br\/site\/fontes-renovaveis-e-consumo-sob-demanda\/#primaryimage","url":"https:\/\/www.inthemine.com.br\/site\/wp-content\/uploads\/2026\/08\/Foto1-2-e1788192151401.jpg","contentUrl":"https:\/\/www.inthemine.com.br\/site\/wp-content\/uploads\/2026\/08\/Foto1-2-e1788192151401.jpg"},{"@type":"BreadcrumbList","@id":"https:\/\/www.inthemine.com.br\/site\/fontes-renovaveis-e-consumo-sob-demanda\/#breadcrumb","itemListElement":[{"@type":"ListItem","position":1,"name":"In\u00edcio","item":"https:\/\/www.inthemine.com.br\/site\/"},{"@type":"ListItem","position":2,"name":"FONTES RENOV\u00c1VEIS E CONSUMO SOB DEMANDA"}]},{"@type":"WebSite","@id":"https:\/\/www.inthemine.com.br\/site\/#website","url":"https:\/\/www.inthemine.com.br\/site\/","name":"Revista In The Mine","description":"Minera\u00e7\u00e3o brasileira","publisher":{"@id":"https:\/\/www.inthemine.com.br\/site\/#organization"},"potentialAction":[{"@type":"SearchAction","target":{"@type":"EntryPoint","urlTemplate":"https:\/\/www.inthemine.com.br\/site\/?s={search_term_string}"},"query-input":{"@type":"PropertyValueSpecification","valueRequired":true,"valueName":"search_term_string"}}],"inLanguage":"pt-BR"},{"@type":"Organization","@id":"https:\/\/www.inthemine.com.br\/site\/#organization","name":"In The Mine magazine","url":"https:\/\/www.inthemine.com.br\/site\/","logo":{"@type":"ImageObject","inLanguage":"pt-BR","@id":"https:\/\/www.inthemine.com.br\/site\/#\/schema\/logo\/image\/","url":"https:\/\/www.inthemine.com.br\/site\/wp-content\/uploads\/2014\/08\/parceiro_theinmine.png","contentUrl":"https:\/\/www.inthemine.com.br\/site\/wp-content\/uploads\/2014\/08\/parceiro_theinmine.png","width":170,"height":120,"caption":"In The Mine magazine"},"image":{"@id":"https:\/\/www.inthemine.com.br\/site\/#\/schema\/logo\/image\/"},"sameAs":["http:\/\/www.facebook.com\/inthemine","https:\/\/x.com\/intheminet","https:\/\/www.instagram.com\/minegaleria","https:\/\/www.linkedin.com\/company\/in-the-mine?trk=biz-companies-cym","https:\/\/www.youtube.com\/user\/revistainthemine"]},{"@type":"Person","@id":"https:\/\/www.inthemine.com.br\/site\/#\/schema\/person\/9eb77cece2cea253bb36c4b68c6a324c","name":"Reda\u00e7\u00e3o ITM","image":{"@type":"ImageObject","inLanguage":"pt-BR","@id":"https:\/\/secure.gravatar.com\/avatar\/0f7f41419befdee0feca08f9ea1e434cac9c04e0b8d28ab40cffb82628fcfdf1?s=96&d=mm&r=g","url":"https:\/\/secure.gravatar.com\/avatar\/0f7f41419befdee0feca08f9ea1e434cac9c04e0b8d28ab40cffb82628fcfdf1?s=96&d=mm&r=g","contentUrl":"https:\/\/secure.gravatar.com\/avatar\/0f7f41419befdee0feca08f9ea1e434cac9c04e0b8d28ab40cffb82628fcfdf1?s=96&d=mm&r=g","caption":"Reda\u00e7\u00e3o ITM"},"url":"https:\/\/www.inthemine.com.br\/site\/author\/admin-itm\/"}]}},"_links":{"self":[{"href":"https:\/\/www.inthemine.com.br\/site\/wp-json\/wp\/v2\/posts\/31826","targetHints":{"allow":["GET"]}}],"collection":[{"href":"https:\/\/www.inthemine.com.br\/site\/wp-json\/wp\/v2\/posts"}],"about":[{"href":"https:\/\/www.inthemine.com.br\/site\/wp-json\/wp\/v2\/types\/post"}],"author":[{"embeddable":true,"href":"https:\/\/www.inthemine.com.br\/site\/wp-json\/wp\/v2\/users\/3"}],"replies":[{"embeddable":true,"href":"https:\/\/www.inthemine.com.br\/site\/wp-json\/wp\/v2\/comments?post=31826"}],"version-history":[{"count":2,"href":"https:\/\/www.inthemine.com.br\/site\/wp-json\/wp\/v2\/posts\/31826\/revisions"}],"predecessor-version":[{"id":31831,"href":"https:\/\/www.inthemine.com.br\/site\/wp-json\/wp\/v2\/posts\/31826\/revisions\/31831"}],"wp:attachment":[{"href":"https:\/\/www.inthemine.com.br\/site\/wp-json\/wp\/v2\/media?parent=31826"}],"wp:term":[{"taxonomy":"category","embeddable":true,"href":"https:\/\/www.inthemine.com.br\/site\/wp-json\/wp\/v2\/categories?post=31826"},{"taxonomy":"post_tag","embeddable":true,"href":"https:\/\/www.inthemine.com.br\/site\/wp-json\/wp\/v2\/tags?post=31826"}],"curies":[{"name":"wp","href":"https:\/\/api.w.org\/{rel}","templated":true}]}}