{"id":31729,"date":"2026-07-22T15:56:55","date_gmt":"2026-07-22T18:56:55","guid":{"rendered":"https:\/\/www.inthemine.com.br\/site\/?p=31729"},"modified":"2026-08-27T15:59:46","modified_gmt":"2026-08-27T18:59:46","slug":"kinross-brasil-lamenta-morte-de-eduardo-barbosa","status":"publish","type":"post","link":"https:\/\/www.inthemine.com.br\/site\/kinross-brasil-lamenta-morte-de-eduardo-barbosa\/","title":{"rendered":"KINROSS BRASIL LAMENTA MORTE DE EDUARDO BARBOSA"},"content":{"rendered":"<p>A Kinross Brasil comunicou o falecimento de Eduardo Magalh\u00e3es Barbosa, diretor de Suporte ao Neg\u00f3cio na Am\u00e9rica do Sul, ocorrido em 21 de julho, em Belo Horizonte (MG). Aos 55 anos, o executivo deixa uma trajet\u00f3ria de mais de tr\u00eas d\u00e9cadas de atua\u00e7\u00e3o profissional, sendo 19 anos dedicados \u00e0 companhia.<\/p>\n<p>Natural de Bambu\u00ed (MG), iniciou sua carreira na Kinross como gerente de Tecnologia da Informa\u00e7\u00e3o no Brasil, assumindo posteriormente a diretoria de TI para a Am\u00e9rica do Sul e, mais tarde, a lideran\u00e7a integrada das \u00e1reas de Tecnologia da Informa\u00e7\u00e3o, Recursos Humanos e Suprimentos. Antes de ingressar na minera\u00e7\u00e3o, atuou nos setores de servi\u00e7os e financeiro.<\/p>\n<p>Em 2018, foi reconhecido entre os principais executivos de tecnologia do pa\u00eds no pr\u00eamio Executivo de TI do Ano. Em nota, a Kinross destacou seu legado de respeito, colabora\u00e7\u00e3o e contribui\u00e7\u00e3o para o fortalecimento das opera\u00e7\u00f5es da empresa no pa\u00eds.<\/p>\n<h5>Foto: Kinross Brasil\/Divulga\u00e7\u00e3o<\/h5>\n","protected":false},"excerpt":{"rendered":"<p>Executivo deixa trajet\u00f3ria de mais de 30 anos, marcada pela lideran\u00e7a em tecnologia, recursos humanos e suprimentos<\/p>\n","protected":false},"author":3,"featured_media":31730,"comment_status":"open","ping_status":"open","sticky":false,"template":"","format":"standard","meta":{"footnotes":""},"categories":[1],"tags":[],"class_list":["post-31729","post","type-post","status-publish","format-standard","has-post-thumbnail","hentry","category-uncategorized"],"yoast_head":"<!-- This site is optimized with the Yoast SEO plugin v28.4 - https:\/\/yoast.com\/product\/yoast-seo-wordpress\/ -->\n<title>KINROSS BRASIL LAMENTA MORTE DE EDUARDO BARBOSA - Revista In The Mine<\/title>\n<meta name=\"description\" content=\"Executivo deixa trajet\u00f3ria de mais de 30 anos, marcada pela lideran\u00e7a em tecnologia, recursos humanos e suprimentos\" \/>\n<meta name=\"robots\" content=\"index, follow, max-snippet:-1, max-image-preview:large, max-video-preview:-1\" \/>\n<link rel=\"canonical\" href=\"https:\/\/www.inthemine.com.br\/site\/kinross-brasil-lamenta-morte-de-eduardo-barbosa\/\" \/>\n<meta property=\"og:locale\" content=\"pt_BR\" \/>\n<meta property=\"og:type\" content=\"article\" \/>\n<meta property=\"og:title\" content=\"KINROSS BRASIL LAMENTA MORTE DE EDUARDO BARBOSA - Revista In The Mine\" \/>\n<meta property=\"og:description\" content=\"Executivo deixa trajet\u00f3ria de mais de 30 anos, marcada pela lideran\u00e7a em tecnologia, recursos humanos e suprimentos\" \/>\n<meta property=\"og:url\" content=\"https:\/\/www.inthemine.com.br\/site\/kinross-brasil-lamenta-morte-de-eduardo-barbosa\/\" \/>\n<meta property=\"og:site_name\" content=\"Revista In The Mine\" \/>\n<meta property=\"article:publisher\" content=\"http:\/\/www.facebook.com\/inthemine\" \/>\n<meta property=\"article:published_time\" content=\"2026-07-22T18:56:55+00:00\" \/>\n<meta property=\"article:modified_time\" content=\"2026-08-27T18:59:46+00:00\" \/>\n<meta property=\"og:image\" content=\"https:\/\/www.inthemine.com.br\/site\/wp-content\/uploads\/2026\/08\/Foto5web.jpg\" \/>\n\t<meta property=\"og:image:width\" content=\"800\" \/>\n\t<meta property=\"og:image:height\" content=\"600\" \/>\n\t<meta property=\"og:image:type\" content=\"image\/jpeg\" \/>\n<meta name=\"author\" content=\"Reda\u00e7\u00e3o ITM\" \/>\n<meta name=\"twitter:card\" content=\"summary_large_image\" \/>\n<meta name=\"twitter:creator\" content=\"@intheminet\" \/>\n<meta name=\"twitter:site\" content=\"@intheminet\" \/>\n<meta name=\"twitter:label1\" content=\"Escrito por\" \/>\n\t<meta name=\"twitter:data1\" content=\"Reda\u00e7\u00e3o ITM\" \/>\n\t<meta name=\"twitter:label2\" content=\"Est. tempo de leitura\" \/>\n\t<meta name=\"twitter:data2\" content=\"2 minutos\" \/>\n<script type=\"application\/ld+json\" class=\"yoast-schema-graph\">{\"@context\":\"https:\\\/\\\/schema.org\",\"@graph\":[{\"@type\":\"Article\",\"@id\":\"https:\\\/\\\/www.inthemine.com.br\\\/site\\\/kinross-brasil-lamenta-morte-de-eduardo-barbosa\\\/#article\",\"isPartOf\":{\"@id\":\"https:\\\/\\\/www.inthemine.com.br\\\/site\\\/kinross-brasil-lamenta-morte-de-eduardo-barbosa\\\/\"},\"author\":{\"name\":\"Reda\u00e7\u00e3o ITM\",\"@id\":\"https:\\\/\\\/www.inthemine.com.br\\\/site\\\/#\\\/schema\\\/person\\\/9eb77cece2cea253bb36c4b68c6a324c\"},\"headline\":\"KINROSS BRASIL LAMENTA MORTE DE EDUARDO BARBOSA\",\"datePublished\":\"2026-07-22T18:56:55+00:00\",\"dateModified\":\"2026-08-27T18:59:46+00:00\",\"mainEntityOfPage\":{\"@id\":\"https:\\\/\\\/www.inthemine.com.br\\\/site\\\/kinross-brasil-lamenta-morte-de-eduardo-barbosa\\\/\"},\"wordCount\":172,\"commentCount\":0,\"publisher\":{\"@id\":\"https:\\\/\\\/www.inthemine.com.br\\\/site\\\/#organization\"},\"image\":{\"@id\":\"https:\\\/\\\/www.inthemine.com.br\\\/site\\\/kinross-brasil-lamenta-morte-de-eduardo-barbosa\\\/#primaryimage\"},\"thumbnailUrl\":\"https:\\\/\\\/www.inthemine.com.br\\\/site\\\/wp-content\\\/uploads\\\/2026\\\/08\\\/Foto5web.jpg\",\"articleSection\":[\"Uncategorized\"],\"inLanguage\":\"pt-BR\",\"potentialAction\":[{\"@type\":\"CommentAction\",\"name\":\"Comment\",\"target\":[\"https:\\\/\\\/www.inthemine.com.br\\\/site\\\/kinross-brasil-lamenta-morte-de-eduardo-barbosa\\\/#respond\"]}]},{\"@type\":\"WebPage\",\"@id\":\"https:\\\/\\\/www.inthemine.com.br\\\/site\\\/kinross-brasil-lamenta-morte-de-eduardo-barbosa\\\/\",\"url\":\"https:\\\/\\\/www.inthemine.com.br\\\/site\\\/kinross-brasil-lamenta-morte-de-eduardo-barbosa\\\/\",\"name\":\"KINROSS BRASIL LAMENTA MORTE DE EDUARDO BARBOSA - Revista In The Mine\",\"isPartOf\":{\"@id\":\"https:\\\/\\\/www.inthemine.com.br\\\/site\\\/#website\"},\"primaryImageOfPage\":{\"@id\":\"https:\\\/\\\/www.inthemine.com.br\\\/site\\\/kinross-brasil-lamenta-morte-de-eduardo-barbosa\\\/#primaryimage\"},\"image\":{\"@id\":\"https:\\\/\\\/www.inthemine.com.br\\\/site\\\/kinross-brasil-lamenta-morte-de-eduardo-barbosa\\\/#primaryimage\"},\"thumbnailUrl\":\"https:\\\/\\\/www.inthemine.com.br\\\/site\\\/wp-content\\\/uploads\\\/2026\\\/08\\\/Foto5web.jpg\",\"datePublished\":\"2026-07-22T18:56:55+00:00\",\"dateModified\":\"2026-08-27T18:59:46+00:00\",\"description\":\"Executivo deixa trajet\u00f3ria de mais de 30 anos, marcada pela lideran\u00e7a em tecnologia, recursos humanos e suprimentos\",\"breadcrumb\":{\"@id\":\"https:\\\/\\\/www.inthemine.com.br\\\/site\\\/kinross-brasil-lamenta-morte-de-eduardo-barbosa\\\/#breadcrumb\"},\"inLanguage\":\"pt-BR\",\"potentialAction\":[{\"@type\":\"ReadAction\",\"target\":[\"https:\\\/\\\/www.inthemine.com.br\\\/site\\\/kinross-brasil-lamenta-morte-de-eduardo-barbosa\\\/\"]}]},{\"@type\":\"ImageObject\",\"inLanguage\":\"pt-BR\",\"@id\":\"https:\\\/\\\/www.inthemine.com.br\\\/site\\\/kinross-brasil-lamenta-morte-de-eduardo-barbosa\\\/#primaryimage\",\"url\":\"https:\\\/\\\/www.inthemine.com.br\\\/site\\\/wp-content\\\/uploads\\\/2026\\\/08\\\/Foto5web.jpg\",\"contentUrl\":\"https:\\\/\\\/www.inthemine.com.br\\\/site\\\/wp-content\\\/uploads\\\/2026\\\/08\\\/Foto5web.jpg\",\"width\":800,\"height\":600,\"caption\":\"Eduardo Magalh\u00e3es Barbosa\"},{\"@type\":\"BreadcrumbList\",\"@id\":\"https:\\\/\\\/www.inthemine.com.br\\\/site\\\/kinross-brasil-lamenta-morte-de-eduardo-barbosa\\\/#breadcrumb\",\"itemListElement\":[{\"@type\":\"ListItem\",\"position\":1,\"name\":\"In\u00edcio\",\"item\":\"https:\\\/\\\/www.inthemine.com.br\\\/site\\\/\"},{\"@type\":\"ListItem\",\"position\":2,\"name\":\"KINROSS BRASIL LAMENTA MORTE DE EDUARDO BARBOSA\"}]},{\"@type\":\"WebSite\",\"@id\":\"https:\\\/\\\/www.inthemine.com.br\\\/site\\\/#website\",\"url\":\"https:\\\/\\\/www.inthemine.com.br\\\/site\\\/\",\"name\":\"Revista In The Mine\",\"description\":\"Minera\u00e7\u00e3o brasileira\",\"publisher\":{\"@id\":\"https:\\\/\\\/www.inthemine.com.br\\\/site\\\/#organization\"},\"potentialAction\":[{\"@type\":\"SearchAction\",\"target\":{\"@type\":\"EntryPoint\",\"urlTemplate\":\"https:\\\/\\\/www.inthemine.com.br\\\/site\\\/?s={search_term_string}\"},\"query-input\":{\"@type\":\"PropertyValueSpecification\",\"valueRequired\":true,\"valueName\":\"search_term_string\"}}],\"inLanguage\":\"pt-BR\"},{\"@type\":\"Organization\",\"@id\":\"https:\\\/\\\/www.inthemine.com.br\\\/site\\\/#organization\",\"name\":\"In The Mine magazine\",\"url\":\"https:\\\/\\\/www.inthemine.com.br\\\/site\\\/\",\"logo\":{\"@type\":\"ImageObject\",\"inLanguage\":\"pt-BR\",\"@id\":\"https:\\\/\\\/www.inthemine.com.br\\\/site\\\/#\\\/schema\\\/logo\\\/image\\\/\",\"url\":\"https:\\\/\\\/www.inthemine.com.br\\\/site\\\/wp-content\\\/uploads\\\/2014\\\/08\\\/parceiro_theinmine.png\",\"contentUrl\":\"https:\\\/\\\/www.inthemine.com.br\\\/site\\\/wp-content\\\/uploads\\\/2014\\\/08\\\/parceiro_theinmine.png\",\"width\":170,\"height\":120,\"caption\":\"In The Mine magazine\"},\"image\":{\"@id\":\"https:\\\/\\\/www.inthemine.com.br\\\/site\\\/#\\\/schema\\\/logo\\\/image\\\/\"},\"sameAs\":[\"http:\\\/\\\/www.facebook.com\\\/inthemine\",\"https:\\\/\\\/x.com\\\/intheminet\",\"https:\\\/\\\/www.instagram.com\\\/minegaleria\",\"https:\\\/\\\/www.linkedin.com\\\/company\\\/in-the-mine?trk=biz-companies-cym\",\"https:\\\/\\\/www.youtube.com\\\/user\\\/revistainthemine\"]},{\"@type\":\"Person\",\"@id\":\"https:\\\/\\\/www.inthemine.com.br\\\/site\\\/#\\\/schema\\\/person\\\/9eb77cece2cea253bb36c4b68c6a324c\",\"name\":\"Reda\u00e7\u00e3o ITM\",\"image\":{\"@type\":\"ImageObject\",\"inLanguage\":\"pt-BR\",\"@id\":\"https:\\\/\\\/secure.gravatar.com\\\/avatar\\\/0f7f41419befdee0feca08f9ea1e434cac9c04e0b8d28ab40cffb82628fcfdf1?s=96&d=mm&r=g\",\"url\":\"https:\\\/\\\/secure.gravatar.com\\\/avatar\\\/0f7f41419befdee0feca08f9ea1e434cac9c04e0b8d28ab40cffb82628fcfdf1?s=96&d=mm&r=g\",\"contentUrl\":\"https:\\\/\\\/secure.gravatar.com\\\/avatar\\\/0f7f41419befdee0feca08f9ea1e434cac9c04e0b8d28ab40cffb82628fcfdf1?s=96&d=mm&r=g\",\"caption\":\"Reda\u00e7\u00e3o ITM\"},\"url\":\"https:\\\/\\\/www.inthemine.com.br\\\/site\\\/author\\\/admin-itm\\\/\"}]}<\/script>\n<!-- \/ Yoast SEO plugin. -->","yoast_head_json":{"title":"KINROSS BRASIL LAMENTA MORTE DE EDUARDO BARBOSA - Revista In The Mine","description":"Executivo deixa trajet\u00f3ria de mais de 30 anos, marcada pela lideran\u00e7a em tecnologia, recursos humanos e suprimentos","robots":{"index":"index","follow":"follow","max-snippet":"max-snippet:-1","max-image-preview":"max-image-preview:large","max-video-preview":"max-video-preview:-1"},"canonical":"https:\/\/www.inthemine.com.br\/site\/kinross-brasil-lamenta-morte-de-eduardo-barbosa\/","og_locale":"pt_BR","og_type":"article","og_title":"KINROSS BRASIL LAMENTA MORTE DE EDUARDO BARBOSA - Revista In The Mine","og_description":"Executivo deixa trajet\u00f3ria de mais de 30 anos, marcada pela lideran\u00e7a em tecnologia, recursos humanos e suprimentos","og_url":"https:\/\/www.inthemine.com.br\/site\/kinross-brasil-lamenta-morte-de-eduardo-barbosa\/","og_site_name":"Revista In The Mine","article_publisher":"http:\/\/www.facebook.com\/inthemine","article_published_time":"2026-07-22T18:56:55+00:00","article_modified_time":"2026-08-27T18:59:46+00:00","og_image":[{"width":800,"height":600,"url":"https:\/\/www.inthemine.com.br\/site\/wp-content\/uploads\/2026\/08\/Foto5web.jpg","type":"image\/jpeg"}],"author":"Reda\u00e7\u00e3o ITM","twitter_card":"summary_large_image","twitter_creator":"@intheminet","twitter_site":"@intheminet","twitter_misc":{"Escrito por":"Reda\u00e7\u00e3o ITM","Est. tempo de leitura":"2 minutos"},"schema":{"@context":"https:\/\/schema.org","@graph":[{"@type":"Article","@id":"https:\/\/www.inthemine.com.br\/site\/kinross-brasil-lamenta-morte-de-eduardo-barbosa\/#article","isPartOf":{"@id":"https:\/\/www.inthemine.com.br\/site\/kinross-brasil-lamenta-morte-de-eduardo-barbosa\/"},"author":{"name":"Reda\u00e7\u00e3o ITM","@id":"https:\/\/www.inthemine.com.br\/site\/#\/schema\/person\/9eb77cece2cea253bb36c4b68c6a324c"},"headline":"KINROSS BRASIL LAMENTA MORTE DE EDUARDO BARBOSA","datePublished":"2026-07-22T18:56:55+00:00","dateModified":"2026-08-27T18:59:46+00:00","mainEntityOfPage":{"@id":"https:\/\/www.inthemine.com.br\/site\/kinross-brasil-lamenta-morte-de-eduardo-barbosa\/"},"wordCount":172,"commentCount":0,"publisher":{"@id":"https:\/\/www.inthemine.com.br\/site\/#organization"},"image":{"@id":"https:\/\/www.inthemine.com.br\/site\/kinross-brasil-lamenta-morte-de-eduardo-barbosa\/#primaryimage"},"thumbnailUrl":"https:\/\/www.inthemine.com.br\/site\/wp-content\/uploads\/2026\/08\/Foto5web.jpg","articleSection":["Uncategorized"],"inLanguage":"pt-BR","potentialAction":[{"@type":"CommentAction","name":"Comment","target":["https:\/\/www.inthemine.com.br\/site\/kinross-brasil-lamenta-morte-de-eduardo-barbosa\/#respond"]}]},{"@type":"WebPage","@id":"https:\/\/www.inthemine.com.br\/site\/kinross-brasil-lamenta-morte-de-eduardo-barbosa\/","url":"https:\/\/www.inthemine.com.br\/site\/kinross-brasil-lamenta-morte-de-eduardo-barbosa\/","name":"KINROSS BRASIL LAMENTA MORTE DE EDUARDO BARBOSA - Revista In The Mine","isPartOf":{"@id":"https:\/\/www.inthemine.com.br\/site\/#website"},"primaryImageOfPage":{"@id":"https:\/\/www.inthemine.com.br\/site\/kinross-brasil-lamenta-morte-de-eduardo-barbosa\/#primaryimage"},"image":{"@id":"https:\/\/www.inthemine.com.br\/site\/kinross-brasil-lamenta-morte-de-eduardo-barbosa\/#primaryimage"},"thumbnailUrl":"https:\/\/www.inthemine.com.br\/site\/wp-content\/uploads\/2026\/08\/Foto5web.jpg","datePublished":"2026-07-22T18:56:55+00:00","dateModified":"2026-08-27T18:59:46+00:00","description":"Executivo deixa trajet\u00f3ria de mais de 30 anos, marcada pela lideran\u00e7a em tecnologia, recursos humanos e suprimentos","breadcrumb":{"@id":"https:\/\/www.inthemine.com.br\/site\/kinross-brasil-lamenta-morte-de-eduardo-barbosa\/#breadcrumb"},"inLanguage":"pt-BR","potentialAction":[{"@type":"ReadAction","target":["https:\/\/www.inthemine.com.br\/site\/kinross-brasil-lamenta-morte-de-eduardo-barbosa\/"]}]},{"@type":"ImageObject","inLanguage":"pt-BR","@id":"https:\/\/www.inthemine.com.br\/site\/kinross-brasil-lamenta-morte-de-eduardo-barbosa\/#primaryimage","url":"https:\/\/www.inthemine.com.br\/site\/wp-content\/uploads\/2026\/08\/Foto5web.jpg","contentUrl":"https:\/\/www.inthemine.com.br\/site\/wp-content\/uploads\/2026\/08\/Foto5web.jpg","width":800,"height":600,"caption":"Eduardo Magalh\u00e3es Barbosa"},{"@type":"BreadcrumbList","@id":"https:\/\/www.inthemine.com.br\/site\/kinross-brasil-lamenta-morte-de-eduardo-barbosa\/#breadcrumb","itemListElement":[{"@type":"ListItem","position":1,"name":"In\u00edcio","item":"https:\/\/www.inthemine.com.br\/site\/"},{"@type":"ListItem","position":2,"name":"KINROSS BRASIL LAMENTA MORTE DE EDUARDO BARBOSA"}]},{"@type":"WebSite","@id":"https:\/\/www.inthemine.com.br\/site\/#website","url":"https:\/\/www.inthemine.com.br\/site\/","name":"Revista In The Mine","description":"Minera\u00e7\u00e3o brasileira","publisher":{"@id":"https:\/\/www.inthemine.com.br\/site\/#organization"},"potentialAction":[{"@type":"SearchAction","target":{"@type":"EntryPoint","urlTemplate":"https:\/\/www.inthemine.com.br\/site\/?s={search_term_string}"},"query-input":{"@type":"PropertyValueSpecification","valueRequired":true,"valueName":"search_term_string"}}],"inLanguage":"pt-BR"},{"@type":"Organization","@id":"https:\/\/www.inthemine.com.br\/site\/#organization","name":"In The Mine magazine","url":"https:\/\/www.inthemine.com.br\/site\/","logo":{"@type":"ImageObject","inLanguage":"pt-BR","@id":"https:\/\/www.inthemine.com.br\/site\/#\/schema\/logo\/image\/","url":"https:\/\/www.inthemine.com.br\/site\/wp-content\/uploads\/2014\/08\/parceiro_theinmine.png","contentUrl":"https:\/\/www.inthemine.com.br\/site\/wp-content\/uploads\/2014\/08\/parceiro_theinmine.png","width":170,"height":120,"caption":"In The Mine magazine"},"image":{"@id":"https:\/\/www.inthemine.com.br\/site\/#\/schema\/logo\/image\/"},"sameAs":["http:\/\/www.facebook.com\/inthemine","https:\/\/x.com\/intheminet","https:\/\/www.instagram.com\/minegaleria","https:\/\/www.linkedin.com\/company\/in-the-mine?trk=biz-companies-cym","https:\/\/www.youtube.com\/user\/revistainthemine"]},{"@type":"Person","@id":"https:\/\/www.inthemine.com.br\/site\/#\/schema\/person\/9eb77cece2cea253bb36c4b68c6a324c","name":"Reda\u00e7\u00e3o ITM","image":{"@type":"ImageObject","inLanguage":"pt-BR","@id":"https:\/\/secure.gravatar.com\/avatar\/0f7f41419befdee0feca08f9ea1e434cac9c04e0b8d28ab40cffb82628fcfdf1?s=96&d=mm&r=g","url":"https:\/\/secure.gravatar.com\/avatar\/0f7f41419befdee0feca08f9ea1e434cac9c04e0b8d28ab40cffb82628fcfdf1?s=96&d=mm&r=g","contentUrl":"https:\/\/secure.gravatar.com\/avatar\/0f7f41419befdee0feca08f9ea1e434cac9c04e0b8d28ab40cffb82628fcfdf1?s=96&d=mm&r=g","caption":"Reda\u00e7\u00e3o ITM"},"url":"https:\/\/www.inthemine.com.br\/site\/author\/admin-itm\/"}]}},"_links":{"self":[{"href":"https:\/\/www.inthemine.com.br\/site\/wp-json\/wp\/v2\/posts\/31729","targetHints":{"allow":["GET"]}}],"collection":[{"href":"https:\/\/www.inthemine.com.br\/site\/wp-json\/wp\/v2\/posts"}],"about":[{"href":"https:\/\/www.inthemine.com.br\/site\/wp-json\/wp\/v2\/types\/post"}],"author":[{"embeddable":true,"href":"https:\/\/www.inthemine.com.br\/site\/wp-json\/wp\/v2\/users\/3"}],"replies":[{"embeddable":true,"href":"https:\/\/www.inthemine.com.br\/site\/wp-json\/wp\/v2\/comments?post=31729"}],"version-history":[{"count":1,"href":"https:\/\/www.inthemine.com.br\/site\/wp-json\/wp\/v2\/posts\/31729\/revisions"}],"predecessor-version":[{"id":31731,"href":"https:\/\/www.inthemine.com.br\/site\/wp-json\/wp\/v2\/posts\/31729\/revisions\/31731"}],"wp:featuredmedia":[{"embeddable":true,"href":"https:\/\/www.inthemine.com.br\/site\/wp-json\/wp\/v2\/media\/31730"}],"wp:attachment":[{"href":"https:\/\/www.inthemine.com.br\/site\/wp-json\/wp\/v2\/media?parent=31729"}],"wp:term":[{"taxonomy":"category","embeddable":true,"href":"https:\/\/www.inthemine.com.br\/site\/wp-json\/wp\/v2\/categories?post=31729"},{"taxonomy":"post_tag","embeddable":true,"href":"https:\/\/www.inthemine.com.br\/site\/wp-json\/wp\/v2\/tags?post=31729"}],"curies":[{"name":"wp","href":"https:\/\/api.w.org\/{rel}","templated":true}]}}