{"id":30957,"date":"2026-06-02T19:29:10","date_gmt":"2026-06-02T22:29:10","guid":{"rendered":"https:\/\/www.inthemine.com.br\/site\/?p=30957"},"modified":"2026-06-02T19:29:49","modified_gmt":"2026-06-02T22:29:49","slug":"lider-mundial-em-baterias-de-litio-torna-se-acionista-da-st-george","status":"publish","type":"post","link":"https:\/\/www.inthemine.com.br\/site\/lider-mundial-em-baterias-de-litio-torna-se-acionista-da-st-george\/","title":{"rendered":"L\u00cdDER MUNDIAL EM BATERIAS DE L\u00cdTIO TORNA-SE ACIONISTA DA ST GEORGE"},"content":{"rendered":"<p>A St George Mining anunciou que a japonesa Amperex Technology Limited (ATL), uma das l\u00edderes mundiais na produ\u00e7\u00e3o de baterias de \u00edons de l\u00edtio, passar\u00e1 a integrar a base acion\u00e1ria da companhia. A associa\u00e7\u00e3o fortalece a presen\u00e7a internacional da St George, com destaque para a sua conex\u00e3o com o Jap\u00e3o.<\/p>\n<p>O acordo tamb\u00e9m evidencia o crescente interesse internacional pelos ativos da companhia, com destaque para o Projeto Arax\u00e1, no Brasil, voltado ao desenvolvimento de terras raras e ni\u00f3bio. Nos \u00faltimos meses, a St George vem ampliando sua rede de parceiros globais e atraindo a aten\u00e7\u00e3o de empresas ligadas \u00e0s cadeias de suprimentos de minerais estrat\u00e9gicos para a transi\u00e7\u00e3o energ\u00e9tica, a ind\u00fastria de alta tecnologia e a produ\u00e7\u00e3o de equipamentos avan\u00e7ados.<\/p>\n<p>A entrada da ATL refor\u00e7a o posicionamento da St George como uma empresa com ativos alinhados \u00e0s demandas futuras da economia global e amplia a conex\u00e3o da companhia com mercados estrat\u00e9gicos, como o japon\u00eas, que desempenha papel relevante nas cadeias internacionais de tecnologia, energia e manufatura avan\u00e7ada.<\/p>\n<p>A opera\u00e7\u00e3o ocorre a partir da reestrutura\u00e7\u00e3o da joint venture Lithium Star, criada pelas duas empresas em 2023 para atividades de explora\u00e7\u00e3o de l\u00edtio na Austr\u00e1lia Ocidental. Como parte do acordo, a St George passar\u00e1 a deter 100% da Lithium Star, enquanto a ATL receber\u00e1 a\u00e7\u00f5es da companhia e se tornar\u00e1 acionista direta da mineradora australiana.<\/p>\n<p>Controlada pela japonesa TDK Corporation, a ATL \u00e9 reconhecida como uma das mais importantes fabricantes mundiais de baterias de \u00edons de l\u00edtio, utilizadas em diferentes segmentos da ind\u00fastria tecnol\u00f3gica.<\/p>\n<p>Al\u00e9m do Projeto Arax\u00e1, que re\u00fane terras raras e ni\u00f3bio, a St George mant\u00e9m projetos de explora\u00e7\u00e3o de l\u00edtio , n\u00edquel e cobre na Austr\u00e1lia, o que amplia sua atua\u00e7\u00e3o em minerais considerados essenciais para o desenvolvimento de baterias, ve\u00edculos el\u00e9tricos, sistemas de armazenamento de energia e novas tecnologias.<\/p>\n<p>Para o presidente-executivo da St George, John Prineas, a entrada da ATL no quadro de acionistas representa mais um passo na estrat\u00e9gia de desenvolvimento da companhia e na constru\u00e7\u00e3o de relacionamentos com alguns dos principais participantes globais do setor de minerais cr\u00edticos.<\/p>\n","protected":false},"excerpt":{"rendered":"<p>John Prineas (foto), da St George, diz que entrada da japonesa ATL \u00e9 mais um passo para desenvolvimento e relacionamentos no mercado<\/p>\n","protected":false},"author":3,"featured_media":30958,"comment_status":"open","ping_status":"open","sticky":false,"template":"","format":"standard","meta":{"footnotes":""},"categories":[20],"tags":[],"class_list":["post-30957","post","type-post","status-publish","format-standard","has-post-thumbnail","hentry","category-projetos"],"yoast_head":"<!-- This site is optimized with the Yoast SEO plugin v28.4 - https:\/\/yoast.com\/product\/yoast-seo-wordpress\/ -->\n<title>L\u00cdDER MUNDIAL EM BATERIAS DE L\u00cdTIO TORNA-SE ACIONISTA DA ST GEORGE - Revista In The Mine<\/title>\n<meta name=\"description\" content=\"John Prineas (foto), da St George, diz que entrada da japonesa ATL \u00e9 mais um passo para desenvolvimento e relacionamentos no mercado\" \/>\n<meta name=\"robots\" content=\"index, follow, max-snippet:-1, max-image-preview:large, max-video-preview:-1\" \/>\n<link rel=\"canonical\" href=\"https:\/\/www.inthemine.com.br\/site\/lider-mundial-em-baterias-de-litio-torna-se-acionista-da-st-george\/\" \/>\n<meta property=\"og:locale\" content=\"pt_BR\" \/>\n<meta property=\"og:type\" content=\"article\" \/>\n<meta property=\"og:title\" content=\"L\u00cdDER MUNDIAL EM BATERIAS DE L\u00cdTIO TORNA-SE ACIONISTA DA ST GEORGE - Revista In The Mine\" \/>\n<meta property=\"og:description\" content=\"John Prineas (foto), da St George, diz que entrada da japonesa ATL \u00e9 mais um passo para desenvolvimento e relacionamentos no mercado\" \/>\n<meta property=\"og:url\" content=\"https:\/\/www.inthemine.com.br\/site\/lider-mundial-em-baterias-de-litio-torna-se-acionista-da-st-george\/\" \/>\n<meta property=\"og:site_name\" content=\"Revista In The Mine\" \/>\n<meta property=\"article:publisher\" content=\"http:\/\/www.facebook.com\/inthemine\" \/>\n<meta property=\"article:published_time\" content=\"2026-06-02T22:29:10+00:00\" \/>\n<meta property=\"article:modified_time\" content=\"2026-06-02T22:29:49+00:00\" \/>\n<meta property=\"og:image\" content=\"https:\/\/www.inthemine.com.br\/site\/wp-content\/uploads\/2026\/06\/John-Prineas.jpg\" \/>\n\t<meta property=\"og:image:width\" content=\"800\" \/>\n\t<meta property=\"og:image:height\" content=\"534\" \/>\n\t<meta property=\"og:image:type\" content=\"image\/jpeg\" \/>\n<meta name=\"author\" content=\"Reda\u00e7\u00e3o ITM\" \/>\n<meta name=\"twitter:card\" content=\"summary_large_image\" \/>\n<meta name=\"twitter:creator\" content=\"@intheminet\" \/>\n<meta name=\"twitter:site\" content=\"@intheminet\" \/>\n<meta name=\"twitter:label1\" content=\"Escrito por\" \/>\n\t<meta name=\"twitter:data1\" content=\"Reda\u00e7\u00e3o ITM\" \/>\n\t<meta name=\"twitter:label2\" content=\"Est. tempo de leitura\" \/>\n\t<meta name=\"twitter:data2\" content=\"3 minutos\" \/>\n<script type=\"application\/ld+json\" class=\"yoast-schema-graph\">{\"@context\":\"https:\\\/\\\/schema.org\",\"@graph\":[{\"@type\":\"Article\",\"@id\":\"https:\\\/\\\/www.inthemine.com.br\\\/site\\\/lider-mundial-em-baterias-de-litio-torna-se-acionista-da-st-george\\\/#article\",\"isPartOf\":{\"@id\":\"https:\\\/\\\/www.inthemine.com.br\\\/site\\\/lider-mundial-em-baterias-de-litio-torna-se-acionista-da-st-george\\\/\"},\"author\":{\"name\":\"Reda\u00e7\u00e3o ITM\",\"@id\":\"https:\\\/\\\/www.inthemine.com.br\\\/site\\\/#\\\/schema\\\/person\\\/9eb77cece2cea253bb36c4b68c6a324c\"},\"headline\":\"L\u00cdDER MUNDIAL EM BATERIAS DE L\u00cdTIO TORNA-SE ACIONISTA DA ST GEORGE\",\"datePublished\":\"2026-06-02T22:29:10+00:00\",\"dateModified\":\"2026-06-02T22:29:49+00:00\",\"mainEntityOfPage\":{\"@id\":\"https:\\\/\\\/www.inthemine.com.br\\\/site\\\/lider-mundial-em-baterias-de-litio-torna-se-acionista-da-st-george\\\/\"},\"wordCount\":397,\"commentCount\":0,\"publisher\":{\"@id\":\"https:\\\/\\\/www.inthemine.com.br\\\/site\\\/#organization\"},\"image\":{\"@id\":\"https:\\\/\\\/www.inthemine.com.br\\\/site\\\/lider-mundial-em-baterias-de-litio-torna-se-acionista-da-st-george\\\/#primaryimage\"},\"thumbnailUrl\":\"https:\\\/\\\/www.inthemine.com.br\\\/site\\\/wp-content\\\/uploads\\\/2026\\\/06\\\/John-Prineas.jpg\",\"articleSection\":[\"PROJETOS\"],\"inLanguage\":\"pt-BR\",\"potentialAction\":[{\"@type\":\"CommentAction\",\"name\":\"Comment\",\"target\":[\"https:\\\/\\\/www.inthemine.com.br\\\/site\\\/lider-mundial-em-baterias-de-litio-torna-se-acionista-da-st-george\\\/#respond\"]}]},{\"@type\":\"WebPage\",\"@id\":\"https:\\\/\\\/www.inthemine.com.br\\\/site\\\/lider-mundial-em-baterias-de-litio-torna-se-acionista-da-st-george\\\/\",\"url\":\"https:\\\/\\\/www.inthemine.com.br\\\/site\\\/lider-mundial-em-baterias-de-litio-torna-se-acionista-da-st-george\\\/\",\"name\":\"L\u00cdDER MUNDIAL EM BATERIAS DE L\u00cdTIO TORNA-SE ACIONISTA DA ST GEORGE - Revista In The Mine\",\"isPartOf\":{\"@id\":\"https:\\\/\\\/www.inthemine.com.br\\\/site\\\/#website\"},\"primaryImageOfPage\":{\"@id\":\"https:\\\/\\\/www.inthemine.com.br\\\/site\\\/lider-mundial-em-baterias-de-litio-torna-se-acionista-da-st-george\\\/#primaryimage\"},\"image\":{\"@id\":\"https:\\\/\\\/www.inthemine.com.br\\\/site\\\/lider-mundial-em-baterias-de-litio-torna-se-acionista-da-st-george\\\/#primaryimage\"},\"thumbnailUrl\":\"https:\\\/\\\/www.inthemine.com.br\\\/site\\\/wp-content\\\/uploads\\\/2026\\\/06\\\/John-Prineas.jpg\",\"datePublished\":\"2026-06-02T22:29:10+00:00\",\"dateModified\":\"2026-06-02T22:29:49+00:00\",\"description\":\"John Prineas (foto), da St George, diz que entrada da japonesa ATL \u00e9 mais um passo para desenvolvimento e relacionamentos no mercado\",\"breadcrumb\":{\"@id\":\"https:\\\/\\\/www.inthemine.com.br\\\/site\\\/lider-mundial-em-baterias-de-litio-torna-se-acionista-da-st-george\\\/#breadcrumb\"},\"inLanguage\":\"pt-BR\",\"potentialAction\":[{\"@type\":\"ReadAction\",\"target\":[\"https:\\\/\\\/www.inthemine.com.br\\\/site\\\/lider-mundial-em-baterias-de-litio-torna-se-acionista-da-st-george\\\/\"]}]},{\"@type\":\"ImageObject\",\"inLanguage\":\"pt-BR\",\"@id\":\"https:\\\/\\\/www.inthemine.com.br\\\/site\\\/lider-mundial-em-baterias-de-litio-torna-se-acionista-da-st-george\\\/#primaryimage\",\"url\":\"https:\\\/\\\/www.inthemine.com.br\\\/site\\\/wp-content\\\/uploads\\\/2026\\\/06\\\/John-Prineas.jpg\",\"contentUrl\":\"https:\\\/\\\/www.inthemine.com.br\\\/site\\\/wp-content\\\/uploads\\\/2026\\\/06\\\/John-Prineas.jpg\",\"width\":800,\"height\":534,\"caption\":\"John Prineas\"},{\"@type\":\"BreadcrumbList\",\"@id\":\"https:\\\/\\\/www.inthemine.com.br\\\/site\\\/lider-mundial-em-baterias-de-litio-torna-se-acionista-da-st-george\\\/#breadcrumb\",\"itemListElement\":[{\"@type\":\"ListItem\",\"position\":1,\"name\":\"In\u00edcio\",\"item\":\"https:\\\/\\\/www.inthemine.com.br\\\/site\\\/\"},{\"@type\":\"ListItem\",\"position\":2,\"name\":\"L\u00cdDER MUNDIAL EM BATERIAS DE L\u00cdTIO TORNA-SE ACIONISTA DA ST GEORGE\"}]},{\"@type\":\"WebSite\",\"@id\":\"https:\\\/\\\/www.inthemine.com.br\\\/site\\\/#website\",\"url\":\"https:\\\/\\\/www.inthemine.com.br\\\/site\\\/\",\"name\":\"Revista In The Mine\",\"description\":\"Minera\u00e7\u00e3o brasileira\",\"publisher\":{\"@id\":\"https:\\\/\\\/www.inthemine.com.br\\\/site\\\/#organization\"},\"potentialAction\":[{\"@type\":\"SearchAction\",\"target\":{\"@type\":\"EntryPoint\",\"urlTemplate\":\"https:\\\/\\\/www.inthemine.com.br\\\/site\\\/?s={search_term_string}\"},\"query-input\":{\"@type\":\"PropertyValueSpecification\",\"valueRequired\":true,\"valueName\":\"search_term_string\"}}],\"inLanguage\":\"pt-BR\"},{\"@type\":\"Organization\",\"@id\":\"https:\\\/\\\/www.inthemine.com.br\\\/site\\\/#organization\",\"name\":\"In The Mine magazine\",\"url\":\"https:\\\/\\\/www.inthemine.com.br\\\/site\\\/\",\"logo\":{\"@type\":\"ImageObject\",\"inLanguage\":\"pt-BR\",\"@id\":\"https:\\\/\\\/www.inthemine.com.br\\\/site\\\/#\\\/schema\\\/logo\\\/image\\\/\",\"url\":\"https:\\\/\\\/www.inthemine.com.br\\\/site\\\/wp-content\\\/uploads\\\/2014\\\/08\\\/parceiro_theinmine.png\",\"contentUrl\":\"https:\\\/\\\/www.inthemine.com.br\\\/site\\\/wp-content\\\/uploads\\\/2014\\\/08\\\/parceiro_theinmine.png\",\"width\":170,\"height\":120,\"caption\":\"In The Mine magazine\"},\"image\":{\"@id\":\"https:\\\/\\\/www.inthemine.com.br\\\/site\\\/#\\\/schema\\\/logo\\\/image\\\/\"},\"sameAs\":[\"http:\\\/\\\/www.facebook.com\\\/inthemine\",\"https:\\\/\\\/x.com\\\/intheminet\",\"https:\\\/\\\/www.instagram.com\\\/minegaleria\",\"https:\\\/\\\/www.linkedin.com\\\/company\\\/in-the-mine?trk=biz-companies-cym\",\"https:\\\/\\\/www.youtube.com\\\/user\\\/revistainthemine\"]},{\"@type\":\"Person\",\"@id\":\"https:\\\/\\\/www.inthemine.com.br\\\/site\\\/#\\\/schema\\\/person\\\/9eb77cece2cea253bb36c4b68c6a324c\",\"name\":\"Reda\u00e7\u00e3o ITM\",\"image\":{\"@type\":\"ImageObject\",\"inLanguage\":\"pt-BR\",\"@id\":\"https:\\\/\\\/secure.gravatar.com\\\/avatar\\\/0f7f41419befdee0feca08f9ea1e434cac9c04e0b8d28ab40cffb82628fcfdf1?s=96&d=mm&r=g\",\"url\":\"https:\\\/\\\/secure.gravatar.com\\\/avatar\\\/0f7f41419befdee0feca08f9ea1e434cac9c04e0b8d28ab40cffb82628fcfdf1?s=96&d=mm&r=g\",\"contentUrl\":\"https:\\\/\\\/secure.gravatar.com\\\/avatar\\\/0f7f41419befdee0feca08f9ea1e434cac9c04e0b8d28ab40cffb82628fcfdf1?s=96&d=mm&r=g\",\"caption\":\"Reda\u00e7\u00e3o ITM\"},\"url\":\"https:\\\/\\\/www.inthemine.com.br\\\/site\\\/author\\\/admin-itm\\\/\"}]}<\/script>\n<!-- \/ Yoast SEO plugin. -->","yoast_head_json":{"title":"L\u00cdDER MUNDIAL EM BATERIAS DE L\u00cdTIO TORNA-SE ACIONISTA DA ST GEORGE - Revista In The Mine","description":"John Prineas (foto), da St George, diz que entrada da japonesa ATL \u00e9 mais um passo para desenvolvimento e relacionamentos no mercado","robots":{"index":"index","follow":"follow","max-snippet":"max-snippet:-1","max-image-preview":"max-image-preview:large","max-video-preview":"max-video-preview:-1"},"canonical":"https:\/\/www.inthemine.com.br\/site\/lider-mundial-em-baterias-de-litio-torna-se-acionista-da-st-george\/","og_locale":"pt_BR","og_type":"article","og_title":"L\u00cdDER MUNDIAL EM BATERIAS DE L\u00cdTIO TORNA-SE ACIONISTA DA ST GEORGE - Revista In The Mine","og_description":"John Prineas (foto), da St George, diz que entrada da japonesa ATL \u00e9 mais um passo para desenvolvimento e relacionamentos no mercado","og_url":"https:\/\/www.inthemine.com.br\/site\/lider-mundial-em-baterias-de-litio-torna-se-acionista-da-st-george\/","og_site_name":"Revista In The Mine","article_publisher":"http:\/\/www.facebook.com\/inthemine","article_published_time":"2026-06-02T22:29:10+00:00","article_modified_time":"2026-06-02T22:29:49+00:00","og_image":[{"width":800,"height":534,"url":"https:\/\/www.inthemine.com.br\/site\/wp-content\/uploads\/2026\/06\/John-Prineas.jpg","type":"image\/jpeg"}],"author":"Reda\u00e7\u00e3o ITM","twitter_card":"summary_large_image","twitter_creator":"@intheminet","twitter_site":"@intheminet","twitter_misc":{"Escrito por":"Reda\u00e7\u00e3o ITM","Est. tempo de leitura":"3 minutos"},"schema":{"@context":"https:\/\/schema.org","@graph":[{"@type":"Article","@id":"https:\/\/www.inthemine.com.br\/site\/lider-mundial-em-baterias-de-litio-torna-se-acionista-da-st-george\/#article","isPartOf":{"@id":"https:\/\/www.inthemine.com.br\/site\/lider-mundial-em-baterias-de-litio-torna-se-acionista-da-st-george\/"},"author":{"name":"Reda\u00e7\u00e3o ITM","@id":"https:\/\/www.inthemine.com.br\/site\/#\/schema\/person\/9eb77cece2cea253bb36c4b68c6a324c"},"headline":"L\u00cdDER MUNDIAL EM BATERIAS DE L\u00cdTIO TORNA-SE ACIONISTA DA ST GEORGE","datePublished":"2026-06-02T22:29:10+00:00","dateModified":"2026-06-02T22:29:49+00:00","mainEntityOfPage":{"@id":"https:\/\/www.inthemine.com.br\/site\/lider-mundial-em-baterias-de-litio-torna-se-acionista-da-st-george\/"},"wordCount":397,"commentCount":0,"publisher":{"@id":"https:\/\/www.inthemine.com.br\/site\/#organization"},"image":{"@id":"https:\/\/www.inthemine.com.br\/site\/lider-mundial-em-baterias-de-litio-torna-se-acionista-da-st-george\/#primaryimage"},"thumbnailUrl":"https:\/\/www.inthemine.com.br\/site\/wp-content\/uploads\/2026\/06\/John-Prineas.jpg","articleSection":["PROJETOS"],"inLanguage":"pt-BR","potentialAction":[{"@type":"CommentAction","name":"Comment","target":["https:\/\/www.inthemine.com.br\/site\/lider-mundial-em-baterias-de-litio-torna-se-acionista-da-st-george\/#respond"]}]},{"@type":"WebPage","@id":"https:\/\/www.inthemine.com.br\/site\/lider-mundial-em-baterias-de-litio-torna-se-acionista-da-st-george\/","url":"https:\/\/www.inthemine.com.br\/site\/lider-mundial-em-baterias-de-litio-torna-se-acionista-da-st-george\/","name":"L\u00cdDER MUNDIAL EM BATERIAS DE L\u00cdTIO TORNA-SE ACIONISTA DA ST GEORGE - Revista In The Mine","isPartOf":{"@id":"https:\/\/www.inthemine.com.br\/site\/#website"},"primaryImageOfPage":{"@id":"https:\/\/www.inthemine.com.br\/site\/lider-mundial-em-baterias-de-litio-torna-se-acionista-da-st-george\/#primaryimage"},"image":{"@id":"https:\/\/www.inthemine.com.br\/site\/lider-mundial-em-baterias-de-litio-torna-se-acionista-da-st-george\/#primaryimage"},"thumbnailUrl":"https:\/\/www.inthemine.com.br\/site\/wp-content\/uploads\/2026\/06\/John-Prineas.jpg","datePublished":"2026-06-02T22:29:10+00:00","dateModified":"2026-06-02T22:29:49+00:00","description":"John Prineas (foto), da St George, diz que entrada da japonesa ATL \u00e9 mais um passo para desenvolvimento e relacionamentos no mercado","breadcrumb":{"@id":"https:\/\/www.inthemine.com.br\/site\/lider-mundial-em-baterias-de-litio-torna-se-acionista-da-st-george\/#breadcrumb"},"inLanguage":"pt-BR","potentialAction":[{"@type":"ReadAction","target":["https:\/\/www.inthemine.com.br\/site\/lider-mundial-em-baterias-de-litio-torna-se-acionista-da-st-george\/"]}]},{"@type":"ImageObject","inLanguage":"pt-BR","@id":"https:\/\/www.inthemine.com.br\/site\/lider-mundial-em-baterias-de-litio-torna-se-acionista-da-st-george\/#primaryimage","url":"https:\/\/www.inthemine.com.br\/site\/wp-content\/uploads\/2026\/06\/John-Prineas.jpg","contentUrl":"https:\/\/www.inthemine.com.br\/site\/wp-content\/uploads\/2026\/06\/John-Prineas.jpg","width":800,"height":534,"caption":"John Prineas"},{"@type":"BreadcrumbList","@id":"https:\/\/www.inthemine.com.br\/site\/lider-mundial-em-baterias-de-litio-torna-se-acionista-da-st-george\/#breadcrumb","itemListElement":[{"@type":"ListItem","position":1,"name":"In\u00edcio","item":"https:\/\/www.inthemine.com.br\/site\/"},{"@type":"ListItem","position":2,"name":"L\u00cdDER MUNDIAL EM BATERIAS DE L\u00cdTIO TORNA-SE ACIONISTA DA ST GEORGE"}]},{"@type":"WebSite","@id":"https:\/\/www.inthemine.com.br\/site\/#website","url":"https:\/\/www.inthemine.com.br\/site\/","name":"Revista In The Mine","description":"Minera\u00e7\u00e3o brasileira","publisher":{"@id":"https:\/\/www.inthemine.com.br\/site\/#organization"},"potentialAction":[{"@type":"SearchAction","target":{"@type":"EntryPoint","urlTemplate":"https:\/\/www.inthemine.com.br\/site\/?s={search_term_string}"},"query-input":{"@type":"PropertyValueSpecification","valueRequired":true,"valueName":"search_term_string"}}],"inLanguage":"pt-BR"},{"@type":"Organization","@id":"https:\/\/www.inthemine.com.br\/site\/#organization","name":"In The Mine magazine","url":"https:\/\/www.inthemine.com.br\/site\/","logo":{"@type":"ImageObject","inLanguage":"pt-BR","@id":"https:\/\/www.inthemine.com.br\/site\/#\/schema\/logo\/image\/","url":"https:\/\/www.inthemine.com.br\/site\/wp-content\/uploads\/2014\/08\/parceiro_theinmine.png","contentUrl":"https:\/\/www.inthemine.com.br\/site\/wp-content\/uploads\/2014\/08\/parceiro_theinmine.png","width":170,"height":120,"caption":"In The Mine magazine"},"image":{"@id":"https:\/\/www.inthemine.com.br\/site\/#\/schema\/logo\/image\/"},"sameAs":["http:\/\/www.facebook.com\/inthemine","https:\/\/x.com\/intheminet","https:\/\/www.instagram.com\/minegaleria","https:\/\/www.linkedin.com\/company\/in-the-mine?trk=biz-companies-cym","https:\/\/www.youtube.com\/user\/revistainthemine"]},{"@type":"Person","@id":"https:\/\/www.inthemine.com.br\/site\/#\/schema\/person\/9eb77cece2cea253bb36c4b68c6a324c","name":"Reda\u00e7\u00e3o ITM","image":{"@type":"ImageObject","inLanguage":"pt-BR","@id":"https:\/\/secure.gravatar.com\/avatar\/0f7f41419befdee0feca08f9ea1e434cac9c04e0b8d28ab40cffb82628fcfdf1?s=96&d=mm&r=g","url":"https:\/\/secure.gravatar.com\/avatar\/0f7f41419befdee0feca08f9ea1e434cac9c04e0b8d28ab40cffb82628fcfdf1?s=96&d=mm&r=g","contentUrl":"https:\/\/secure.gravatar.com\/avatar\/0f7f41419befdee0feca08f9ea1e434cac9c04e0b8d28ab40cffb82628fcfdf1?s=96&d=mm&r=g","caption":"Reda\u00e7\u00e3o ITM"},"url":"https:\/\/www.inthemine.com.br\/site\/author\/admin-itm\/"}]}},"_links":{"self":[{"href":"https:\/\/www.inthemine.com.br\/site\/wp-json\/wp\/v2\/posts\/30957","targetHints":{"allow":["GET"]}}],"collection":[{"href":"https:\/\/www.inthemine.com.br\/site\/wp-json\/wp\/v2\/posts"}],"about":[{"href":"https:\/\/www.inthemine.com.br\/site\/wp-json\/wp\/v2\/types\/post"}],"author":[{"embeddable":true,"href":"https:\/\/www.inthemine.com.br\/site\/wp-json\/wp\/v2\/users\/3"}],"replies":[{"embeddable":true,"href":"https:\/\/www.inthemine.com.br\/site\/wp-json\/wp\/v2\/comments?post=30957"}],"version-history":[{"count":2,"href":"https:\/\/www.inthemine.com.br\/site\/wp-json\/wp\/v2\/posts\/30957\/revisions"}],"predecessor-version":[{"id":30960,"href":"https:\/\/www.inthemine.com.br\/site\/wp-json\/wp\/v2\/posts\/30957\/revisions\/30960"}],"wp:featuredmedia":[{"embeddable":true,"href":"https:\/\/www.inthemine.com.br\/site\/wp-json\/wp\/v2\/media\/30958"}],"wp:attachment":[{"href":"https:\/\/www.inthemine.com.br\/site\/wp-json\/wp\/v2\/media?parent=30957"}],"wp:term":[{"taxonomy":"category","embeddable":true,"href":"https:\/\/www.inthemine.com.br\/site\/wp-json\/wp\/v2\/categories?post=30957"},{"taxonomy":"post_tag","embeddable":true,"href":"https:\/\/www.inthemine.com.br\/site\/wp-json\/wp\/v2\/tags?post=30957"}],"curies":[{"name":"wp","href":"https:\/\/api.w.org\/{rel}","templated":true}]}}