{"id":30516,"date":"2026-04-27T15:39:29","date_gmt":"2026-04-27T18:39:29","guid":{"rendered":"https:\/\/www.inthemine.com.br\/site\/?p=30516"},"modified":"2026-04-27T15:50:12","modified_gmt":"2026-04-27T18:50:12","slug":"aporte-bilionario-acelera-projetos-da-appian","status":"publish","type":"post","link":"https:\/\/www.inthemine.com.br\/site\/aporte-bilionario-acelera-projetos-da-appian\/","title":{"rendered":"APORTE BILION\u00c1RIO ACELERA PROJETOS DA APPIAN"},"content":{"rendered":"<p>O momento \u00e9 oportuno \u00e0 investida da Appian em minerais cr\u00edticos. Em outubro de 2025, a empresa fechou uma parceria de US$ 1 bilh\u00e3o com a Corpora\u00e7\u00e3o Financeira Internacional (IFC) do Banco Mundial, para acelerar o desenvolvimento respons\u00e1vel de projetos de minerais cr\u00edticos, metais e minera\u00e7\u00e3o em mercados emergentes na Am\u00e9rica Latina e na \u00c1frica.<\/p>\n<p>No caso do Brasil, a empresa promoveu no final de mar\u00e7o, o que seria o lan\u00e7amento da transi\u00e7\u00e3o da mina a c\u00e9u aberto para a opera\u00e7\u00e3o subterr\u00e2nea da Atlantic Nickel. O evento foi marcado pelo desmonte de rocha (foto) realizado para a abertura do chamado Portal Sul da mina Santa Rita.<\/p>\n<p>O projeto, j\u00e1 licenciado e em fase de finaliza\u00e7\u00e3o do Estudo Definitivo de Viabilidade (DFS), deve prolongar a vida \u00fatil da mina em mais de 20 anos, com uma produ\u00e7\u00e3o estimada em 30 mtpa de n\u00edquel equivalente (NiEq).<\/p>\n<h5>Foto: Atlantic Nickel\/Divulga\u00e7\u00e3o<\/h5>\n","protected":false},"excerpt":{"rendered":"<p>Recursos viabilizam expans\u00e3o operacional da empres e aumentam horizonte produtivo de ativos em desenvolvimento<\/p>\n","protected":false},"author":3,"featured_media":30517,"comment_status":"open","ping_status":"open","sticky":false,"template":"","format":"standard","meta":{"footnotes":""},"categories":[7,5489],"tags":[],"class_list":["post-30516","post","type-post","status-publish","format-standard","has-post-thumbnail","hentry","category-empresas","category-investimentos"],"yoast_head":"<!-- This site is optimized with the Yoast SEO plugin v27.4 - https:\/\/yoast.com\/product\/yoast-seo-wordpress\/ -->\n<title>APORTE BILION\u00c1RIO ACELERA PROJETOS DA APPIAN - Revista In The Mine<\/title>\n<meta name=\"description\" content=\"Recursos viabilizam expans\u00e3o operacional da empres e aumentam horizonte produtivo de ativos em desenvolvimento\" \/>\n<meta name=\"robots\" content=\"index, follow, max-snippet:-1, max-image-preview:large, max-video-preview:-1\" \/>\n<link rel=\"canonical\" href=\"https:\/\/www.inthemine.com.br\/site\/aporte-bilionario-acelera-projetos-da-appian\/\" \/>\n<meta property=\"og:locale\" content=\"pt_BR\" \/>\n<meta property=\"og:type\" content=\"article\" \/>\n<meta property=\"og:title\" content=\"APORTE BILION\u00c1RIO ACELERA PROJETOS DA APPIAN - Revista In The Mine\" \/>\n<meta property=\"og:description\" content=\"Recursos viabilizam expans\u00e3o operacional da empres e aumentam horizonte produtivo de ativos em desenvolvimento\" \/>\n<meta property=\"og:url\" content=\"https:\/\/www.inthemine.com.br\/site\/aporte-bilionario-acelera-projetos-da-appian\/\" \/>\n<meta property=\"og:site_name\" content=\"Revista In The Mine\" \/>\n<meta property=\"article:publisher\" content=\"http:\/\/www.facebook.com\/inthemine\" \/>\n<meta property=\"article:published_time\" content=\"2026-04-27T18:39:29+00:00\" \/>\n<meta property=\"article:modified_time\" content=\"2026-04-27T18:50:12+00:00\" \/>\n<meta property=\"og:image\" content=\"https:\/\/www.inthemine.com.br\/site\/wp-content\/uploads\/2026\/04\/Foto4-1-e1777315153547.jpg\" \/>\n\t<meta property=\"og:image:width\" content=\"800\" \/>\n\t<meta property=\"og:image:height\" content=\"646\" \/>\n\t<meta property=\"og:image:type\" content=\"image\/jpeg\" \/>\n<meta name=\"author\" content=\"Reda\u00e7\u00e3o ITM\" \/>\n<meta name=\"twitter:card\" content=\"summary_large_image\" \/>\n<meta name=\"twitter:creator\" content=\"@intheminet\" \/>\n<meta name=\"twitter:site\" content=\"@intheminet\" \/>\n<meta name=\"twitter:label1\" content=\"Escrito por\" \/>\n\t<meta name=\"twitter:data1\" content=\"Reda\u00e7\u00e3o ITM\" \/>\n\t<meta name=\"twitter:label2\" content=\"Est. tempo de leitura\" \/>\n\t<meta name=\"twitter:data2\" content=\"2 minutos\" \/>\n<script type=\"application\/ld+json\" class=\"yoast-schema-graph\">{\"@context\":\"https:\\\/\\\/schema.org\",\"@graph\":[{\"@type\":\"Article\",\"@id\":\"https:\\\/\\\/www.inthemine.com.br\\\/site\\\/aporte-bilionario-acelera-projetos-da-appian\\\/#article\",\"isPartOf\":{\"@id\":\"https:\\\/\\\/www.inthemine.com.br\\\/site\\\/aporte-bilionario-acelera-projetos-da-appian\\\/\"},\"author\":{\"name\":\"Reda\u00e7\u00e3o ITM\",\"@id\":\"https:\\\/\\\/www.inthemine.com.br\\\/site\\\/#\\\/schema\\\/person\\\/9eb77cece2cea253bb36c4b68c6a324c\"},\"headline\":\"APORTE BILION\u00c1RIO ACELERA PROJETOS DA APPIAN\",\"datePublished\":\"2026-04-27T18:39:29+00:00\",\"dateModified\":\"2026-04-27T18:50:12+00:00\",\"mainEntityOfPage\":{\"@id\":\"https:\\\/\\\/www.inthemine.com.br\\\/site\\\/aporte-bilionario-acelera-projetos-da-appian\\\/\"},\"wordCount\":166,\"commentCount\":0,\"publisher\":{\"@id\":\"https:\\\/\\\/www.inthemine.com.br\\\/site\\\/#organization\"},\"image\":{\"@id\":\"https:\\\/\\\/www.inthemine.com.br\\\/site\\\/aporte-bilionario-acelera-projetos-da-appian\\\/#primaryimage\"},\"thumbnailUrl\":\"https:\\\/\\\/www.inthemine.com.br\\\/site\\\/wp-content\\\/uploads\\\/2026\\\/04\\\/Foto4-1-e1777315153547.jpg\",\"articleSection\":[\"EMPRESAS\",\"INVESTIMENTOS\"],\"inLanguage\":\"pt-BR\",\"potentialAction\":[{\"@type\":\"CommentAction\",\"name\":\"Comment\",\"target\":[\"https:\\\/\\\/www.inthemine.com.br\\\/site\\\/aporte-bilionario-acelera-projetos-da-appian\\\/#respond\"]}]},{\"@type\":\"WebPage\",\"@id\":\"https:\\\/\\\/www.inthemine.com.br\\\/site\\\/aporte-bilionario-acelera-projetos-da-appian\\\/\",\"url\":\"https:\\\/\\\/www.inthemine.com.br\\\/site\\\/aporte-bilionario-acelera-projetos-da-appian\\\/\",\"name\":\"APORTE BILION\u00c1RIO ACELERA PROJETOS DA APPIAN - Revista In The Mine\",\"isPartOf\":{\"@id\":\"https:\\\/\\\/www.inthemine.com.br\\\/site\\\/#website\"},\"primaryImageOfPage\":{\"@id\":\"https:\\\/\\\/www.inthemine.com.br\\\/site\\\/aporte-bilionario-acelera-projetos-da-appian\\\/#primaryimage\"},\"image\":{\"@id\":\"https:\\\/\\\/www.inthemine.com.br\\\/site\\\/aporte-bilionario-acelera-projetos-da-appian\\\/#primaryimage\"},\"thumbnailUrl\":\"https:\\\/\\\/www.inthemine.com.br\\\/site\\\/wp-content\\\/uploads\\\/2026\\\/04\\\/Foto4-1-e1777315153547.jpg\",\"datePublished\":\"2026-04-27T18:39:29+00:00\",\"dateModified\":\"2026-04-27T18:50:12+00:00\",\"description\":\"Recursos viabilizam expans\u00e3o operacional da empres e aumentam horizonte produtivo de ativos em desenvolvimento\",\"breadcrumb\":{\"@id\":\"https:\\\/\\\/www.inthemine.com.br\\\/site\\\/aporte-bilionario-acelera-projetos-da-appian\\\/#breadcrumb\"},\"inLanguage\":\"pt-BR\",\"potentialAction\":[{\"@type\":\"ReadAction\",\"target\":[\"https:\\\/\\\/www.inthemine.com.br\\\/site\\\/aporte-bilionario-acelera-projetos-da-appian\\\/\"]}]},{\"@type\":\"ImageObject\",\"inLanguage\":\"pt-BR\",\"@id\":\"https:\\\/\\\/www.inthemine.com.br\\\/site\\\/aporte-bilionario-acelera-projetos-da-appian\\\/#primaryimage\",\"url\":\"https:\\\/\\\/www.inthemine.com.br\\\/site\\\/wp-content\\\/uploads\\\/2026\\\/04\\\/Foto4-1-e1777315153547.jpg\",\"contentUrl\":\"https:\\\/\\\/www.inthemine.com.br\\\/site\\\/wp-content\\\/uploads\\\/2026\\\/04\\\/Foto4-1-e1777315153547.jpg\",\"width\":800,\"height\":646,\"caption\":\"Portal Sul da mina Santa Rita\"},{\"@type\":\"BreadcrumbList\",\"@id\":\"https:\\\/\\\/www.inthemine.com.br\\\/site\\\/aporte-bilionario-acelera-projetos-da-appian\\\/#breadcrumb\",\"itemListElement\":[{\"@type\":\"ListItem\",\"position\":1,\"name\":\"In\u00edcio\",\"item\":\"https:\\\/\\\/www.inthemine.com.br\\\/site\\\/\"},{\"@type\":\"ListItem\",\"position\":2,\"name\":\"APORTE BILION\u00c1RIO ACELERA PROJETOS DA APPIAN\"}]},{\"@type\":\"WebSite\",\"@id\":\"https:\\\/\\\/www.inthemine.com.br\\\/site\\\/#website\",\"url\":\"https:\\\/\\\/www.inthemine.com.br\\\/site\\\/\",\"name\":\"Revista In The Mine\",\"description\":\"Minera\u00e7\u00e3o brasileira\",\"publisher\":{\"@id\":\"https:\\\/\\\/www.inthemine.com.br\\\/site\\\/#organization\"},\"potentialAction\":[{\"@type\":\"SearchAction\",\"target\":{\"@type\":\"EntryPoint\",\"urlTemplate\":\"https:\\\/\\\/www.inthemine.com.br\\\/site\\\/?s={search_term_string}\"},\"query-input\":{\"@type\":\"PropertyValueSpecification\",\"valueRequired\":true,\"valueName\":\"search_term_string\"}}],\"inLanguage\":\"pt-BR\"},{\"@type\":\"Organization\",\"@id\":\"https:\\\/\\\/www.inthemine.com.br\\\/site\\\/#organization\",\"name\":\"In The Mine magazine\",\"url\":\"https:\\\/\\\/www.inthemine.com.br\\\/site\\\/\",\"logo\":{\"@type\":\"ImageObject\",\"inLanguage\":\"pt-BR\",\"@id\":\"https:\\\/\\\/www.inthemine.com.br\\\/site\\\/#\\\/schema\\\/logo\\\/image\\\/\",\"url\":\"https:\\\/\\\/www.inthemine.com.br\\\/site\\\/wp-content\\\/uploads\\\/2014\\\/08\\\/parceiro_theinmine.png\",\"contentUrl\":\"https:\\\/\\\/www.inthemine.com.br\\\/site\\\/wp-content\\\/uploads\\\/2014\\\/08\\\/parceiro_theinmine.png\",\"width\":170,\"height\":120,\"caption\":\"In The Mine magazine\"},\"image\":{\"@id\":\"https:\\\/\\\/www.inthemine.com.br\\\/site\\\/#\\\/schema\\\/logo\\\/image\\\/\"},\"sameAs\":[\"http:\\\/\\\/www.facebook.com\\\/inthemine\",\"https:\\\/\\\/x.com\\\/intheminet\",\"https:\\\/\\\/www.instagram.com\\\/minegaleria\",\"https:\\\/\\\/www.linkedin.com\\\/company\\\/in-the-mine?trk=biz-companies-cym\",\"https:\\\/\\\/www.youtube.com\\\/user\\\/revistainthemine\"]},{\"@type\":\"Person\",\"@id\":\"https:\\\/\\\/www.inthemine.com.br\\\/site\\\/#\\\/schema\\\/person\\\/9eb77cece2cea253bb36c4b68c6a324c\",\"name\":\"Reda\u00e7\u00e3o ITM\",\"image\":{\"@type\":\"ImageObject\",\"inLanguage\":\"pt-BR\",\"@id\":\"https:\\\/\\\/secure.gravatar.com\\\/avatar\\\/0f7f41419befdee0feca08f9ea1e434cac9c04e0b8d28ab40cffb82628fcfdf1?s=96&d=mm&r=g\",\"url\":\"https:\\\/\\\/secure.gravatar.com\\\/avatar\\\/0f7f41419befdee0feca08f9ea1e434cac9c04e0b8d28ab40cffb82628fcfdf1?s=96&d=mm&r=g\",\"contentUrl\":\"https:\\\/\\\/secure.gravatar.com\\\/avatar\\\/0f7f41419befdee0feca08f9ea1e434cac9c04e0b8d28ab40cffb82628fcfdf1?s=96&d=mm&r=g\",\"caption\":\"Reda\u00e7\u00e3o ITM\"},\"url\":\"https:\\\/\\\/www.inthemine.com.br\\\/site\\\/author\\\/admin-itm\\\/\"}]}<\/script>\n<!-- \/ Yoast SEO plugin. -->","yoast_head_json":{"title":"APORTE BILION\u00c1RIO ACELERA PROJETOS DA APPIAN - Revista In The Mine","description":"Recursos viabilizam expans\u00e3o operacional da empres e aumentam horizonte produtivo de ativos em desenvolvimento","robots":{"index":"index","follow":"follow","max-snippet":"max-snippet:-1","max-image-preview":"max-image-preview:large","max-video-preview":"max-video-preview:-1"},"canonical":"https:\/\/www.inthemine.com.br\/site\/aporte-bilionario-acelera-projetos-da-appian\/","og_locale":"pt_BR","og_type":"article","og_title":"APORTE BILION\u00c1RIO ACELERA PROJETOS DA APPIAN - Revista In The Mine","og_description":"Recursos viabilizam expans\u00e3o operacional da empres e aumentam horizonte produtivo de ativos em desenvolvimento","og_url":"https:\/\/www.inthemine.com.br\/site\/aporte-bilionario-acelera-projetos-da-appian\/","og_site_name":"Revista In The Mine","article_publisher":"http:\/\/www.facebook.com\/inthemine","article_published_time":"2026-04-27T18:39:29+00:00","article_modified_time":"2026-04-27T18:50:12+00:00","og_image":[{"width":800,"height":646,"url":"https:\/\/www.inthemine.com.br\/site\/wp-content\/uploads\/2026\/04\/Foto4-1-e1777315153547.jpg","type":"image\/jpeg"}],"author":"Reda\u00e7\u00e3o ITM","twitter_card":"summary_large_image","twitter_creator":"@intheminet","twitter_site":"@intheminet","twitter_misc":{"Escrito por":"Reda\u00e7\u00e3o ITM","Est. tempo de leitura":"2 minutos"},"schema":{"@context":"https:\/\/schema.org","@graph":[{"@type":"Article","@id":"https:\/\/www.inthemine.com.br\/site\/aporte-bilionario-acelera-projetos-da-appian\/#article","isPartOf":{"@id":"https:\/\/www.inthemine.com.br\/site\/aporte-bilionario-acelera-projetos-da-appian\/"},"author":{"name":"Reda\u00e7\u00e3o ITM","@id":"https:\/\/www.inthemine.com.br\/site\/#\/schema\/person\/9eb77cece2cea253bb36c4b68c6a324c"},"headline":"APORTE BILION\u00c1RIO ACELERA PROJETOS DA APPIAN","datePublished":"2026-04-27T18:39:29+00:00","dateModified":"2026-04-27T18:50:12+00:00","mainEntityOfPage":{"@id":"https:\/\/www.inthemine.com.br\/site\/aporte-bilionario-acelera-projetos-da-appian\/"},"wordCount":166,"commentCount":0,"publisher":{"@id":"https:\/\/www.inthemine.com.br\/site\/#organization"},"image":{"@id":"https:\/\/www.inthemine.com.br\/site\/aporte-bilionario-acelera-projetos-da-appian\/#primaryimage"},"thumbnailUrl":"https:\/\/www.inthemine.com.br\/site\/wp-content\/uploads\/2026\/04\/Foto4-1-e1777315153547.jpg","articleSection":["EMPRESAS","INVESTIMENTOS"],"inLanguage":"pt-BR","potentialAction":[{"@type":"CommentAction","name":"Comment","target":["https:\/\/www.inthemine.com.br\/site\/aporte-bilionario-acelera-projetos-da-appian\/#respond"]}]},{"@type":"WebPage","@id":"https:\/\/www.inthemine.com.br\/site\/aporte-bilionario-acelera-projetos-da-appian\/","url":"https:\/\/www.inthemine.com.br\/site\/aporte-bilionario-acelera-projetos-da-appian\/","name":"APORTE BILION\u00c1RIO ACELERA PROJETOS DA APPIAN - Revista In The Mine","isPartOf":{"@id":"https:\/\/www.inthemine.com.br\/site\/#website"},"primaryImageOfPage":{"@id":"https:\/\/www.inthemine.com.br\/site\/aporte-bilionario-acelera-projetos-da-appian\/#primaryimage"},"image":{"@id":"https:\/\/www.inthemine.com.br\/site\/aporte-bilionario-acelera-projetos-da-appian\/#primaryimage"},"thumbnailUrl":"https:\/\/www.inthemine.com.br\/site\/wp-content\/uploads\/2026\/04\/Foto4-1-e1777315153547.jpg","datePublished":"2026-04-27T18:39:29+00:00","dateModified":"2026-04-27T18:50:12+00:00","description":"Recursos viabilizam expans\u00e3o operacional da empres e aumentam horizonte produtivo de ativos em desenvolvimento","breadcrumb":{"@id":"https:\/\/www.inthemine.com.br\/site\/aporte-bilionario-acelera-projetos-da-appian\/#breadcrumb"},"inLanguage":"pt-BR","potentialAction":[{"@type":"ReadAction","target":["https:\/\/www.inthemine.com.br\/site\/aporte-bilionario-acelera-projetos-da-appian\/"]}]},{"@type":"ImageObject","inLanguage":"pt-BR","@id":"https:\/\/www.inthemine.com.br\/site\/aporte-bilionario-acelera-projetos-da-appian\/#primaryimage","url":"https:\/\/www.inthemine.com.br\/site\/wp-content\/uploads\/2026\/04\/Foto4-1-e1777315153547.jpg","contentUrl":"https:\/\/www.inthemine.com.br\/site\/wp-content\/uploads\/2026\/04\/Foto4-1-e1777315153547.jpg","width":800,"height":646,"caption":"Portal Sul da mina Santa Rita"},{"@type":"BreadcrumbList","@id":"https:\/\/www.inthemine.com.br\/site\/aporte-bilionario-acelera-projetos-da-appian\/#breadcrumb","itemListElement":[{"@type":"ListItem","position":1,"name":"In\u00edcio","item":"https:\/\/www.inthemine.com.br\/site\/"},{"@type":"ListItem","position":2,"name":"APORTE BILION\u00c1RIO ACELERA PROJETOS DA APPIAN"}]},{"@type":"WebSite","@id":"https:\/\/www.inthemine.com.br\/site\/#website","url":"https:\/\/www.inthemine.com.br\/site\/","name":"Revista In The Mine","description":"Minera\u00e7\u00e3o brasileira","publisher":{"@id":"https:\/\/www.inthemine.com.br\/site\/#organization"},"potentialAction":[{"@type":"SearchAction","target":{"@type":"EntryPoint","urlTemplate":"https:\/\/www.inthemine.com.br\/site\/?s={search_term_string}"},"query-input":{"@type":"PropertyValueSpecification","valueRequired":true,"valueName":"search_term_string"}}],"inLanguage":"pt-BR"},{"@type":"Organization","@id":"https:\/\/www.inthemine.com.br\/site\/#organization","name":"In The Mine magazine","url":"https:\/\/www.inthemine.com.br\/site\/","logo":{"@type":"ImageObject","inLanguage":"pt-BR","@id":"https:\/\/www.inthemine.com.br\/site\/#\/schema\/logo\/image\/","url":"https:\/\/www.inthemine.com.br\/site\/wp-content\/uploads\/2014\/08\/parceiro_theinmine.png","contentUrl":"https:\/\/www.inthemine.com.br\/site\/wp-content\/uploads\/2014\/08\/parceiro_theinmine.png","width":170,"height":120,"caption":"In The Mine magazine"},"image":{"@id":"https:\/\/www.inthemine.com.br\/site\/#\/schema\/logo\/image\/"},"sameAs":["http:\/\/www.facebook.com\/inthemine","https:\/\/x.com\/intheminet","https:\/\/www.instagram.com\/minegaleria","https:\/\/www.linkedin.com\/company\/in-the-mine?trk=biz-companies-cym","https:\/\/www.youtube.com\/user\/revistainthemine"]},{"@type":"Person","@id":"https:\/\/www.inthemine.com.br\/site\/#\/schema\/person\/9eb77cece2cea253bb36c4b68c6a324c","name":"Reda\u00e7\u00e3o ITM","image":{"@type":"ImageObject","inLanguage":"pt-BR","@id":"https:\/\/secure.gravatar.com\/avatar\/0f7f41419befdee0feca08f9ea1e434cac9c04e0b8d28ab40cffb82628fcfdf1?s=96&d=mm&r=g","url":"https:\/\/secure.gravatar.com\/avatar\/0f7f41419befdee0feca08f9ea1e434cac9c04e0b8d28ab40cffb82628fcfdf1?s=96&d=mm&r=g","contentUrl":"https:\/\/secure.gravatar.com\/avatar\/0f7f41419befdee0feca08f9ea1e434cac9c04e0b8d28ab40cffb82628fcfdf1?s=96&d=mm&r=g","caption":"Reda\u00e7\u00e3o ITM"},"url":"https:\/\/www.inthemine.com.br\/site\/author\/admin-itm\/"}]}},"_links":{"self":[{"href":"https:\/\/www.inthemine.com.br\/site\/wp-json\/wp\/v2\/posts\/30516","targetHints":{"allow":["GET"]}}],"collection":[{"href":"https:\/\/www.inthemine.com.br\/site\/wp-json\/wp\/v2\/posts"}],"about":[{"href":"https:\/\/www.inthemine.com.br\/site\/wp-json\/wp\/v2\/types\/post"}],"author":[{"embeddable":true,"href":"https:\/\/www.inthemine.com.br\/site\/wp-json\/wp\/v2\/users\/3"}],"replies":[{"embeddable":true,"href":"https:\/\/www.inthemine.com.br\/site\/wp-json\/wp\/v2\/comments?post=30516"}],"version-history":[{"count":1,"href":"https:\/\/www.inthemine.com.br\/site\/wp-json\/wp\/v2\/posts\/30516\/revisions"}],"predecessor-version":[{"id":30518,"href":"https:\/\/www.inthemine.com.br\/site\/wp-json\/wp\/v2\/posts\/30516\/revisions\/30518"}],"wp:featuredmedia":[{"embeddable":true,"href":"https:\/\/www.inthemine.com.br\/site\/wp-json\/wp\/v2\/media\/30517"}],"wp:attachment":[{"href":"https:\/\/www.inthemine.com.br\/site\/wp-json\/wp\/v2\/media?parent=30516"}],"wp:term":[{"taxonomy":"category","embeddable":true,"href":"https:\/\/www.inthemine.com.br\/site\/wp-json\/wp\/v2\/categories?post=30516"},{"taxonomy":"post_tag","embeddable":true,"href":"https:\/\/www.inthemine.com.br\/site\/wp-json\/wp\/v2\/tags?post=30516"}],"curies":[{"name":"wp","href":"https:\/\/api.w.org\/{rel}","templated":true}]}}