{"id":30506,"date":"2026-04-27T15:22:46","date_gmt":"2026-04-27T18:22:46","guid":{"rendered":"https:\/\/www.inthemine.com.br\/site\/?p=30506"},"modified":"2026-04-27T15:52:29","modified_gmt":"2026-04-27T18:52:29","slug":"taxa-proposta-eleva-custos-e-gera-alerta-no-setor","status":"publish","type":"post","link":"https:\/\/www.inthemine.com.br\/site\/taxa-proposta-eleva-custos-e-gera-alerta-no-setor\/","title":{"rendered":"TAXA PROPOSTA ELEVA CUSTOS E GERA ALERTA NO SETOR"},"content":{"rendered":"<p>A \u201cTouro\u201d \u00e9 o principal dispositivo do projeto criticado pelo IBGM, podendo acarretar a eleva\u00e7\u00e3o do custo do quilo do metal em R$ 5 mil, ao fixar valores de R$ 2,00 por emiss\u00e3o de Guia de Transporte e de R$ 5,00 por grama de ouro para a marca\u00e7\u00e3o f\u00edsica. Outro risco \u00e9 o de concentrar o poder de rastrear o produto na CMB, com potencial de criar um gargalo log\u00edstico no setor, al\u00e9m de ignorar a expertise da ANM sobre o tema.<\/p>\n<p>Inclusive, desde 2023, o \u00f3rg\u00e3o estatal e a ag\u00eancia v\u00eam desenvolvendo um sistema de rastreabilidade da cadeia produtiva de ouro, com programa\u00e7\u00e3o dos primeiros testes de um modelo piloto na Coogavepe (Cooperativa dos Garimpeiros do Vale do Rio Peixoto), situada no Mato Grosso. Os debates sobre o substitutivo j\u00e1 adiaram sua vota\u00e7\u00e3o na C\u00e2mara dos Deputados, que acabou aprovando o texto, agora em an\u00e1lise pelo Senado.<\/p>\n<h5>Foto: Visita de representantes da ANM e CMB \u00e0 Coogavepe, em abril &#8211;\u00a0Coogavepe\/Divulga\u00e7\u00e3o<\/h5>\n","protected":false},"excerpt":{"rendered":"<p>Modelo concentra controle operacional, cria entraves log\u00edsticos e ignora avan\u00e7os t\u00e9cnicos j\u00e1 em desenvolvimento<\/p>\n","protected":false},"author":3,"featured_media":30507,"comment_status":"open","ping_status":"open","sticky":false,"template":"","format":"standard","meta":{"footnotes":""},"categories":[32],"tags":[],"class_list":["post-30506","post","type-post","status-publish","format-standard","has-post-thumbnail","hentry","category-legislacao"],"yoast_head":"<!-- This site is optimized with the Yoast SEO plugin v27.4 - https:\/\/yoast.com\/product\/yoast-seo-wordpress\/ -->\n<title>TAXA PROPOSTA ELEVA CUSTOS E GERA ALERTA NO SETOR - Revista In The Mine<\/title>\n<meta name=\"description\" content=\"Modelo concentra controle operacional, cria entraves log\u00edsticos e ignora avan\u00e7os t\u00e9cnicos j\u00e1 em desenvolvimento\" \/>\n<meta name=\"robots\" content=\"index, follow, max-snippet:-1, max-image-preview:large, max-video-preview:-1\" \/>\n<link rel=\"canonical\" href=\"https:\/\/www.inthemine.com.br\/site\/taxa-proposta-eleva-custos-e-gera-alerta-no-setor\/\" \/>\n<meta property=\"og:locale\" content=\"pt_BR\" \/>\n<meta property=\"og:type\" content=\"article\" \/>\n<meta property=\"og:title\" content=\"TAXA PROPOSTA ELEVA CUSTOS E GERA ALERTA NO SETOR - Revista In The Mine\" \/>\n<meta property=\"og:description\" content=\"Modelo concentra controle operacional, cria entraves log\u00edsticos e ignora avan\u00e7os t\u00e9cnicos j\u00e1 em desenvolvimento\" \/>\n<meta property=\"og:url\" content=\"https:\/\/www.inthemine.com.br\/site\/taxa-proposta-eleva-custos-e-gera-alerta-no-setor\/\" \/>\n<meta property=\"og:site_name\" content=\"Revista In The Mine\" \/>\n<meta property=\"article:publisher\" content=\"http:\/\/www.facebook.com\/inthemine\" \/>\n<meta property=\"article:published_time\" content=\"2026-04-27T18:22:46+00:00\" \/>\n<meta property=\"article:modified_time\" content=\"2026-04-27T18:52:29+00:00\" \/>\n<meta property=\"og:image\" content=\"https:\/\/www.inthemine.com.br\/site\/wp-content\/uploads\/2026\/04\/Foto1-e1777314140495.jpg\" \/>\n\t<meta property=\"og:image:width\" content=\"800\" \/>\n\t<meta property=\"og:image:height\" content=\"534\" \/>\n\t<meta property=\"og:image:type\" content=\"image\/jpeg\" \/>\n<meta name=\"author\" content=\"Reda\u00e7\u00e3o ITM\" \/>\n<meta name=\"twitter:card\" content=\"summary_large_image\" \/>\n<meta name=\"twitter:creator\" content=\"@intheminet\" \/>\n<meta name=\"twitter:site\" content=\"@intheminet\" \/>\n<meta name=\"twitter:label1\" content=\"Escrito por\" \/>\n\t<meta name=\"twitter:data1\" content=\"Reda\u00e7\u00e3o ITM\" \/>\n\t<meta name=\"twitter:label2\" content=\"Est. tempo de leitura\" \/>\n\t<meta name=\"twitter:data2\" content=\"2 minutos\" \/>\n<script type=\"application\/ld+json\" class=\"yoast-schema-graph\">{\"@context\":\"https:\\\/\\\/schema.org\",\"@graph\":[{\"@type\":\"Article\",\"@id\":\"https:\\\/\\\/www.inthemine.com.br\\\/site\\\/taxa-proposta-eleva-custos-e-gera-alerta-no-setor\\\/#article\",\"isPartOf\":{\"@id\":\"https:\\\/\\\/www.inthemine.com.br\\\/site\\\/taxa-proposta-eleva-custos-e-gera-alerta-no-setor\\\/\"},\"author\":{\"name\":\"Reda\u00e7\u00e3o ITM\",\"@id\":\"https:\\\/\\\/www.inthemine.com.br\\\/site\\\/#\\\/schema\\\/person\\\/9eb77cece2cea253bb36c4b68c6a324c\"},\"headline\":\"TAXA PROPOSTA ELEVA CUSTOS E GERA ALERTA NO SETOR\",\"datePublished\":\"2026-04-27T18:22:46+00:00\",\"dateModified\":\"2026-04-27T18:52:29+00:00\",\"mainEntityOfPage\":{\"@id\":\"https:\\\/\\\/www.inthemine.com.br\\\/site\\\/taxa-proposta-eleva-custos-e-gera-alerta-no-setor\\\/\"},\"wordCount\":179,\"commentCount\":0,\"publisher\":{\"@id\":\"https:\\\/\\\/www.inthemine.com.br\\\/site\\\/#organization\"},\"image\":{\"@id\":\"https:\\\/\\\/www.inthemine.com.br\\\/site\\\/taxa-proposta-eleva-custos-e-gera-alerta-no-setor\\\/#primaryimage\"},\"thumbnailUrl\":\"https:\\\/\\\/www.inthemine.com.br\\\/site\\\/wp-content\\\/uploads\\\/2026\\\/04\\\/Foto1-e1777314140495.jpg\",\"articleSection\":[\"LEGISLA\u00c7\u00c3O\"],\"inLanguage\":\"pt-BR\",\"potentialAction\":[{\"@type\":\"CommentAction\",\"name\":\"Comment\",\"target\":[\"https:\\\/\\\/www.inthemine.com.br\\\/site\\\/taxa-proposta-eleva-custos-e-gera-alerta-no-setor\\\/#respond\"]}]},{\"@type\":\"WebPage\",\"@id\":\"https:\\\/\\\/www.inthemine.com.br\\\/site\\\/taxa-proposta-eleva-custos-e-gera-alerta-no-setor\\\/\",\"url\":\"https:\\\/\\\/www.inthemine.com.br\\\/site\\\/taxa-proposta-eleva-custos-e-gera-alerta-no-setor\\\/\",\"name\":\"TAXA PROPOSTA ELEVA CUSTOS E GERA ALERTA NO SETOR - Revista In The Mine\",\"isPartOf\":{\"@id\":\"https:\\\/\\\/www.inthemine.com.br\\\/site\\\/#website\"},\"primaryImageOfPage\":{\"@id\":\"https:\\\/\\\/www.inthemine.com.br\\\/site\\\/taxa-proposta-eleva-custos-e-gera-alerta-no-setor\\\/#primaryimage\"},\"image\":{\"@id\":\"https:\\\/\\\/www.inthemine.com.br\\\/site\\\/taxa-proposta-eleva-custos-e-gera-alerta-no-setor\\\/#primaryimage\"},\"thumbnailUrl\":\"https:\\\/\\\/www.inthemine.com.br\\\/site\\\/wp-content\\\/uploads\\\/2026\\\/04\\\/Foto1-e1777314140495.jpg\",\"datePublished\":\"2026-04-27T18:22:46+00:00\",\"dateModified\":\"2026-04-27T18:52:29+00:00\",\"description\":\"Modelo concentra controle operacional, cria entraves log\u00edsticos e ignora avan\u00e7os t\u00e9cnicos j\u00e1 em desenvolvimento\",\"breadcrumb\":{\"@id\":\"https:\\\/\\\/www.inthemine.com.br\\\/site\\\/taxa-proposta-eleva-custos-e-gera-alerta-no-setor\\\/#breadcrumb\"},\"inLanguage\":\"pt-BR\",\"potentialAction\":[{\"@type\":\"ReadAction\",\"target\":[\"https:\\\/\\\/www.inthemine.com.br\\\/site\\\/taxa-proposta-eleva-custos-e-gera-alerta-no-setor\\\/\"]}]},{\"@type\":\"ImageObject\",\"inLanguage\":\"pt-BR\",\"@id\":\"https:\\\/\\\/www.inthemine.com.br\\\/site\\\/taxa-proposta-eleva-custos-e-gera-alerta-no-setor\\\/#primaryimage\",\"url\":\"https:\\\/\\\/www.inthemine.com.br\\\/site\\\/wp-content\\\/uploads\\\/2026\\\/04\\\/Foto1-e1777314140495.jpg\",\"contentUrl\":\"https:\\\/\\\/www.inthemine.com.br\\\/site\\\/wp-content\\\/uploads\\\/2026\\\/04\\\/Foto1-e1777314140495.jpg\",\"width\":800,\"height\":534,\"caption\":\"Visita de representantes da ANM e CMB \u00e0 Coogavepe\"},{\"@type\":\"BreadcrumbList\",\"@id\":\"https:\\\/\\\/www.inthemine.com.br\\\/site\\\/taxa-proposta-eleva-custos-e-gera-alerta-no-setor\\\/#breadcrumb\",\"itemListElement\":[{\"@type\":\"ListItem\",\"position\":1,\"name\":\"In\u00edcio\",\"item\":\"https:\\\/\\\/www.inthemine.com.br\\\/site\\\/\"},{\"@type\":\"ListItem\",\"position\":2,\"name\":\"TAXA PROPOSTA ELEVA CUSTOS E GERA ALERTA NO SETOR\"}]},{\"@type\":\"WebSite\",\"@id\":\"https:\\\/\\\/www.inthemine.com.br\\\/site\\\/#website\",\"url\":\"https:\\\/\\\/www.inthemine.com.br\\\/site\\\/\",\"name\":\"Revista In The Mine\",\"description\":\"Minera\u00e7\u00e3o brasileira\",\"publisher\":{\"@id\":\"https:\\\/\\\/www.inthemine.com.br\\\/site\\\/#organization\"},\"potentialAction\":[{\"@type\":\"SearchAction\",\"target\":{\"@type\":\"EntryPoint\",\"urlTemplate\":\"https:\\\/\\\/www.inthemine.com.br\\\/site\\\/?s={search_term_string}\"},\"query-input\":{\"@type\":\"PropertyValueSpecification\",\"valueRequired\":true,\"valueName\":\"search_term_string\"}}],\"inLanguage\":\"pt-BR\"},{\"@type\":\"Organization\",\"@id\":\"https:\\\/\\\/www.inthemine.com.br\\\/site\\\/#organization\",\"name\":\"In The Mine magazine\",\"url\":\"https:\\\/\\\/www.inthemine.com.br\\\/site\\\/\",\"logo\":{\"@type\":\"ImageObject\",\"inLanguage\":\"pt-BR\",\"@id\":\"https:\\\/\\\/www.inthemine.com.br\\\/site\\\/#\\\/schema\\\/logo\\\/image\\\/\",\"url\":\"https:\\\/\\\/www.inthemine.com.br\\\/site\\\/wp-content\\\/uploads\\\/2014\\\/08\\\/parceiro_theinmine.png\",\"contentUrl\":\"https:\\\/\\\/www.inthemine.com.br\\\/site\\\/wp-content\\\/uploads\\\/2014\\\/08\\\/parceiro_theinmine.png\",\"width\":170,\"height\":120,\"caption\":\"In The Mine magazine\"},\"image\":{\"@id\":\"https:\\\/\\\/www.inthemine.com.br\\\/site\\\/#\\\/schema\\\/logo\\\/image\\\/\"},\"sameAs\":[\"http:\\\/\\\/www.facebook.com\\\/inthemine\",\"https:\\\/\\\/x.com\\\/intheminet\",\"https:\\\/\\\/www.instagram.com\\\/minegaleria\",\"https:\\\/\\\/www.linkedin.com\\\/company\\\/in-the-mine?trk=biz-companies-cym\",\"https:\\\/\\\/www.youtube.com\\\/user\\\/revistainthemine\"]},{\"@type\":\"Person\",\"@id\":\"https:\\\/\\\/www.inthemine.com.br\\\/site\\\/#\\\/schema\\\/person\\\/9eb77cece2cea253bb36c4b68c6a324c\",\"name\":\"Reda\u00e7\u00e3o ITM\",\"image\":{\"@type\":\"ImageObject\",\"inLanguage\":\"pt-BR\",\"@id\":\"https:\\\/\\\/secure.gravatar.com\\\/avatar\\\/0f7f41419befdee0feca08f9ea1e434cac9c04e0b8d28ab40cffb82628fcfdf1?s=96&d=mm&r=g\",\"url\":\"https:\\\/\\\/secure.gravatar.com\\\/avatar\\\/0f7f41419befdee0feca08f9ea1e434cac9c04e0b8d28ab40cffb82628fcfdf1?s=96&d=mm&r=g\",\"contentUrl\":\"https:\\\/\\\/secure.gravatar.com\\\/avatar\\\/0f7f41419befdee0feca08f9ea1e434cac9c04e0b8d28ab40cffb82628fcfdf1?s=96&d=mm&r=g\",\"caption\":\"Reda\u00e7\u00e3o ITM\"},\"url\":\"https:\\\/\\\/www.inthemine.com.br\\\/site\\\/author\\\/admin-itm\\\/\"}]}<\/script>\n<!-- \/ Yoast SEO plugin. -->","yoast_head_json":{"title":"TAXA PROPOSTA ELEVA CUSTOS E GERA ALERTA NO SETOR - Revista In The Mine","description":"Modelo concentra controle operacional, cria entraves log\u00edsticos e ignora avan\u00e7os t\u00e9cnicos j\u00e1 em desenvolvimento","robots":{"index":"index","follow":"follow","max-snippet":"max-snippet:-1","max-image-preview":"max-image-preview:large","max-video-preview":"max-video-preview:-1"},"canonical":"https:\/\/www.inthemine.com.br\/site\/taxa-proposta-eleva-custos-e-gera-alerta-no-setor\/","og_locale":"pt_BR","og_type":"article","og_title":"TAXA PROPOSTA ELEVA CUSTOS E GERA ALERTA NO SETOR - Revista In The Mine","og_description":"Modelo concentra controle operacional, cria entraves log\u00edsticos e ignora avan\u00e7os t\u00e9cnicos j\u00e1 em desenvolvimento","og_url":"https:\/\/www.inthemine.com.br\/site\/taxa-proposta-eleva-custos-e-gera-alerta-no-setor\/","og_site_name":"Revista In The Mine","article_publisher":"http:\/\/www.facebook.com\/inthemine","article_published_time":"2026-04-27T18:22:46+00:00","article_modified_time":"2026-04-27T18:52:29+00:00","og_image":[{"width":800,"height":534,"url":"https:\/\/www.inthemine.com.br\/site\/wp-content\/uploads\/2026\/04\/Foto1-e1777314140495.jpg","type":"image\/jpeg"}],"author":"Reda\u00e7\u00e3o ITM","twitter_card":"summary_large_image","twitter_creator":"@intheminet","twitter_site":"@intheminet","twitter_misc":{"Escrito por":"Reda\u00e7\u00e3o ITM","Est. tempo de leitura":"2 minutos"},"schema":{"@context":"https:\/\/schema.org","@graph":[{"@type":"Article","@id":"https:\/\/www.inthemine.com.br\/site\/taxa-proposta-eleva-custos-e-gera-alerta-no-setor\/#article","isPartOf":{"@id":"https:\/\/www.inthemine.com.br\/site\/taxa-proposta-eleva-custos-e-gera-alerta-no-setor\/"},"author":{"name":"Reda\u00e7\u00e3o ITM","@id":"https:\/\/www.inthemine.com.br\/site\/#\/schema\/person\/9eb77cece2cea253bb36c4b68c6a324c"},"headline":"TAXA PROPOSTA ELEVA CUSTOS E GERA ALERTA NO SETOR","datePublished":"2026-04-27T18:22:46+00:00","dateModified":"2026-04-27T18:52:29+00:00","mainEntityOfPage":{"@id":"https:\/\/www.inthemine.com.br\/site\/taxa-proposta-eleva-custos-e-gera-alerta-no-setor\/"},"wordCount":179,"commentCount":0,"publisher":{"@id":"https:\/\/www.inthemine.com.br\/site\/#organization"},"image":{"@id":"https:\/\/www.inthemine.com.br\/site\/taxa-proposta-eleva-custos-e-gera-alerta-no-setor\/#primaryimage"},"thumbnailUrl":"https:\/\/www.inthemine.com.br\/site\/wp-content\/uploads\/2026\/04\/Foto1-e1777314140495.jpg","articleSection":["LEGISLA\u00c7\u00c3O"],"inLanguage":"pt-BR","potentialAction":[{"@type":"CommentAction","name":"Comment","target":["https:\/\/www.inthemine.com.br\/site\/taxa-proposta-eleva-custos-e-gera-alerta-no-setor\/#respond"]}]},{"@type":"WebPage","@id":"https:\/\/www.inthemine.com.br\/site\/taxa-proposta-eleva-custos-e-gera-alerta-no-setor\/","url":"https:\/\/www.inthemine.com.br\/site\/taxa-proposta-eleva-custos-e-gera-alerta-no-setor\/","name":"TAXA PROPOSTA ELEVA CUSTOS E GERA ALERTA NO SETOR - Revista In The Mine","isPartOf":{"@id":"https:\/\/www.inthemine.com.br\/site\/#website"},"primaryImageOfPage":{"@id":"https:\/\/www.inthemine.com.br\/site\/taxa-proposta-eleva-custos-e-gera-alerta-no-setor\/#primaryimage"},"image":{"@id":"https:\/\/www.inthemine.com.br\/site\/taxa-proposta-eleva-custos-e-gera-alerta-no-setor\/#primaryimage"},"thumbnailUrl":"https:\/\/www.inthemine.com.br\/site\/wp-content\/uploads\/2026\/04\/Foto1-e1777314140495.jpg","datePublished":"2026-04-27T18:22:46+00:00","dateModified":"2026-04-27T18:52:29+00:00","description":"Modelo concentra controle operacional, cria entraves log\u00edsticos e ignora avan\u00e7os t\u00e9cnicos j\u00e1 em desenvolvimento","breadcrumb":{"@id":"https:\/\/www.inthemine.com.br\/site\/taxa-proposta-eleva-custos-e-gera-alerta-no-setor\/#breadcrumb"},"inLanguage":"pt-BR","potentialAction":[{"@type":"ReadAction","target":["https:\/\/www.inthemine.com.br\/site\/taxa-proposta-eleva-custos-e-gera-alerta-no-setor\/"]}]},{"@type":"ImageObject","inLanguage":"pt-BR","@id":"https:\/\/www.inthemine.com.br\/site\/taxa-proposta-eleva-custos-e-gera-alerta-no-setor\/#primaryimage","url":"https:\/\/www.inthemine.com.br\/site\/wp-content\/uploads\/2026\/04\/Foto1-e1777314140495.jpg","contentUrl":"https:\/\/www.inthemine.com.br\/site\/wp-content\/uploads\/2026\/04\/Foto1-e1777314140495.jpg","width":800,"height":534,"caption":"Visita de representantes da ANM e CMB \u00e0 Coogavepe"},{"@type":"BreadcrumbList","@id":"https:\/\/www.inthemine.com.br\/site\/taxa-proposta-eleva-custos-e-gera-alerta-no-setor\/#breadcrumb","itemListElement":[{"@type":"ListItem","position":1,"name":"In\u00edcio","item":"https:\/\/www.inthemine.com.br\/site\/"},{"@type":"ListItem","position":2,"name":"TAXA PROPOSTA ELEVA CUSTOS E GERA ALERTA NO SETOR"}]},{"@type":"WebSite","@id":"https:\/\/www.inthemine.com.br\/site\/#website","url":"https:\/\/www.inthemine.com.br\/site\/","name":"Revista In The Mine","description":"Minera\u00e7\u00e3o brasileira","publisher":{"@id":"https:\/\/www.inthemine.com.br\/site\/#organization"},"potentialAction":[{"@type":"SearchAction","target":{"@type":"EntryPoint","urlTemplate":"https:\/\/www.inthemine.com.br\/site\/?s={search_term_string}"},"query-input":{"@type":"PropertyValueSpecification","valueRequired":true,"valueName":"search_term_string"}}],"inLanguage":"pt-BR"},{"@type":"Organization","@id":"https:\/\/www.inthemine.com.br\/site\/#organization","name":"In The Mine magazine","url":"https:\/\/www.inthemine.com.br\/site\/","logo":{"@type":"ImageObject","inLanguage":"pt-BR","@id":"https:\/\/www.inthemine.com.br\/site\/#\/schema\/logo\/image\/","url":"https:\/\/www.inthemine.com.br\/site\/wp-content\/uploads\/2014\/08\/parceiro_theinmine.png","contentUrl":"https:\/\/www.inthemine.com.br\/site\/wp-content\/uploads\/2014\/08\/parceiro_theinmine.png","width":170,"height":120,"caption":"In The Mine magazine"},"image":{"@id":"https:\/\/www.inthemine.com.br\/site\/#\/schema\/logo\/image\/"},"sameAs":["http:\/\/www.facebook.com\/inthemine","https:\/\/x.com\/intheminet","https:\/\/www.instagram.com\/minegaleria","https:\/\/www.linkedin.com\/company\/in-the-mine?trk=biz-companies-cym","https:\/\/www.youtube.com\/user\/revistainthemine"]},{"@type":"Person","@id":"https:\/\/www.inthemine.com.br\/site\/#\/schema\/person\/9eb77cece2cea253bb36c4b68c6a324c","name":"Reda\u00e7\u00e3o ITM","image":{"@type":"ImageObject","inLanguage":"pt-BR","@id":"https:\/\/secure.gravatar.com\/avatar\/0f7f41419befdee0feca08f9ea1e434cac9c04e0b8d28ab40cffb82628fcfdf1?s=96&d=mm&r=g","url":"https:\/\/secure.gravatar.com\/avatar\/0f7f41419befdee0feca08f9ea1e434cac9c04e0b8d28ab40cffb82628fcfdf1?s=96&d=mm&r=g","contentUrl":"https:\/\/secure.gravatar.com\/avatar\/0f7f41419befdee0feca08f9ea1e434cac9c04e0b8d28ab40cffb82628fcfdf1?s=96&d=mm&r=g","caption":"Reda\u00e7\u00e3o ITM"},"url":"https:\/\/www.inthemine.com.br\/site\/author\/admin-itm\/"}]}},"_links":{"self":[{"href":"https:\/\/www.inthemine.com.br\/site\/wp-json\/wp\/v2\/posts\/30506","targetHints":{"allow":["GET"]}}],"collection":[{"href":"https:\/\/www.inthemine.com.br\/site\/wp-json\/wp\/v2\/posts"}],"about":[{"href":"https:\/\/www.inthemine.com.br\/site\/wp-json\/wp\/v2\/types\/post"}],"author":[{"embeddable":true,"href":"https:\/\/www.inthemine.com.br\/site\/wp-json\/wp\/v2\/users\/3"}],"replies":[{"embeddable":true,"href":"https:\/\/www.inthemine.com.br\/site\/wp-json\/wp\/v2\/comments?post=30506"}],"version-history":[{"count":2,"href":"https:\/\/www.inthemine.com.br\/site\/wp-json\/wp\/v2\/posts\/30506\/revisions"}],"predecessor-version":[{"id":30525,"href":"https:\/\/www.inthemine.com.br\/site\/wp-json\/wp\/v2\/posts\/30506\/revisions\/30525"}],"wp:featuredmedia":[{"embeddable":true,"href":"https:\/\/www.inthemine.com.br\/site\/wp-json\/wp\/v2\/media\/30507"}],"wp:attachment":[{"href":"https:\/\/www.inthemine.com.br\/site\/wp-json\/wp\/v2\/media?parent=30506"}],"wp:term":[{"taxonomy":"category","embeddable":true,"href":"https:\/\/www.inthemine.com.br\/site\/wp-json\/wp\/v2\/categories?post=30506"},{"taxonomy":"post_tag","embeddable":true,"href":"https:\/\/www.inthemine.com.br\/site\/wp-json\/wp\/v2\/tags?post=30506"}],"curies":[{"name":"wp","href":"https:\/\/api.w.org\/{rel}","templated":true}]}}