{"id":30499,"date":"2026-04-27T15:08:59","date_gmt":"2026-04-27T18:08:59","guid":{"rendered":"https:\/\/www.inthemine.com.br\/site\/?p=30499"},"modified":"2026-04-27T15:08:59","modified_gmt":"2026-04-27T18:08:59","slug":"origen-avanca-na-aquisicao-de-areas-no-brasil","status":"publish","type":"post","link":"https:\/\/www.inthemine.com.br\/site\/origen-avanca-na-aquisicao-de-areas-no-brasil\/","title":{"rendered":"ORIGEN AVAN\u00c7A NA AQUISI\u00c7\u00c3O DE \u00c1REAS NO BRASIL"},"content":{"rendered":"<p>A Origen Resources firmou uma Carta de Inten\u00e7\u00f5es (LOI) para adquirir concess\u00f5es minerais de uma \u00e1rea com potencial para a exist\u00eancia de terras raras no Brasil, na cidade de Picos, no Piau\u00ed. O dep\u00f3sito est\u00e1 hospedado rochas fosf\u00e1ticas e, juntamente com outros direitos miner\u00e1rios detidos pela Origen, totalizar\u00e1 mais de 68 mil hectares de \u00e1rea.<\/p>\n<p>Na cidade de Santa Rita de C\u00e1ssia, Bahia, a empresa celebrou um acordo com a Incorporadora e Minera\u00e7\u00e3o Santa Rosa para adquirir uma participa\u00e7\u00e3o de 70% em uma \u00e1rea total de mais de 33 mil hectares, contendo um alvo de ETRs (Elementos Terras Raras) hospedado em argila de adsor\u00e7\u00e3o i\u00f4nica ou em laterita.<\/p>\n<p>A amostragem inicial de reconhecimento do solo, definiu uma zona an\u00f4mala espacialmente coerente, com sete (7) das trinta e tr\u00eas (33) amostras apresentando valores elevados, incluindo um pico de 282 ppm de TREO+Y. Caso a due diligence, a ser realizada em um per\u00edodo de at\u00e9 150 dias, tenha resultado positivo, ser\u00e1 fechado um contrato definitivo de aquisi\u00e7\u00e3o do dep\u00f3sito.<\/p>\n<h5>Foto: Avalia\u00e7\u00e3o de dep\u00f3sito de ETRs em Picos, no Piau\u00ed &#8211;\u00a0Origen\/Divulga\u00e7\u00e3o<\/h5>\n","protected":false},"excerpt":{"rendered":"<p>Neg\u00f3cios envolvem ativos com potencial mineral e dependem de an\u00e1lises t\u00e9cnicas antes de gerarem um acordo definitivo<\/p>\n","protected":false},"author":3,"featured_media":30490,"comment_status":"open","ping_status":"open","sticky":false,"template":"","format":"standard","meta":{"footnotes":""},"categories":[5646,29],"tags":[],"class_list":["post-30499","post","type-post","status-publish","format-standard","has-post-thumbnail","hentry","category-geologia","category-mine-prospeccao"],"yoast_head":"<!-- This site is optimized with the Yoast SEO plugin v27.4 - https:\/\/yoast.com\/product\/yoast-seo-wordpress\/ -->\n<title>ORIGEN AVAN\u00c7A NA AQUISI\u00c7\u00c3O DE \u00c1REAS NO BRASIL - Revista In The Mine<\/title>\n<meta name=\"description\" content=\"Neg\u00f3cios envolvem ativos com potencial mineral e dependem de an\u00e1lises t\u00e9cnicas antes de gerarem um acordo definitivo\" \/>\n<meta name=\"robots\" content=\"index, follow, max-snippet:-1, max-image-preview:large, max-video-preview:-1\" \/>\n<link rel=\"canonical\" href=\"https:\/\/www.inthemine.com.br\/site\/origen-avanca-na-aquisicao-de-areas-no-brasil\/\" \/>\n<meta property=\"og:locale\" content=\"pt_BR\" \/>\n<meta property=\"og:type\" content=\"article\" \/>\n<meta property=\"og:title\" content=\"ORIGEN AVAN\u00c7A NA AQUISI\u00c7\u00c3O DE \u00c1REAS NO BRASIL - Revista In The Mine\" \/>\n<meta property=\"og:description\" content=\"Neg\u00f3cios envolvem ativos com potencial mineral e dependem de an\u00e1lises t\u00e9cnicas antes de gerarem um acordo definitivo\" \/>\n<meta property=\"og:url\" content=\"https:\/\/www.inthemine.com.br\/site\/origen-avanca-na-aquisicao-de-areas-no-brasil\/\" \/>\n<meta property=\"og:site_name\" content=\"Revista In The Mine\" \/>\n<meta property=\"article:publisher\" content=\"http:\/\/www.facebook.com\/inthemine\" \/>\n<meta property=\"article:published_time\" content=\"2026-04-27T18:08:59+00:00\" \/>\n<meta property=\"og:image\" content=\"https:\/\/www.inthemine.com.br\/site\/wp-content\/uploads\/2026\/04\/Foto4.jpg\" \/>\n\t<meta property=\"og:image:width\" content=\"800\" \/>\n\t<meta property=\"og:image:height\" content=\"1067\" \/>\n\t<meta property=\"og:image:type\" content=\"image\/jpeg\" \/>\n<meta name=\"author\" content=\"Reda\u00e7\u00e3o ITM\" \/>\n<meta name=\"twitter:card\" content=\"summary_large_image\" \/>\n<meta name=\"twitter:creator\" content=\"@intheminet\" \/>\n<meta name=\"twitter:site\" content=\"@intheminet\" \/>\n<meta name=\"twitter:label1\" content=\"Escrito por\" \/>\n\t<meta name=\"twitter:data1\" content=\"Reda\u00e7\u00e3o ITM\" \/>\n\t<meta name=\"twitter:label2\" content=\"Est. tempo de leitura\" \/>\n\t<meta name=\"twitter:data2\" content=\"2 minutos\" \/>\n<script type=\"application\/ld+json\" class=\"yoast-schema-graph\">{\"@context\":\"https:\\\/\\\/schema.org\",\"@graph\":[{\"@type\":\"Article\",\"@id\":\"https:\\\/\\\/www.inthemine.com.br\\\/site\\\/origen-avanca-na-aquisicao-de-areas-no-brasil\\\/#article\",\"isPartOf\":{\"@id\":\"https:\\\/\\\/www.inthemine.com.br\\\/site\\\/origen-avanca-na-aquisicao-de-areas-no-brasil\\\/\"},\"author\":{\"name\":\"Reda\u00e7\u00e3o ITM\",\"@id\":\"https:\\\/\\\/www.inthemine.com.br\\\/site\\\/#\\\/schema\\\/person\\\/9eb77cece2cea253bb36c4b68c6a324c\"},\"headline\":\"ORIGEN AVAN\u00c7A NA AQUISI\u00c7\u00c3O DE \u00c1REAS NO BRASIL\",\"datePublished\":\"2026-04-27T18:08:59+00:00\",\"mainEntityOfPage\":{\"@id\":\"https:\\\/\\\/www.inthemine.com.br\\\/site\\\/origen-avanca-na-aquisicao-de-areas-no-brasil\\\/\"},\"wordCount\":203,\"commentCount\":0,\"publisher\":{\"@id\":\"https:\\\/\\\/www.inthemine.com.br\\\/site\\\/#organization\"},\"image\":{\"@id\":\"https:\\\/\\\/www.inthemine.com.br\\\/site\\\/origen-avanca-na-aquisicao-de-areas-no-brasil\\\/#primaryimage\"},\"thumbnailUrl\":\"https:\\\/\\\/www.inthemine.com.br\\\/site\\\/wp-content\\\/uploads\\\/2026\\\/04\\\/Foto4.jpg\",\"articleSection\":[\"GEOLOGIA\",\"MINE-PROSPEC\u00c7\u00c3O\"],\"inLanguage\":\"pt-BR\",\"potentialAction\":[{\"@type\":\"CommentAction\",\"name\":\"Comment\",\"target\":[\"https:\\\/\\\/www.inthemine.com.br\\\/site\\\/origen-avanca-na-aquisicao-de-areas-no-brasil\\\/#respond\"]}]},{\"@type\":\"WebPage\",\"@id\":\"https:\\\/\\\/www.inthemine.com.br\\\/site\\\/origen-avanca-na-aquisicao-de-areas-no-brasil\\\/\",\"url\":\"https:\\\/\\\/www.inthemine.com.br\\\/site\\\/origen-avanca-na-aquisicao-de-areas-no-brasil\\\/\",\"name\":\"ORIGEN AVAN\u00c7A NA AQUISI\u00c7\u00c3O DE \u00c1REAS NO BRASIL - Revista In The Mine\",\"isPartOf\":{\"@id\":\"https:\\\/\\\/www.inthemine.com.br\\\/site\\\/#website\"},\"primaryImageOfPage\":{\"@id\":\"https:\\\/\\\/www.inthemine.com.br\\\/site\\\/origen-avanca-na-aquisicao-de-areas-no-brasil\\\/#primaryimage\"},\"image\":{\"@id\":\"https:\\\/\\\/www.inthemine.com.br\\\/site\\\/origen-avanca-na-aquisicao-de-areas-no-brasil\\\/#primaryimage\"},\"thumbnailUrl\":\"https:\\\/\\\/www.inthemine.com.br\\\/site\\\/wp-content\\\/uploads\\\/2026\\\/04\\\/Foto4.jpg\",\"datePublished\":\"2026-04-27T18:08:59+00:00\",\"description\":\"Neg\u00f3cios envolvem ativos com potencial mineral e dependem de an\u00e1lises t\u00e9cnicas antes de gerarem um acordo definitivo\",\"breadcrumb\":{\"@id\":\"https:\\\/\\\/www.inthemine.com.br\\\/site\\\/origen-avanca-na-aquisicao-de-areas-no-brasil\\\/#breadcrumb\"},\"inLanguage\":\"pt-BR\",\"potentialAction\":[{\"@type\":\"ReadAction\",\"target\":[\"https:\\\/\\\/www.inthemine.com.br\\\/site\\\/origen-avanca-na-aquisicao-de-areas-no-brasil\\\/\"]}]},{\"@type\":\"ImageObject\",\"inLanguage\":\"pt-BR\",\"@id\":\"https:\\\/\\\/www.inthemine.com.br\\\/site\\\/origen-avanca-na-aquisicao-de-areas-no-brasil\\\/#primaryimage\",\"url\":\"https:\\\/\\\/www.inthemine.com.br\\\/site\\\/wp-content\\\/uploads\\\/2026\\\/04\\\/Foto4.jpg\",\"contentUrl\":\"https:\\\/\\\/www.inthemine.com.br\\\/site\\\/wp-content\\\/uploads\\\/2026\\\/04\\\/Foto4.jpg\",\"width\":800,\"height\":1067,\"caption\":\"dep\u00f3sito de ETRs em Picos\"},{\"@type\":\"BreadcrumbList\",\"@id\":\"https:\\\/\\\/www.inthemine.com.br\\\/site\\\/origen-avanca-na-aquisicao-de-areas-no-brasil\\\/#breadcrumb\",\"itemListElement\":[{\"@type\":\"ListItem\",\"position\":1,\"name\":\"In\u00edcio\",\"item\":\"https:\\\/\\\/www.inthemine.com.br\\\/site\\\/\"},{\"@type\":\"ListItem\",\"position\":2,\"name\":\"ORIGEN AVAN\u00c7A NA AQUISI\u00c7\u00c3O DE \u00c1REAS NO BRASIL\"}]},{\"@type\":\"WebSite\",\"@id\":\"https:\\\/\\\/www.inthemine.com.br\\\/site\\\/#website\",\"url\":\"https:\\\/\\\/www.inthemine.com.br\\\/site\\\/\",\"name\":\"Revista In The Mine\",\"description\":\"Minera\u00e7\u00e3o brasileira\",\"publisher\":{\"@id\":\"https:\\\/\\\/www.inthemine.com.br\\\/site\\\/#organization\"},\"potentialAction\":[{\"@type\":\"SearchAction\",\"target\":{\"@type\":\"EntryPoint\",\"urlTemplate\":\"https:\\\/\\\/www.inthemine.com.br\\\/site\\\/?s={search_term_string}\"},\"query-input\":{\"@type\":\"PropertyValueSpecification\",\"valueRequired\":true,\"valueName\":\"search_term_string\"}}],\"inLanguage\":\"pt-BR\"},{\"@type\":\"Organization\",\"@id\":\"https:\\\/\\\/www.inthemine.com.br\\\/site\\\/#organization\",\"name\":\"In The Mine magazine\",\"url\":\"https:\\\/\\\/www.inthemine.com.br\\\/site\\\/\",\"logo\":{\"@type\":\"ImageObject\",\"inLanguage\":\"pt-BR\",\"@id\":\"https:\\\/\\\/www.inthemine.com.br\\\/site\\\/#\\\/schema\\\/logo\\\/image\\\/\",\"url\":\"https:\\\/\\\/www.inthemine.com.br\\\/site\\\/wp-content\\\/uploads\\\/2014\\\/08\\\/parceiro_theinmine.png\",\"contentUrl\":\"https:\\\/\\\/www.inthemine.com.br\\\/site\\\/wp-content\\\/uploads\\\/2014\\\/08\\\/parceiro_theinmine.png\",\"width\":170,\"height\":120,\"caption\":\"In The Mine magazine\"},\"image\":{\"@id\":\"https:\\\/\\\/www.inthemine.com.br\\\/site\\\/#\\\/schema\\\/logo\\\/image\\\/\"},\"sameAs\":[\"http:\\\/\\\/www.facebook.com\\\/inthemine\",\"https:\\\/\\\/x.com\\\/intheminet\",\"https:\\\/\\\/www.instagram.com\\\/minegaleria\",\"https:\\\/\\\/www.linkedin.com\\\/company\\\/in-the-mine?trk=biz-companies-cym\",\"https:\\\/\\\/www.youtube.com\\\/user\\\/revistainthemine\"]},{\"@type\":\"Person\",\"@id\":\"https:\\\/\\\/www.inthemine.com.br\\\/site\\\/#\\\/schema\\\/person\\\/9eb77cece2cea253bb36c4b68c6a324c\",\"name\":\"Reda\u00e7\u00e3o ITM\",\"image\":{\"@type\":\"ImageObject\",\"inLanguage\":\"pt-BR\",\"@id\":\"https:\\\/\\\/secure.gravatar.com\\\/avatar\\\/0f7f41419befdee0feca08f9ea1e434cac9c04e0b8d28ab40cffb82628fcfdf1?s=96&d=mm&r=g\",\"url\":\"https:\\\/\\\/secure.gravatar.com\\\/avatar\\\/0f7f41419befdee0feca08f9ea1e434cac9c04e0b8d28ab40cffb82628fcfdf1?s=96&d=mm&r=g\",\"contentUrl\":\"https:\\\/\\\/secure.gravatar.com\\\/avatar\\\/0f7f41419befdee0feca08f9ea1e434cac9c04e0b8d28ab40cffb82628fcfdf1?s=96&d=mm&r=g\",\"caption\":\"Reda\u00e7\u00e3o ITM\"},\"url\":\"https:\\\/\\\/www.inthemine.com.br\\\/site\\\/author\\\/admin-itm\\\/\"}]}<\/script>\n<!-- \/ Yoast SEO plugin. -->","yoast_head_json":{"title":"ORIGEN AVAN\u00c7A NA AQUISI\u00c7\u00c3O DE \u00c1REAS NO BRASIL - Revista In The Mine","description":"Neg\u00f3cios envolvem ativos com potencial mineral e dependem de an\u00e1lises t\u00e9cnicas antes de gerarem um acordo definitivo","robots":{"index":"index","follow":"follow","max-snippet":"max-snippet:-1","max-image-preview":"max-image-preview:large","max-video-preview":"max-video-preview:-1"},"canonical":"https:\/\/www.inthemine.com.br\/site\/origen-avanca-na-aquisicao-de-areas-no-brasil\/","og_locale":"pt_BR","og_type":"article","og_title":"ORIGEN AVAN\u00c7A NA AQUISI\u00c7\u00c3O DE \u00c1REAS NO BRASIL - Revista In The Mine","og_description":"Neg\u00f3cios envolvem ativos com potencial mineral e dependem de an\u00e1lises t\u00e9cnicas antes de gerarem um acordo definitivo","og_url":"https:\/\/www.inthemine.com.br\/site\/origen-avanca-na-aquisicao-de-areas-no-brasil\/","og_site_name":"Revista In The Mine","article_publisher":"http:\/\/www.facebook.com\/inthemine","article_published_time":"2026-04-27T18:08:59+00:00","og_image":[{"width":800,"height":1067,"url":"https:\/\/www.inthemine.com.br\/site\/wp-content\/uploads\/2026\/04\/Foto4.jpg","type":"image\/jpeg"}],"author":"Reda\u00e7\u00e3o ITM","twitter_card":"summary_large_image","twitter_creator":"@intheminet","twitter_site":"@intheminet","twitter_misc":{"Escrito por":"Reda\u00e7\u00e3o ITM","Est. tempo de leitura":"2 minutos"},"schema":{"@context":"https:\/\/schema.org","@graph":[{"@type":"Article","@id":"https:\/\/www.inthemine.com.br\/site\/origen-avanca-na-aquisicao-de-areas-no-brasil\/#article","isPartOf":{"@id":"https:\/\/www.inthemine.com.br\/site\/origen-avanca-na-aquisicao-de-areas-no-brasil\/"},"author":{"name":"Reda\u00e7\u00e3o ITM","@id":"https:\/\/www.inthemine.com.br\/site\/#\/schema\/person\/9eb77cece2cea253bb36c4b68c6a324c"},"headline":"ORIGEN AVAN\u00c7A NA AQUISI\u00c7\u00c3O DE \u00c1REAS NO BRASIL","datePublished":"2026-04-27T18:08:59+00:00","mainEntityOfPage":{"@id":"https:\/\/www.inthemine.com.br\/site\/origen-avanca-na-aquisicao-de-areas-no-brasil\/"},"wordCount":203,"commentCount":0,"publisher":{"@id":"https:\/\/www.inthemine.com.br\/site\/#organization"},"image":{"@id":"https:\/\/www.inthemine.com.br\/site\/origen-avanca-na-aquisicao-de-areas-no-brasil\/#primaryimage"},"thumbnailUrl":"https:\/\/www.inthemine.com.br\/site\/wp-content\/uploads\/2026\/04\/Foto4.jpg","articleSection":["GEOLOGIA","MINE-PROSPEC\u00c7\u00c3O"],"inLanguage":"pt-BR","potentialAction":[{"@type":"CommentAction","name":"Comment","target":["https:\/\/www.inthemine.com.br\/site\/origen-avanca-na-aquisicao-de-areas-no-brasil\/#respond"]}]},{"@type":"WebPage","@id":"https:\/\/www.inthemine.com.br\/site\/origen-avanca-na-aquisicao-de-areas-no-brasil\/","url":"https:\/\/www.inthemine.com.br\/site\/origen-avanca-na-aquisicao-de-areas-no-brasil\/","name":"ORIGEN AVAN\u00c7A NA AQUISI\u00c7\u00c3O DE \u00c1REAS NO BRASIL - Revista In The Mine","isPartOf":{"@id":"https:\/\/www.inthemine.com.br\/site\/#website"},"primaryImageOfPage":{"@id":"https:\/\/www.inthemine.com.br\/site\/origen-avanca-na-aquisicao-de-areas-no-brasil\/#primaryimage"},"image":{"@id":"https:\/\/www.inthemine.com.br\/site\/origen-avanca-na-aquisicao-de-areas-no-brasil\/#primaryimage"},"thumbnailUrl":"https:\/\/www.inthemine.com.br\/site\/wp-content\/uploads\/2026\/04\/Foto4.jpg","datePublished":"2026-04-27T18:08:59+00:00","description":"Neg\u00f3cios envolvem ativos com potencial mineral e dependem de an\u00e1lises t\u00e9cnicas antes de gerarem um acordo definitivo","breadcrumb":{"@id":"https:\/\/www.inthemine.com.br\/site\/origen-avanca-na-aquisicao-de-areas-no-brasil\/#breadcrumb"},"inLanguage":"pt-BR","potentialAction":[{"@type":"ReadAction","target":["https:\/\/www.inthemine.com.br\/site\/origen-avanca-na-aquisicao-de-areas-no-brasil\/"]}]},{"@type":"ImageObject","inLanguage":"pt-BR","@id":"https:\/\/www.inthemine.com.br\/site\/origen-avanca-na-aquisicao-de-areas-no-brasil\/#primaryimage","url":"https:\/\/www.inthemine.com.br\/site\/wp-content\/uploads\/2026\/04\/Foto4.jpg","contentUrl":"https:\/\/www.inthemine.com.br\/site\/wp-content\/uploads\/2026\/04\/Foto4.jpg","width":800,"height":1067,"caption":"dep\u00f3sito de ETRs em Picos"},{"@type":"BreadcrumbList","@id":"https:\/\/www.inthemine.com.br\/site\/origen-avanca-na-aquisicao-de-areas-no-brasil\/#breadcrumb","itemListElement":[{"@type":"ListItem","position":1,"name":"In\u00edcio","item":"https:\/\/www.inthemine.com.br\/site\/"},{"@type":"ListItem","position":2,"name":"ORIGEN AVAN\u00c7A NA AQUISI\u00c7\u00c3O DE \u00c1REAS NO BRASIL"}]},{"@type":"WebSite","@id":"https:\/\/www.inthemine.com.br\/site\/#website","url":"https:\/\/www.inthemine.com.br\/site\/","name":"Revista In The Mine","description":"Minera\u00e7\u00e3o brasileira","publisher":{"@id":"https:\/\/www.inthemine.com.br\/site\/#organization"},"potentialAction":[{"@type":"SearchAction","target":{"@type":"EntryPoint","urlTemplate":"https:\/\/www.inthemine.com.br\/site\/?s={search_term_string}"},"query-input":{"@type":"PropertyValueSpecification","valueRequired":true,"valueName":"search_term_string"}}],"inLanguage":"pt-BR"},{"@type":"Organization","@id":"https:\/\/www.inthemine.com.br\/site\/#organization","name":"In The Mine magazine","url":"https:\/\/www.inthemine.com.br\/site\/","logo":{"@type":"ImageObject","inLanguage":"pt-BR","@id":"https:\/\/www.inthemine.com.br\/site\/#\/schema\/logo\/image\/","url":"https:\/\/www.inthemine.com.br\/site\/wp-content\/uploads\/2014\/08\/parceiro_theinmine.png","contentUrl":"https:\/\/www.inthemine.com.br\/site\/wp-content\/uploads\/2014\/08\/parceiro_theinmine.png","width":170,"height":120,"caption":"In The Mine magazine"},"image":{"@id":"https:\/\/www.inthemine.com.br\/site\/#\/schema\/logo\/image\/"},"sameAs":["http:\/\/www.facebook.com\/inthemine","https:\/\/x.com\/intheminet","https:\/\/www.instagram.com\/minegaleria","https:\/\/www.linkedin.com\/company\/in-the-mine?trk=biz-companies-cym","https:\/\/www.youtube.com\/user\/revistainthemine"]},{"@type":"Person","@id":"https:\/\/www.inthemine.com.br\/site\/#\/schema\/person\/9eb77cece2cea253bb36c4b68c6a324c","name":"Reda\u00e7\u00e3o ITM","image":{"@type":"ImageObject","inLanguage":"pt-BR","@id":"https:\/\/secure.gravatar.com\/avatar\/0f7f41419befdee0feca08f9ea1e434cac9c04e0b8d28ab40cffb82628fcfdf1?s=96&d=mm&r=g","url":"https:\/\/secure.gravatar.com\/avatar\/0f7f41419befdee0feca08f9ea1e434cac9c04e0b8d28ab40cffb82628fcfdf1?s=96&d=mm&r=g","contentUrl":"https:\/\/secure.gravatar.com\/avatar\/0f7f41419befdee0feca08f9ea1e434cac9c04e0b8d28ab40cffb82628fcfdf1?s=96&d=mm&r=g","caption":"Reda\u00e7\u00e3o ITM"},"url":"https:\/\/www.inthemine.com.br\/site\/author\/admin-itm\/"}]}},"_links":{"self":[{"href":"https:\/\/www.inthemine.com.br\/site\/wp-json\/wp\/v2\/posts\/30499","targetHints":{"allow":["GET"]}}],"collection":[{"href":"https:\/\/www.inthemine.com.br\/site\/wp-json\/wp\/v2\/posts"}],"about":[{"href":"https:\/\/www.inthemine.com.br\/site\/wp-json\/wp\/v2\/types\/post"}],"author":[{"embeddable":true,"href":"https:\/\/www.inthemine.com.br\/site\/wp-json\/wp\/v2\/users\/3"}],"replies":[{"embeddable":true,"href":"https:\/\/www.inthemine.com.br\/site\/wp-json\/wp\/v2\/comments?post=30499"}],"version-history":[{"count":1,"href":"https:\/\/www.inthemine.com.br\/site\/wp-json\/wp\/v2\/posts\/30499\/revisions"}],"predecessor-version":[{"id":30500,"href":"https:\/\/www.inthemine.com.br\/site\/wp-json\/wp\/v2\/posts\/30499\/revisions\/30500"}],"wp:featuredmedia":[{"embeddable":true,"href":"https:\/\/www.inthemine.com.br\/site\/wp-json\/wp\/v2\/media\/30490"}],"wp:attachment":[{"href":"https:\/\/www.inthemine.com.br\/site\/wp-json\/wp\/v2\/media?parent=30499"}],"wp:term":[{"taxonomy":"category","embeddable":true,"href":"https:\/\/www.inthemine.com.br\/site\/wp-json\/wp\/v2\/categories?post=30499"},{"taxonomy":"post_tag","embeddable":true,"href":"https:\/\/www.inthemine.com.br\/site\/wp-json\/wp\/v2\/tags?post=30499"}],"curies":[{"name":"wp","href":"https:\/\/api.w.org\/{rel}","templated":true}]}}