{"id":30481,"date":"2026-04-27T14:52:45","date_gmt":"2026-04-27T17:52:45","guid":{"rendered":"https:\/\/www.inthemine.com.br\/site\/?p=30481"},"modified":"2026-04-27T14:52:45","modified_gmt":"2026-04-27T17:52:45","slug":"renuncia-de-diretores-na-lithium-ionic","status":"publish","type":"post","link":"https:\/\/www.inthemine.com.br\/site\/renuncia-de-diretores-na-lithium-ionic\/","title":{"rendered":"REN\u00daNCIA DE DIRETORES NA LITHIUM IONIC"},"content":{"rendered":"<p>Os diretores David Gower, Lawrence Guy e H\u00e9lio Diniz e Damian Lopez, secret\u00e1rio corporativo, renunciaram a seus cargos na Lithium Ionic. A decis\u00e3o dos executivos \u00e9 uma resposta volunt\u00e1ria a um processo iniciado pela Comiss\u00e3o de Valores Mobili\u00e1rios de Ont\u00e1rio (OSC), Canad\u00e1, em 9 de abril de 2026.<\/p>\n<p>Todos haviam sido contratados para a presta\u00e7\u00e3o de servi\u00e7os aut\u00f4nomos, modalidade que ser\u00e1 mantida apenas para Diniz, que permanecer\u00e1 em fun\u00e7\u00e3o operacional como diretor geral da empresa para o Brasil. Gower e Guy tamb\u00e9m renunciaram aos cargos de CEO e diretor e de presidente do Conselho de Administra\u00e7\u00e3o da Emerita Resources, piv\u00f4 do processo aberto na OSC.<\/p>\n<p>A den\u00fancia trata do \u201cdesvio fraudulento de ativos corporativos por certos indiv\u00edduos, incluindo diretores e executivos\u201d da Emerita, al\u00e9m de \u201crepetidas declara\u00e7\u00f5es p\u00fablicas enganosas sobre o projeto Falcon, de l\u00edtio, no Brasil, adquirido pela empresa em 2018.<\/p>\n","protected":false},"excerpt":{"rendered":"<p>Sa\u00edda ocorre ap\u00f3s investiga\u00e7\u00e3o regulat\u00f3ria no Canad\u00e1 sobre condutas ligadas a ativos e comunica\u00e7\u00f5es p\u00fablicas<\/p>\n","protected":false},"author":3,"featured_media":0,"comment_status":"open","ping_status":"open","sticky":false,"template":"","format":"standard","meta":{"footnotes":""},"categories":[29],"tags":[],"class_list":["post-30481","post","type-post","status-publish","format-standard","hentry","category-mine-prospeccao"],"yoast_head":"<!-- This site is optimized with the Yoast SEO plugin v27.4 - https:\/\/yoast.com\/product\/yoast-seo-wordpress\/ -->\n<title>REN\u00daNCIA DE DIRETORES NA LITHIUM IONIC - Revista In The Mine<\/title>\n<meta name=\"description\" content=\"Sa\u00edda ocorre ap\u00f3s investiga\u00e7\u00e3o regulat\u00f3ria no Canad\u00e1 sobre condutas ligadas a ativos e comunica\u00e7\u00f5es p\u00fablicas\" \/>\n<meta name=\"robots\" content=\"index, follow, max-snippet:-1, max-image-preview:large, max-video-preview:-1\" \/>\n<link rel=\"canonical\" href=\"https:\/\/www.inthemine.com.br\/site\/renuncia-de-diretores-na-lithium-ionic\/\" \/>\n<meta property=\"og:locale\" content=\"pt_BR\" \/>\n<meta property=\"og:type\" content=\"article\" \/>\n<meta property=\"og:title\" content=\"REN\u00daNCIA DE DIRETORES NA LITHIUM IONIC - Revista In The Mine\" \/>\n<meta property=\"og:description\" content=\"Sa\u00edda ocorre ap\u00f3s investiga\u00e7\u00e3o regulat\u00f3ria no Canad\u00e1 sobre condutas ligadas a ativos e comunica\u00e7\u00f5es p\u00fablicas\" \/>\n<meta property=\"og:url\" content=\"https:\/\/www.inthemine.com.br\/site\/renuncia-de-diretores-na-lithium-ionic\/\" \/>\n<meta property=\"og:site_name\" content=\"Revista In The Mine\" \/>\n<meta property=\"article:publisher\" content=\"http:\/\/www.facebook.com\/inthemine\" \/>\n<meta property=\"article:published_time\" content=\"2026-04-27T17:52:45+00:00\" \/>\n<meta name=\"author\" content=\"Reda\u00e7\u00e3o ITM\" \/>\n<meta name=\"twitter:card\" content=\"summary_large_image\" \/>\n<meta name=\"twitter:creator\" content=\"@intheminet\" \/>\n<meta name=\"twitter:site\" content=\"@intheminet\" \/>\n<meta name=\"twitter:label1\" content=\"Escrito por\" \/>\n\t<meta name=\"twitter:data1\" content=\"Reda\u00e7\u00e3o ITM\" \/>\n\t<meta name=\"twitter:label2\" content=\"Est. tempo de leitura\" \/>\n\t<meta name=\"twitter:data2\" content=\"1 minuto\" \/>\n<script type=\"application\/ld+json\" class=\"yoast-schema-graph\">{\"@context\":\"https:\\\/\\\/schema.org\",\"@graph\":[{\"@type\":\"Article\",\"@id\":\"https:\\\/\\\/www.inthemine.com.br\\\/site\\\/renuncia-de-diretores-na-lithium-ionic\\\/#article\",\"isPartOf\":{\"@id\":\"https:\\\/\\\/www.inthemine.com.br\\\/site\\\/renuncia-de-diretores-na-lithium-ionic\\\/\"},\"author\":{\"name\":\"Reda\u00e7\u00e3o ITM\",\"@id\":\"https:\\\/\\\/www.inthemine.com.br\\\/site\\\/#\\\/schema\\\/person\\\/9eb77cece2cea253bb36c4b68c6a324c\"},\"headline\":\"REN\u00daNCIA DE DIRETORES NA LITHIUM IONIC\",\"datePublished\":\"2026-04-27T17:52:45+00:00\",\"mainEntityOfPage\":{\"@id\":\"https:\\\/\\\/www.inthemine.com.br\\\/site\\\/renuncia-de-diretores-na-lithium-ionic\\\/\"},\"wordCount\":164,\"commentCount\":0,\"publisher\":{\"@id\":\"https:\\\/\\\/www.inthemine.com.br\\\/site\\\/#organization\"},\"articleSection\":[\"MINE-PROSPEC\u00c7\u00c3O\"],\"inLanguage\":\"pt-BR\",\"potentialAction\":[{\"@type\":\"CommentAction\",\"name\":\"Comment\",\"target\":[\"https:\\\/\\\/www.inthemine.com.br\\\/site\\\/renuncia-de-diretores-na-lithium-ionic\\\/#respond\"]}]},{\"@type\":\"WebPage\",\"@id\":\"https:\\\/\\\/www.inthemine.com.br\\\/site\\\/renuncia-de-diretores-na-lithium-ionic\\\/\",\"url\":\"https:\\\/\\\/www.inthemine.com.br\\\/site\\\/renuncia-de-diretores-na-lithium-ionic\\\/\",\"name\":\"REN\u00daNCIA DE DIRETORES NA LITHIUM IONIC - Revista In The Mine\",\"isPartOf\":{\"@id\":\"https:\\\/\\\/www.inthemine.com.br\\\/site\\\/#website\"},\"datePublished\":\"2026-04-27T17:52:45+00:00\",\"description\":\"Sa\u00edda ocorre ap\u00f3s investiga\u00e7\u00e3o regulat\u00f3ria no Canad\u00e1 sobre condutas ligadas a ativos e comunica\u00e7\u00f5es p\u00fablicas\",\"breadcrumb\":{\"@id\":\"https:\\\/\\\/www.inthemine.com.br\\\/site\\\/renuncia-de-diretores-na-lithium-ionic\\\/#breadcrumb\"},\"inLanguage\":\"pt-BR\",\"potentialAction\":[{\"@type\":\"ReadAction\",\"target\":[\"https:\\\/\\\/www.inthemine.com.br\\\/site\\\/renuncia-de-diretores-na-lithium-ionic\\\/\"]}]},{\"@type\":\"BreadcrumbList\",\"@id\":\"https:\\\/\\\/www.inthemine.com.br\\\/site\\\/renuncia-de-diretores-na-lithium-ionic\\\/#breadcrumb\",\"itemListElement\":[{\"@type\":\"ListItem\",\"position\":1,\"name\":\"In\u00edcio\",\"item\":\"https:\\\/\\\/www.inthemine.com.br\\\/site\\\/\"},{\"@type\":\"ListItem\",\"position\":2,\"name\":\"REN\u00daNCIA DE DIRETORES NA LITHIUM IONIC\"}]},{\"@type\":\"WebSite\",\"@id\":\"https:\\\/\\\/www.inthemine.com.br\\\/site\\\/#website\",\"url\":\"https:\\\/\\\/www.inthemine.com.br\\\/site\\\/\",\"name\":\"Revista In The Mine\",\"description\":\"Minera\u00e7\u00e3o brasileira\",\"publisher\":{\"@id\":\"https:\\\/\\\/www.inthemine.com.br\\\/site\\\/#organization\"},\"potentialAction\":[{\"@type\":\"SearchAction\",\"target\":{\"@type\":\"EntryPoint\",\"urlTemplate\":\"https:\\\/\\\/www.inthemine.com.br\\\/site\\\/?s={search_term_string}\"},\"query-input\":{\"@type\":\"PropertyValueSpecification\",\"valueRequired\":true,\"valueName\":\"search_term_string\"}}],\"inLanguage\":\"pt-BR\"},{\"@type\":\"Organization\",\"@id\":\"https:\\\/\\\/www.inthemine.com.br\\\/site\\\/#organization\",\"name\":\"In The Mine magazine\",\"url\":\"https:\\\/\\\/www.inthemine.com.br\\\/site\\\/\",\"logo\":{\"@type\":\"ImageObject\",\"inLanguage\":\"pt-BR\",\"@id\":\"https:\\\/\\\/www.inthemine.com.br\\\/site\\\/#\\\/schema\\\/logo\\\/image\\\/\",\"url\":\"https:\\\/\\\/www.inthemine.com.br\\\/site\\\/wp-content\\\/uploads\\\/2014\\\/08\\\/parceiro_theinmine.png\",\"contentUrl\":\"https:\\\/\\\/www.inthemine.com.br\\\/site\\\/wp-content\\\/uploads\\\/2014\\\/08\\\/parceiro_theinmine.png\",\"width\":170,\"height\":120,\"caption\":\"In The Mine magazine\"},\"image\":{\"@id\":\"https:\\\/\\\/www.inthemine.com.br\\\/site\\\/#\\\/schema\\\/logo\\\/image\\\/\"},\"sameAs\":[\"http:\\\/\\\/www.facebook.com\\\/inthemine\",\"https:\\\/\\\/x.com\\\/intheminet\",\"https:\\\/\\\/www.instagram.com\\\/minegaleria\",\"https:\\\/\\\/www.linkedin.com\\\/company\\\/in-the-mine?trk=biz-companies-cym\",\"https:\\\/\\\/www.youtube.com\\\/user\\\/revistainthemine\"]},{\"@type\":\"Person\",\"@id\":\"https:\\\/\\\/www.inthemine.com.br\\\/site\\\/#\\\/schema\\\/person\\\/9eb77cece2cea253bb36c4b68c6a324c\",\"name\":\"Reda\u00e7\u00e3o ITM\",\"image\":{\"@type\":\"ImageObject\",\"inLanguage\":\"pt-BR\",\"@id\":\"https:\\\/\\\/secure.gravatar.com\\\/avatar\\\/0f7f41419befdee0feca08f9ea1e434cac9c04e0b8d28ab40cffb82628fcfdf1?s=96&d=mm&r=g\",\"url\":\"https:\\\/\\\/secure.gravatar.com\\\/avatar\\\/0f7f41419befdee0feca08f9ea1e434cac9c04e0b8d28ab40cffb82628fcfdf1?s=96&d=mm&r=g\",\"contentUrl\":\"https:\\\/\\\/secure.gravatar.com\\\/avatar\\\/0f7f41419befdee0feca08f9ea1e434cac9c04e0b8d28ab40cffb82628fcfdf1?s=96&d=mm&r=g\",\"caption\":\"Reda\u00e7\u00e3o ITM\"},\"url\":\"https:\\\/\\\/www.inthemine.com.br\\\/site\\\/author\\\/admin-itm\\\/\"}]}<\/script>\n<!-- \/ Yoast SEO plugin. -->","yoast_head_json":{"title":"REN\u00daNCIA DE DIRETORES NA LITHIUM IONIC - Revista In The Mine","description":"Sa\u00edda ocorre ap\u00f3s investiga\u00e7\u00e3o regulat\u00f3ria no Canad\u00e1 sobre condutas ligadas a ativos e comunica\u00e7\u00f5es p\u00fablicas","robots":{"index":"index","follow":"follow","max-snippet":"max-snippet:-1","max-image-preview":"max-image-preview:large","max-video-preview":"max-video-preview:-1"},"canonical":"https:\/\/www.inthemine.com.br\/site\/renuncia-de-diretores-na-lithium-ionic\/","og_locale":"pt_BR","og_type":"article","og_title":"REN\u00daNCIA DE DIRETORES NA LITHIUM IONIC - Revista In The Mine","og_description":"Sa\u00edda ocorre ap\u00f3s investiga\u00e7\u00e3o regulat\u00f3ria no Canad\u00e1 sobre condutas ligadas a ativos e comunica\u00e7\u00f5es p\u00fablicas","og_url":"https:\/\/www.inthemine.com.br\/site\/renuncia-de-diretores-na-lithium-ionic\/","og_site_name":"Revista In The Mine","article_publisher":"http:\/\/www.facebook.com\/inthemine","article_published_time":"2026-04-27T17:52:45+00:00","author":"Reda\u00e7\u00e3o ITM","twitter_card":"summary_large_image","twitter_creator":"@intheminet","twitter_site":"@intheminet","twitter_misc":{"Escrito por":"Reda\u00e7\u00e3o ITM","Est. tempo de leitura":"1 minuto"},"schema":{"@context":"https:\/\/schema.org","@graph":[{"@type":"Article","@id":"https:\/\/www.inthemine.com.br\/site\/renuncia-de-diretores-na-lithium-ionic\/#article","isPartOf":{"@id":"https:\/\/www.inthemine.com.br\/site\/renuncia-de-diretores-na-lithium-ionic\/"},"author":{"name":"Reda\u00e7\u00e3o ITM","@id":"https:\/\/www.inthemine.com.br\/site\/#\/schema\/person\/9eb77cece2cea253bb36c4b68c6a324c"},"headline":"REN\u00daNCIA DE DIRETORES NA LITHIUM IONIC","datePublished":"2026-04-27T17:52:45+00:00","mainEntityOfPage":{"@id":"https:\/\/www.inthemine.com.br\/site\/renuncia-de-diretores-na-lithium-ionic\/"},"wordCount":164,"commentCount":0,"publisher":{"@id":"https:\/\/www.inthemine.com.br\/site\/#organization"},"articleSection":["MINE-PROSPEC\u00c7\u00c3O"],"inLanguage":"pt-BR","potentialAction":[{"@type":"CommentAction","name":"Comment","target":["https:\/\/www.inthemine.com.br\/site\/renuncia-de-diretores-na-lithium-ionic\/#respond"]}]},{"@type":"WebPage","@id":"https:\/\/www.inthemine.com.br\/site\/renuncia-de-diretores-na-lithium-ionic\/","url":"https:\/\/www.inthemine.com.br\/site\/renuncia-de-diretores-na-lithium-ionic\/","name":"REN\u00daNCIA DE DIRETORES NA LITHIUM IONIC - Revista In The Mine","isPartOf":{"@id":"https:\/\/www.inthemine.com.br\/site\/#website"},"datePublished":"2026-04-27T17:52:45+00:00","description":"Sa\u00edda ocorre ap\u00f3s investiga\u00e7\u00e3o regulat\u00f3ria no Canad\u00e1 sobre condutas ligadas a ativos e comunica\u00e7\u00f5es p\u00fablicas","breadcrumb":{"@id":"https:\/\/www.inthemine.com.br\/site\/renuncia-de-diretores-na-lithium-ionic\/#breadcrumb"},"inLanguage":"pt-BR","potentialAction":[{"@type":"ReadAction","target":["https:\/\/www.inthemine.com.br\/site\/renuncia-de-diretores-na-lithium-ionic\/"]}]},{"@type":"BreadcrumbList","@id":"https:\/\/www.inthemine.com.br\/site\/renuncia-de-diretores-na-lithium-ionic\/#breadcrumb","itemListElement":[{"@type":"ListItem","position":1,"name":"In\u00edcio","item":"https:\/\/www.inthemine.com.br\/site\/"},{"@type":"ListItem","position":2,"name":"REN\u00daNCIA DE DIRETORES NA LITHIUM IONIC"}]},{"@type":"WebSite","@id":"https:\/\/www.inthemine.com.br\/site\/#website","url":"https:\/\/www.inthemine.com.br\/site\/","name":"Revista In The Mine","description":"Minera\u00e7\u00e3o brasileira","publisher":{"@id":"https:\/\/www.inthemine.com.br\/site\/#organization"},"potentialAction":[{"@type":"SearchAction","target":{"@type":"EntryPoint","urlTemplate":"https:\/\/www.inthemine.com.br\/site\/?s={search_term_string}"},"query-input":{"@type":"PropertyValueSpecification","valueRequired":true,"valueName":"search_term_string"}}],"inLanguage":"pt-BR"},{"@type":"Organization","@id":"https:\/\/www.inthemine.com.br\/site\/#organization","name":"In The Mine magazine","url":"https:\/\/www.inthemine.com.br\/site\/","logo":{"@type":"ImageObject","inLanguage":"pt-BR","@id":"https:\/\/www.inthemine.com.br\/site\/#\/schema\/logo\/image\/","url":"https:\/\/www.inthemine.com.br\/site\/wp-content\/uploads\/2014\/08\/parceiro_theinmine.png","contentUrl":"https:\/\/www.inthemine.com.br\/site\/wp-content\/uploads\/2014\/08\/parceiro_theinmine.png","width":170,"height":120,"caption":"In The Mine magazine"},"image":{"@id":"https:\/\/www.inthemine.com.br\/site\/#\/schema\/logo\/image\/"},"sameAs":["http:\/\/www.facebook.com\/inthemine","https:\/\/x.com\/intheminet","https:\/\/www.instagram.com\/minegaleria","https:\/\/www.linkedin.com\/company\/in-the-mine?trk=biz-companies-cym","https:\/\/www.youtube.com\/user\/revistainthemine"]},{"@type":"Person","@id":"https:\/\/www.inthemine.com.br\/site\/#\/schema\/person\/9eb77cece2cea253bb36c4b68c6a324c","name":"Reda\u00e7\u00e3o ITM","image":{"@type":"ImageObject","inLanguage":"pt-BR","@id":"https:\/\/secure.gravatar.com\/avatar\/0f7f41419befdee0feca08f9ea1e434cac9c04e0b8d28ab40cffb82628fcfdf1?s=96&d=mm&r=g","url":"https:\/\/secure.gravatar.com\/avatar\/0f7f41419befdee0feca08f9ea1e434cac9c04e0b8d28ab40cffb82628fcfdf1?s=96&d=mm&r=g","contentUrl":"https:\/\/secure.gravatar.com\/avatar\/0f7f41419befdee0feca08f9ea1e434cac9c04e0b8d28ab40cffb82628fcfdf1?s=96&d=mm&r=g","caption":"Reda\u00e7\u00e3o ITM"},"url":"https:\/\/www.inthemine.com.br\/site\/author\/admin-itm\/"}]}},"_links":{"self":[{"href":"https:\/\/www.inthemine.com.br\/site\/wp-json\/wp\/v2\/posts\/30481","targetHints":{"allow":["GET"]}}],"collection":[{"href":"https:\/\/www.inthemine.com.br\/site\/wp-json\/wp\/v2\/posts"}],"about":[{"href":"https:\/\/www.inthemine.com.br\/site\/wp-json\/wp\/v2\/types\/post"}],"author":[{"embeddable":true,"href":"https:\/\/www.inthemine.com.br\/site\/wp-json\/wp\/v2\/users\/3"}],"replies":[{"embeddable":true,"href":"https:\/\/www.inthemine.com.br\/site\/wp-json\/wp\/v2\/comments?post=30481"}],"version-history":[{"count":1,"href":"https:\/\/www.inthemine.com.br\/site\/wp-json\/wp\/v2\/posts\/30481\/revisions"}],"predecessor-version":[{"id":30492,"href":"https:\/\/www.inthemine.com.br\/site\/wp-json\/wp\/v2\/posts\/30481\/revisions\/30492"}],"wp:attachment":[{"href":"https:\/\/www.inthemine.com.br\/site\/wp-json\/wp\/v2\/media?parent=30481"}],"wp:term":[{"taxonomy":"category","embeddable":true,"href":"https:\/\/www.inthemine.com.br\/site\/wp-json\/wp\/v2\/categories?post=30481"},{"taxonomy":"post_tag","embeddable":true,"href":"https:\/\/www.inthemine.com.br\/site\/wp-json\/wp\/v2\/tags?post=30481"}],"curies":[{"name":"wp","href":"https:\/\/api.w.org\/{rel}","templated":true}]}}