{"id":30477,"date":"2026-04-27T14:06:43","date_gmt":"2026-04-27T17:06:43","guid":{"rendered":"https:\/\/www.inthemine.com.br\/site\/?p=30477"},"modified":"2026-04-27T15:48:49","modified_gmt":"2026-04-27T18:48:49","slug":"edicao-120-especial-minerais-criticos","status":"publish","type":"post","link":"https:\/\/www.inthemine.com.br\/site\/edicao-120-especial-minerais-criticos\/","title":{"rendered":"EDI\u00c7\u00c3O 120: ESPECIAL MINERAIS CR\u00cdTICOS"},"content":{"rendered":"<p><a href=\"https:\/\/www.inthemine.com.br\/site\/wp-content\/uploads\/2026\/04\/CapaITM120_800.jpg\"><img loading=\"lazy\" decoding=\"async\" class=\"aligncenter size-full wp-image-30478\" src=\"https:\/\/www.inthemine.com.br\/site\/wp-content\/uploads\/2026\/04\/CapaITM120_800.jpg\" alt=\"CapaITM120_800\" width=\"800\" height=\"1053\" srcset=\"https:\/\/www.inthemine.com.br\/site\/wp-content\/uploads\/2026\/04\/CapaITM120_800.jpg 800w, https:\/\/www.inthemine.com.br\/site\/wp-content\/uploads\/2026\/04\/CapaITM120_800-228x300.jpg 228w, https:\/\/www.inthemine.com.br\/site\/wp-content\/uploads\/2026\/04\/CapaITM120_800-778x1024.jpg 778w, https:\/\/www.inthemine.com.br\/site\/wp-content\/uploads\/2026\/04\/CapaITM120_800-768x1011.jpg 768w\" sizes=\"auto, (max-width: 800px) 100vw, 800px\" \/><\/a><\/p>\n<p><strong>Nesta edi\u00e7\u00e3o:<\/strong><\/p>\n<p>LEGISLA\u00c7\u00c3O (<strong>EXPERTISE)<\/strong><br \/>\nMinerais cr\u00edticos como ativos geopol\u00edticos<\/p>\n<p>MERCADO (<strong>MINERAIS MET\u00c1LICOS)<\/strong><br \/>\nExporta\u00e7\u00f5es no Brasil de 1997 a 2025 (Parte II)<\/p>\n<p>ESPECIAL (<strong>MINERAIS CR\u00cdTICOS)<\/strong><br \/>\nProcessos, regula\u00e7\u00e3o, projetos e opera\u00e7\u00f5es. O especial sobre Minerais Cr\u00edticos traz entrevista com a ANM \u2013 Ag\u00eancia Nacional de Minera\u00e7\u00e3o sobre regula\u00e7\u00e3o, expans\u00e3o de processos miner\u00e1rios, altera\u00e7\u00e3o do C\u00f3digo de Minera\u00e7\u00e3o e propostas para cria\u00e7\u00e3o de Zonas de Processamento de Transforma\u00e7\u00e3o Mineral (ZPTM) e do Regime Especial de Incentivos para o Desenvolvimento da Infraestrutura (REIDI), al\u00e9m da prioridade para a tramita\u00e7\u00e3o de processos de MCE\u2019s, emiss\u00e3o de deb\u00eantures incentivadas para financiamento de projetos e estrutura\u00e7\u00e3o do Fundo Garantidor de Produ\u00e7\u00e3o Mineral e do Portal Nacional de Minerais Cr\u00edticos. Em outras mat\u00e9rias, executivos analisam oportunidades e gargalos e atualizam projetos em desenvolvimento e opera\u00e7\u00f5es j\u00e1 consolidadas<\/p>\n<p>GEOLOGIA (<strong>PROJETO MINERAL)<\/strong><br \/>\nConstru\u00e7\u00e3o, integra\u00e7\u00e3o e valida\u00e7\u00e3o de dados<\/p>\n<p>TECNOLOGIA (<strong>AUTOMA\u00c7\u00c3O)<\/strong><br \/>\nOpera\u00e7\u00e3o consolidada e plataforma digital<\/p>\n<p>PERSONALIDADE (<strong>ENTREVISTA)<\/strong><br \/>\nPrimeiro t\u00e9cnico em minera\u00e7\u00e3o paraense a ser contratado pela Vale para a opera\u00e7\u00e3o de Caraj\u00e1s, o administrador, com p\u00f3s-gradua\u00e7\u00e3o em Gest\u00e3o Empresarial e de Qualidade e MBA em Recursos Humanos, soma mais de 40 anos de atua\u00e7\u00e3o \u2013 e \u201cmuito aprendizado\u201d &#8211; no setor mineral. Exerceu cargos de supervis\u00e3o, ger\u00eancia e dire\u00e7\u00e3o em um leque de \u00e1reas \u2013 na mina, em log\u00edstica, RH, rela\u00e7\u00f5es com comunidades, ESG e rela\u00e7\u00f5es internacionais, entre outras. Al\u00e9m da Vale, esteve na MRN (Minera\u00e7\u00e3o Rio do Norte) e na Norsk Hydro, produtoras de bauxita, indo para Minera\u00e7\u00e3o Taboca em 2014, tornando-se, em janeiro de 2026, seu vice-presidente executivo. Nesta entrevista exclusiva \u00e0 <strong>In the Mine<\/strong>, Jos\u00e9 Fl\u00e1vio Alves discorre com muita propriedade tanto sobre o passado quanto sobre o presente e, principalmente sobre o futuro da produtora de estanho, ni\u00f3bio e t\u00e2ntalo que, garante, entre 5 e 8 anos ser\u00e1 uma das cinco maiores mineradoras do Brasil.<\/p>\n<p><strong>MINEPROSPEC\u00c7\u00c3O <\/strong><a href=\"https:\/\/www.inthemine.com.br\/site\/renuncia-de-diretores-na-lithium-ionic\/\">Ren\u00fancia de executivos da Lithium Ionic e Emerita<\/a><br \/>\n<strong>MINEAGENDA <\/strong>Congresso Brazil Critical Minerals, em Belo Horizonte (MG)<br \/>\n<strong>MINEBOOK <\/strong>Cobalto de Sangue: a vida di\u00e1ria de garimpeiros na RDC<br \/>\n<strong>MINEWEB <\/strong>F\u00f3rum sobre minera\u00e7\u00e3o, metais e desenvolvimento sustent\u00e1vel<br \/>\n<strong>MINEMARKET <\/strong><a href=\"https:\/\/www.inthemine.com.br\/site\/paulo-castellari-retorna-a-appian-capital-brasil\/\">Paulo Castellari, novo CEO de Minerais Cr\u00edticos da Appian<\/a><br \/>\n<strong>MINEGALERIA <\/strong>Paschoal Giardullo: um pioneiro do Vale do L\u00edtio<\/p>\n","protected":false},"excerpt":{"rendered":"<p>Minerais cr\u00edticos: processos, regula\u00e7\u00e3o, projetos, opera\u00e7\u00f5es. Exporta\u00e7\u00f5es de met\u00e1licos e os novos planos de Minera\u00e7\u00e3o Taboca<\/p>\n","protected":false},"author":3,"featured_media":30478,"comment_status":"open","ping_status":"open","sticky":false,"template":"","format":"standard","meta":{"footnotes":""},"categories":[33],"tags":[],"class_list":["post-30477","post","type-post","status-publish","format-standard","has-post-thumbnail","hentry","category-edicoes"],"yoast_head":"<!-- This site is optimized with the Yoast SEO plugin v27.4 - https:\/\/yoast.com\/product\/yoast-seo-wordpress\/ -->\n<title>EDI\u00c7\u00c3O 120: ESPECIAL MINERAIS CR\u00cdTICOS - Revista In The Mine<\/title>\n<meta name=\"description\" content=\"Minerais cr\u00edticos: processos, regula\u00e7\u00e3o, projetos, opera\u00e7\u00f5es. Exporta\u00e7\u00f5es de met\u00e1licos e os novos planos de Minera\u00e7\u00e3o Taboca\" \/>\n<meta name=\"robots\" content=\"index, follow, max-snippet:-1, max-image-preview:large, max-video-preview:-1\" \/>\n<link rel=\"canonical\" href=\"https:\/\/www.inthemine.com.br\/site\/edicao-120-especial-minerais-criticos\/\" \/>\n<meta property=\"og:locale\" content=\"pt_BR\" \/>\n<meta property=\"og:type\" content=\"article\" \/>\n<meta property=\"og:title\" content=\"EDI\u00c7\u00c3O 120: ESPECIAL MINERAIS CR\u00cdTICOS - Revista In The Mine\" \/>\n<meta property=\"og:description\" content=\"Minerais cr\u00edticos: processos, regula\u00e7\u00e3o, projetos, opera\u00e7\u00f5es. Exporta\u00e7\u00f5es de met\u00e1licos e os novos planos de Minera\u00e7\u00e3o Taboca\" \/>\n<meta property=\"og:url\" content=\"https:\/\/www.inthemine.com.br\/site\/edicao-120-especial-minerais-criticos\/\" \/>\n<meta property=\"og:site_name\" content=\"Revista In The Mine\" \/>\n<meta property=\"article:publisher\" content=\"http:\/\/www.facebook.com\/inthemine\" \/>\n<meta property=\"article:published_time\" content=\"2026-04-27T17:06:43+00:00\" \/>\n<meta property=\"article:modified_time\" content=\"2026-04-27T18:48:49+00:00\" \/>\n<meta property=\"og:image\" content=\"https:\/\/www.inthemine.com.br\/site\/wp-content\/uploads\/2026\/04\/CapaITM120_800.jpg\" \/>\n\t<meta property=\"og:image:width\" content=\"800\" \/>\n\t<meta property=\"og:image:height\" content=\"1053\" \/>\n\t<meta property=\"og:image:type\" content=\"image\/jpeg\" \/>\n<meta name=\"author\" content=\"Reda\u00e7\u00e3o ITM\" \/>\n<meta name=\"twitter:card\" content=\"summary_large_image\" \/>\n<meta name=\"twitter:creator\" content=\"@intheminet\" \/>\n<meta name=\"twitter:site\" content=\"@intheminet\" \/>\n<meta name=\"twitter:label1\" content=\"Escrito por\" \/>\n\t<meta name=\"twitter:data1\" content=\"Reda\u00e7\u00e3o ITM\" \/>\n\t<meta name=\"twitter:label2\" content=\"Est. tempo de leitura\" \/>\n\t<meta name=\"twitter:data2\" content=\"3 minutos\" \/>\n<script type=\"application\/ld+json\" class=\"yoast-schema-graph\">{\"@context\":\"https:\\\/\\\/schema.org\",\"@graph\":[{\"@type\":\"Article\",\"@id\":\"https:\\\/\\\/www.inthemine.com.br\\\/site\\\/edicao-120-especial-minerais-criticos\\\/#article\",\"isPartOf\":{\"@id\":\"https:\\\/\\\/www.inthemine.com.br\\\/site\\\/edicao-120-especial-minerais-criticos\\\/\"},\"author\":{\"name\":\"Reda\u00e7\u00e3o ITM\",\"@id\":\"https:\\\/\\\/www.inthemine.com.br\\\/site\\\/#\\\/schema\\\/person\\\/9eb77cece2cea253bb36c4b68c6a324c\"},\"headline\":\"EDI\u00c7\u00c3O 120: ESPECIAL MINERAIS CR\u00cdTICOS\",\"datePublished\":\"2026-04-27T17:06:43+00:00\",\"dateModified\":\"2026-04-27T18:48:49+00:00\",\"mainEntityOfPage\":{\"@id\":\"https:\\\/\\\/www.inthemine.com.br\\\/site\\\/edicao-120-especial-minerais-criticos\\\/\"},\"wordCount\":413,\"commentCount\":0,\"publisher\":{\"@id\":\"https:\\\/\\\/www.inthemine.com.br\\\/site\\\/#organization\"},\"image\":{\"@id\":\"https:\\\/\\\/www.inthemine.com.br\\\/site\\\/edicao-120-especial-minerais-criticos\\\/#primaryimage\"},\"thumbnailUrl\":\"https:\\\/\\\/www.inthemine.com.br\\\/site\\\/wp-content\\\/uploads\\\/2026\\\/04\\\/CapaITM120_800.jpg\",\"articleSection\":[\"EDI\u00c7\u00d5ES\"],\"inLanguage\":\"pt-BR\",\"potentialAction\":[{\"@type\":\"CommentAction\",\"name\":\"Comment\",\"target\":[\"https:\\\/\\\/www.inthemine.com.br\\\/site\\\/edicao-120-especial-minerais-criticos\\\/#respond\"]}]},{\"@type\":\"WebPage\",\"@id\":\"https:\\\/\\\/www.inthemine.com.br\\\/site\\\/edicao-120-especial-minerais-criticos\\\/\",\"url\":\"https:\\\/\\\/www.inthemine.com.br\\\/site\\\/edicao-120-especial-minerais-criticos\\\/\",\"name\":\"EDI\u00c7\u00c3O 120: ESPECIAL MINERAIS CR\u00cdTICOS - Revista In The Mine\",\"isPartOf\":{\"@id\":\"https:\\\/\\\/www.inthemine.com.br\\\/site\\\/#website\"},\"primaryImageOfPage\":{\"@id\":\"https:\\\/\\\/www.inthemine.com.br\\\/site\\\/edicao-120-especial-minerais-criticos\\\/#primaryimage\"},\"image\":{\"@id\":\"https:\\\/\\\/www.inthemine.com.br\\\/site\\\/edicao-120-especial-minerais-criticos\\\/#primaryimage\"},\"thumbnailUrl\":\"https:\\\/\\\/www.inthemine.com.br\\\/site\\\/wp-content\\\/uploads\\\/2026\\\/04\\\/CapaITM120_800.jpg\",\"datePublished\":\"2026-04-27T17:06:43+00:00\",\"dateModified\":\"2026-04-27T18:48:49+00:00\",\"description\":\"Minerais cr\u00edticos: processos, regula\u00e7\u00e3o, projetos, opera\u00e7\u00f5es. Exporta\u00e7\u00f5es de met\u00e1licos e os novos planos de Minera\u00e7\u00e3o Taboca\",\"breadcrumb\":{\"@id\":\"https:\\\/\\\/www.inthemine.com.br\\\/site\\\/edicao-120-especial-minerais-criticos\\\/#breadcrumb\"},\"inLanguage\":\"pt-BR\",\"potentialAction\":[{\"@type\":\"ReadAction\",\"target\":[\"https:\\\/\\\/www.inthemine.com.br\\\/site\\\/edicao-120-especial-minerais-criticos\\\/\"]}]},{\"@type\":\"ImageObject\",\"inLanguage\":\"pt-BR\",\"@id\":\"https:\\\/\\\/www.inthemine.com.br\\\/site\\\/edicao-120-especial-minerais-criticos\\\/#primaryimage\",\"url\":\"https:\\\/\\\/www.inthemine.com.br\\\/site\\\/wp-content\\\/uploads\\\/2026\\\/04\\\/CapaITM120_800.jpg\",\"contentUrl\":\"https:\\\/\\\/www.inthemine.com.br\\\/site\\\/wp-content\\\/uploads\\\/2026\\\/04\\\/CapaITM120_800.jpg\",\"width\":800,\"height\":1053,\"caption\":\"CapaITM120_800\"},{\"@type\":\"BreadcrumbList\",\"@id\":\"https:\\\/\\\/www.inthemine.com.br\\\/site\\\/edicao-120-especial-minerais-criticos\\\/#breadcrumb\",\"itemListElement\":[{\"@type\":\"ListItem\",\"position\":1,\"name\":\"In\u00edcio\",\"item\":\"https:\\\/\\\/www.inthemine.com.br\\\/site\\\/\"},{\"@type\":\"ListItem\",\"position\":2,\"name\":\"EDI\u00c7\u00c3O 120: ESPECIAL MINERAIS CR\u00cdTICOS\"}]},{\"@type\":\"WebSite\",\"@id\":\"https:\\\/\\\/www.inthemine.com.br\\\/site\\\/#website\",\"url\":\"https:\\\/\\\/www.inthemine.com.br\\\/site\\\/\",\"name\":\"Revista In The Mine\",\"description\":\"Minera\u00e7\u00e3o brasileira\",\"publisher\":{\"@id\":\"https:\\\/\\\/www.inthemine.com.br\\\/site\\\/#organization\"},\"potentialAction\":[{\"@type\":\"SearchAction\",\"target\":{\"@type\":\"EntryPoint\",\"urlTemplate\":\"https:\\\/\\\/www.inthemine.com.br\\\/site\\\/?s={search_term_string}\"},\"query-input\":{\"@type\":\"PropertyValueSpecification\",\"valueRequired\":true,\"valueName\":\"search_term_string\"}}],\"inLanguage\":\"pt-BR\"},{\"@type\":\"Organization\",\"@id\":\"https:\\\/\\\/www.inthemine.com.br\\\/site\\\/#organization\",\"name\":\"In The Mine magazine\",\"url\":\"https:\\\/\\\/www.inthemine.com.br\\\/site\\\/\",\"logo\":{\"@type\":\"ImageObject\",\"inLanguage\":\"pt-BR\",\"@id\":\"https:\\\/\\\/www.inthemine.com.br\\\/site\\\/#\\\/schema\\\/logo\\\/image\\\/\",\"url\":\"https:\\\/\\\/www.inthemine.com.br\\\/site\\\/wp-content\\\/uploads\\\/2014\\\/08\\\/parceiro_theinmine.png\",\"contentUrl\":\"https:\\\/\\\/www.inthemine.com.br\\\/site\\\/wp-content\\\/uploads\\\/2014\\\/08\\\/parceiro_theinmine.png\",\"width\":170,\"height\":120,\"caption\":\"In The Mine magazine\"},\"image\":{\"@id\":\"https:\\\/\\\/www.inthemine.com.br\\\/site\\\/#\\\/schema\\\/logo\\\/image\\\/\"},\"sameAs\":[\"http:\\\/\\\/www.facebook.com\\\/inthemine\",\"https:\\\/\\\/x.com\\\/intheminet\",\"https:\\\/\\\/www.instagram.com\\\/minegaleria\",\"https:\\\/\\\/www.linkedin.com\\\/company\\\/in-the-mine?trk=biz-companies-cym\",\"https:\\\/\\\/www.youtube.com\\\/user\\\/revistainthemine\"]},{\"@type\":\"Person\",\"@id\":\"https:\\\/\\\/www.inthemine.com.br\\\/site\\\/#\\\/schema\\\/person\\\/9eb77cece2cea253bb36c4b68c6a324c\",\"name\":\"Reda\u00e7\u00e3o ITM\",\"image\":{\"@type\":\"ImageObject\",\"inLanguage\":\"pt-BR\",\"@id\":\"https:\\\/\\\/secure.gravatar.com\\\/avatar\\\/0f7f41419befdee0feca08f9ea1e434cac9c04e0b8d28ab40cffb82628fcfdf1?s=96&d=mm&r=g\",\"url\":\"https:\\\/\\\/secure.gravatar.com\\\/avatar\\\/0f7f41419befdee0feca08f9ea1e434cac9c04e0b8d28ab40cffb82628fcfdf1?s=96&d=mm&r=g\",\"contentUrl\":\"https:\\\/\\\/secure.gravatar.com\\\/avatar\\\/0f7f41419befdee0feca08f9ea1e434cac9c04e0b8d28ab40cffb82628fcfdf1?s=96&d=mm&r=g\",\"caption\":\"Reda\u00e7\u00e3o ITM\"},\"url\":\"https:\\\/\\\/www.inthemine.com.br\\\/site\\\/author\\\/admin-itm\\\/\"}]}<\/script>\n<!-- \/ Yoast SEO plugin. -->","yoast_head_json":{"title":"EDI\u00c7\u00c3O 120: ESPECIAL MINERAIS CR\u00cdTICOS - Revista In The Mine","description":"Minerais cr\u00edticos: processos, regula\u00e7\u00e3o, projetos, opera\u00e7\u00f5es. Exporta\u00e7\u00f5es de met\u00e1licos e os novos planos de Minera\u00e7\u00e3o Taboca","robots":{"index":"index","follow":"follow","max-snippet":"max-snippet:-1","max-image-preview":"max-image-preview:large","max-video-preview":"max-video-preview:-1"},"canonical":"https:\/\/www.inthemine.com.br\/site\/edicao-120-especial-minerais-criticos\/","og_locale":"pt_BR","og_type":"article","og_title":"EDI\u00c7\u00c3O 120: ESPECIAL MINERAIS CR\u00cdTICOS - Revista In The Mine","og_description":"Minerais cr\u00edticos: processos, regula\u00e7\u00e3o, projetos, opera\u00e7\u00f5es. Exporta\u00e7\u00f5es de met\u00e1licos e os novos planos de Minera\u00e7\u00e3o Taboca","og_url":"https:\/\/www.inthemine.com.br\/site\/edicao-120-especial-minerais-criticos\/","og_site_name":"Revista In The Mine","article_publisher":"http:\/\/www.facebook.com\/inthemine","article_published_time":"2026-04-27T17:06:43+00:00","article_modified_time":"2026-04-27T18:48:49+00:00","og_image":[{"width":800,"height":1053,"url":"https:\/\/www.inthemine.com.br\/site\/wp-content\/uploads\/2026\/04\/CapaITM120_800.jpg","type":"image\/jpeg"}],"author":"Reda\u00e7\u00e3o ITM","twitter_card":"summary_large_image","twitter_creator":"@intheminet","twitter_site":"@intheminet","twitter_misc":{"Escrito por":"Reda\u00e7\u00e3o ITM","Est. tempo de leitura":"3 minutos"},"schema":{"@context":"https:\/\/schema.org","@graph":[{"@type":"Article","@id":"https:\/\/www.inthemine.com.br\/site\/edicao-120-especial-minerais-criticos\/#article","isPartOf":{"@id":"https:\/\/www.inthemine.com.br\/site\/edicao-120-especial-minerais-criticos\/"},"author":{"name":"Reda\u00e7\u00e3o ITM","@id":"https:\/\/www.inthemine.com.br\/site\/#\/schema\/person\/9eb77cece2cea253bb36c4b68c6a324c"},"headline":"EDI\u00c7\u00c3O 120: ESPECIAL MINERAIS CR\u00cdTICOS","datePublished":"2026-04-27T17:06:43+00:00","dateModified":"2026-04-27T18:48:49+00:00","mainEntityOfPage":{"@id":"https:\/\/www.inthemine.com.br\/site\/edicao-120-especial-minerais-criticos\/"},"wordCount":413,"commentCount":0,"publisher":{"@id":"https:\/\/www.inthemine.com.br\/site\/#organization"},"image":{"@id":"https:\/\/www.inthemine.com.br\/site\/edicao-120-especial-minerais-criticos\/#primaryimage"},"thumbnailUrl":"https:\/\/www.inthemine.com.br\/site\/wp-content\/uploads\/2026\/04\/CapaITM120_800.jpg","articleSection":["EDI\u00c7\u00d5ES"],"inLanguage":"pt-BR","potentialAction":[{"@type":"CommentAction","name":"Comment","target":["https:\/\/www.inthemine.com.br\/site\/edicao-120-especial-minerais-criticos\/#respond"]}]},{"@type":"WebPage","@id":"https:\/\/www.inthemine.com.br\/site\/edicao-120-especial-minerais-criticos\/","url":"https:\/\/www.inthemine.com.br\/site\/edicao-120-especial-minerais-criticos\/","name":"EDI\u00c7\u00c3O 120: ESPECIAL MINERAIS CR\u00cdTICOS - Revista In The Mine","isPartOf":{"@id":"https:\/\/www.inthemine.com.br\/site\/#website"},"primaryImageOfPage":{"@id":"https:\/\/www.inthemine.com.br\/site\/edicao-120-especial-minerais-criticos\/#primaryimage"},"image":{"@id":"https:\/\/www.inthemine.com.br\/site\/edicao-120-especial-minerais-criticos\/#primaryimage"},"thumbnailUrl":"https:\/\/www.inthemine.com.br\/site\/wp-content\/uploads\/2026\/04\/CapaITM120_800.jpg","datePublished":"2026-04-27T17:06:43+00:00","dateModified":"2026-04-27T18:48:49+00:00","description":"Minerais cr\u00edticos: processos, regula\u00e7\u00e3o, projetos, opera\u00e7\u00f5es. Exporta\u00e7\u00f5es de met\u00e1licos e os novos planos de Minera\u00e7\u00e3o Taboca","breadcrumb":{"@id":"https:\/\/www.inthemine.com.br\/site\/edicao-120-especial-minerais-criticos\/#breadcrumb"},"inLanguage":"pt-BR","potentialAction":[{"@type":"ReadAction","target":["https:\/\/www.inthemine.com.br\/site\/edicao-120-especial-minerais-criticos\/"]}]},{"@type":"ImageObject","inLanguage":"pt-BR","@id":"https:\/\/www.inthemine.com.br\/site\/edicao-120-especial-minerais-criticos\/#primaryimage","url":"https:\/\/www.inthemine.com.br\/site\/wp-content\/uploads\/2026\/04\/CapaITM120_800.jpg","contentUrl":"https:\/\/www.inthemine.com.br\/site\/wp-content\/uploads\/2026\/04\/CapaITM120_800.jpg","width":800,"height":1053,"caption":"CapaITM120_800"},{"@type":"BreadcrumbList","@id":"https:\/\/www.inthemine.com.br\/site\/edicao-120-especial-minerais-criticos\/#breadcrumb","itemListElement":[{"@type":"ListItem","position":1,"name":"In\u00edcio","item":"https:\/\/www.inthemine.com.br\/site\/"},{"@type":"ListItem","position":2,"name":"EDI\u00c7\u00c3O 120: ESPECIAL MINERAIS CR\u00cdTICOS"}]},{"@type":"WebSite","@id":"https:\/\/www.inthemine.com.br\/site\/#website","url":"https:\/\/www.inthemine.com.br\/site\/","name":"Revista In The Mine","description":"Minera\u00e7\u00e3o brasileira","publisher":{"@id":"https:\/\/www.inthemine.com.br\/site\/#organization"},"potentialAction":[{"@type":"SearchAction","target":{"@type":"EntryPoint","urlTemplate":"https:\/\/www.inthemine.com.br\/site\/?s={search_term_string}"},"query-input":{"@type":"PropertyValueSpecification","valueRequired":true,"valueName":"search_term_string"}}],"inLanguage":"pt-BR"},{"@type":"Organization","@id":"https:\/\/www.inthemine.com.br\/site\/#organization","name":"In The Mine magazine","url":"https:\/\/www.inthemine.com.br\/site\/","logo":{"@type":"ImageObject","inLanguage":"pt-BR","@id":"https:\/\/www.inthemine.com.br\/site\/#\/schema\/logo\/image\/","url":"https:\/\/www.inthemine.com.br\/site\/wp-content\/uploads\/2014\/08\/parceiro_theinmine.png","contentUrl":"https:\/\/www.inthemine.com.br\/site\/wp-content\/uploads\/2014\/08\/parceiro_theinmine.png","width":170,"height":120,"caption":"In The Mine magazine"},"image":{"@id":"https:\/\/www.inthemine.com.br\/site\/#\/schema\/logo\/image\/"},"sameAs":["http:\/\/www.facebook.com\/inthemine","https:\/\/x.com\/intheminet","https:\/\/www.instagram.com\/minegaleria","https:\/\/www.linkedin.com\/company\/in-the-mine?trk=biz-companies-cym","https:\/\/www.youtube.com\/user\/revistainthemine"]},{"@type":"Person","@id":"https:\/\/www.inthemine.com.br\/site\/#\/schema\/person\/9eb77cece2cea253bb36c4b68c6a324c","name":"Reda\u00e7\u00e3o ITM","image":{"@type":"ImageObject","inLanguage":"pt-BR","@id":"https:\/\/secure.gravatar.com\/avatar\/0f7f41419befdee0feca08f9ea1e434cac9c04e0b8d28ab40cffb82628fcfdf1?s=96&d=mm&r=g","url":"https:\/\/secure.gravatar.com\/avatar\/0f7f41419befdee0feca08f9ea1e434cac9c04e0b8d28ab40cffb82628fcfdf1?s=96&d=mm&r=g","contentUrl":"https:\/\/secure.gravatar.com\/avatar\/0f7f41419befdee0feca08f9ea1e434cac9c04e0b8d28ab40cffb82628fcfdf1?s=96&d=mm&r=g","caption":"Reda\u00e7\u00e3o ITM"},"url":"https:\/\/www.inthemine.com.br\/site\/author\/admin-itm\/"}]}},"_links":{"self":[{"href":"https:\/\/www.inthemine.com.br\/site\/wp-json\/wp\/v2\/posts\/30477","targetHints":{"allow":["GET"]}}],"collection":[{"href":"https:\/\/www.inthemine.com.br\/site\/wp-json\/wp\/v2\/posts"}],"about":[{"href":"https:\/\/www.inthemine.com.br\/site\/wp-json\/wp\/v2\/types\/post"}],"author":[{"embeddable":true,"href":"https:\/\/www.inthemine.com.br\/site\/wp-json\/wp\/v2\/users\/3"}],"replies":[{"embeddable":true,"href":"https:\/\/www.inthemine.com.br\/site\/wp-json\/wp\/v2\/comments?post=30477"}],"version-history":[{"count":3,"href":"https:\/\/www.inthemine.com.br\/site\/wp-json\/wp\/v2\/posts\/30477\/revisions"}],"predecessor-version":[{"id":30523,"href":"https:\/\/www.inthemine.com.br\/site\/wp-json\/wp\/v2\/posts\/30477\/revisions\/30523"}],"wp:featuredmedia":[{"embeddable":true,"href":"https:\/\/www.inthemine.com.br\/site\/wp-json\/wp\/v2\/media\/30478"}],"wp:attachment":[{"href":"https:\/\/www.inthemine.com.br\/site\/wp-json\/wp\/v2\/media?parent=30477"}],"wp:term":[{"taxonomy":"category","embeddable":true,"href":"https:\/\/www.inthemine.com.br\/site\/wp-json\/wp\/v2\/categories?post=30477"},{"taxonomy":"post_tag","embeddable":true,"href":"https:\/\/www.inthemine.com.br\/site\/wp-json\/wp\/v2\/tags?post=30477"}],"curies":[{"name":"wp","href":"https:\/\/api.w.org\/{rel}","templated":true}]}}