{"id":26891,"date":"2024-12-16T18:32:45","date_gmt":"2024-12-16T21:32:45","guid":{"rendered":"https:\/\/www.inthemine.com.br\/site\/?p=26891"},"modified":"2024-12-16T18:35:00","modified_gmt":"2024-12-16T21:35:00","slug":"samarco-utiliza-rejeitos-em-obras-de-descaracterizacao-de-barragens","status":"publish","type":"post","link":"https:\/\/www.inthemine.com.br\/site\/samarco-utiliza-rejeitos-em-obras-de-descaracterizacao-de-barragens\/","title":{"rendered":"SAMARCO UTILIZA REJEITOS EM OBRAS DE DESCARACTERIZA\u00c7\u00c3O DE BARRAGENS"},"content":{"rendered":"<p>A Samarco utilizou mais de 3 milh\u00f5es de toneladas de rejeito arenoso gerado no Complexo de Germano, em Mariana (MG), nas obras de descaracteriza\u00e7\u00e3o da Barragem do Germano e do Vale do Fund\u00e3o, entre janeiro e outubro deste ano. O aproveitamento representa mais de 55% do total de material produzido, ajudando a tornar o processo de desativa\u00e7\u00e3o da barragem mais sustent\u00e1vel, al\u00e9m de contribuir para o aumento da vida \u00fatil das atuais estruturas de disposi\u00e7\u00e3o, como a Pilha de Disposi\u00e7\u00e3o de Est\u00e9ril e Rejeito (PDER) Alegria Sul.<\/p>\n<p>Segundo o gerente-geral de Execu\u00e7\u00e3o de Projetos, Eduardo Moreira, o rejeito arenoso apresenta as caracter\u00edsticas necess\u00e1rias para ser utilizado com seguran\u00e7a nas obras. \u201cTrata-se de um material homog\u00eaneo, o que facilita o seu manuseio, e suas caracter\u00edsticas geot\u00e9cnicas atendem \u00e0s premissas e crit\u00e9rios do projeto. Com essa utiliza\u00e7\u00e3o, damos uma destina\u00e7\u00e3o eficiente para o material e evitamos a compra e o transporte de novos insumos, como areia e pedra. S\u00e3o diversos ganhos em aspectos de circularidade e sustentabilidade\u201d, explica.<\/p>\n<p>O rejeito arenoso \u00e9 utilizado em uma etapa do processo de descaracteriza\u00e7\u00e3o que elimina o ac\u00famulo de \u00e1gua dentro do reservat\u00f3rio da barragem. Ele serve como material base para corre\u00e7\u00e3o do greide topogr\u00e1fico, ou seja, ajuda a direcionar o fluxo de \u00e1gua para o sistema de drenagem, facilitando, assim, a elimina\u00e7\u00e3o do excesso de \u00e1gua. Al\u00e9m disso, ele tamb\u00e9m \u00e9 utilizado no refor\u00e7o das estruturas. As obras de descaracteriza\u00e7\u00e3o da Barragem do Germano est\u00e3o em est\u00e1gio avan\u00e7ado, com 87,3% das interven\u00e7\u00f5es conclu\u00eddas.<\/p>\n<p>A Samarco tamb\u00e9m aplicou essa estrat\u00e9gia de aproveitamento de rejeito arenoso na descaracteriza\u00e7\u00e3o da Cava do Germano, conclu\u00edda em julho do ano passado, antes do prazo previsto. A iniciativa est\u00e1 alinhada ao conceito de circularidade, buscando que os materiais sejam continuamente reutilizados, reduzindo o desperd\u00edcio e aproveitando ao m\u00e1ximo os recursos dispon\u00edveis. Para os pr\u00f3ximos anos, a expectativa \u00e9 continuar utilizando grande parte do rejeito arenoso nas obras de descaracteriza\u00e7\u00e3o da barragem e na prote\u00e7\u00e3o de outras estruturas do Complexo de Germano.<\/p>\n<p>Especialista em Inova\u00e7\u00e3o da Samarco, Marcos Gomes Vieira, destaca que a empresa est\u00e1 desenvolvendo outros projetos para ampliar o uso do rejeito arenoso, incluindo sua aplica\u00e7\u00e3o como mat\u00e9ria-prima na fabrica\u00e7\u00e3o de concreto, e para aproveitamento do rejeito ultrafino (lama) em pavimenta\u00e7\u00f5es ecol\u00f3gicas. \u201cAl\u00e9m de dar destina\u00e7\u00f5es alternativas para o rejeito, estamos trabalhando com melhorias nos processos que aumentam a efici\u00eancia das plantas de beneficiamento e ajudam a reduzir a gera\u00e7\u00e3o de rejeitos\u201d, complementa Vieira.<\/p>\n<p>Para a coordenadora de Sustentabilidade da Samarco, Denise Peixoto, al\u00e9m dos resultados t\u00e9cnicos e ambientais significativos, a pesquisa e desenvolvimento no aproveitamento dos rejeitos e sua aplica\u00e7\u00e3o nas iniciativas mencionadas ainda tem impactos sociais positivos locais.<\/p>\n<p>\u201cA redu\u00e7\u00e3o da necessidade do consumo de novos recursos otimiza a log\u00edstica minimizando o volume de tr\u00e1fego de grande porte na regi\u00e3o. E refor\u00e7a o compromisso da empresa, especialmente com as comunidades vizinhas e munic\u00edpios mineradores, em garantir a destina\u00e7\u00e3o adequada e aumentar formas de valoriza\u00e7\u00e3o do rejeito com investimento em inova\u00e7\u00e3o e incentivo \u00e0 economia circular, como sua integra\u00e7\u00e3o em outras cadeias produtivas e atividades do neg\u00f3cio\u201d, destacou.<\/p>\n<p>O aproveitamento de rejeitos \u00e9 ainda uma oportunidade de contribuir para o atingimento dos Objetivos de Desenvolvimento Sustent\u00e1vel (ODS) relacionados \u00e0 ind\u00fastria, inova\u00e7\u00e3o e produ\u00e7\u00e3o sustent\u00e1vel.<\/p>\n<h5>Foto: 23.08.23 Cava do Germano descaracterizada &#8211; Divulga\u00e7\u00e3o Samarco<\/h5>\n","protected":false},"excerpt":{"rendered":"<p>Iniciativa contribui para o avan\u00e7o do processo de desativa\u00e7\u00e3o de estrutura com pr\u00e1ticas de minera\u00e7\u00e3o circular<\/p>\n","protected":false},"author":3,"featured_media":26892,"comment_status":"open","ping_status":"open","sticky":false,"template":"","format":"standard","meta":{"footnotes":""},"categories":[9],"tags":[],"class_list":["post-26891","post","type-post","status-publish","format-standard","has-post-thumbnail","hentry","category-meio-ambiente"],"yoast_head":"<!-- This site is optimized with the Yoast SEO plugin v27.4 - https:\/\/yoast.com\/product\/yoast-seo-wordpress\/ -->\n<title>SAMARCO UTILIZA REJEITOS EM OBRAS DE DESCARACTERIZA\u00c7\u00c3O DE BARRAGENS - Revista In The Mine<\/title>\n<meta name=\"description\" content=\"Iniciativa contribui para o avan\u00e7o do processo de desativa\u00e7\u00e3o de estrutura com pr\u00e1ticas de minera\u00e7\u00e3o circular\" \/>\n<meta name=\"robots\" content=\"index, follow, max-snippet:-1, max-image-preview:large, max-video-preview:-1\" \/>\n<link rel=\"canonical\" href=\"https:\/\/www.inthemine.com.br\/site\/samarco-utiliza-rejeitos-em-obras-de-descaracterizacao-de-barragens\/\" \/>\n<meta property=\"og:locale\" content=\"pt_BR\" \/>\n<meta property=\"og:type\" content=\"article\" \/>\n<meta property=\"og:title\" content=\"SAMARCO UTILIZA REJEITOS EM OBRAS DE DESCARACTERIZA\u00c7\u00c3O DE BARRAGENS - Revista In The Mine\" \/>\n<meta property=\"og:description\" content=\"Iniciativa contribui para o avan\u00e7o do processo de desativa\u00e7\u00e3o de estrutura com pr\u00e1ticas de minera\u00e7\u00e3o circular\" \/>\n<meta property=\"og:url\" content=\"https:\/\/www.inthemine.com.br\/site\/samarco-utiliza-rejeitos-em-obras-de-descaracterizacao-de-barragens\/\" \/>\n<meta property=\"og:site_name\" content=\"Revista In The Mine\" \/>\n<meta property=\"article:publisher\" content=\"http:\/\/www.facebook.com\/inthemine\" \/>\n<meta property=\"article:published_time\" content=\"2024-12-16T21:32:45+00:00\" \/>\n<meta property=\"article:modified_time\" content=\"2024-12-16T21:35:00+00:00\" \/>\n<meta property=\"og:image\" content=\"https:\/\/www.inthemine.com.br\/site\/wp-content\/uploads\/2024\/12\/Cava-do-Germano-descaracterizada-.jpg\" \/>\n\t<meta property=\"og:image:width\" content=\"800\" \/>\n\t<meta property=\"og:image:height\" content=\"599\" \/>\n\t<meta property=\"og:image:type\" content=\"image\/jpeg\" \/>\n<meta name=\"author\" content=\"Reda\u00e7\u00e3o ITM\" \/>\n<meta name=\"twitter:card\" content=\"summary_large_image\" \/>\n<meta name=\"twitter:creator\" content=\"@intheminet\" \/>\n<meta name=\"twitter:site\" content=\"@intheminet\" \/>\n<meta name=\"twitter:label1\" content=\"Escrito por\" \/>\n\t<meta name=\"twitter:data1\" content=\"Reda\u00e7\u00e3o ITM\" \/>\n\t<meta name=\"twitter:label2\" content=\"Est. tempo de leitura\" \/>\n\t<meta name=\"twitter:data2\" content=\"4 minutos\" \/>\n<script type=\"application\/ld+json\" class=\"yoast-schema-graph\">{\"@context\":\"https:\\\/\\\/schema.org\",\"@graph\":[{\"@type\":\"Article\",\"@id\":\"https:\\\/\\\/www.inthemine.com.br\\\/site\\\/samarco-utiliza-rejeitos-em-obras-de-descaracterizacao-de-barragens\\\/#article\",\"isPartOf\":{\"@id\":\"https:\\\/\\\/www.inthemine.com.br\\\/site\\\/samarco-utiliza-rejeitos-em-obras-de-descaracterizacao-de-barragens\\\/\"},\"author\":{\"name\":\"Reda\u00e7\u00e3o ITM\",\"@id\":\"https:\\\/\\\/www.inthemine.com.br\\\/site\\\/#\\\/schema\\\/person\\\/9eb77cece2cea253bb36c4b68c6a324c\"},\"headline\":\"SAMARCO UTILIZA REJEITOS EM OBRAS DE DESCARACTERIZA\u00c7\u00c3O DE BARRAGENS\",\"datePublished\":\"2024-12-16T21:32:45+00:00\",\"dateModified\":\"2024-12-16T21:35:00+00:00\",\"mainEntityOfPage\":{\"@id\":\"https:\\\/\\\/www.inthemine.com.br\\\/site\\\/samarco-utiliza-rejeitos-em-obras-de-descaracterizacao-de-barragens\\\/\"},\"wordCount\":619,\"commentCount\":0,\"publisher\":{\"@id\":\"https:\\\/\\\/www.inthemine.com.br\\\/site\\\/#organization\"},\"image\":{\"@id\":\"https:\\\/\\\/www.inthemine.com.br\\\/site\\\/samarco-utiliza-rejeitos-em-obras-de-descaracterizacao-de-barragens\\\/#primaryimage\"},\"thumbnailUrl\":\"https:\\\/\\\/www.inthemine.com.br\\\/site\\\/wp-content\\\/uploads\\\/2024\\\/12\\\/Cava-do-Germano-descaracterizada-.jpg\",\"articleSection\":[\"SUSTENTABILIDADE\"],\"inLanguage\":\"pt-BR\",\"potentialAction\":[{\"@type\":\"CommentAction\",\"name\":\"Comment\",\"target\":[\"https:\\\/\\\/www.inthemine.com.br\\\/site\\\/samarco-utiliza-rejeitos-em-obras-de-descaracterizacao-de-barragens\\\/#respond\"]}]},{\"@type\":\"WebPage\",\"@id\":\"https:\\\/\\\/www.inthemine.com.br\\\/site\\\/samarco-utiliza-rejeitos-em-obras-de-descaracterizacao-de-barragens\\\/\",\"url\":\"https:\\\/\\\/www.inthemine.com.br\\\/site\\\/samarco-utiliza-rejeitos-em-obras-de-descaracterizacao-de-barragens\\\/\",\"name\":\"SAMARCO UTILIZA REJEITOS EM OBRAS DE DESCARACTERIZA\u00c7\u00c3O DE BARRAGENS - Revista In The Mine\",\"isPartOf\":{\"@id\":\"https:\\\/\\\/www.inthemine.com.br\\\/site\\\/#website\"},\"primaryImageOfPage\":{\"@id\":\"https:\\\/\\\/www.inthemine.com.br\\\/site\\\/samarco-utiliza-rejeitos-em-obras-de-descaracterizacao-de-barragens\\\/#primaryimage\"},\"image\":{\"@id\":\"https:\\\/\\\/www.inthemine.com.br\\\/site\\\/samarco-utiliza-rejeitos-em-obras-de-descaracterizacao-de-barragens\\\/#primaryimage\"},\"thumbnailUrl\":\"https:\\\/\\\/www.inthemine.com.br\\\/site\\\/wp-content\\\/uploads\\\/2024\\\/12\\\/Cava-do-Germano-descaracterizada-.jpg\",\"datePublished\":\"2024-12-16T21:32:45+00:00\",\"dateModified\":\"2024-12-16T21:35:00+00:00\",\"description\":\"Iniciativa contribui para o avan\u00e7o do processo de desativa\u00e7\u00e3o de estrutura com pr\u00e1ticas de minera\u00e7\u00e3o circular\",\"breadcrumb\":{\"@id\":\"https:\\\/\\\/www.inthemine.com.br\\\/site\\\/samarco-utiliza-rejeitos-em-obras-de-descaracterizacao-de-barragens\\\/#breadcrumb\"},\"inLanguage\":\"pt-BR\",\"potentialAction\":[{\"@type\":\"ReadAction\",\"target\":[\"https:\\\/\\\/www.inthemine.com.br\\\/site\\\/samarco-utiliza-rejeitos-em-obras-de-descaracterizacao-de-barragens\\\/\"]}]},{\"@type\":\"ImageObject\",\"inLanguage\":\"pt-BR\",\"@id\":\"https:\\\/\\\/www.inthemine.com.br\\\/site\\\/samarco-utiliza-rejeitos-em-obras-de-descaracterizacao-de-barragens\\\/#primaryimage\",\"url\":\"https:\\\/\\\/www.inthemine.com.br\\\/site\\\/wp-content\\\/uploads\\\/2024\\\/12\\\/Cava-do-Germano-descaracterizada-.jpg\",\"contentUrl\":\"https:\\\/\\\/www.inthemine.com.br\\\/site\\\/wp-content\\\/uploads\\\/2024\\\/12\\\/Cava-do-Germano-descaracterizada-.jpg\",\"width\":800,\"height\":599,\"caption\":\"Cava do Germano\"},{\"@type\":\"BreadcrumbList\",\"@id\":\"https:\\\/\\\/www.inthemine.com.br\\\/site\\\/samarco-utiliza-rejeitos-em-obras-de-descaracterizacao-de-barragens\\\/#breadcrumb\",\"itemListElement\":[{\"@type\":\"ListItem\",\"position\":1,\"name\":\"In\u00edcio\",\"item\":\"https:\\\/\\\/www.inthemine.com.br\\\/site\\\/\"},{\"@type\":\"ListItem\",\"position\":2,\"name\":\"SAMARCO UTILIZA REJEITOS EM OBRAS DE DESCARACTERIZA\u00c7\u00c3O DE BARRAGENS\"}]},{\"@type\":\"WebSite\",\"@id\":\"https:\\\/\\\/www.inthemine.com.br\\\/site\\\/#website\",\"url\":\"https:\\\/\\\/www.inthemine.com.br\\\/site\\\/\",\"name\":\"Revista In The Mine\",\"description\":\"Minera\u00e7\u00e3o brasileira\",\"publisher\":{\"@id\":\"https:\\\/\\\/www.inthemine.com.br\\\/site\\\/#organization\"},\"potentialAction\":[{\"@type\":\"SearchAction\",\"target\":{\"@type\":\"EntryPoint\",\"urlTemplate\":\"https:\\\/\\\/www.inthemine.com.br\\\/site\\\/?s={search_term_string}\"},\"query-input\":{\"@type\":\"PropertyValueSpecification\",\"valueRequired\":true,\"valueName\":\"search_term_string\"}}],\"inLanguage\":\"pt-BR\"},{\"@type\":\"Organization\",\"@id\":\"https:\\\/\\\/www.inthemine.com.br\\\/site\\\/#organization\",\"name\":\"In The Mine magazine\",\"url\":\"https:\\\/\\\/www.inthemine.com.br\\\/site\\\/\",\"logo\":{\"@type\":\"ImageObject\",\"inLanguage\":\"pt-BR\",\"@id\":\"https:\\\/\\\/www.inthemine.com.br\\\/site\\\/#\\\/schema\\\/logo\\\/image\\\/\",\"url\":\"https:\\\/\\\/www.inthemine.com.br\\\/site\\\/wp-content\\\/uploads\\\/2014\\\/08\\\/parceiro_theinmine.png\",\"contentUrl\":\"https:\\\/\\\/www.inthemine.com.br\\\/site\\\/wp-content\\\/uploads\\\/2014\\\/08\\\/parceiro_theinmine.png\",\"width\":170,\"height\":120,\"caption\":\"In The Mine magazine\"},\"image\":{\"@id\":\"https:\\\/\\\/www.inthemine.com.br\\\/site\\\/#\\\/schema\\\/logo\\\/image\\\/\"},\"sameAs\":[\"http:\\\/\\\/www.facebook.com\\\/inthemine\",\"https:\\\/\\\/x.com\\\/intheminet\",\"https:\\\/\\\/www.instagram.com\\\/minegaleria\",\"https:\\\/\\\/www.linkedin.com\\\/company\\\/in-the-mine?trk=biz-companies-cym\",\"https:\\\/\\\/www.youtube.com\\\/user\\\/revistainthemine\"]},{\"@type\":\"Person\",\"@id\":\"https:\\\/\\\/www.inthemine.com.br\\\/site\\\/#\\\/schema\\\/person\\\/9eb77cece2cea253bb36c4b68c6a324c\",\"name\":\"Reda\u00e7\u00e3o ITM\",\"image\":{\"@type\":\"ImageObject\",\"inLanguage\":\"pt-BR\",\"@id\":\"https:\\\/\\\/secure.gravatar.com\\\/avatar\\\/0f7f41419befdee0feca08f9ea1e434cac9c04e0b8d28ab40cffb82628fcfdf1?s=96&d=mm&r=g\",\"url\":\"https:\\\/\\\/secure.gravatar.com\\\/avatar\\\/0f7f41419befdee0feca08f9ea1e434cac9c04e0b8d28ab40cffb82628fcfdf1?s=96&d=mm&r=g\",\"contentUrl\":\"https:\\\/\\\/secure.gravatar.com\\\/avatar\\\/0f7f41419befdee0feca08f9ea1e434cac9c04e0b8d28ab40cffb82628fcfdf1?s=96&d=mm&r=g\",\"caption\":\"Reda\u00e7\u00e3o ITM\"},\"url\":\"https:\\\/\\\/www.inthemine.com.br\\\/site\\\/author\\\/admin-itm\\\/\"}]}<\/script>\n<!-- \/ Yoast SEO plugin. -->","yoast_head_json":{"title":"SAMARCO UTILIZA REJEITOS EM OBRAS DE DESCARACTERIZA\u00c7\u00c3O DE BARRAGENS - Revista In The Mine","description":"Iniciativa contribui para o avan\u00e7o do processo de desativa\u00e7\u00e3o de estrutura com pr\u00e1ticas de minera\u00e7\u00e3o circular","robots":{"index":"index","follow":"follow","max-snippet":"max-snippet:-1","max-image-preview":"max-image-preview:large","max-video-preview":"max-video-preview:-1"},"canonical":"https:\/\/www.inthemine.com.br\/site\/samarco-utiliza-rejeitos-em-obras-de-descaracterizacao-de-barragens\/","og_locale":"pt_BR","og_type":"article","og_title":"SAMARCO UTILIZA REJEITOS EM OBRAS DE DESCARACTERIZA\u00c7\u00c3O DE BARRAGENS - Revista In The Mine","og_description":"Iniciativa contribui para o avan\u00e7o do processo de desativa\u00e7\u00e3o de estrutura com pr\u00e1ticas de minera\u00e7\u00e3o circular","og_url":"https:\/\/www.inthemine.com.br\/site\/samarco-utiliza-rejeitos-em-obras-de-descaracterizacao-de-barragens\/","og_site_name":"Revista In The Mine","article_publisher":"http:\/\/www.facebook.com\/inthemine","article_published_time":"2024-12-16T21:32:45+00:00","article_modified_time":"2024-12-16T21:35:00+00:00","og_image":[{"width":800,"height":599,"url":"https:\/\/www.inthemine.com.br\/site\/wp-content\/uploads\/2024\/12\/Cava-do-Germano-descaracterizada-.jpg","type":"image\/jpeg"}],"author":"Reda\u00e7\u00e3o ITM","twitter_card":"summary_large_image","twitter_creator":"@intheminet","twitter_site":"@intheminet","twitter_misc":{"Escrito por":"Reda\u00e7\u00e3o ITM","Est. tempo de leitura":"4 minutos"},"schema":{"@context":"https:\/\/schema.org","@graph":[{"@type":"Article","@id":"https:\/\/www.inthemine.com.br\/site\/samarco-utiliza-rejeitos-em-obras-de-descaracterizacao-de-barragens\/#article","isPartOf":{"@id":"https:\/\/www.inthemine.com.br\/site\/samarco-utiliza-rejeitos-em-obras-de-descaracterizacao-de-barragens\/"},"author":{"name":"Reda\u00e7\u00e3o ITM","@id":"https:\/\/www.inthemine.com.br\/site\/#\/schema\/person\/9eb77cece2cea253bb36c4b68c6a324c"},"headline":"SAMARCO UTILIZA REJEITOS EM OBRAS DE DESCARACTERIZA\u00c7\u00c3O DE BARRAGENS","datePublished":"2024-12-16T21:32:45+00:00","dateModified":"2024-12-16T21:35:00+00:00","mainEntityOfPage":{"@id":"https:\/\/www.inthemine.com.br\/site\/samarco-utiliza-rejeitos-em-obras-de-descaracterizacao-de-barragens\/"},"wordCount":619,"commentCount":0,"publisher":{"@id":"https:\/\/www.inthemine.com.br\/site\/#organization"},"image":{"@id":"https:\/\/www.inthemine.com.br\/site\/samarco-utiliza-rejeitos-em-obras-de-descaracterizacao-de-barragens\/#primaryimage"},"thumbnailUrl":"https:\/\/www.inthemine.com.br\/site\/wp-content\/uploads\/2024\/12\/Cava-do-Germano-descaracterizada-.jpg","articleSection":["SUSTENTABILIDADE"],"inLanguage":"pt-BR","potentialAction":[{"@type":"CommentAction","name":"Comment","target":["https:\/\/www.inthemine.com.br\/site\/samarco-utiliza-rejeitos-em-obras-de-descaracterizacao-de-barragens\/#respond"]}]},{"@type":"WebPage","@id":"https:\/\/www.inthemine.com.br\/site\/samarco-utiliza-rejeitos-em-obras-de-descaracterizacao-de-barragens\/","url":"https:\/\/www.inthemine.com.br\/site\/samarco-utiliza-rejeitos-em-obras-de-descaracterizacao-de-barragens\/","name":"SAMARCO UTILIZA REJEITOS EM OBRAS DE DESCARACTERIZA\u00c7\u00c3O DE BARRAGENS - Revista In The Mine","isPartOf":{"@id":"https:\/\/www.inthemine.com.br\/site\/#website"},"primaryImageOfPage":{"@id":"https:\/\/www.inthemine.com.br\/site\/samarco-utiliza-rejeitos-em-obras-de-descaracterizacao-de-barragens\/#primaryimage"},"image":{"@id":"https:\/\/www.inthemine.com.br\/site\/samarco-utiliza-rejeitos-em-obras-de-descaracterizacao-de-barragens\/#primaryimage"},"thumbnailUrl":"https:\/\/www.inthemine.com.br\/site\/wp-content\/uploads\/2024\/12\/Cava-do-Germano-descaracterizada-.jpg","datePublished":"2024-12-16T21:32:45+00:00","dateModified":"2024-12-16T21:35:00+00:00","description":"Iniciativa contribui para o avan\u00e7o do processo de desativa\u00e7\u00e3o de estrutura com pr\u00e1ticas de minera\u00e7\u00e3o circular","breadcrumb":{"@id":"https:\/\/www.inthemine.com.br\/site\/samarco-utiliza-rejeitos-em-obras-de-descaracterizacao-de-barragens\/#breadcrumb"},"inLanguage":"pt-BR","potentialAction":[{"@type":"ReadAction","target":["https:\/\/www.inthemine.com.br\/site\/samarco-utiliza-rejeitos-em-obras-de-descaracterizacao-de-barragens\/"]}]},{"@type":"ImageObject","inLanguage":"pt-BR","@id":"https:\/\/www.inthemine.com.br\/site\/samarco-utiliza-rejeitos-em-obras-de-descaracterizacao-de-barragens\/#primaryimage","url":"https:\/\/www.inthemine.com.br\/site\/wp-content\/uploads\/2024\/12\/Cava-do-Germano-descaracterizada-.jpg","contentUrl":"https:\/\/www.inthemine.com.br\/site\/wp-content\/uploads\/2024\/12\/Cava-do-Germano-descaracterizada-.jpg","width":800,"height":599,"caption":"Cava do Germano"},{"@type":"BreadcrumbList","@id":"https:\/\/www.inthemine.com.br\/site\/samarco-utiliza-rejeitos-em-obras-de-descaracterizacao-de-barragens\/#breadcrumb","itemListElement":[{"@type":"ListItem","position":1,"name":"In\u00edcio","item":"https:\/\/www.inthemine.com.br\/site\/"},{"@type":"ListItem","position":2,"name":"SAMARCO UTILIZA REJEITOS EM OBRAS DE DESCARACTERIZA\u00c7\u00c3O DE BARRAGENS"}]},{"@type":"WebSite","@id":"https:\/\/www.inthemine.com.br\/site\/#website","url":"https:\/\/www.inthemine.com.br\/site\/","name":"Revista In The Mine","description":"Minera\u00e7\u00e3o brasileira","publisher":{"@id":"https:\/\/www.inthemine.com.br\/site\/#organization"},"potentialAction":[{"@type":"SearchAction","target":{"@type":"EntryPoint","urlTemplate":"https:\/\/www.inthemine.com.br\/site\/?s={search_term_string}"},"query-input":{"@type":"PropertyValueSpecification","valueRequired":true,"valueName":"search_term_string"}}],"inLanguage":"pt-BR"},{"@type":"Organization","@id":"https:\/\/www.inthemine.com.br\/site\/#organization","name":"In The Mine magazine","url":"https:\/\/www.inthemine.com.br\/site\/","logo":{"@type":"ImageObject","inLanguage":"pt-BR","@id":"https:\/\/www.inthemine.com.br\/site\/#\/schema\/logo\/image\/","url":"https:\/\/www.inthemine.com.br\/site\/wp-content\/uploads\/2014\/08\/parceiro_theinmine.png","contentUrl":"https:\/\/www.inthemine.com.br\/site\/wp-content\/uploads\/2014\/08\/parceiro_theinmine.png","width":170,"height":120,"caption":"In The Mine magazine"},"image":{"@id":"https:\/\/www.inthemine.com.br\/site\/#\/schema\/logo\/image\/"},"sameAs":["http:\/\/www.facebook.com\/inthemine","https:\/\/x.com\/intheminet","https:\/\/www.instagram.com\/minegaleria","https:\/\/www.linkedin.com\/company\/in-the-mine?trk=biz-companies-cym","https:\/\/www.youtube.com\/user\/revistainthemine"]},{"@type":"Person","@id":"https:\/\/www.inthemine.com.br\/site\/#\/schema\/person\/9eb77cece2cea253bb36c4b68c6a324c","name":"Reda\u00e7\u00e3o ITM","image":{"@type":"ImageObject","inLanguage":"pt-BR","@id":"https:\/\/secure.gravatar.com\/avatar\/0f7f41419befdee0feca08f9ea1e434cac9c04e0b8d28ab40cffb82628fcfdf1?s=96&d=mm&r=g","url":"https:\/\/secure.gravatar.com\/avatar\/0f7f41419befdee0feca08f9ea1e434cac9c04e0b8d28ab40cffb82628fcfdf1?s=96&d=mm&r=g","contentUrl":"https:\/\/secure.gravatar.com\/avatar\/0f7f41419befdee0feca08f9ea1e434cac9c04e0b8d28ab40cffb82628fcfdf1?s=96&d=mm&r=g","caption":"Reda\u00e7\u00e3o ITM"},"url":"https:\/\/www.inthemine.com.br\/site\/author\/admin-itm\/"}]}},"_links":{"self":[{"href":"https:\/\/www.inthemine.com.br\/site\/wp-json\/wp\/v2\/posts\/26891","targetHints":{"allow":["GET"]}}],"collection":[{"href":"https:\/\/www.inthemine.com.br\/site\/wp-json\/wp\/v2\/posts"}],"about":[{"href":"https:\/\/www.inthemine.com.br\/site\/wp-json\/wp\/v2\/types\/post"}],"author":[{"embeddable":true,"href":"https:\/\/www.inthemine.com.br\/site\/wp-json\/wp\/v2\/users\/3"}],"replies":[{"embeddable":true,"href":"https:\/\/www.inthemine.com.br\/site\/wp-json\/wp\/v2\/comments?post=26891"}],"version-history":[{"count":1,"href":"https:\/\/www.inthemine.com.br\/site\/wp-json\/wp\/v2\/posts\/26891\/revisions"}],"predecessor-version":[{"id":26893,"href":"https:\/\/www.inthemine.com.br\/site\/wp-json\/wp\/v2\/posts\/26891\/revisions\/26893"}],"wp:featuredmedia":[{"embeddable":true,"href":"https:\/\/www.inthemine.com.br\/site\/wp-json\/wp\/v2\/media\/26892"}],"wp:attachment":[{"href":"https:\/\/www.inthemine.com.br\/site\/wp-json\/wp\/v2\/media?parent=26891"}],"wp:term":[{"taxonomy":"category","embeddable":true,"href":"https:\/\/www.inthemine.com.br\/site\/wp-json\/wp\/v2\/categories?post=26891"},{"taxonomy":"post_tag","embeddable":true,"href":"https:\/\/www.inthemine.com.br\/site\/wp-json\/wp\/v2\/tags?post=26891"}],"curies":[{"name":"wp","href":"https:\/\/api.w.org\/{rel}","templated":true}]}}