{"id":13304,"date":"2026-08-27T11:30:40","date_gmt":"2026-08-27T14:30:40","guid":{"rendered":"https:\/\/inthemine.com.br\/site\/?p=13304"},"modified":"2026-08-27T15:36:40","modified_gmt":"2026-08-27T18:36:40","slug":"agenda-de-eventos-de-mineracao","status":"publish","type":"post","link":"https:\/\/www.inthemine.com.br\/site\/agenda-de-eventos-de-mineracao\/","title":{"rendered":"AGENDA DE EVENTOS DE MINERA\u00c7\u00c3O"},"content":{"rendered":"<p class=\"isSelectedEnd\"><strong>CACHOEIRO STONE FAIR<\/strong><br \/>\nExposi\u00e7\u00e3o \u2013 Rochas Naturais<br \/>\n\ud83d\udcc5 25 a 27 de agosto<br \/>\n\ud83d\udccd Cachoeiro do Itapemirim \u2013 ES<br \/>\n\ud83d\udd17 <a href=\"https:\/\/www.cachoeirostonefair.com.br\/?utm_source=chatgpt.com\">cachoeirostonefair.com.br<\/a><\/p>\n<p class=\"isSelectedEnd\"><strong>SAFE MINING 2026<\/strong><br \/>\nConfer\u00eancia \u2013 Sa\u00fade e Seguran\u00e7a<br \/>\n\ud83d\udcc5 01 a 03 de setembro<br \/>\n\ud83d\udccd Santiago \u2013 Chile<br \/>\n\ud83d\udd17 <a href=\"https:\/\/gecamin.com\/?utm_source=chatgpt.com\">gecamin.com<\/a><\/p>\n<p class=\"isSelectedEnd\"><strong>ABM WEEK 2026<\/strong><br \/>\nCongresso \u2013 Metalurgia\/Minera\u00e7\u00e3o<br \/>\n\ud83d\udcc5 08 a 10 de setembro<br \/>\n\ud83d\udccd S\u00e3o Paulo \u2013 SP<br \/>\n\ud83d\udd17 <a href=\"https:\/\/www.abmbrasil.com.br\/?utm_source=chatgpt.com\">abmbrasil.com.br<\/a><\/p>\n<p class=\"isSelectedEnd\"><strong>EXPOMINA PERU 2026<\/strong><br \/>\nCongresso\/Exposi\u00e7\u00e3o \u2013 Minera\u00e7\u00e3o<br \/>\n\ud83d\udcc5 09 a 11 de setembro<br \/>\n\ud83d\udccd Lima \u2013 Peru<br \/>\n\ud83d\udd17 <a href=\"https:\/\/expominaperu.com\/?utm_source=chatgpt.com\">expominaperu.com<\/a><\/p>\n<p><strong>CIDM 2026<\/strong><br \/>\nCongresso \u2013 Direito Miner\u00e1rio<br \/>\n\ud83d\udcc5 15 e 16 de setembro<br \/>\n\ud83d\udccd Bras\u00edlia \u2013 DF<br \/>\n\ud83d\udd17 <a href=\"http:\/\/www.ibram.com.br?utm_source=chatgpt.com\">ibram.com.br<\/a><\/p>\n","protected":false},"excerpt":{"rendered":"<p>Principais confer\u00eancias, exposi\u00e7\u00f5es e congressos do setor mineral confirmados durante os meses de agosto e setembro de 2026<\/p>\n","protected":false},"author":3,"featured_media":24544,"comment_status":"open","ping_status":"open","sticky":false,"template":"","format":"standard","meta":{"footnotes":""},"categories":[11],"tags":[9466,9465,9454,9459,9456,9453,9337,8984,9455,9461,9463,9457,9312,9363,8949,9460,9464,9467,8958,9462,8948,9458,405,1185,757,1184,3585,1041,86,347,1778,1227],"class_list":["post-13304","post","type-post","status-publish","format-standard","has-post-thumbnail","hentry","category-mine-agenda","tag-abmweek","tag-abmweek2026","tag-beneficiamentomineral","tag-cachoeirodoitapemirim","tag-cachoeirostonefair","tag-flotacao2026","tag-flotacaomineral","tag-inovacao","tag-lima","tag-mineracaosegura","tag-miningsafety","tag-pedrasnaturais","tag-processamentomineral","tag-rochasnaturais","tag-safemining","tag-safemining2026","tag-santiago","tag-saopaulo","tag-saudeeseguranca","tag-segurancadotrabalho","tag-segurancanamineracao","tag-setorderochas","tag-chile","tag-granito","tag-industria","tag-marmore","tag-materiais","tag-metalurgia","tag-mineracao","tag-mining","tag-peru","tag-siderurgia"],"yoast_head":"<!-- This site is optimized with the Yoast SEO plugin v28.4 - https:\/\/yoast.com\/product\/yoast-seo-wordpress\/ -->\n<title>AGENDA DE EVENTOS DE MINERA\u00c7\u00c3O - Revista In The Mine<\/title>\n<meta name=\"description\" content=\"Principais confer\u00eancias, exposi\u00e7\u00f5es e congressos do setor mineral confirmados durante os meses de agosto e setembro de 2026\" \/>\n<meta name=\"robots\" content=\"index, follow, max-snippet:-1, max-image-preview:large, max-video-preview:-1\" \/>\n<link rel=\"canonical\" href=\"https:\/\/www.inthemine.com.br\/site\/agenda-de-eventos-de-mineracao\/\" \/>\n<meta property=\"og:locale\" content=\"pt_BR\" \/>\n<meta property=\"og:type\" content=\"article\" \/>\n<meta property=\"og:title\" content=\"AGENDA DE EVENTOS DE MINERA\u00c7\u00c3O - Revista In The Mine\" \/>\n<meta property=\"og:description\" content=\"Principais confer\u00eancias, exposi\u00e7\u00f5es e congressos do setor mineral confirmados durante os meses de agosto e setembro de 2026\" \/>\n<meta property=\"og:url\" content=\"https:\/\/www.inthemine.com.br\/site\/agenda-de-eventos-de-mineracao\/\" \/>\n<meta property=\"og:site_name\" content=\"Revista In The Mine\" \/>\n<meta property=\"article:publisher\" content=\"http:\/\/www.facebook.com\/inthemine\" \/>\n<meta property=\"article:published_time\" content=\"2026-08-27T14:30:40+00:00\" \/>\n<meta property=\"article:modified_time\" content=\"2026-08-27T18:36:40+00:00\" \/>\n<meta property=\"og:image\" content=\"https:\/\/www.inthemine.com.br\/site\/wp-content\/uploads\/2024\/01\/pdac.jpg\" \/>\n\t<meta property=\"og:image:width\" content=\"800\" \/>\n\t<meta property=\"og:image:height\" content=\"505\" \/>\n\t<meta property=\"og:image:type\" content=\"image\/jpeg\" \/>\n<meta name=\"author\" content=\"Reda\u00e7\u00e3o ITM\" \/>\n<meta name=\"twitter:card\" content=\"summary_large_image\" \/>\n<meta name=\"twitter:creator\" content=\"@intheminet\" \/>\n<meta name=\"twitter:site\" content=\"@intheminet\" \/>\n<meta name=\"twitter:label1\" content=\"Escrito por\" \/>\n\t<meta name=\"twitter:data1\" content=\"Reda\u00e7\u00e3o ITM\" \/>\n\t<meta name=\"twitter:label2\" content=\"Est. tempo de leitura\" \/>\n\t<meta name=\"twitter:data2\" content=\"1 minuto\" \/>\n<script type=\"application\/ld+json\" class=\"yoast-schema-graph\">{\"@context\":\"https:\\\/\\\/schema.org\",\"@graph\":[{\"@type\":\"Article\",\"@id\":\"https:\\\/\\\/www.inthemine.com.br\\\/site\\\/agenda-de-eventos-de-mineracao\\\/#article\",\"isPartOf\":{\"@id\":\"https:\\\/\\\/www.inthemine.com.br\\\/site\\\/agenda-de-eventos-de-mineracao\\\/\"},\"author\":{\"name\":\"Reda\u00e7\u00e3o ITM\",\"@id\":\"https:\\\/\\\/www.inthemine.com.br\\\/site\\\/#\\\/schema\\\/person\\\/9eb77cece2cea253bb36c4b68c6a324c\"},\"headline\":\"AGENDA DE EVENTOS DE MINERA\u00c7\u00c3O\",\"datePublished\":\"2026-08-27T14:30:40+00:00\",\"dateModified\":\"2026-08-27T18:36:40+00:00\",\"mainEntityOfPage\":{\"@id\":\"https:\\\/\\\/www.inthemine.com.br\\\/site\\\/agenda-de-eventos-de-mineracao\\\/\"},\"wordCount\":83,\"commentCount\":0,\"publisher\":{\"@id\":\"https:\\\/\\\/www.inthemine.com.br\\\/site\\\/#organization\"},\"image\":{\"@id\":\"https:\\\/\\\/www.inthemine.com.br\\\/site\\\/agenda-de-eventos-de-mineracao\\\/#primaryimage\"},\"thumbnailUrl\":\"https:\\\/\\\/www.inthemine.com.br\\\/site\\\/wp-content\\\/uploads\\\/2024\\\/01\\\/pdac.jpg\",\"keywords\":[\"#ABMWeek\",\"#ABMWeek2026\",\"#BeneficiamentoMineral\",\"#CachoeiroDoItapemirim\",\"#CachoeiroStoneFair\",\"#Flota\u00e7\u00e3o2026\",\"#FlotacaoMineral\",\"#Inova\u00e7\u00e3o\",\"#Lima\",\"#Minera\u00e7\u00e3oSegura\",\"#MiningSafety\",\"#PedrasNaturais\",\"#ProcessamentoMineral\",\"#RochasNaturais\",\"#Safemining\",\"#SafeMining2026\",\"#Santiago\",\"#S\u00e3oPaulo\",\"#Sa\u00fadeESeguran\u00e7a\",\"#Seguran\u00e7aDoTrabalho\",\"#Seguran\u00e7aNaMinera\u00e7\u00e3o\",\"#SetorDeRochas\",\"Chile\",\"granito\",\"ind\u00fastria\",\"m\u00e1rmore\",\"Materiais\",\"metalurgia\",\"minera\u00e7\u00e3o\",\"Mining\",\"Peru\",\"siderurgia\"],\"articleSection\":[\"MINE-AGENDA\"],\"inLanguage\":\"pt-BR\",\"potentialAction\":[{\"@type\":\"CommentAction\",\"name\":\"Comment\",\"target\":[\"https:\\\/\\\/www.inthemine.com.br\\\/site\\\/agenda-de-eventos-de-mineracao\\\/#respond\"]}]},{\"@type\":\"WebPage\",\"@id\":\"https:\\\/\\\/www.inthemine.com.br\\\/site\\\/agenda-de-eventos-de-mineracao\\\/\",\"url\":\"https:\\\/\\\/www.inthemine.com.br\\\/site\\\/agenda-de-eventos-de-mineracao\\\/\",\"name\":\"AGENDA DE EVENTOS DE MINERA\u00c7\u00c3O - Revista In The Mine\",\"isPartOf\":{\"@id\":\"https:\\\/\\\/www.inthemine.com.br\\\/site\\\/#website\"},\"primaryImageOfPage\":{\"@id\":\"https:\\\/\\\/www.inthemine.com.br\\\/site\\\/agenda-de-eventos-de-mineracao\\\/#primaryimage\"},\"image\":{\"@id\":\"https:\\\/\\\/www.inthemine.com.br\\\/site\\\/agenda-de-eventos-de-mineracao\\\/#primaryimage\"},\"thumbnailUrl\":\"https:\\\/\\\/www.inthemine.com.br\\\/site\\\/wp-content\\\/uploads\\\/2024\\\/01\\\/pdac.jpg\",\"datePublished\":\"2026-08-27T14:30:40+00:00\",\"dateModified\":\"2026-08-27T18:36:40+00:00\",\"description\":\"Principais confer\u00eancias, exposi\u00e7\u00f5es e congressos do setor mineral confirmados durante os meses de agosto e setembro de 2026\",\"breadcrumb\":{\"@id\":\"https:\\\/\\\/www.inthemine.com.br\\\/site\\\/agenda-de-eventos-de-mineracao\\\/#breadcrumb\"},\"inLanguage\":\"pt-BR\",\"potentialAction\":[{\"@type\":\"ReadAction\",\"target\":[\"https:\\\/\\\/www.inthemine.com.br\\\/site\\\/agenda-de-eventos-de-mineracao\\\/\"]}]},{\"@type\":\"ImageObject\",\"inLanguage\":\"pt-BR\",\"@id\":\"https:\\\/\\\/www.inthemine.com.br\\\/site\\\/agenda-de-eventos-de-mineracao\\\/#primaryimage\",\"url\":\"https:\\\/\\\/www.inthemine.com.br\\\/site\\\/wp-content\\\/uploads\\\/2024\\\/01\\\/pdac.jpg\",\"contentUrl\":\"https:\\\/\\\/www.inthemine.com.br\\\/site\\\/wp-content\\\/uploads\\\/2024\\\/01\\\/pdac.jpg\",\"width\":800,\"height\":505,\"caption\":\"pdac\"},{\"@type\":\"BreadcrumbList\",\"@id\":\"https:\\\/\\\/www.inthemine.com.br\\\/site\\\/agenda-de-eventos-de-mineracao\\\/#breadcrumb\",\"itemListElement\":[{\"@type\":\"ListItem\",\"position\":1,\"name\":\"In\u00edcio\",\"item\":\"https:\\\/\\\/www.inthemine.com.br\\\/site\\\/\"},{\"@type\":\"ListItem\",\"position\":2,\"name\":\"AGENDA DE EVENTOS DE MINERA\u00c7\u00c3O\"}]},{\"@type\":\"WebSite\",\"@id\":\"https:\\\/\\\/www.inthemine.com.br\\\/site\\\/#website\",\"url\":\"https:\\\/\\\/www.inthemine.com.br\\\/site\\\/\",\"name\":\"Revista In The Mine\",\"description\":\"Minera\u00e7\u00e3o brasileira\",\"publisher\":{\"@id\":\"https:\\\/\\\/www.inthemine.com.br\\\/site\\\/#organization\"},\"potentialAction\":[{\"@type\":\"SearchAction\",\"target\":{\"@type\":\"EntryPoint\",\"urlTemplate\":\"https:\\\/\\\/www.inthemine.com.br\\\/site\\\/?s={search_term_string}\"},\"query-input\":{\"@type\":\"PropertyValueSpecification\",\"valueRequired\":true,\"valueName\":\"search_term_string\"}}],\"inLanguage\":\"pt-BR\"},{\"@type\":\"Organization\",\"@id\":\"https:\\\/\\\/www.inthemine.com.br\\\/site\\\/#organization\",\"name\":\"In The Mine magazine\",\"url\":\"https:\\\/\\\/www.inthemine.com.br\\\/site\\\/\",\"logo\":{\"@type\":\"ImageObject\",\"inLanguage\":\"pt-BR\",\"@id\":\"https:\\\/\\\/www.inthemine.com.br\\\/site\\\/#\\\/schema\\\/logo\\\/image\\\/\",\"url\":\"https:\\\/\\\/www.inthemine.com.br\\\/site\\\/wp-content\\\/uploads\\\/2014\\\/08\\\/parceiro_theinmine.png\",\"contentUrl\":\"https:\\\/\\\/www.inthemine.com.br\\\/site\\\/wp-content\\\/uploads\\\/2014\\\/08\\\/parceiro_theinmine.png\",\"width\":170,\"height\":120,\"caption\":\"In The Mine magazine\"},\"image\":{\"@id\":\"https:\\\/\\\/www.inthemine.com.br\\\/site\\\/#\\\/schema\\\/logo\\\/image\\\/\"},\"sameAs\":[\"http:\\\/\\\/www.facebook.com\\\/inthemine\",\"https:\\\/\\\/x.com\\\/intheminet\",\"https:\\\/\\\/www.instagram.com\\\/minegaleria\",\"https:\\\/\\\/www.linkedin.com\\\/company\\\/in-the-mine?trk=biz-companies-cym\",\"https:\\\/\\\/www.youtube.com\\\/user\\\/revistainthemine\"]},{\"@type\":\"Person\",\"@id\":\"https:\\\/\\\/www.inthemine.com.br\\\/site\\\/#\\\/schema\\\/person\\\/9eb77cece2cea253bb36c4b68c6a324c\",\"name\":\"Reda\u00e7\u00e3o ITM\",\"image\":{\"@type\":\"ImageObject\",\"inLanguage\":\"pt-BR\",\"@id\":\"https:\\\/\\\/secure.gravatar.com\\\/avatar\\\/0f7f41419befdee0feca08f9ea1e434cac9c04e0b8d28ab40cffb82628fcfdf1?s=96&d=mm&r=g\",\"url\":\"https:\\\/\\\/secure.gravatar.com\\\/avatar\\\/0f7f41419befdee0feca08f9ea1e434cac9c04e0b8d28ab40cffb82628fcfdf1?s=96&d=mm&r=g\",\"contentUrl\":\"https:\\\/\\\/secure.gravatar.com\\\/avatar\\\/0f7f41419befdee0feca08f9ea1e434cac9c04e0b8d28ab40cffb82628fcfdf1?s=96&d=mm&r=g\",\"caption\":\"Reda\u00e7\u00e3o ITM\"},\"url\":\"https:\\\/\\\/www.inthemine.com.br\\\/site\\\/author\\\/admin-itm\\\/\"}]}<\/script>\n<!-- \/ Yoast SEO plugin. -->","yoast_head_json":{"title":"AGENDA DE EVENTOS DE MINERA\u00c7\u00c3O - Revista In The Mine","description":"Principais confer\u00eancias, exposi\u00e7\u00f5es e congressos do setor mineral confirmados durante os meses de agosto e setembro de 2026","robots":{"index":"index","follow":"follow","max-snippet":"max-snippet:-1","max-image-preview":"max-image-preview:large","max-video-preview":"max-video-preview:-1"},"canonical":"https:\/\/www.inthemine.com.br\/site\/agenda-de-eventos-de-mineracao\/","og_locale":"pt_BR","og_type":"article","og_title":"AGENDA DE EVENTOS DE MINERA\u00c7\u00c3O - Revista In The Mine","og_description":"Principais confer\u00eancias, exposi\u00e7\u00f5es e congressos do setor mineral confirmados durante os meses de agosto e setembro de 2026","og_url":"https:\/\/www.inthemine.com.br\/site\/agenda-de-eventos-de-mineracao\/","og_site_name":"Revista In The Mine","article_publisher":"http:\/\/www.facebook.com\/inthemine","article_published_time":"2026-08-27T14:30:40+00:00","article_modified_time":"2026-08-27T18:36:40+00:00","og_image":[{"width":800,"height":505,"url":"https:\/\/www.inthemine.com.br\/site\/wp-content\/uploads\/2024\/01\/pdac.jpg","type":"image\/jpeg"}],"author":"Reda\u00e7\u00e3o ITM","twitter_card":"summary_large_image","twitter_creator":"@intheminet","twitter_site":"@intheminet","twitter_misc":{"Escrito por":"Reda\u00e7\u00e3o ITM","Est. tempo de leitura":"1 minuto"},"schema":{"@context":"https:\/\/schema.org","@graph":[{"@type":"Article","@id":"https:\/\/www.inthemine.com.br\/site\/agenda-de-eventos-de-mineracao\/#article","isPartOf":{"@id":"https:\/\/www.inthemine.com.br\/site\/agenda-de-eventos-de-mineracao\/"},"author":{"name":"Reda\u00e7\u00e3o ITM","@id":"https:\/\/www.inthemine.com.br\/site\/#\/schema\/person\/9eb77cece2cea253bb36c4b68c6a324c"},"headline":"AGENDA DE EVENTOS DE MINERA\u00c7\u00c3O","datePublished":"2026-08-27T14:30:40+00:00","dateModified":"2026-08-27T18:36:40+00:00","mainEntityOfPage":{"@id":"https:\/\/www.inthemine.com.br\/site\/agenda-de-eventos-de-mineracao\/"},"wordCount":83,"commentCount":0,"publisher":{"@id":"https:\/\/www.inthemine.com.br\/site\/#organization"},"image":{"@id":"https:\/\/www.inthemine.com.br\/site\/agenda-de-eventos-de-mineracao\/#primaryimage"},"thumbnailUrl":"https:\/\/www.inthemine.com.br\/site\/wp-content\/uploads\/2024\/01\/pdac.jpg","keywords":["#ABMWeek","#ABMWeek2026","#BeneficiamentoMineral","#CachoeiroDoItapemirim","#CachoeiroStoneFair","#Flota\u00e7\u00e3o2026","#FlotacaoMineral","#Inova\u00e7\u00e3o","#Lima","#Minera\u00e7\u00e3oSegura","#MiningSafety","#PedrasNaturais","#ProcessamentoMineral","#RochasNaturais","#Safemining","#SafeMining2026","#Santiago","#S\u00e3oPaulo","#Sa\u00fadeESeguran\u00e7a","#Seguran\u00e7aDoTrabalho","#Seguran\u00e7aNaMinera\u00e7\u00e3o","#SetorDeRochas","Chile","granito","ind\u00fastria","m\u00e1rmore","Materiais","metalurgia","minera\u00e7\u00e3o","Mining","Peru","siderurgia"],"articleSection":["MINE-AGENDA"],"inLanguage":"pt-BR","potentialAction":[{"@type":"CommentAction","name":"Comment","target":["https:\/\/www.inthemine.com.br\/site\/agenda-de-eventos-de-mineracao\/#respond"]}]},{"@type":"WebPage","@id":"https:\/\/www.inthemine.com.br\/site\/agenda-de-eventos-de-mineracao\/","url":"https:\/\/www.inthemine.com.br\/site\/agenda-de-eventos-de-mineracao\/","name":"AGENDA DE EVENTOS DE MINERA\u00c7\u00c3O - Revista In The Mine","isPartOf":{"@id":"https:\/\/www.inthemine.com.br\/site\/#website"},"primaryImageOfPage":{"@id":"https:\/\/www.inthemine.com.br\/site\/agenda-de-eventos-de-mineracao\/#primaryimage"},"image":{"@id":"https:\/\/www.inthemine.com.br\/site\/agenda-de-eventos-de-mineracao\/#primaryimage"},"thumbnailUrl":"https:\/\/www.inthemine.com.br\/site\/wp-content\/uploads\/2024\/01\/pdac.jpg","datePublished":"2026-08-27T14:30:40+00:00","dateModified":"2026-08-27T18:36:40+00:00","description":"Principais confer\u00eancias, exposi\u00e7\u00f5es e congressos do setor mineral confirmados durante os meses de agosto e setembro de 2026","breadcrumb":{"@id":"https:\/\/www.inthemine.com.br\/site\/agenda-de-eventos-de-mineracao\/#breadcrumb"},"inLanguage":"pt-BR","potentialAction":[{"@type":"ReadAction","target":["https:\/\/www.inthemine.com.br\/site\/agenda-de-eventos-de-mineracao\/"]}]},{"@type":"ImageObject","inLanguage":"pt-BR","@id":"https:\/\/www.inthemine.com.br\/site\/agenda-de-eventos-de-mineracao\/#primaryimage","url":"https:\/\/www.inthemine.com.br\/site\/wp-content\/uploads\/2024\/01\/pdac.jpg","contentUrl":"https:\/\/www.inthemine.com.br\/site\/wp-content\/uploads\/2024\/01\/pdac.jpg","width":800,"height":505,"caption":"pdac"},{"@type":"BreadcrumbList","@id":"https:\/\/www.inthemine.com.br\/site\/agenda-de-eventos-de-mineracao\/#breadcrumb","itemListElement":[{"@type":"ListItem","position":1,"name":"In\u00edcio","item":"https:\/\/www.inthemine.com.br\/site\/"},{"@type":"ListItem","position":2,"name":"AGENDA DE EVENTOS DE MINERA\u00c7\u00c3O"}]},{"@type":"WebSite","@id":"https:\/\/www.inthemine.com.br\/site\/#website","url":"https:\/\/www.inthemine.com.br\/site\/","name":"Revista In The Mine","description":"Minera\u00e7\u00e3o brasileira","publisher":{"@id":"https:\/\/www.inthemine.com.br\/site\/#organization"},"potentialAction":[{"@type":"SearchAction","target":{"@type":"EntryPoint","urlTemplate":"https:\/\/www.inthemine.com.br\/site\/?s={search_term_string}"},"query-input":{"@type":"PropertyValueSpecification","valueRequired":true,"valueName":"search_term_string"}}],"inLanguage":"pt-BR"},{"@type":"Organization","@id":"https:\/\/www.inthemine.com.br\/site\/#organization","name":"In The Mine magazine","url":"https:\/\/www.inthemine.com.br\/site\/","logo":{"@type":"ImageObject","inLanguage":"pt-BR","@id":"https:\/\/www.inthemine.com.br\/site\/#\/schema\/logo\/image\/","url":"https:\/\/www.inthemine.com.br\/site\/wp-content\/uploads\/2014\/08\/parceiro_theinmine.png","contentUrl":"https:\/\/www.inthemine.com.br\/site\/wp-content\/uploads\/2014\/08\/parceiro_theinmine.png","width":170,"height":120,"caption":"In The Mine magazine"},"image":{"@id":"https:\/\/www.inthemine.com.br\/site\/#\/schema\/logo\/image\/"},"sameAs":["http:\/\/www.facebook.com\/inthemine","https:\/\/x.com\/intheminet","https:\/\/www.instagram.com\/minegaleria","https:\/\/www.linkedin.com\/company\/in-the-mine?trk=biz-companies-cym","https:\/\/www.youtube.com\/user\/revistainthemine"]},{"@type":"Person","@id":"https:\/\/www.inthemine.com.br\/site\/#\/schema\/person\/9eb77cece2cea253bb36c4b68c6a324c","name":"Reda\u00e7\u00e3o ITM","image":{"@type":"ImageObject","inLanguage":"pt-BR","@id":"https:\/\/secure.gravatar.com\/avatar\/0f7f41419befdee0feca08f9ea1e434cac9c04e0b8d28ab40cffb82628fcfdf1?s=96&d=mm&r=g","url":"https:\/\/secure.gravatar.com\/avatar\/0f7f41419befdee0feca08f9ea1e434cac9c04e0b8d28ab40cffb82628fcfdf1?s=96&d=mm&r=g","contentUrl":"https:\/\/secure.gravatar.com\/avatar\/0f7f41419befdee0feca08f9ea1e434cac9c04e0b8d28ab40cffb82628fcfdf1?s=96&d=mm&r=g","caption":"Reda\u00e7\u00e3o ITM"},"url":"https:\/\/www.inthemine.com.br\/site\/author\/admin-itm\/"}]}},"_links":{"self":[{"href":"https:\/\/www.inthemine.com.br\/site\/wp-json\/wp\/v2\/posts\/13304","targetHints":{"allow":["GET"]}}],"collection":[{"href":"https:\/\/www.inthemine.com.br\/site\/wp-json\/wp\/v2\/posts"}],"about":[{"href":"https:\/\/www.inthemine.com.br\/site\/wp-json\/wp\/v2\/types\/post"}],"author":[{"embeddable":true,"href":"https:\/\/www.inthemine.com.br\/site\/wp-json\/wp\/v2\/users\/3"}],"replies":[{"embeddable":true,"href":"https:\/\/www.inthemine.com.br\/site\/wp-json\/wp\/v2\/comments?post=13304"}],"version-history":[{"count":6,"href":"https:\/\/www.inthemine.com.br\/site\/wp-json\/wp\/v2\/posts\/13304\/revisions"}],"predecessor-version":[{"id":31716,"href":"https:\/\/www.inthemine.com.br\/site\/wp-json\/wp\/v2\/posts\/13304\/revisions\/31716"}],"wp:featuredmedia":[{"embeddable":true,"href":"https:\/\/www.inthemine.com.br\/site\/wp-json\/wp\/v2\/media\/24544"}],"wp:attachment":[{"href":"https:\/\/www.inthemine.com.br\/site\/wp-json\/wp\/v2\/media?parent=13304"}],"wp:term":[{"taxonomy":"category","embeddable":true,"href":"https:\/\/www.inthemine.com.br\/site\/wp-json\/wp\/v2\/categories?post=13304"},{"taxonomy":"post_tag","embeddable":true,"href":"https:\/\/www.inthemine.com.br\/site\/wp-json\/wp\/v2\/tags?post=13304"}],"curies":[{"name":"wp","href":"https:\/\/api.w.org\/{rel}","templated":true}]}}